{"id":4211,"date":"2026-01-25T11:23:04","date_gmt":"2026-01-25T09:23:04","guid":{"rendered":"https:\/\/www.miejscakonferencyjne.pl\/blog\/?p=4211"},"modified":"2026-02-02T13:43:19","modified_gmt":"2026-02-02T11:43:19","slug":"te-hotele-otworza-sie-w-2026-roku-w-polsce","status":"publish","type":"post","link":"https:\/\/www.miejscakonferencyjne.pl\/blog\/te-hotele-otworza-sie-w-2026-roku-w-polsce\/","title":{"rendered":"Te hotele otworz\u0105 si\u0119 w 2026 roku w Polsce"},"content":{"rendered":"<p style=\"text-align: justify;\"><strong>Rok 2026 zapowiada si\u0119 jako jeden z najbardziej intensywnych okres\u00f3w dla polskiego rynku hotelowego w ostatniej dekadzie. Skala planowanych otwar\u0107, r\u00f3\u017cnorodno\u015b\u0107 format\u00f3w oraz wyra\u017ane przesuni\u0119cie w stron\u0119 projekt\u00f3w lifestylowych, resortowych i rewitalizacyjnych pokazuj\u0105, \u017ce bran\u017ca wchodzi w now\u0105 faz\u0119 rozwoju. Nie chodzi ju\u017c wy\u0142\u0105cznie o liczb\u0119 pokoi, lecz o koncepcj\u0119, lokalizacj\u0119 i zdolno\u015b\u0107 przyci\u0105gania go\u015bci przez ca\u0142y rok.<\/strong><\/p>\n<p style=\"text-align: justify;\">Na mapie pojawiaj\u0105 si\u0119 zar\u00f3wno du\u017ce hotele miejskie w centrach metropolii, jak i butikowe obiekty w g\u00f3rach, nad morzem oraz w mniejszych miastach regionalnych. Coraz cz\u0119\u015bciej inwestorzy si\u0119gaj\u0105 po zabytkow\u0105 tkank\u0119 miejsk\u0105, adaptuj\u0105c dawne banki, kamienice, sanatoria czy koszary wojskowe na nowoczesne hotele i aparthotele. Jednocze\u015bnie widoczny jest dalszy rozw\u00f3j marek mi\u0119dzynarodowych, kt\u00f3re wchodz\u0105 do Polski z nowymi konceptami lub wzmacniaj\u0105 swoj\u0105 obecno\u015b\u0107 w kluczowych lokalizacjach.<\/p>\n<p style=\"text-align: justify;\">Poni\u017cej przedstawiamy <strong>kompleksowy przegl\u0105d hoteli planowanych do otwarcia w 2026 roku<\/strong>, uporz\u0105dkowany regionalnie.<\/p>\n<h2 style=\"text-align: justify;\">Mazowieckie: Warszawa wci\u0105\u017c przyci\u0105ga najwi\u0119ksze marki<\/h2>\n<p style=\"text-align: justify;\"><a href=\"https:\/\/www.miejscakonferencyjne.pl\/warszawa\/ac-hotel-warsaw-port-praski\"><strong>AC Hotel Warsaw Port Praski<\/strong><\/a><\/p>\n<p style=\"text-align: justify;\">Prawa strona Wis\u0142y zyskuje nowy impuls hotelowy. W ramach rewitalizacji Portu Praskiego powstaje pierwszy w Warszawie czterogwiazdkowy hotel marki AC Hotels by Marriott. Obiekt po\u0142\u0105czy zabytkow\u0105 kamienic\u0119 Karola Mintera z now\u0105 zabudow\u0105, oferuj\u0105c 113 pokoi, rozbudowan\u0105 stref\u0119 wsp\u00f3ln\u0105, restauracj\u0119, bar, zaplecze wellness oraz przestrze\u0144 konferencyjn\u0105. To projekt wyra\u017anie nastawiony na go\u015bci biznesowych i miejskich.<\/p>\n<p style=\"text-align: justify;\"><img loading=\"lazy\" decoding=\"async\" class=\"alignnone size-medium wp-image-4212\" src=\"https:\/\/www.miejscakonferencyjne.pl\/blog\/wp-content\/uploads\/2026\/02\/PortPraski_Hotel_01-1024x576-1-1000x563.jpg\" alt=\"\" width=\"1000\" height=\"563\" srcset=\"https:\/\/www.miejscakonferencyjne.pl\/blog\/wp-content\/uploads\/2026\/02\/PortPraski_Hotel_01-1024x576-1-1000x563.jpg 1000w, https:\/\/www.miejscakonferencyjne.pl\/blog\/wp-content\/uploads\/2026\/02\/PortPraski_Hotel_01-1024x576-1-768x432.jpg 768w, https:\/\/www.miejscakonferencyjne.pl\/blog\/wp-content\/uploads\/2026\/02\/PortPraski_Hotel_01-1024x576-1-706x397.jpg 706w, https:\/\/www.miejscakonferencyjne.pl\/blog\/wp-content\/uploads\/2026\/02\/PortPraski_Hotel_01-1024x576-1.jpg 1024w\" sizes=\"auto, (max-width: 1000px) 100vw, 1000px\" \/><\/p>\n<p style=\"text-align: justify;\"><a href=\"https:\/\/www.miejscakonferencyjne.pl\/warszawa\/campanile-premiere-classe-warszawa-okecie\"><strong>Campanile &amp; Premi\u00e8re Classe Airport Warszawa<\/strong><\/a><\/p>\n<p style=\"text-align: justify;\">W bezpo\u015brednim s\u0105siedztwie Lotniska Chopina powstaje du\u017cy, dwumarkowy kompleks hotelowy. Blisko 400 pokoi i zaplecze konferencyjne czyni\u0105 z tej inwestycji jedn\u0105 z najwa\u017cniejszych realizacji przy lotnisku, skierowan\u0105 do podr\u00f3\u017cnych tranzytowych, za\u0142\u00f3g lotniczych oraz klient\u00f3w biznesowych.<\/p>\n<p style=\"text-align: justify;\"><img loading=\"lazy\" decoding=\"async\" class=\"alignnone size-medium wp-image-4224\" src=\"https:\/\/www.miejscakonferencyjne.pl\/blog\/wp-content\/uploads\/2026\/01\/gromada-c1-gold-logo-premiere-002-1000x567.jpg\" alt=\"\" width=\"1000\" height=\"567\" srcset=\"https:\/\/www.miejscakonferencyjne.pl\/blog\/wp-content\/uploads\/2026\/01\/gromada-c1-gold-logo-premiere-002-1000x567.jpg 1000w, https:\/\/www.miejscakonferencyjne.pl\/blog\/wp-content\/uploads\/2026\/01\/gromada-c1-gold-logo-premiere-002-2000x1134.jpg 2000w, https:\/\/www.miejscakonferencyjne.pl\/blog\/wp-content\/uploads\/2026\/01\/gromada-c1-gold-logo-premiere-002-768x436.jpg 768w, https:\/\/www.miejscakonferencyjne.pl\/blog\/wp-content\/uploads\/2026\/01\/gromada-c1-gold-logo-premiere-002-1536x871.jpg 1536w, https:\/\/www.miejscakonferencyjne.pl\/blog\/wp-content\/uploads\/2026\/01\/gromada-c1-gold-logo-premiere-002-2048x1161.jpg 2048w, https:\/\/www.miejscakonferencyjne.pl\/blog\/wp-content\/uploads\/2026\/01\/gromada-c1-gold-logo-premiere-002-706x400.jpg 706w, https:\/\/www.miejscakonferencyjne.pl\/blog\/wp-content\/uploads\/2026\/01\/gromada-c1-gold-logo-premiere-002-1200x681.jpg 1200w\" sizes=\"auto, (max-width: 1000px) 100vw, 1000px\" \/><\/p>\n<p style=\"text-align: justify;\"><a href=\"https:\/\/www.miejscakonferencyjne.pl\/warszawa\/canopy-by-hilton-warsaw\"><strong>Canopy by Hilton Warsaw<\/strong><\/a><\/p>\n<p style=\"text-align: justify;\">Centrum Warszawy zyska pierwszy hotel marki Canopy by Hilton. Projekt przy ul. Wilczej stawia na lokalny design, elastyczne przestrzenie wsp\u00f3lne i integracj\u0119 funkcji hotelowych z miejskim stylem \u017cycia. Obiekt ma pe\u0142ni\u0107 rol\u0119 miejsca spotka\u0144, pracy i wypoczynku, a jego otwarcie planowane jest na 2026 rok.<\/p>\n<p style=\"text-align: justify;\"><img loading=\"lazy\" decoding=\"async\" class=\"alignnone size-medium wp-image-4225\" src=\"https:\/\/www.miejscakonferencyjne.pl\/blog\/wp-content\/uploads\/2026\/01\/Canopy-by-Hilton-Warsaw-Rendering-2-1000x625.jpg\" alt=\"\" width=\"1000\" height=\"625\" srcset=\"https:\/\/www.miejscakonferencyjne.pl\/blog\/wp-content\/uploads\/2026\/01\/Canopy-by-Hilton-Warsaw-Rendering-2-1000x625.jpg 1000w, https:\/\/www.miejscakonferencyjne.pl\/blog\/wp-content\/uploads\/2026\/01\/Canopy-by-Hilton-Warsaw-Rendering-2-768x480.jpg 768w, https:\/\/www.miejscakonferencyjne.pl\/blog\/wp-content\/uploads\/2026\/01\/Canopy-by-Hilton-Warsaw-Rendering-2-1536x960.jpg 1536w, https:\/\/www.miejscakonferencyjne.pl\/blog\/wp-content\/uploads\/2026\/01\/Canopy-by-Hilton-Warsaw-Rendering-2-706x441.jpg 706w, https:\/\/www.miejscakonferencyjne.pl\/blog\/wp-content\/uploads\/2026\/01\/Canopy-by-Hilton-Warsaw-Rendering-2-1200x750.jpg 1200w, https:\/\/www.miejscakonferencyjne.pl\/blog\/wp-content\/uploads\/2026\/01\/Canopy-by-Hilton-Warsaw-Rendering-2.jpg 1600w\" sizes=\"auto, (max-width: 1000px) 100vw, 1000px\" \/><\/p>\n<p style=\"text-align: justify;\"><a href=\"https:\/\/www.miejscakonferencyjne.pl\/warszawa\/aparthotel-ndi-smolna\"><strong>Smolna 23 Home &amp; Villas by Marriott<\/strong><\/a><\/p>\n<p style=\"text-align: justify;\">W \u015bcis\u0142ym centrum miasta powstaje luksusowy aparthotel w formule Homes &amp; Villas by Marriott. Inwestycja zaoferuje 54 apartamenty premium w s\u0105siedztwie Muzeum Narodowego, kieruj\u0105c ofert\u0119 do go\u015bci oczekuj\u0105cych prywatno\u015bci, wysokiego standardu i presti\u017cowej lokalizacji.<\/p>\n<p style=\"text-align: justify;\"><img loading=\"lazy\" decoding=\"async\" class=\"alignnone size-medium wp-image-4226\" src=\"https:\/\/www.miejscakonferencyjne.pl\/blog\/wp-content\/uploads\/2026\/01\/aparthotel-ndi-smolna-23-miejscakonferencyjne-1200x_-1000x666.jpg\" alt=\"\" width=\"1000\" height=\"666\" srcset=\"https:\/\/www.miejscakonferencyjne.pl\/blog\/wp-content\/uploads\/2026\/01\/aparthotel-ndi-smolna-23-miejscakonferencyjne-1200x_-1000x666.jpg 1000w, https:\/\/www.miejscakonferencyjne.pl\/blog\/wp-content\/uploads\/2026\/01\/aparthotel-ndi-smolna-23-miejscakonferencyjne-1200x_-768x511.jpg 768w, https:\/\/www.miejscakonferencyjne.pl\/blog\/wp-content\/uploads\/2026\/01\/aparthotel-ndi-smolna-23-miejscakonferencyjne-1200x_-706x470.jpg 706w, https:\/\/www.miejscakonferencyjne.pl\/blog\/wp-content\/uploads\/2026\/01\/aparthotel-ndi-smolna-23-miejscakonferencyjne-1200x_.jpg 1200w\" sizes=\"auto, (max-width: 1000px) 100vw, 1000px\" \/><\/p>\n<p style=\"text-align: justify;\"><a href=\"https:\/\/www.miejscakonferencyjne.pl\/warszawa\/nano-apart-warszawa\"><strong>Nano Apart Warszawa<\/strong><\/a><\/p>\n<p style=\"text-align: justify;\">Na Pradze Po\u0142udnie realizowany jest aparthotel nastawiony na elastyczne pobyty kr\u00f3tko- i \u015brednioterminowe. Projekt uzupe\u0142nia ofert\u0119 noclegow\u0105 w dynamicznie zmieniaj\u0105cej si\u0119 cz\u0119\u015bci miasta, odpowiadaj\u0105c na potrzeby rynku najmu i go\u015bci biznesowych.<\/p>\n<p style=\"text-align: justify;\"><img loading=\"lazy\" decoding=\"async\" class=\"alignnone size-medium wp-image-4227\" src=\"https:\/\/www.miejscakonferencyjne.pl\/blog\/wp-content\/uploads\/2026\/01\/2024-08-09_NanoApart_wizualizacja-1b-1000x676.jpg\" alt=\"\" width=\"1000\" height=\"676\" srcset=\"https:\/\/www.miejscakonferencyjne.pl\/blog\/wp-content\/uploads\/2026\/01\/2024-08-09_NanoApart_wizualizacja-1b-1000x676.jpg 1000w, https:\/\/www.miejscakonferencyjne.pl\/blog\/wp-content\/uploads\/2026\/01\/2024-08-09_NanoApart_wizualizacja-1b-2000x1353.jpg 2000w, https:\/\/www.miejscakonferencyjne.pl\/blog\/wp-content\/uploads\/2026\/01\/2024-08-09_NanoApart_wizualizacja-1b-768x519.jpg 768w, https:\/\/www.miejscakonferencyjne.pl\/blog\/wp-content\/uploads\/2026\/01\/2024-08-09_NanoApart_wizualizacja-1b-1536x1039.jpg 1536w, https:\/\/www.miejscakonferencyjne.pl\/blog\/wp-content\/uploads\/2026\/01\/2024-08-09_NanoApart_wizualizacja-1b-2048x1385.jpg 2048w, https:\/\/www.miejscakonferencyjne.pl\/blog\/wp-content\/uploads\/2026\/01\/2024-08-09_NanoApart_wizualizacja-1b-706x478.jpg 706w, https:\/\/www.miejscakonferencyjne.pl\/blog\/wp-content\/uploads\/2026\/01\/2024-08-09_NanoApart_wizualizacja-1b-1200x812.jpg 1200w\" sizes=\"auto, (max-width: 1000px) 100vw, 1000px\" \/><\/p>\n<h2 style=\"text-align: justify;\">Pomorskie: Tr\u00f3jmiasto w ofensywie inwestycyjnej<\/h2>\n<p style=\"text-align: justify;\">W 2026 roku Tr\u00f3jmiasto ma szans\u0119 wykona\u0107 kolejny du\u017cy skok jako\u015bciowy \u2013 szczeg\u00f3lnie w segmencie hoteli miejskich (city break) oraz obiekt\u00f3w \u201epremium w \u015br\u00f3dmie\u015bciu\u201d. Najmocniej wida\u0107 to w Gda\u0144sku, gdzie Wyspa Spichrz\u00f3w konsekwentnie zamienia si\u0119 w hotelow\u0105 wizyt\u00f3wk\u0119 miasta, ale r\u00f3wnie\u017c w Gdyni, kt\u00f3ra nadrabia zaleg\u0142o\u015bci w liczbie hoteli sieciowych.<\/p>\n<p style=\"text-align: justify;\"><a href=\"https:\/\/www.miejscakonferencyjne.pl\/gdansk\/destigo-hotels-wyspa-spichrzow\"><strong>Experior Grand by Destigo Hotels, Gda\u0144sk<\/strong><\/a><\/p>\n<p style=\"text-align: justify;\">Wyspa Spichrz\u00f3w zyska kolejny adres z najwy\u017cszej p\u00f3\u0142ki \u2013 pi\u0119ciogwiazdkowy obiekt z pokojami i apartamentami, w tym jednostkami projektowanymi z my\u015bl\u0105 o mocnym \u201ewow efekcie\u201d (np. prywatne tarasy na dachu). Hotel jest cz\u0119\u015bci\u0105 wi\u0119kszej uk\u0142adanki urbanistycznej Granarii, co wzmacnia trend: w tej cz\u0119\u015bci Gda\u0144ska standard \u201enocleg + gastronomia + us\u0142ugi\u201d ma dzia\u0142a\u0107 ca\u0142y rok, nie tylko w sezonie. W praktyce to inwestycja, kt\u00f3ra podnosi konkurencj\u0119 w segmencie luxury w samym sercu miasta \u2013 tam, gdzie go\u015b\u0107 oczekuje jednocze\u015bnie widoku, klimatu historycznej zabudowy i wygody w stylu nowoczesnego city hotelu.<\/p>\n<p style=\"text-align: justify;\"><img loading=\"lazy\" decoding=\"async\" class=\"alignnone size-full wp-image-4215\" src=\"https:\/\/www.miejscakonferencyjne.pl\/blog\/wp-content\/uploads\/2026\/01\/141185-1920-666x_.jpg\" alt=\"\" width=\"666\" height=\"374\" \/><\/p>\n<p style=\"text-align: justify;\"><a href=\"https:\/\/www.miejscakonferencyjne.pl\/gdansk\/prize-by-radisson-gdansk\"><strong>Prize by Radisson Gda\u0144sk<\/strong><\/a><\/p>\n<p style=\"text-align: justify;\">To propozycja w zupe\u0142nie innym tonie: lifestylowy, \u201emiejski i szybki\u201d hotel, kt\u00f3ry ma obs\u0142ugiwa\u0107 kr\u00f3tsze pobyty, weekendowe wypady i podr\u00f3\u017ce s\u0142u\u017cbowe bez zad\u0119cia. Kluczowe liczby s\u0105 konkretne \u2013 126 pokoi, metra\u017ce typowe dla ekonomiczno-urbanistycznego formatu (oko\u0142o 17\u201330 mkw.) i lokalizacja w osi \u015br\u00f3dmie\u015bcia, niedaleko atrakcji nad Mot\u0142aw\u0105. Co istotne z perspektywy rynku: projekt funkcjonowa\u0142 te\u017c jako Motlava Hotel i by\u0142 oferowany inwestorom w formule condo, co pokazuje, jak mocno Tr\u00f3jmiasto przyci\u0105ga kapita\u0142 \u201ehotelowy\u201d nawet przy obiektach z segmentu 3*.<\/p>\n<p style=\"text-align: justify;\"><img loading=\"lazy\" decoding=\"async\" class=\"alignnone size-full wp-image-4228\" src=\"https:\/\/www.miejscakonferencyjne.pl\/blog\/wp-content\/uploads\/2026\/01\/ht-2024-09-54388.jpg\" alt=\"\" width=\"700\" height=\"389\" \/><\/p>\n<p style=\"text-align: justify;\"><a href=\"https:\/\/www.miejscakonferencyjne.pl\/gdansk\/the-brick-tribute-portfolio-gdansk\"><strong>The Brick Tribute Portfolio Gda\u0144sk<\/strong><\/a><\/p>\n<p style=\"text-align: justify;\">Tutaj sercem projektu jest sama nieruchomo\u015b\u0107: zabytkowa, ceglana bry\u0142a przy ul. St\u0105giewnej, kt\u00f3ra dostanie drugie \u017cycie jako czterogwiazdkowy hotel z portfolio Tribute Portfolio. Ten typ inwestycji zwykle wygrywa detalem \u2013 histori\u0105 miejsca, materia\u0142ami, klimatem wn\u0119trz i \u201eniepowtarzalno\u015bci\u0105\u201d, kt\u00f3rej nie da si\u0119 skopiowa\u0107 w typowym nowym budynku. Skala jest bardziej butikowa (oko\u0142o 60 pokoi), ale w\u0142a\u015bnie takie adresy cz\u0119sto najmocniej pracuj\u0105 na wizerunek destynacji: go\u015b\u0107 nie przyje\u017cd\u017ca tu \u201ebyle gdzie\u201d, tylko do hotelu, kt\u00f3ry ma swoj\u0105 opowie\u015b\u0107.<\/p>\n<p style=\"text-align: justify;\"><img loading=\"lazy\" decoding=\"async\" class=\"alignnone size-full wp-image-4216\" src=\"https:\/\/www.miejscakonferencyjne.pl\/blog\/wp-content\/uploads\/2026\/01\/471260546-596716473314105-6559602188898269057-n-666x_.jpg\" alt=\"\" width=\"666\" height=\"443\" \/><\/p>\n<p style=\"text-align: justify;\"><a href=\"https:\/\/www.miejscakonferencyjne.pl\/gdynia\/radisson-blu-gdynia\"><strong>Radisson Blu Gdynia<\/strong><\/a><\/p>\n<p style=\"text-align: justify;\">Gdynia ma dzi\u015b relatywnie ma\u0142o hoteli sieciowych jak na miasto tej klasy, dlatego powr\u00f3t do realizacji obiektu w kompleksie Plac Unii jest rynkowo wa\u017cny. Hotel ma domkn\u0105\u0107 niewyko\u0144czony dot\u0105d budynek w \u015br\u00f3dmiejskim uk\u0142adzie ulic W\u0142adys\u0142awa IV i Armii Krajowej i \u2013 wed\u0142ug informacji bran\u017cowych \u2013 dzia\u0142a\u0107 pod mark\u0105 Radisson Blu. Skala (oko\u0142o 120 pokoi) jest optymalna dla centrum: wystarczaj\u0105ca, by obs\u0142ugiwa\u0107 biznes i eventy, ale nadal \u201emiejska\u201d, bez resortowego rozmachu. Je\u015bli projekt faktycznie wejdzie pod ten brand, b\u0119dzie to mocne wzmocnienie premium w Gdyni przed kolejnymi otwarciami w okolicy.<\/p>\n<p style=\"text-align: justify;\"><img loading=\"lazy\" decoding=\"async\" class=\"alignnone size-full wp-image-4229\" src=\"https:\/\/www.miejscakonferencyjne.pl\/blog\/wp-content\/uploads\/2026\/01\/gdynia-radisson.png\" alt=\"\" width=\"655\" height=\"491\" \/><\/p>\n<p style=\"text-align: justify;\"><a href=\"https:\/\/www.miejscakonferencyjne.pl\/gdynia\/hotel-kaszubski-gdynia\"><strong>Hotel Kaszubski Gdynia<\/strong><\/a><\/p>\n<p style=\"text-align: justify;\">Ten projekt gra bardziej \u201eklimatem\u201d ni\u017c skal\u0105: rewitalizacja w presti\u017cowej Kamiennej G\u00f3rze ma przywr\u00f3ci\u0107 funkcj\u0119 hotelow\u0105 miejscu z histori\u0105, jednocze\u015bnie wpisuj\u0105c si\u0119 w modny dzi\u015b kierunek: mniejsze, charakterne obiekty, kt\u00f3re konkuruj\u0105 lokalno\u015bci\u0105 i stylem, a nie liczb\u0105 pokoi. W tle pojawiaj\u0105 si\u0119 rozwa\u017cania dotycz\u0105ce ewentualnej marki sieciowej (w kontek\u015bcie Radisson RED), ale niezale\u017cnie od finalnego szyldu \u2013 dla Gdyni to wa\u017cny sygna\u0142, \u017ce rynek zaczyna \u201edog\u0119szcza\u0107\u201d ofert\u0119 w najbardziej atrakcyjnych punktach miasta, nie tylko przy g\u0142\u00f3wnych arteriach.<\/p>\n<p><img loading=\"lazy\" decoding=\"async\" class=\"alignnone size-medium wp-image-4251\" src=\"https:\/\/www.miejscakonferencyjne.pl\/blog\/wp-content\/uploads\/2026\/01\/Screenshot_108-1000x559.png\" alt=\"\" width=\"1000\" height=\"559\" srcset=\"https:\/\/www.miejscakonferencyjne.pl\/blog\/wp-content\/uploads\/2026\/01\/Screenshot_108-1000x559.png 1000w, https:\/\/www.miejscakonferencyjne.pl\/blog\/wp-content\/uploads\/2026\/01\/Screenshot_108-768x429.png 768w, https:\/\/www.miejscakonferencyjne.pl\/blog\/wp-content\/uploads\/2026\/01\/Screenshot_108-706x395.png 706w, https:\/\/www.miejscakonferencyjne.pl\/blog\/wp-content\/uploads\/2026\/01\/Screenshot_108-1200x671.png 1200w, https:\/\/www.miejscakonferencyjne.pl\/blog\/wp-content\/uploads\/2026\/01\/Screenshot_108.png 1381w\" sizes=\"auto, (max-width: 1000px) 100vw, 1000px\" \/><\/p>\n<h2 style=\"text-align: justify;\">Zachodniopomorskie: morze ca\u0142oroczne, nie tylko sezonowe<\/h2>\n<p style=\"text-align: justify;\">Rok 2026 mo\u017ce by\u0107 prze\u0142omowy dla zachodniopomorskiego rynku hotelowego. Coraz wyra\u017aniej wida\u0107 odej\u015bcie od modelu \u201elipiec\u2013sierpie\u0144 i cisza\u201d na rzecz obiekt\u00f3w zaprojektowanych do pracy przez 12 miesi\u0119cy w roku. Nowe inwestycje \u0142\u0105cz\u0105 rozbudowane strefy wellness, zaplecze konferencyjne i funkcje rodzinne z lokalizacjami w pierwszej linii brzegowej lub w silnych o\u015brodkach miejskich. Region konsekwentnie buduje pozycj\u0119 nie tylko jako letnia destynacja, ale jako ca\u0142oroczny produkt turystyczny i biznesowy.<\/p>\n<p style=\"text-align: justify;\"><a href=\"https:\/\/www.miejscakonferencyjne.pl\/kolobrzeg\/belmonte-hotel-ustronie-morskie\"><strong>Belmonte Ustronie Morskie<\/strong><\/a><\/p>\n<p style=\"text-align: justify;\">Czterogwiazdkowy hotel powstaj\u0105cy w pierwszej linii brzegowej to przyk\u0142ad inwestycji, kt\u00f3ra celuje wy\u017cej ni\u017c klasyczny resort wakacyjny. Opr\u00f3cz 146 pokoi i apartament\u00f3w zaplanowano pe\u0142n\u0105 infrastruktur\u0119 wellness (baseny, sauny, fitness), restauracj\u0119, lobby bar oraz zaplecze konferencyjne. Dzi\u0119ki temu obiekt ma realny potencja\u0142, by obs\u0142ugiwa\u0107 nie tylko turyst\u00f3w letnich, ale tak\u017ce wyjazdy firmowe, eventy i pobyty poza sezonem \u2013 co w przypadku mniejszych miejscowo\u015bci nadmorskich wci\u0105\u017c nie jest standardem.<\/p>\n<p style=\"text-align: justify;\"><img loading=\"lazy\" decoding=\"async\" class=\"alignnone size-full wp-image-4217\" src=\"https:\/\/www.miejscakonferencyjne.pl\/blog\/wp-content\/uploads\/2026\/01\/screenshot-68-666x_.png\" alt=\"\" width=\"666\" height=\"443\" \/><\/p>\n<p style=\"text-align: justify;\"><a href=\"https:\/\/www.miejscakonferencyjne.pl\/dziwnowek\/essence-baltic-resort-dziwnow\"><strong>Essence Baltic Resort &amp; Spa<\/strong><\/a><\/p>\n<p style=\"text-align: justify;\">Dziwn\u00f3w stawia na format aparthotelowy o wyra\u017anie resortowym charakterze. Kompleks zaoferuje apartamenty z aneksami kuchennymi, ale jednocze\u015bnie pe\u0142ne zaplecze wsp\u00f3lne: stref\u0119 basenow\u0105, spa, fitness i gastronomi\u0119. To model hybrydowy \u2013 atrakcyjny zar\u00f3wno dla go\u015bci indywidualnych, jak i inwestor\u00f3w, kt\u00f3rzy szukaj\u0105 produktu \u0142\u0105cz\u0105cego prywatno\u015b\u0107 apartamentu z wygod\u0105 hotelu. Tego typu projekty coraz mocniej zmieniaj\u0105 struktur\u0119 noclegow\u0105 mniejszych nadmorskich miejscowo\u015bci.<\/p>\n<p style=\"text-align: justify;\"><img loading=\"lazy\" decoding=\"async\" class=\"alignnone size-full wp-image-4218\" src=\"https:\/\/www.miejscakonferencyjne.pl\/blog\/wp-content\/uploads\/2026\/01\/ht-2025-08-749016.jpg\" alt=\"\" width=\"700\" height=\"491\" \/><\/p>\n<p style=\"text-align: justify;\"><a href=\"https:\/\/www.miejscakonferencyjne.pl\/pobierowo\/hotel-golebiewski-pobierowo\"><strong>Hotel Go\u0142\u0119biewski Pobierowo<\/strong><\/a><\/p>\n<p style=\"text-align: justify;\">Skala tej inwestycji sprawia, \u017ce trudno j\u0105 por\u00f3wnywa\u0107 z czymkolwiek innym w regionie. Pi\u0119ciogwiazdkowy resort na ponad 1 000 pokoi z aquaparkiem, zapleczem kongresowym i rozbudowan\u0105 ofert\u0105 rozrywkow\u0105 to projekt, kt\u00f3ry nie tylko przyci\u0105gnie masowy ruch turystyczny, ale realnie wp\u0142ynie na infrastruktur\u0119, rynek pracy i sezonowo\u015b\u0107 ca\u0142ego wybrze\u017ca w tej cz\u0119\u015bci Pomorza Zachodniego. To przyk\u0142ad \u201edestynacji w destynacji\u201d \u2013 obiektu, kt\u00f3ry sam w sobie jest celem podr\u00f3\u017cy.<\/p>\n<p style=\"text-align: justify;\"><img loading=\"lazy\" decoding=\"async\" class=\"alignnone size-medium wp-image-4230\" src=\"https:\/\/www.miejscakonferencyjne.pl\/blog\/wp-content\/uploads\/2026\/01\/Golebiewski-Pobierowo-1000x588.jpg\" alt=\"\" width=\"1000\" height=\"588\" srcset=\"https:\/\/www.miejscakonferencyjne.pl\/blog\/wp-content\/uploads\/2026\/01\/Golebiewski-Pobierowo-1000x588.jpg 1000w, https:\/\/www.miejscakonferencyjne.pl\/blog\/wp-content\/uploads\/2026\/01\/Golebiewski-Pobierowo-768x451.jpg 768w, https:\/\/www.miejscakonferencyjne.pl\/blog\/wp-content\/uploads\/2026\/01\/Golebiewski-Pobierowo-1536x903.jpg 1536w, https:\/\/www.miejscakonferencyjne.pl\/blog\/wp-content\/uploads\/2026\/01\/Golebiewski-Pobierowo-706x415.jpg 706w, https:\/\/www.miejscakonferencyjne.pl\/blog\/wp-content\/uploads\/2026\/01\/Golebiewski-Pobierowo-1200x705.jpg 1200w, https:\/\/www.miejscakonferencyjne.pl\/blog\/wp-content\/uploads\/2026\/01\/Golebiewski-Pobierowo.jpg 1644w\" sizes=\"auto, (max-width: 1000px) 100vw, 1000px\" \/><\/p>\n<p style=\"text-align: justify;\"><a href=\"https:\/\/www.miejscakonferencyjne.pl\/kolobrzeg\/the-one-by-sun-snow-ustronie-morskie\"><strong>The One by Sun &amp; Snow<\/strong><\/a><\/p>\n<p style=\"text-align: justify;\">Ten projekt pokazuje drug\u0105 stron\u0119 nadmorskiego boomu: kompaktowy, nowoczesny aparthotel nastawiony na kr\u00f3tkoterminowy najem zarz\u0105dzany przez operatora. Lokalizacja w pierwszej linii od morza, balkony, atrium i strefy relaksu czyni\u0105 go produktem atrakcyjnym zar\u00f3wno dla go\u015bci, jak i w\u0142a\u015bcicieli apartament\u00f3w. To format, kt\u00f3ry dobrze wpisuje si\u0119 w rosn\u0105ce zainteresowanie elastycznymi pobytami weekendowymi i inwestycjami typu \u201ekup i wynajmuj\u201d.<\/p>\n<p style=\"text-align: justify;\"><img loading=\"lazy\" decoding=\"async\" class=\"alignnone size-medium wp-image-4231\" src=\"https:\/\/www.miejscakonferencyjne.pl\/blog\/wp-content\/uploads\/2026\/01\/pzt-1000x562.webp\" alt=\"\" width=\"1000\" height=\"562\" srcset=\"https:\/\/www.miejscakonferencyjne.pl\/blog\/wp-content\/uploads\/2026\/01\/pzt-1000x562.webp 1000w, https:\/\/www.miejscakonferencyjne.pl\/blog\/wp-content\/uploads\/2026\/01\/pzt-768x432.webp 768w, https:\/\/www.miejscakonferencyjne.pl\/blog\/wp-content\/uploads\/2026\/01\/pzt-706x397.webp 706w, https:\/\/www.miejscakonferencyjne.pl\/blog\/wp-content\/uploads\/2026\/01\/pzt-1200x675.webp 1200w, https:\/\/www.miejscakonferencyjne.pl\/blog\/wp-content\/uploads\/2026\/01\/pzt.webp 1366w\" sizes=\"auto, (max-width: 1000px) 100vw, 1000px\" \/><\/p>\n<p style=\"text-align: justify;\"><a href=\"https:\/\/www.miejscakonferencyjne.pl\/koszalin\/verde-city-koszalin\"><strong>Verde City Koszalin<\/strong><\/a><\/p>\n<p style=\"text-align: justify;\">Koszalin, cho\u0107 oddalony od samej linii brzegowej, pe\u0142ni wa\u017cn\u0105 rol\u0119 zaplecza biznesowego i sportowego regionu. Czterogwiazdkowy hotel Verde City ma wype\u0142ni\u0107 luk\u0119 w segmencie miejskich obiekt\u00f3w o wy\u017cszym standardzie, oferuj\u0105c jednocze\u015bnie funkcj\u0119 konferencyjn\u0105 i rekreacyjn\u0105. To inwestycja skierowana do innego profilu go\u015bcia ni\u017c nadmorskie resorty \u2013 bardziej biznesowego, eventowego i tranzytowego \u2013 ale kluczowa dla zr\u00f3wnowa\u017conego rozwoju regionu.<\/p>\n<p style=\"text-align: justify;\"><img loading=\"lazy\" decoding=\"async\" class=\"alignnone size-full wp-image-4232\" src=\"https:\/\/www.miejscakonferencyjne.pl\/blog\/wp-content\/uploads\/2026\/01\/verde_city_1.png\" alt=\"\" width=\"700\" height=\"500\" \/><\/p>\n<p style=\"text-align: justify;\"><a href=\"https:\/\/www.miejscakonferencyjne.pl\/miedzyzdroje\/the-sea-resort\"><strong>The Sea Resort<\/strong><\/a><\/p>\n<p style=\"text-align: justify;\">Mi\u0119dzyzdroje zyskuj\u0105 projekt wyra\u017anie pozycjonowany w segmencie premium. Luksusowy kompleks apartamentowy z basenem infinity, rozbudowan\u0105 stref\u0105 wellness i panoramicznymi widokami na Ba\u0142tyk celuje w go\u015bcia, kt\u00f3ry oczekuje wysokiego standardu, prywatno\u015bci i silnego \u201eefektu miejsca\u201d. Tego typu inwestycje przesuwaj\u0105 percepcj\u0119 kurortu w stron\u0119 destynacji ca\u0142orocznej, konkuruj\u0105cej nie tylko z innymi miejscowo\u015bciami nad Ba\u0142tykiem, ale tak\u017ce z g\u00f3rskimi resortami wellness.<\/p>\n<p style=\"text-align: justify;\"><img loading=\"lazy\" decoding=\"async\" class=\"alignnone size-medium wp-image-4233\" src=\"https:\/\/www.miejscakonferencyjne.pl\/blog\/wp-content\/uploads\/2026\/01\/WZ05-1-1000x666.png\" alt=\"\" width=\"1000\" height=\"666\" srcset=\"https:\/\/www.miejscakonferencyjne.pl\/blog\/wp-content\/uploads\/2026\/01\/WZ05-1-1000x666.png 1000w, https:\/\/www.miejscakonferencyjne.pl\/blog\/wp-content\/uploads\/2026\/01\/WZ05-1-768x512.png 768w, https:\/\/www.miejscakonferencyjne.pl\/blog\/wp-content\/uploads\/2026\/01\/WZ05-1-1536x1023.png 1536w, https:\/\/www.miejscakonferencyjne.pl\/blog\/wp-content\/uploads\/2026\/01\/WZ05-1-706x470.png 706w, https:\/\/www.miejscakonferencyjne.pl\/blog\/wp-content\/uploads\/2026\/01\/WZ05-1-1200x799.png 1200w, https:\/\/www.miejscakonferencyjne.pl\/blog\/wp-content\/uploads\/2026\/01\/WZ05-1.png 1920w\" sizes=\"auto, (max-width: 1000px) 100vw, 1000px\" \/><\/p>\n<p style=\"text-align: justify;\"><a href=\"https:\/\/www.miejscakonferencyjne.pl\/dziwnowek\/vacationclub-resort-dzwirzyno\"><strong>VacationClub Resort D\u017awirzyno<\/strong><\/a><\/p>\n<p style=\"text-align: justify;\">Rozwijany etapami aparthotel VacationClubu to przyk\u0142ad sprawdzonego modelu operatora, kt\u00f3ry konsekwentnie buduje sie\u0107 obiekt\u00f3w rodzinnych nad morzem. Baseny, strefy zabaw, funkcje rekreacyjne i zarz\u0105dzany najem czyni\u0105 projekt atrakcyjnym dla rodzin z dzie\u0107mi i inwestor\u00f3w szukaj\u0105cych przewidywalnego produktu. D\u017awirzyno dzi\u0119ki takim realizacjom stopniowo przestaje by\u0107 wy\u0142\u0105cznie sezonow\u0105 miejscowo\u015bci\u0105 wypoczynkow\u0105.<\/p>\n<p style=\"text-align: justify;\"><img loading=\"lazy\" decoding=\"async\" class=\"alignnone size-medium wp-image-4234\" src=\"https:\/\/www.miejscakonferencyjne.pl\/blog\/wp-content\/uploads\/2026\/01\/vacationclub-resort_b9f90b-1000x563.jpg\" alt=\"\" width=\"1000\" height=\"563\" srcset=\"https:\/\/www.miejscakonferencyjne.pl\/blog\/wp-content\/uploads\/2026\/01\/vacationclub-resort_b9f90b-1000x563.jpg 1000w, https:\/\/www.miejscakonferencyjne.pl\/blog\/wp-content\/uploads\/2026\/01\/vacationclub-resort_b9f90b-768x432.jpg 768w, https:\/\/www.miejscakonferencyjne.pl\/blog\/wp-content\/uploads\/2026\/01\/vacationclub-resort_b9f90b-706x397.jpg 706w, https:\/\/www.miejscakonferencyjne.pl\/blog\/wp-content\/uploads\/2026\/01\/vacationclub-resort_b9f90b-1200x675.jpg 1200w, https:\/\/www.miejscakonferencyjne.pl\/blog\/wp-content\/uploads\/2026\/01\/vacationclub-resort_b9f90b.jpg 1500w\" sizes=\"auto, (max-width: 1000px) 100vw, 1000px\" \/><\/p>\n<h2 style=\"text-align: justify;\">Wielkopolska: nowe \u017cycie historycznych obiekt\u00f3w<\/h2>\n<p style=\"text-align: justify;\">Pozna\u0144ski rynek hotelowy w 2026 roku poka\u017ce, \u017ce rozw\u00f3j nie musi oznacza\u0107 wy\u0142\u0105cznie nowych kubatur i spektakularnych bry\u0142. Coraz wi\u0119ksz\u0105 rol\u0119 odgrywa tu \u015bwiadoma rewitalizacja \u2013 przywracanie dawnych hoteli i budynk\u00f3w o silnej to\u017csamo\u015bci do obiegu, ale ju\u017c w standardzie odpowiadaj\u0105cym wsp\u00f3\u0142czesnym oczekiwaniom go\u015bci biznesowych i turystycznych. Wielkopolska stawia na projekty zakorzenione w historii miasta, kt\u00f3re jednocze\u015bnie wpisuj\u0105 si\u0119 w globalne standardy marek hotelowych.<\/p>\n<p style=\"text-align: justify;\"><a href=\"https:\/\/www.miejscakonferencyjne.pl\/poznan\/four-points-by-sheraton-poznan\"><strong>Four Points by Sheraton Pozna\u0144<\/strong><\/a><\/p>\n<p style=\"text-align: justify;\">Jedna z najwa\u017cniejszych inwestycji hotelowych w centrum Poznania to gruntowna modernizacja dawnego Hotelu Ikar. Obiekt, znany przez dekady jako wa\u017cny punkt noclegowy miasta, po przebudowie stanie si\u0119 czterogwiazdkowym hotelem sieci Marriott International. Nowy Four Points by Sheraton zaoferuje 156 pokoi, rozbudowan\u0105 cz\u0119\u015b\u0107 konferencyjn\u0105 oraz zaplecze gastronomiczne z restauracj\u0105 i barem.<\/p>\n<p style=\"text-align: justify;\"><img loading=\"lazy\" decoding=\"async\" class=\"alignnone size-medium wp-image-4235\" src=\"https:\/\/www.miejscakonferencyjne.pl\/blog\/wp-content\/uploads\/2026\/01\/Hotel-Wieniawa-WIZUALIZACJA-ZEW-2-1000x688.jpg\" alt=\"\" width=\"1000\" height=\"688\" srcset=\"https:\/\/www.miejscakonferencyjne.pl\/blog\/wp-content\/uploads\/2026\/01\/Hotel-Wieniawa-WIZUALIZACJA-ZEW-2-1000x688.jpg 1000w, https:\/\/www.miejscakonferencyjne.pl\/blog\/wp-content\/uploads\/2026\/01\/Hotel-Wieniawa-WIZUALIZACJA-ZEW-2-768x528.jpg 768w, https:\/\/www.miejscakonferencyjne.pl\/blog\/wp-content\/uploads\/2026\/01\/Hotel-Wieniawa-WIZUALIZACJA-ZEW-2-1536x1056.jpg 1536w, https:\/\/www.miejscakonferencyjne.pl\/blog\/wp-content\/uploads\/2026\/01\/Hotel-Wieniawa-WIZUALIZACJA-ZEW-2-706x485.jpg 706w, https:\/\/www.miejscakonferencyjne.pl\/blog\/wp-content\/uploads\/2026\/01\/Hotel-Wieniawa-WIZUALIZACJA-ZEW-2-1200x825.jpg 1200w, https:\/\/www.miejscakonferencyjne.pl\/blog\/wp-content\/uploads\/2026\/01\/Hotel-Wieniawa-WIZUALIZACJA-ZEW-2.jpg 1600w\" sizes=\"auto, (max-width: 1000px) 100vw, 1000px\" \/><\/p>\n<p style=\"text-align: justify;\">Projekt wn\u0119trz oparto na estetyce modern vintage \u2013 \u0142\u0105cz\u0105cej wsp\u00f3\u0142czesn\u0105 funkcjonalno\u015b\u0107 z detalami inspirowanymi designem lat 50. i 60. XX wieku. To uk\u0142on w stron\u0119 historii miejsca, ale bez popadania w nostalgi\u0119. Hotel ma by\u0107 przede wszystkim narz\u0119dziem dla rynku MICE i go\u015bci biznesowych, wzmacniaj\u0105c ofert\u0119 noclegow\u0105 w \u015bcis\u0142ym centrum miasta. Planowane otwarcie w IV kwartale 2026 roku czyni go jednym z kluczowych projekt\u00f3w Marriott International w Polsce w najbli\u017cszych latach.<\/p>\n<p style=\"text-align: justify;\"><a href=\"https:\/\/www.miejscakonferencyjne.pl\/poznan\/hotel-de-rome-poznan\"><strong>Hotel De Rome Pozna\u0144<\/strong><\/a><\/p>\n<p style=\"text-align: justify;\">Druga z pozna\u0144skich inwestycji to projekt o jeszcze g\u0142\u0119bszym ci\u0119\u017carze symbolicznym. Hotel De Rome to rewitalizacja najstarszego hotelu w mie\u015bcie, kt\u00f3rego pocz\u0105tki si\u0119gaj\u0105 XIX wieku. Obiekt przez dekady pe\u0142ni\u0142 funkcj\u0119 wa\u017cnego miejsca spotka\u0144 i nocleg\u00f3w w samym sercu Poznania, by po zamkni\u0119ciu w 2020 roku wej\u015b\u0107 w nowy etap transformacji.<\/p>\n<p style=\"text-align: justify;\"><img loading=\"lazy\" decoding=\"async\" class=\"alignnone size-medium wp-image-4219\" src=\"https:\/\/www.miejscakonferencyjne.pl\/blog\/wp-content\/uploads\/2026\/01\/hotel_rome_04-1000x750.jpg\" alt=\"\" width=\"1000\" height=\"750\" srcset=\"https:\/\/www.miejscakonferencyjne.pl\/blog\/wp-content\/uploads\/2026\/01\/hotel_rome_04-1000x750.jpg 1000w, https:\/\/www.miejscakonferencyjne.pl\/blog\/wp-content\/uploads\/2026\/01\/hotel_rome_04-768x576.jpg 768w, https:\/\/www.miejscakonferencyjne.pl\/blog\/wp-content\/uploads\/2026\/01\/hotel_rome_04-706x530.jpg 706w, https:\/\/www.miejscakonferencyjne.pl\/blog\/wp-content\/uploads\/2026\/01\/hotel_rome_04-1200x900.jpg 1200w, https:\/\/www.miejscakonferencyjne.pl\/blog\/wp-content\/uploads\/2026\/01\/hotel_rome_04.jpg 1280w\" sizes=\"auto, (max-width: 1000px) 100vw, 1000px\" \/><\/p>\n<p style=\"text-align: justify;\">Po przebudowie hotel ma funkcjonowa\u0107 w segmencie upscale pod mark\u0105 Tapestry Collection by Hilton \u2013 soft brandem pozwalaj\u0105cym zachowa\u0107 indywidualny charakter obiektu przy jednoczesnym wsparciu globalnej sieci. W planach jest oko\u0142o 95 pokoi, nowoczesna gastronomia, przestrzenie wsp\u00f3lne oraz funkcje konferencyjne, a wszystko to z zachowaniem historycznej fasady i kluczowych element\u00f3w architektonicznych. Projekt pokazuje, jak mo\u017cna po\u0142\u0105czy\u0107 lokalne dziedzictwo z mi\u0119dzynarodowym standardem, bez utraty autentyczno\u015bci miejsca.<\/p>\n<h2 style=\"text-align: justify;\">Dolny \u015al\u0105sk: g\u00f3ry i miasta w jednym rytmie<\/h2>\n<p style=\"text-align: justify;\">Dolny \u015al\u0105sk w 2026 roku potwierdzi swoj\u0105 wyj\u0105tkow\u0105 pozycj\u0119 na hotelarskiej mapie Polski. To region, w kt\u00f3rym dynamicznie rozwijaj\u0105ce si\u0119 miasta spotykaj\u0105 si\u0119 z dojrza\u0142ymi, ca\u0142orocznymi destynacjami g\u00f3rskimi. Nowe inwestycje pokazuj\u0105 wyra\u017any dualizm: z jednej strony funkcjonalne, miejskie hotele odpowiadaj\u0105ce na potrzeby biznesu i turystyki kr\u00f3tkiego pobytu, z drugiej \u2013 coraz bardziej wyspecjalizowane resorty w Karkonoszach, projektowane pod konkretne grupy go\u015bci i scenariusze wypoczynku.<\/p>\n<p style=\"text-align: justify;\"><a href=\"https:\/\/www.miejscakonferencyjne.pl\/wroclaw\/b-b-hotel-wroclaw-old-town\"><strong>B&amp;B Hotel Wroc\u0142aw Old Town<\/strong><\/a><\/p>\n<p style=\"text-align: justify;\">Ekonomiczna marka B&amp;B Hotels wchodzi do \u015bcis\u0142ego centrum Wroc\u0142awia z projektem, kt\u00f3ry \u0142\u0105czy przyst\u0119pny format z presti\u017cow\u0105 lokalizacj\u0105. Hotel powstaje w zabytkowym gmachu dawnej Miejskiej Kasy Oszcz\u0119dno\u015bci, zaledwie kilka krok\u00f3w od Rynku. Adaptacja historycznego banku pozwala zachowa\u0107 modernistyczne i art d\u00e9co detale, jednocze\u015bnie wprowadzaj\u0105c funkcjonalne wn\u0119trza charakterystyczne dla marki.<\/p>\n<p style=\"text-align: justify;\"><img loading=\"lazy\" decoding=\"async\" class=\"alignnone size-medium wp-image-4221\" src=\"https:\/\/www.miejscakonferencyjne.pl\/blog\/wp-content\/uploads\/2026\/01\/hotel-hotel-wroclaw-old-town-premium-room-with-sofa-3-copy-d47c62cd-57297-1-1000x667.jpg\" alt=\"\" width=\"1000\" height=\"667\" srcset=\"https:\/\/www.miejscakonferencyjne.pl\/blog\/wp-content\/uploads\/2026\/01\/hotel-hotel-wroclaw-old-town-premium-room-with-sofa-3-copy-d47c62cd-57297-1-1000x667.jpg 1000w, https:\/\/www.miejscakonferencyjne.pl\/blog\/wp-content\/uploads\/2026\/01\/hotel-hotel-wroclaw-old-town-premium-room-with-sofa-3-copy-d47c62cd-57297-1-768x512.jpg 768w, https:\/\/www.miejscakonferencyjne.pl\/blog\/wp-content\/uploads\/2026\/01\/hotel-hotel-wroclaw-old-town-premium-room-with-sofa-3-copy-d47c62cd-57297-1-706x471.jpg 706w, https:\/\/www.miejscakonferencyjne.pl\/blog\/wp-content\/uploads\/2026\/01\/hotel-hotel-wroclaw-old-town-premium-room-with-sofa-3-copy-d47c62cd-57297-1.jpg 1200w\" sizes=\"auto, (max-width: 1000px) 100vw, 1000px\" \/><\/p>\n<p style=\"text-align: justify;\">Obiekt zaoferuje ponad 140 pokoi i b\u0119dzie skierowany zar\u00f3wno do turyst\u00f3w miejskich, jak i go\u015bci biznesowych poszukuj\u0105cych noclegu w centrum, bez konieczno\u015bci korzystania z dro\u017cszych hoteli cztero- i pi\u0119ciogwiazdkowych. To przyk\u0142ad, jak segment ekonomiczny coraz \u015bmielej wchodzi w presti\u017cowe lokalizacje.<\/p>\n<p style=\"text-align: justify;\"><a href=\"https:\/\/www.miejscakonferencyjne.pl\/wroclaw\/hotel-wroclaw-przy-ul-szewskiej\"><strong>Hotel Wroc\u0142aw<\/strong><\/a><\/p>\n<p style=\"text-align: justify;\">Przy jednej z najbardziej rozpoznawalnych ulic miasta \u2013 ul. Szewskiej \u2013 powstaje nowy, czterogwiazdkowy Hotel Wroc\u0142aw. Projekt realizowany jest w miejscu dawnej siedziby przedsi\u0119biorstwa Wrobis z 1938 roku. Cho\u0107 pierwotnie planowano adaptacj\u0119 istniej\u0105cej zabudowy, ostatecznie zdecydowano si\u0119 na rozbi\u00f3rk\u0119 i budow\u0119 nowego obiektu z zachowaniem wybranych historycznych element\u00f3w, zgodnie z wytycznymi konserwatorskimi.<\/p>\n<p style=\"text-align: justify;\"><img loading=\"lazy\" decoding=\"async\" class=\"alignnone size-full wp-image-4222\" src=\"https:\/\/www.miejscakonferencyjne.pl\/blog\/wp-content\/uploads\/2026\/01\/hotel-otis-investment-wroclaw-duzy-666x_.png\" alt=\"\" width=\"666\" height=\"443\" \/><\/p>\n<p style=\"text-align: justify;\">Hotel ma wype\u0142ni\u0107 luk\u0119 w segmencie niezale\u017cnych, miejskich obiekt\u00f3w o podwy\u017cszonym standardzie, skierowanych do go\u015bci oczekuj\u0105cych centralnej lokalizacji, eleganckich wn\u0119trz i kameralnej atmosfery \u2013 bez globalnego brandingu sieciowego.<\/p>\n<p style=\"text-align: justify;\"><a href=\"https:\/\/www.miejscakonferencyjne.pl\/wroclaw\/prize-by-radisson-sky-tower-wroclaw\"><strong>Prize by Radisson Wroc\u0142aw Sky Tower<\/strong><\/a><\/p>\n<p style=\"text-align: justify;\">Jednym z najbardziej rozpoznawalnych adres\u00f3w hotelowych Wroc\u0142awia wkr\u00f3tce stanie si\u0119 Sky Tower. To w\u0142a\u015bnie tam powstaje Prize by Radisson Wroc\u0142aw \u2013 lifestylowy hotel nowej generacji, adresowany do m\u0142odszych go\u015bci, os\u00f3b podr\u00f3\u017cuj\u0105cych s\u0142u\u017cbowo oraz uczestnik\u00f3w wydarze\u0144 miejskich.<\/p>\n<p style=\"text-align: justify;\"><img loading=\"lazy\" decoding=\"async\" class=\"alignnone size-full wp-image-4236\" src=\"https:\/\/www.miejscakonferencyjne.pl\/blog\/wp-content\/uploads\/2026\/01\/prize-by-radisson-sky-tower-wroclaw.png\" alt=\"\" width=\"831\" height=\"600\" srcset=\"https:\/\/www.miejscakonferencyjne.pl\/blog\/wp-content\/uploads\/2026\/01\/prize-by-radisson-sky-tower-wroclaw.png 831w, https:\/\/www.miejscakonferencyjne.pl\/blog\/wp-content\/uploads\/2026\/01\/prize-by-radisson-sky-tower-wroclaw-768x555.png 768w, https:\/\/www.miejscakonferencyjne.pl\/blog\/wp-content\/uploads\/2026\/01\/prize-by-radisson-sky-tower-wroclaw-706x510.png 706w\" sizes=\"auto, (max-width: 831px) 100vw, 831px\" \/><\/p>\n<p style=\"text-align: justify;\">Hotel zaoferuje ponad 200 pokoi i charakterystyczne dla marki, designerskie przestrzenie wsp\u00f3lne, sprzyjaj\u0105ce pracy, spotkaniom i integracji. Lokalizacja w jednym z najwy\u017cszych budynk\u00f3w w Polsce dodatkowo wzmacnia rozpoznawalno\u015b\u0107 projektu i wpisuje go w trend hoteli jako element\u00f3w miejskiego stylu \u017cycia, a nie wy\u0142\u0105cznie miejsc noclegowych.<\/p>\n<p style=\"text-align: justify;\"><a href=\"https:\/\/www.miejscakonferencyjne.pl\/szklarska-poreba\/harmony-valley-resort-szklarska-poreba\"><strong>Harmony Valley Resort<\/strong><\/a><\/p>\n<p style=\"text-align: justify;\">Poza miastami Dolny \u015al\u0105sk rozwija tak\u017ce wyspecjalizowan\u0105 ofert\u0119 g\u00f3rsk\u0105. Harmony Valley Resort w Szklarskiej Por\u0119bie to przyk\u0142ad obiektu typu adults only (16+), zaprojektowanego z my\u015bl\u0105 o go\u015bciach szukaj\u0105cych ciszy, jako\u015bci i regeneracji w otoczeniu natury.<\/p>\n<p style=\"text-align: justify;\"><img loading=\"lazy\" decoding=\"async\" class=\"alignnone size-medium wp-image-4237\" src=\"https:\/\/www.miejscakonferencyjne.pl\/blog\/wp-content\/uploads\/2026\/01\/78924_2000x1100-1000x550.jpg\" alt=\"\" width=\"1000\" height=\"550\" srcset=\"https:\/\/www.miejscakonferencyjne.pl\/blog\/wp-content\/uploads\/2026\/01\/78924_2000x1100-1000x550.jpg 1000w, https:\/\/www.miejscakonferencyjne.pl\/blog\/wp-content\/uploads\/2026\/01\/78924_2000x1100-768x422.jpg 768w, https:\/\/www.miejscakonferencyjne.pl\/blog\/wp-content\/uploads\/2026\/01\/78924_2000x1100-1536x845.jpg 1536w, https:\/\/www.miejscakonferencyjne.pl\/blog\/wp-content\/uploads\/2026\/01\/78924_2000x1100-706x388.jpg 706w, https:\/\/www.miejscakonferencyjne.pl\/blog\/wp-content\/uploads\/2026\/01\/78924_2000x1100-1200x660.jpg 1200w, https:\/\/www.miejscakonferencyjne.pl\/blog\/wp-content\/uploads\/2026\/01\/78924_2000x1100.jpg 2000w\" sizes=\"auto, (max-width: 1000px) 100vw, 1000px\" \/><\/p>\n<p style=\"text-align: justify;\">Resort zaoferuje 134 pokoje, widokowy, ca\u0142oroczny basen zewn\u0119trzny oraz kameraln\u0105 stref\u0119 wellness. Projekt wn\u0119trz czerpie z lokalnego dziedzictwa Karkonoszy, wykorzystuj\u0105c naturalne materia\u0142y i stonowan\u0105 estetyk\u0119. To odpowied\u017a na rosn\u0105ce zainteresowanie spokojnym, jako\u015bciowym wypoczynkiem poza sezonowym zgie\u0142kiem.<\/p>\n<p style=\"text-align: justify;\"><a href=\"https:\/\/www.miejscakonferencyjne.pl\/szklarska-poreba\/the-view-mountain\"><strong>The View Mountain<\/strong><\/a><\/p>\n<p style=\"text-align: justify;\">Znacznie wi\u0119ksz\u0105 skal\u0119 reprezentuje The View Mountain \u2013 kompleks hotelowo-apartamentowy, kt\u00f3ry stawia na po\u0142\u0105czenie turystyki wypoczynkowej z rynkiem konferencyjnym. Projekt zak\u0142ada rozbudowan\u0105 infrastruktur\u0119 rekreacyjn\u0105, baseny, strefy spa oraz jedn\u0105 z najwi\u0119kszych powierzchni konferencyjnych w regionie.<\/p>\n<p style=\"text-align: justify;\"><img loading=\"lazy\" decoding=\"async\" class=\"alignnone size-medium wp-image-4238\" src=\"https:\/\/www.miejscakonferencyjne.pl\/blog\/wp-content\/uploads\/2026\/01\/thumb-1000x563.jpeg\" alt=\"\" width=\"1000\" height=\"563\" srcset=\"https:\/\/www.miejscakonferencyjne.pl\/blog\/wp-content\/uploads\/2026\/01\/thumb-1000x563.jpeg 1000w, https:\/\/www.miejscakonferencyjne.pl\/blog\/wp-content\/uploads\/2026\/01\/thumb-768x432.jpeg 768w, https:\/\/www.miejscakonferencyjne.pl\/blog\/wp-content\/uploads\/2026\/01\/thumb-1536x864.jpeg 1536w, https:\/\/www.miejscakonferencyjne.pl\/blog\/wp-content\/uploads\/2026\/01\/thumb-706x397.jpeg 706w, https:\/\/www.miejscakonferencyjne.pl\/blog\/wp-content\/uploads\/2026\/01\/thumb-1200x675.jpeg 1200w, https:\/\/www.miejscakonferencyjne.pl\/blog\/wp-content\/uploads\/2026\/01\/thumb.jpeg 1920w\" sizes=\"auto, (max-width: 1000px) 100vw, 1000px\" \/><\/p>\n<p style=\"text-align: justify;\">To obiekt celuj\u0105cy w grupy zorganizowane, wydarzenia firmowe i konferencje, kt\u00f3re coraz cz\u0119\u015bciej szukaj\u0105 lokalizacji poza du\u017cymi miastami, ale z zachowaniem pe\u0142nego zaplecza technicznego i noclegowego.<\/p>\n<p style=\"text-align: justify;\"><a href=\"https:\/\/www.miejscakonferencyjne.pl\/jelenia-gora\/hotel-bellevue-jelenia-gora\"><strong>Hotel Bellevue Jelenia G\u00f3ra<\/strong><\/a><\/p>\n<p style=\"text-align: justify;\">Jelenia G\u00f3ra r\u00f3wnie\u017c wzmacnia swoj\u0105 pozycj\u0119 jako brama do Karkonoszy. Hotel Bellevue to nowoczesny obiekt miejski, kt\u00f3ry ma uzupe\u0142ni\u0107 ofert\u0119 noclegow\u0105 miasta o standard odpowiadaj\u0105cy wsp\u00f3\u0142czesnym oczekiwaniom go\u015bci biznesowych i turyst\u00f3w tranzytowych.<\/p>\n<p style=\"text-align: justify;\"><img loading=\"lazy\" decoding=\"async\" class=\"alignnone size-medium wp-image-4239\" src=\"https:\/\/www.miejscakonferencyjne.pl\/blog\/wp-content\/uploads\/2026\/01\/Zrzut-ekranu-2026-02-1-o-23.46.42-1000x521.png\" alt=\"\" width=\"1000\" height=\"521\" srcset=\"https:\/\/www.miejscakonferencyjne.pl\/blog\/wp-content\/uploads\/2026\/01\/Zrzut-ekranu-2026-02-1-o-23.46.42-1000x521.png 1000w, https:\/\/www.miejscakonferencyjne.pl\/blog\/wp-content\/uploads\/2026\/01\/Zrzut-ekranu-2026-02-1-o-23.46.42-768x400.png 768w, https:\/\/www.miejscakonferencyjne.pl\/blog\/wp-content\/uploads\/2026\/01\/Zrzut-ekranu-2026-02-1-o-23.46.42-706x368.png 706w, https:\/\/www.miejscakonferencyjne.pl\/blog\/wp-content\/uploads\/2026\/01\/Zrzut-ekranu-2026-02-1-o-23.46.42-1200x626.png 1200w, https:\/\/www.miejscakonferencyjne.pl\/blog\/wp-content\/uploads\/2026\/01\/Zrzut-ekranu-2026-02-1-o-23.46.42.png 1316w\" sizes=\"auto, (max-width: 1000px) 100vw, 1000px\" \/><\/p>\n<p style=\"text-align: justify;\">Projekt stawia na funkcjonalno\u015b\u0107, dobr\u0105 dost\u0119pno\u015b\u0107 komunikacyjn\u0105 oraz zaplecze gastronomiczne i spotkaniowe. Dzi\u0119ki temu Bellevue ma szans\u0119 sta\u0107 si\u0119 naturalnym wyborem dla os\u00f3b odwiedzaj\u0105cych region zar\u00f3wno s\u0142u\u017cbowo, jak i rekreacyjnie.<\/p>\n<h2 style=\"text-align: justify;\">\u015al\u0105sk: biznes, rewitalizacje i g\u00f3ry<\/h2>\n<p style=\"text-align: justify;\">Wojew\u00f3dztwo \u015bl\u0105skie coraz wyra\u017aniej zrywa z wizerunkiem regionu wy\u0142\u0105cznie przemys\u0142owego. Nowe inwestycje hotelowe pokazuj\u0105, \u017ce rynek dojrzewa w trzech r\u00f3wnoleg\u0142ych kierunkach: silnej ofercie biznesowej w miastach, ambitnych rewitalizacjach historycznych obiekt\u00f3w oraz dynamicznym rozwoju hoteli i resort\u00f3w w Beskidach. Rok 2026 b\u0119dzie pod tym wzgl\u0119dem jednym z najbardziej prze\u0142omowych.<\/p>\n<p style=\"text-align: justify;\"><a href=\"https:\/\/www.miejscakonferencyjne.pl\/katowice\/hotel-crowne-plaza-katowice\"><strong>Crowne Plaza Katowice<\/strong><\/a><\/p>\n<p style=\"text-align: justify;\">Crowne Plaza Katowice to jedna z najwa\u017cniejszych inwestycji hotelowych w regionie w segmencie premium MICE. Obiekt realizowany przez DL Invest Group powstaje przy ul. Chorzowskiej, w bezpo\u015brednim s\u0105siedztwie kluczowych arterii komunikacyjnych oraz stref biznesowych miasta. B\u0119dzie to dopiero drugi w Polsce hotel tej marki nale\u017c\u0105cej do IHG Hotels &amp; Resorts.<\/p>\n<p style=\"text-align: justify;\"><img loading=\"lazy\" decoding=\"async\" class=\"alignnone size-medium wp-image-4240\" src=\"https:\/\/www.miejscakonferencyjne.pl\/blog\/wp-content\/uploads\/2026\/01\/craft-3-1000x749.jpg\" alt=\"\" width=\"1000\" height=\"749\" srcset=\"https:\/\/www.miejscakonferencyjne.pl\/blog\/wp-content\/uploads\/2026\/01\/craft-3-1000x749.jpg 1000w, https:\/\/www.miejscakonferencyjne.pl\/blog\/wp-content\/uploads\/2026\/01\/craft-3-768x575.jpg 768w, https:\/\/www.miejscakonferencyjne.pl\/blog\/wp-content\/uploads\/2026\/01\/craft-3-706x529.jpg 706w, https:\/\/www.miejscakonferencyjne.pl\/blog\/wp-content\/uploads\/2026\/01\/craft-3-1200x899.jpg 1200w, https:\/\/www.miejscakonferencyjne.pl\/blog\/wp-content\/uploads\/2026\/01\/craft-3.jpg 1506w\" sizes=\"auto, (max-width: 1000px) 100vw, 1000px\" \/><\/p>\n<p style=\"text-align: justify;\">Hotel zaoferuje blisko 180 pokoi, restauracj\u0119, kawiarni\u0119 oraz rozbudowane zaplecze konferencyjno-eventowe, projektowane z my\u015bl\u0105 o du\u017cych wydarzeniach korporacyjnych, kongresach i spotkaniach bran\u017cowych. Crowne Plaza ma wzmocni\u0107 pozycj\u0119 Katowic jako jednego z najwa\u017cniejszych centr\u00f3w biznesowych i konferencyjnych w po\u0142udniowej Polsce, uzupe\u0142niaj\u0105c ofert\u0119 Spodka, MCK i Strefy Kultury.<\/p>\n<p style=\"text-align: justify;\"><a href=\"https:\/\/www.miejscakonferencyjne.pl\/katowice\/nowy-hotel-katowice\"><strong>Hotel Katowice<\/strong><\/a><\/p>\n<p style=\"text-align: justify;\">R\u00f3wnolegle do du\u017cych projekt\u00f3w sieciowych w centrum miasta rozwijaj\u0105 si\u0119 inwestycje o bardziej butikowym charakterze. Hotel Katowice powstaje w naro\u017cnej, XIX-wiecznej kamienicy przy placu Wolno\u015bci i ulicy Sokolskiej \u2013 budynku, kt\u00f3ry przez lata pozostawa\u0142 pusty i wy\u0142\u0105czony z u\u017cytkowania.<\/p>\n<p style=\"text-align: justify;\"><img loading=\"lazy\" decoding=\"async\" class=\"alignnone size-medium wp-image-4223\" src=\"https:\/\/www.miejscakonferencyjne.pl\/blog\/wp-content\/uploads\/2026\/01\/Zrzut-ekranu-4-1024x605-1-1000x591.png\" alt=\"\" width=\"1000\" height=\"591\" srcset=\"https:\/\/www.miejscakonferencyjne.pl\/blog\/wp-content\/uploads\/2026\/01\/Zrzut-ekranu-4-1024x605-1-1000x591.png 1000w, https:\/\/www.miejscakonferencyjne.pl\/blog\/wp-content\/uploads\/2026\/01\/Zrzut-ekranu-4-1024x605-1-768x454.png 768w, https:\/\/www.miejscakonferencyjne.pl\/blog\/wp-content\/uploads\/2026\/01\/Zrzut-ekranu-4-1024x605-1-706x417.png 706w, https:\/\/www.miejscakonferencyjne.pl\/blog\/wp-content\/uploads\/2026\/01\/Zrzut-ekranu-4-1024x605-1.png 1024w\" sizes=\"auto, (max-width: 1000px) 100vw, 1000px\" \/><\/p>\n<p style=\"text-align: justify;\">Projekt realizowany przez TSM Projects zak\u0142ada gruntown\u0105 rewitalizacj\u0119 historycznej struktury przy jednoczesnym dostosowaniu jej do wsp\u00f3\u0142czesnych standard\u00f3w hotelowych. Niezale\u017cny charakter obiektu, brak powi\u0105zania z globaln\u0105 sieci\u0105 oraz nacisk na lokaln\u0105 to\u017csamo\u015b\u0107 maj\u0105 wyr\u00f3\u017cni\u0107 hotel na tle du\u017cych, korporacyjnych marek. To propozycja skierowana do go\u015bci ceni\u0105cych kameralno\u015b\u0107, architektur\u0119 z histori\u0105 i indywidualny styl.<\/p>\n<p style=\"text-align: justify;\"><a href=\"https:\/\/www.miejscakonferencyjne.pl\/szczyrk\/tremonti-szczyrk\"><strong>Tremonti Szczyrk<\/strong><\/a><\/p>\n<p style=\"text-align: justify;\">\u015al\u0105sk to nie tylko miasta \u2013 coraz wi\u0119ksz\u0105 rol\u0119 w regionalnym rynku hotelowym odgrywaj\u0105 Beskidy. Tremonti Szczyrk to jeden z najwi\u0119kszych projekt\u00f3w hotelowo-apartamentowych realizowanych obecnie w tej cz\u0119\u015bci Polski. Kompleks powstaje w sercu g\u00f3rskiego kurortu i \u0142\u0105czy klasyczn\u0105 funkcj\u0119 hotelow\u0105 z apartamentami sprzedawanymi w systemie condo.<\/p>\n<p style=\"text-align: justify;\"><img loading=\"lazy\" decoding=\"async\" class=\"alignnone size-medium wp-image-4241\" src=\"https:\/\/www.miejscakonferencyjne.pl\/blog\/wp-content\/uploads\/2026\/01\/hero-desktop@2x-1000x563.jpg\" alt=\"\" width=\"1000\" height=\"563\" srcset=\"https:\/\/www.miejscakonferencyjne.pl\/blog\/wp-content\/uploads\/2026\/01\/hero-desktop@2x-1000x563.jpg 1000w, https:\/\/www.miejscakonferencyjne.pl\/blog\/wp-content\/uploads\/2026\/01\/hero-desktop@2x-768x432.jpg 768w, https:\/\/www.miejscakonferencyjne.pl\/blog\/wp-content\/uploads\/2026\/01\/hero-desktop@2x-1536x864.jpg 1536w, https:\/\/www.miejscakonferencyjne.pl\/blog\/wp-content\/uploads\/2026\/01\/hero-desktop@2x-706x397.jpg 706w, https:\/\/www.miejscakonferencyjne.pl\/blog\/wp-content\/uploads\/2026\/01\/hero-desktop@2x-1200x675.jpg 1200w, https:\/\/www.miejscakonferencyjne.pl\/blog\/wp-content\/uploads\/2026\/01\/hero-desktop@2x.jpg 1920w\" sizes=\"auto, (max-width: 1000px) 100vw, 1000px\" \/><\/p>\n<p style=\"text-align: justify;\">Docelowo obiekt zaoferuje ponad 220 pokoi i apartament\u00f3w z aneksami kuchennymi, bogat\u0105 stref\u0119 wellness z basenem ca\u0142orocznym, saunami i si\u0142owni\u0105, a tak\u017ce rozbudowan\u0105 ofert\u0119 gastronomiczn\u0105. Istotnym elementem projektu jest zaplecze MICE \u2013 nowoczesne sale konferencyjne i przestrzenie eventowe, kt\u00f3re maj\u0105 przyci\u0105ga\u0107 firmy szukaj\u0105ce alternatywy dla miejskich hoteli konferencyjnych. Tremonti wpisuje si\u0119 w trend przekszta\u0142cania Szczyrku w ca\u0142oroczn\u0105 destynacj\u0119 biznesowo-wypoczynkow\u0105.<\/p>\n<h2 style=\"text-align: justify;\">Ma\u0142opolskie: luksus i rewitalizacja<\/h2>\n<p style=\"text-align: justify;\">Ma\u0142opolska od kilku lat konsekwentnie umacnia swoj\u0105 pozycj\u0119 jako region, w kt\u00f3rym spotykaj\u0105 si\u0119 dwa silne trendy inwestycyjne: ratowanie i adaptacja historycznych obiekt\u00f3w oraz rozw\u00f3j luksusowych hoteli i apartament\u00f3w odpowiadaj\u0105cych na potrzeby nowoczesnych go\u015bci. W 2026 roku szczeg\u00f3lnie wyra\u017anie wida\u0107 to na przyk\u0142adzie projekt\u00f3w realizowanych poza g\u0142\u00f3wnymi osiami Krakowa \u2013 w uzdrowiskach i g\u00f3rskich kurortach, kt\u00f3re zyskuj\u0105 zupe\u0142nie now\u0105 skal\u0119 i jako\u015b\u0107.<\/p>\n<p style=\"text-align: justify;\"><a href=\"https:\/\/www.miejscakonferencyjne.pl\/muszyna\/arche-metalowiec-muszyna\"><strong>Arche Metalowiec Muszyna<\/strong><\/a><\/p>\n<p style=\"text-align: justify;\">Arche Metalowiec Muszyna to jedna z najbardziej ambitnych inwestycji rewitalizacyjnych w polskim hotelarstwie ostatnich lat. Projekt realizowany przez Grup\u0119 Arche zak\u0142ada kompleksow\u0105 przebudow\u0119 i rozbudow\u0119 dawnego sanatorium z lat 60. XX wieku, kt\u00f3re przez dekady popada\u0142o w ruin\u0119. Zamiast wyburzenia inwestor postawi\u0142 na zachowanie charakterystycznej modernistycznej bry\u0142y i nadanie jej zupe\u0142nie nowej funkcji.<\/p>\n<p style=\"text-align: justify;\"><img loading=\"lazy\" decoding=\"async\" class=\"alignnone size-medium wp-image-4242\" src=\"https:\/\/www.miejscakonferencyjne.pl\/blog\/wp-content\/uploads\/2026\/01\/arche_metalowiec_muszyna_wizualizacje_4-1000x701.png\" alt=\"\" width=\"1000\" height=\"701\" srcset=\"https:\/\/www.miejscakonferencyjne.pl\/blog\/wp-content\/uploads\/2026\/01\/arche_metalowiec_muszyna_wizualizacje_4-1000x701.png 1000w, https:\/\/www.miejscakonferencyjne.pl\/blog\/wp-content\/uploads\/2026\/01\/arche_metalowiec_muszyna_wizualizacje_4-768x539.png 768w, https:\/\/www.miejscakonferencyjne.pl\/blog\/wp-content\/uploads\/2026\/01\/arche_metalowiec_muszyna_wizualizacje_4-706x495.png 706w, https:\/\/www.miejscakonferencyjne.pl\/blog\/wp-content\/uploads\/2026\/01\/arche_metalowiec_muszyna_wizualizacje_4-1200x841.png 1200w, https:\/\/www.miejscakonferencyjne.pl\/blog\/wp-content\/uploads\/2026\/01\/arche_metalowiec_muszyna_wizualizacje_4.png 1536w\" sizes=\"auto, (max-width: 1000px) 100vw, 1000px\" \/><\/p>\n<p style=\"text-align: justify;\">Po zako\u0144czeniu prac kompleks ma oferowa\u0107 kilkaset pokoi, rozbudowane zaplecze konferencyjne oraz jedn\u0105 z najwi\u0119kszych w regionie stref spa &amp; wellness z basenami, jacuzzi i pijalni\u0105 w\u00f3d mineralnych. Istotnym elementem projektu jest tak\u017ce silne powi\u0105zanie z uzdrowiskowym charakterem Muszyny i Doliny Popradu. Arche Metalowiec ma pe\u0142ni\u0107 nie tylko funkcj\u0119 hotelu, ale r\u00f3wnie\u017c centrum wydarze\u0144, spotka\u0144 i d\u0142u\u017cszych pobyt\u00f3w zdrowotnych, wzmacniaj\u0105c pozycj\u0119 po\u0142udnia Ma\u0142opolski jako alternatywy dla zat\u0142oczonych kurort\u00f3w.<\/p>\n<p style=\"text-align: justify;\"><a href=\"https:\/\/www.miejscakonferencyjne.pl\/zakopane\/witkac-residence-by-aries\"><strong>Witkac Residence by Aries<\/strong><\/a><\/p>\n<p style=\"text-align: justify;\">Zakopane od lat balansuje mi\u0119dzy masow\u0105 turystyk\u0105 a segmentem premium \u2013 Witkac Residence by Aries to projekt wyra\u017anie adresowany do bardziej wymagaj\u0105cego odbiorcy. Pi\u0119ciogwiazdkowy kompleks apartamentowy powstaje w spokojniejszej cz\u0119\u015bci miasta, z dala od najwi\u0119kszego ruchu Krup\u00f3wek, ale nadal w bezpo\u015brednim s\u0105siedztwie g\u00f3rskiej infrastruktury i przyrody.<\/p>\n<p style=\"text-align: justify;\"><img loading=\"lazy\" decoding=\"async\" class=\"alignnone size-medium wp-image-4243\" src=\"https:\/\/www.miejscakonferencyjne.pl\/blog\/wp-content\/uploads\/2026\/01\/thumb-1-1000x525.jpeg\" alt=\"\" width=\"1000\" height=\"525\" srcset=\"https:\/\/www.miejscakonferencyjne.pl\/blog\/wp-content\/uploads\/2026\/01\/thumb-1-1000x525.jpeg 1000w, https:\/\/www.miejscakonferencyjne.pl\/blog\/wp-content\/uploads\/2026\/01\/thumb-1-768x403.jpeg 768w, https:\/\/www.miejscakonferencyjne.pl\/blog\/wp-content\/uploads\/2026\/01\/thumb-1-706x371.jpeg 706w, https:\/\/www.miejscakonferencyjne.pl\/blog\/wp-content\/uploads\/2026\/01\/thumb-1.jpeg 1200w\" sizes=\"auto, (max-width: 1000px) 100vw, 1000px\" \/><\/p>\n<p style=\"text-align: justify;\">Obiekt zaoferuje kilkadziesi\u0105t apartament\u00f3w z aneksami kuchennymi, stref\u0119 wellness z saunami i jacuzzi, a tak\u017ce rozbudowane przestrzenie wsp\u00f3lne zaprojektowane z my\u015bl\u0105 o pracy zdalnej i d\u0142u\u017cszych pobytach. To odpowied\u017a na zmieniaj\u0105cy si\u0119 model podr\u00f3\u017cowania, w kt\u00f3rym luksusowy hotel staje si\u0119 jednocze\u015bnie miejscem wypoczynku, pracy i tw\u00f3rczej koncentracji.<\/p>\n<h2 style=\"text-align: justify;\">Podlasie: historia w nowej roli<\/h2>\n<p style=\"text-align: justify;\">Podlasie coraz wyra\u017aniej zaznacza swoj\u0105 obecno\u015b\u0107 na hotelarskiej mapie Polski, stawiaj\u0105c na projekty, kt\u00f3re \u0142\u0105cz\u0105 autentyczn\u0105 histori\u0119 regionu z nowoczesnymi funkcjami turystycznymi i biznesowymi. Najlepszym przyk\u0142adem tego trendu jest inwestycja Grupy Arche w Bia\u0142ymstoku \u2013 przedsi\u0119wzi\u0119cie, kt\u00f3re ma szans\u0119 sta\u0107 si\u0119 jednym z najwa\u017cniejszych punkt\u00f3w noclegowo-eventowych w p\u00f3\u0142nocno-wschodniej Polsce.<\/p>\n<p style=\"text-align: justify;\"><a href=\"https:\/\/www.miejscakonferencyjne.pl\/bialystok\/arche-garnizon-bialystok\"><strong>Arche Garnizon Bia\u0142ystok<\/strong><\/a><\/p>\n<p style=\"text-align: justify;\">Arche Garnizon Bia\u0142ystok powstaje w zrewitalizowanych budynkach XIX-wiecznego zespo\u0142u koszarowego, wybudowanego jeszcze w czasach carskich. Przez dekady obiekty te pe\u0142ni\u0142y funkcje wojskowe, a p\u00f3\u017aniej administracyjne, stopniowo trac\u0105c swoje znaczenie i popadaj\u0105c w techniczne zaniedbanie. Grupa Arche \u2013 znana w ca\u0142ym kraju z przywracania \u017cycia zabytkom \u2013 nadaje im dzi\u015b zupe\u0142nie now\u0105 rol\u0119.<\/p>\n<p style=\"text-align: justify;\"><img loading=\"lazy\" decoding=\"async\" class=\"alignnone size-full wp-image-4244\" src=\"https:\/\/www.miejscakonferencyjne.pl\/blog\/wp-content\/uploads\/2026\/01\/zrzut-ekranu-2026-01-26-o-15-08-25-666x_.png\" alt=\"\" width=\"666\" height=\"465\" \/><\/p>\n<p style=\"text-align: justify;\">Projekt zak\u0142ada stworzenie nowoczesnego kompleksu hotelowego z ponad 200 pokojami, zr\u00f3\u017cnicowanymi pod wzgl\u0119dem metra\u017cu i standardu, w tym cz\u0119\u015bciowo z aneksami kuchennymi. Integralnym elementem inwestycji b\u0119dzie rozbudowane zaplecze konferencyjne i eventowe, restauracja, przestrzenie wsp\u00f3lne oraz funkcje rekreacyjne, takie jak si\u0142ownia, mini-SPA czy kr\u0119gielnia. Wa\u017cnym aspektem jest tak\u017ce obecno\u015b\u0107 oddzia\u0142u Fundacji Leny Grochowskiej, co wpisuje projekt w szerszy kontekst spo\u0142eczny i edukacyjny.<\/p>\n<h2 style=\"text-align: justify;\">Mazury: uzupe\u0142nienie rynku regionalnego<\/h2>\n<p style=\"text-align: justify;\">Mazury od lat kojarzone s\u0105 przede wszystkim z turystyk\u0105 wypoczynkow\u0105 i sezonow\u0105, jednak rosn\u0105ca rola Olsztyna jako regionalnego centrum administracyjnego, akademickiego i biznesowego sprawia, \u017ce rynek hotelowy w tym regionie zaczyna si\u0119 wyra\u017anie dywersyfikowa\u0107. Nowe inwestycje coraz cz\u0119\u015bciej adresowane s\u0105 nie tylko do letnich turyst\u00f3w, ale tak\u017ce do go\u015bci podr\u00f3\u017cuj\u0105cych s\u0142u\u017cbowo, uczestnik\u00f3w konferencji i wydarze\u0144 ca\u0142orocznych.<\/p>\n<p style=\"text-align: justify;\"><a href=\"https:\/\/www.miejscakonferencyjne.pl\/olsztyn\/focus-hotel-olsztyn\"><strong>Focus Hotel Premium Olsztyn<\/strong><\/a><\/p>\n<p style=\"text-align: justify;\">Focus Hotel Premium Olsztyn b\u0119dzie pierwszym obiektem tej og\u00f3lnopolskiej sieci w stolicy Warmii i Mazur, a jednocze\u015bnie jednym z nielicznych hoteli czterogwiazdkowych o wyra\u017anie miejskim profilu. Projektowany z my\u015bl\u0105 o funkcjonalno\u015bci i komforcie, hotel ma wype\u0142ni\u0107 luk\u0119 pomi\u0119dzy baz\u0105 noclegow\u0105 o charakterze stricte wypoczynkowym a potrzebami biznesu i administracji.<\/p>\n<p style=\"text-align: justify;\"><img loading=\"lazy\" decoding=\"async\" class=\"alignnone size-medium wp-image-4245\" src=\"https:\/\/www.miejscakonferencyjne.pl\/blog\/wp-content\/uploads\/2026\/01\/1794_OLSZTYNLOBBY412_13.04.2022_3_A5-1000x525.jpg\" alt=\"\" width=\"1000\" height=\"525\" srcset=\"https:\/\/www.miejscakonferencyjne.pl\/blog\/wp-content\/uploads\/2026\/01\/1794_OLSZTYNLOBBY412_13.04.2022_3_A5-1000x525.jpg 1000w, https:\/\/www.miejscakonferencyjne.pl\/blog\/wp-content\/uploads\/2026\/01\/1794_OLSZTYNLOBBY412_13.04.2022_3_A5-768x403.jpg 768w, https:\/\/www.miejscakonferencyjne.pl\/blog\/wp-content\/uploads\/2026\/01\/1794_OLSZTYNLOBBY412_13.04.2022_3_A5-706x371.jpg 706w, https:\/\/www.miejscakonferencyjne.pl\/blog\/wp-content\/uploads\/2026\/01\/1794_OLSZTYNLOBBY412_13.04.2022_3_A5.jpg 1200w\" sizes=\"auto, (max-width: 1000px) 100vw, 1000px\" \/><\/p>\n<p style=\"text-align: justify;\">Obiekt zaoferuje nowoczesne pokoje w standardzie premium, eleganck\u0105 restauracj\u0119, zaplecze konferencyjne przystosowane do kameralnych spotka\u0144 i szkole\u0144 oraz stref\u0119 fitness. Lokalizacja w Olsztynie zapewni dogodny dost\u0119p do centrum miasta, instytucji publicznych oraz g\u0142\u00f3wnych ci\u0105g\u00f3w komunikacyjnych, co czyni hotel atrakcyjnym wyborem dla go\u015bci przyje\u017cd\u017caj\u0105cych na kr\u00f3tsze pobyty s\u0142u\u017cbowe.<\/p>\n<p style=\"text-align: justify;\">\n","protected":false},"excerpt":{"rendered":"<p>Sprawd\u017a, kt\u00f3re hotele otworz\u0105 si\u0119 w 2026 roku i zobacz, jak b\u0119dzie wygl\u0105da\u0107 nowa mapa eventowo-noclegowa Polski!<\/p>\n","protected":false},"author":12,"featured_media":4246,"comment_status":"closed","ping_status":"closed","sticky":false,"template":"","format":"standard","meta":{"_acf_changed":false,"footnotes":""},"categories":[212,189],"tags":[220,356,173,180],"class_list":["post-4211","post","type-post","status-publish","format-standard","has-post-thumbnail","hentry","category-miejsce-na-konferencje","category-organizacja-eventu","tag-biznes","tag-hotele-konferencyjne","tag-konferencja","tag-miejsca-konferencyjne","bwp-masonry-item","bwp-blog-col-3"],"acf":[],"yoast_head":"<!-- This site is optimized with the Yoast SEO plugin v27.5 - https:\/\/yoast.com\/product\/yoast-seo-wordpress\/ -->\n<title>Te hotele otworz\u0105 si\u0119 w 2026 roku w Polsce - MiejscaKonferencyjne.pl<\/title>\n<meta name=\"description\" content=\"Te hotele otworz\u0105 si\u0119 w 2026 roku w Polsce - MiejscaKonferencyjne.pl\" \/>\n<meta name=\"robots\" content=\"index, follow, max-snippet:-1, max-image-preview:large, max-video-preview:-1\" \/>\n<link rel=\"canonical\" href=\"https:\/\/www.miejscakonferencyjne.pl\/blog\/te-hotele-otworza-sie-w-2026-roku-w-polsce\/\" \/>\n<meta property=\"og:locale\" content=\"pl_PL\" \/>\n<meta property=\"og:type\" content=\"article\" \/>\n<meta property=\"og:title\" content=\"Te hotele otworz\u0105 si\u0119 w 2026 roku w Polsce - MiejscaKonferencyjne.pl\" \/>\n<meta property=\"og:description\" content=\"Te hotele otworz\u0105 si\u0119 w 2026 roku w Polsce - MiejscaKonferencyjne.pl\" \/>\n<meta property=\"og:url\" content=\"https:\/\/www.miejscakonferencyjne.pl\/blog\/te-hotele-otworza-sie-w-2026-roku-w-polsce\/\" \/>\n<meta property=\"og:site_name\" content=\"MiejscaKonferencyjne.pl\" \/>\n<meta property=\"article:published_time\" content=\"2026-01-25T09:23:04+00:00\" \/>\n<meta property=\"article:modified_time\" content=\"2026-02-02T11:43:19+00:00\" \/>\n<meta property=\"og:image\" content=\"https:\/\/www.miejscakonferencyjne.pl\/blog\/wp-content\/uploads\/2026\/01\/Zrzut-ekranu-2026-02-1-o-23.56.31.png\" \/>\n\t<meta property=\"og:image:width\" content=\"1084\" \/>\n\t<meta property=\"og:image:height\" content=\"858\" \/>\n\t<meta property=\"og:image:type\" content=\"image\/png\" \/>\n<meta name=\"author\" content=\"Natalia Wierci\u0144ska\" \/>\n<meta name=\"twitter:card\" content=\"summary_large_image\" \/>\n<meta name=\"twitter:label1\" content=\"Napisane przez\" \/>\n\t<meta name=\"twitter:data1\" content=\"Natalia Wierci\u0144ska\" \/>\n\t<meta name=\"twitter:label2\" content=\"Szacowany czas czytania\" \/>\n\t<meta name=\"twitter:data2\" content=\"26 minut\" \/>\n<!-- \/ Yoast SEO plugin. -->","yoast_head_json":{"title":"Te hotele otworz\u0105 si\u0119 w 2026 roku w Polsce - MiejscaKonferencyjne.pl","description":"Te hotele otworz\u0105 si\u0119 w 2026 roku w Polsce - MiejscaKonferencyjne.pl","robots":{"index":"index","follow":"follow","max-snippet":"max-snippet:-1","max-image-preview":"max-image-preview:large","max-video-preview":"max-video-preview:-1"},"canonical":"https:\/\/www.miejscakonferencyjne.pl\/blog\/te-hotele-otworza-sie-w-2026-roku-w-polsce\/","og_locale":"pl_PL","og_type":"article","og_title":"Te hotele otworz\u0105 si\u0119 w 2026 roku w Polsce - MiejscaKonferencyjne.pl","og_description":"Te hotele otworz\u0105 si\u0119 w 2026 roku w Polsce - MiejscaKonferencyjne.pl","og_url":"https:\/\/www.miejscakonferencyjne.pl\/blog\/te-hotele-otworza-sie-w-2026-roku-w-polsce\/","og_site_name":"MiejscaKonferencyjne.pl","article_published_time":"2026-01-25T09:23:04+00:00","article_modified_time":"2026-02-02T11:43:19+00:00","og_image":[{"width":1084,"height":858,"url":"https:\/\/www.miejscakonferencyjne.pl\/blog\/wp-content\/uploads\/2026\/01\/Zrzut-ekranu-2026-02-1-o-23.56.31.png","type":"image\/png"}],"author":"Natalia Wierci\u0144ska","twitter_card":"summary_large_image","twitter_misc":{"Napisane przez":"Natalia Wierci\u0144ska","Szacowany czas czytania":"26 minut"},"schema":{"@context":"https:\/\/schema.org","@graph":[{"@type":["Article","BlogPosting"],"@id":"https:\/\/www.miejscakonferencyjne.pl\/blog\/te-hotele-otworza-sie-w-2026-roku-w-polsce\/#article","isPartOf":{"@id":"https:\/\/www.miejscakonferencyjne.pl\/blog\/te-hotele-otworza-sie-w-2026-roku-w-polsce\/"},"author":{"name":"Natalia Wierci\u0144ska","@id":"https:\/\/www.miejscakonferencyjne.pl\/blog\/#\/schema\/person\/45586bac93edab5d184a4e7fbac0c53d"},"headline":"Te hotele otworz\u0105 si\u0119 w 2026 roku w Polsce","datePublished":"2026-01-25T09:23:04+00:00","dateModified":"2026-02-02T11:43:19+00:00","mainEntityOfPage":{"@id":"https:\/\/www.miejscakonferencyjne.pl\/blog\/te-hotele-otworza-sie-w-2026-roku-w-polsce\/"},"wordCount":3709,"publisher":{"@id":"https:\/\/www.miejscakonferencyjne.pl\/blog\/#organization"},"image":{"@id":"https:\/\/www.miejscakonferencyjne.pl\/blog\/te-hotele-otworza-sie-w-2026-roku-w-polsce\/#primaryimage"},"thumbnailUrl":"https:\/\/www.miejscakonferencyjne.pl\/blog\/wp-content\/uploads\/2026\/01\/Zrzut-ekranu-2026-02-1-o-23.56.31.png","keywords":["biznes","hotele konferencyjne","konferencja","miejsca konferencyjne"],"articleSection":["Miejsce na konferencj\u0119","Organizacja eventu"],"inLanguage":"pl-PL"},{"@type":"WebPage","@id":"https:\/\/www.miejscakonferencyjne.pl\/blog\/te-hotele-otworza-sie-w-2026-roku-w-polsce\/","url":"https:\/\/www.miejscakonferencyjne.pl\/blog\/te-hotele-otworza-sie-w-2026-roku-w-polsce\/","name":"Te hotele otworz\u0105 si\u0119 w 2026 roku w Polsce - MiejscaKonferencyjne.pl","isPartOf":{"@id":"https:\/\/www.miejscakonferencyjne.pl\/blog\/#website"},"primaryImageOfPage":{"@id":"https:\/\/www.miejscakonferencyjne.pl\/blog\/te-hotele-otworza-sie-w-2026-roku-w-polsce\/#primaryimage"},"image":{"@id":"https:\/\/www.miejscakonferencyjne.pl\/blog\/te-hotele-otworza-sie-w-2026-roku-w-polsce\/#primaryimage"},"thumbnailUrl":"https:\/\/www.miejscakonferencyjne.pl\/blog\/wp-content\/uploads\/2026\/01\/Zrzut-ekranu-2026-02-1-o-23.56.31.png","datePublished":"2026-01-25T09:23:04+00:00","dateModified":"2026-02-02T11:43:19+00:00","description":"Te hotele otworz\u0105 si\u0119 w 2026 roku w Polsce - MiejscaKonferencyjne.pl","breadcrumb":{"@id":"https:\/\/www.miejscakonferencyjne.pl\/blog\/te-hotele-otworza-sie-w-2026-roku-w-polsce\/#breadcrumb"},"inLanguage":"pl-PL","potentialAction":[{"@type":"ReadAction","target":["https:\/\/www.miejscakonferencyjne.pl\/blog\/te-hotele-otworza-sie-w-2026-roku-w-polsce\/"]}]},{"@type":"ImageObject","inLanguage":"pl-PL","@id":"https:\/\/www.miejscakonferencyjne.pl\/blog\/te-hotele-otworza-sie-w-2026-roku-w-polsce\/#primaryimage","url":"https:\/\/www.miejscakonferencyjne.pl\/blog\/wp-content\/uploads\/2026\/01\/Zrzut-ekranu-2026-02-1-o-23.56.31.png","contentUrl":"https:\/\/www.miejscakonferencyjne.pl\/blog\/wp-content\/uploads\/2026\/01\/Zrzut-ekranu-2026-02-1-o-23.56.31.png","width":1084,"height":858},{"@type":"BreadcrumbList","@id":"https:\/\/www.miejscakonferencyjne.pl\/blog\/te-hotele-otworza-sie-w-2026-roku-w-polsce\/#breadcrumb","itemListElement":[{"@type":"ListItem","position":1,"name":"Strona g\u0142\u00f3wna","item":"https:\/\/www.miejscakonferencyjne.pl\/blog\/"},{"@type":"ListItem","position":2,"name":"Te hotele otworz\u0105 si\u0119 w 2026 roku w Polsce"}]},{"@type":"WebSite","@id":"https:\/\/www.miejscakonferencyjne.pl\/blog\/#website","url":"https:\/\/www.miejscakonferencyjne.pl\/blog\/","name":"MiejscaKonferencyjne.pl","description":"Dowiedz si\u0119 wszystkiego na temat organizacji konferencji, szkole\u0144 i wydarze\u0144 biznesowych. Komentuj i dziel si\u0119 opini\u0105!","publisher":{"@id":"https:\/\/www.miejscakonferencyjne.pl\/blog\/#organization"},"potentialAction":[{"@type":"SearchAction","target":{"@type":"EntryPoint","urlTemplate":"https:\/\/www.miejscakonferencyjne.pl\/blog\/?s={search_term_string}"},"query-input":{"@type":"PropertyValueSpecification","valueRequired":true,"valueName":"search_term_string"}}],"inLanguage":"pl-PL"},{"@type":"Organization","@id":"https:\/\/www.miejscakonferencyjne.pl\/blog\/#organization","name":"MiejscaKonferencyjne.pl","url":"https:\/\/www.miejscakonferencyjne.pl\/blog\/","logo":{"@type":"ImageObject","inLanguage":"pl-PL","@id":"https:\/\/www.miejscakonferencyjne.pl\/blog\/#\/schema\/logo\/image\/","url":"https:\/\/www.miejscakonferencyjne.pl\/blog\/wp-content\/uploads\/2019\/12\/logo-white.png","contentUrl":"https:\/\/www.miejscakonferencyjne.pl\/blog\/wp-content\/uploads\/2019\/12\/logo-white.png","width":400,"height":63,"caption":"MiejscaKonferencyjne.pl"},"image":{"@id":"https:\/\/www.miejscakonferencyjne.pl\/blog\/#\/schema\/logo\/image\/"}},{"@type":"Person","@id":"https:\/\/www.miejscakonferencyjne.pl\/blog\/#\/schema\/person\/45586bac93edab5d184a4e7fbac0c53d","name":"Natalia Wierci\u0144ska","url":"https:\/\/www.miejscakonferencyjne.pl\/blog\/author\/nwiercinska\/"}]}},"_links":{"self":[{"href":"https:\/\/www.miejscakonferencyjne.pl\/blog\/wp-json\/wp\/v2\/posts\/4211","targetHints":{"allow":["GET"]}}],"collection":[{"href":"https:\/\/www.miejscakonferencyjne.pl\/blog\/wp-json\/wp\/v2\/posts"}],"about":[{"href":"https:\/\/www.miejscakonferencyjne.pl\/blog\/wp-json\/wp\/v2\/types\/post"}],"author":[{"embeddable":true,"href":"https:\/\/www.miejscakonferencyjne.pl\/blog\/wp-json\/wp\/v2\/users\/12"}],"replies":[{"embeddable":true,"href":"https:\/\/www.miejscakonferencyjne.pl\/blog\/wp-json\/wp\/v2\/comments?post=4211"}],"version-history":[{"count":10,"href":"https:\/\/www.miejscakonferencyjne.pl\/blog\/wp-json\/wp\/v2\/posts\/4211\/revisions"}],"predecessor-version":[{"id":4256,"href":"https:\/\/www.miejscakonferencyjne.pl\/blog\/wp-json\/wp\/v2\/posts\/4211\/revisions\/4256"}],"wp:featuredmedia":[{"embeddable":true,"href":"https:\/\/www.miejscakonferencyjne.pl\/blog\/wp-json\/wp\/v2\/media\/4246"}],"wp:attachment":[{"href":"https:\/\/www.miejscakonferencyjne.pl\/blog\/wp-json\/wp\/v2\/media?parent=4211"}],"wp:term":[{"taxonomy":"category","embeddable":true,"href":"https:\/\/www.miejscakonferencyjne.pl\/blog\/wp-json\/wp\/v2\/categories?post=4211"},{"taxonomy":"post_tag","embeddable":true,"href":"https:\/\/www.miejscakonferencyjne.pl\/blog\/wp-json\/wp\/v2\/tags?post=4211"}],"curies":[{"name":"wp","href":"https:\/\/api.w.org\/{rel}","templated":true}]}}