{"id":4196,"date":"2026-01-28T09:00:15","date_gmt":"2026-01-28T07:00:15","guid":{"rendered":"https:\/\/www.miejscakonferencyjne.pl\/blog\/?p=4196"},"modified":"2026-01-27T13:11:34","modified_gmt":"2026-01-27T11:11:34","slug":"najlepsze-obiekty-konferencyjne-w-poznaniu","status":"publish","type":"post","link":"https:\/\/www.miejscakonferencyjne.pl\/blog\/najlepsze-obiekty-konferencyjne-w-poznaniu\/","title":{"rendered":"Najlepsze obiekty konferencyjne w Poznaniu"},"content":{"rendered":"<p><a href=\"https:\/\/www.miejscakonferencyjne.pl\/miasto\/sale-konferencyjne-poznan\">Pozna\u0144<\/a> to miasto, kt\u00f3re \u015bwietnie sprawdza si\u0119 jako miejsce spotka\u0144 biznesowych. Dobrze skomunikowane, z bogat\u0105 ofert\u0105 hoteli i nowoczesnych obiekt\u00f3w, daje wiele mo\u017cliwo\u015bci organizacji konferencji, szkole\u0144 czy spotka\u0144 firmowych. Wyb\u00f3r odpowiedniego miejsca ma ogromne znaczenie \u2013 wp\u0142ywa na komfort uczestnik\u00f3w, jako\u015b\u0107 wyposa\u017cenia i og\u00f3ln\u0105 atmosfer\u0119 wydarzenia.<\/p>\n<p><strong>W tym artykule prezentujemy najlepsze obiekty konferencyjne w Poznaniu, kt\u00f3re zapewniaj\u0105 wygod\u0119, nowoczesne wyposa\u017cenie i profesjonaln\u0105 obs\u0142ug\u0119, dzi\u0119ki czemu ka\u017cde wydarzenie mo\u017ce przebiega\u0107 bez problem\u00f3w. Poznajcie nasze propozycje!<\/strong><\/p>\n<h2 style=\"text-align: left;\"><a href=\"https:\/\/www.miejscakonferencyjne.pl\/poznan\/don-prestige-residence\">Don Prestige Residence<\/a><\/h2>\n<p>W samym sercu Poznania, kilka krok\u00f3w od Starego Rynku i s\u0142ynnych kozio\u0142k\u00f3w, znajduje si\u0119 nowoczesny obiekt &#8211; <strong>Don Prestige Residence<\/strong>. Go\u015bcie maj\u0105 do dyspozycji p\u0142atny parking, Wi-Fi, sal\u0119 fitness, przechowalni\u0119 baga\u017cu oraz bar ShaDes serwuj\u0105cy \u015bniadania i wieczorne koktajle.<\/p>\n<p>Obiekt oferuje <strong>trzy w pe\u0142ni wyposa\u017cone sale konferencyjne o powierzchni od 40 do 90 mkw.,<\/strong> z projektorem, ekranem, flipchartem, nag\u0142o\u015bnieniem i dost\u0119pem do Internetu. Dwie sale mo\u017cna \u0142\u0105czy\u0107 lub dzieli\u0107 mobiln\u0105 \u015bcian\u0105, co pozwala organizowa\u0107 spotkania <strong>dla 100 os\u00f3b<\/strong>. Sale maj\u0105 dost\u0119p do \u015bwiat\u0142a dziennego i mo\u017cliwo\u015b\u0107 pe\u0142nego zaciemnienia. Eleganckie wyposa\u017cenie zapewnia komfort podczas wydarze\u0144 biznesowych.<\/p>\n<p><strong>Bar ShaDes<\/strong> to idealne miejsce na relaks po dniu pe\u0142nym pracy, z szerokim wyborem koktajli i alkoholi z ca\u0142ego \u015bwiata.<strong> Don Prestige Residence<\/strong> to dokona\u0142y obiekt konferencyjny w Poznaniu.<\/p>\n<p><img loading=\"lazy\" decoding=\"async\" class=\"alignnone size-medium wp-image-4197\" src=\"https:\/\/www.miejscakonferencyjne.pl\/blog\/wp-content\/uploads\/2026\/01\/12-1200x_-1000x562.jpg\" alt=\"\" width=\"1000\" height=\"562\" srcset=\"https:\/\/www.miejscakonferencyjne.pl\/blog\/wp-content\/uploads\/2026\/01\/12-1200x_-1000x562.jpg 1000w, https:\/\/www.miejscakonferencyjne.pl\/blog\/wp-content\/uploads\/2026\/01\/12-1200x_-768x431.jpg 768w, https:\/\/www.miejscakonferencyjne.pl\/blog\/wp-content\/uploads\/2026\/01\/12-1200x_-706x397.jpg 706w, https:\/\/www.miejscakonferencyjne.pl\/blog\/wp-content\/uploads\/2026\/01\/12-1200x_.jpg 1200w\" sizes=\"auto, (max-width: 1000px) 100vw, 1000px\" \/><\/p>\n<h2><a href=\"https:\/\/www.miejscakonferencyjne.pl\/poznan\/stowarzyszenie-ksiegowych-w-polsce-oddzial-wielkopolski-w-poznaniu\">Stowarzyszenie Ksi\u0119gowych w Polsce Oddzia\u0142 Wielkopolski w Poznaniu<\/a><\/h2>\n<p>W zielonej dzielnicy Junikowo, zaledwie 5 km od centrum Poznania, znajduje si\u0119 <strong>Stowarzyszenia Ksi\u0119gowych w Polsce<\/strong>. Jest to obiekt idealny do organizacji szkole\u0144, konferencji i spotka\u0144 biznesowych.<\/p>\n<p>Obiekt oferuje<strong> 18 przestronnych, w pe\u0142ni wyposa\u017conych sal konferencyjnych dla grup do 220 os\u00f3b<\/strong>, z rzutnikami, tablicami \u015bcieralnymi i elastycznym ustawieniem miejsc. Do dyspozycji go\u015bci jest <strong>bezp\u0142atny parking dla 170 samochod\u00f3w<\/strong>.<\/p>\n<p>Cho\u0107 hotel nie prowadzi w\u0142asnego cateringu, wsp\u00f3\u0142pracuje z <strong>Bufetem Marchello<\/strong> i umo\u017cliwia korzystanie z us\u0142ug innych firm cateringowych. Nowoczesna infrastruktura i dogodna lokalizacja sprawiaj\u0105, \u017ce jest to doskona\u0142e miejsce do organizacji wydarze\u0144 biznesowych w Poznaniu.<\/p>\n<p><img loading=\"lazy\" decoding=\"async\" class=\"alignnone size-full wp-image-4198\" src=\"https:\/\/www.miejscakonferencyjne.pl\/blog\/wp-content\/uploads\/2026\/01\/zrzut-ekranu-2023-06-27-121350-716x482-1.png\" alt=\"\" width=\"716\" height=\"482\" srcset=\"https:\/\/www.miejscakonferencyjne.pl\/blog\/wp-content\/uploads\/2026\/01\/zrzut-ekranu-2023-06-27-121350-716x482-1.png 716w, https:\/\/www.miejscakonferencyjne.pl\/blog\/wp-content\/uploads\/2026\/01\/zrzut-ekranu-2023-06-27-121350-716x482-1-706x475.png 706w\" sizes=\"auto, (max-width: 716px) 100vw, 716px\" \/><\/p>\n<h2><a href=\"https:\/\/www.miejscakonferencyjne.pl\/poznan\/maltanskie-centrum-szkoleniowo-konferencyjne\">Malta\u0144skie Centrum Szkoleniowo-Konferencyjne<\/a><\/h2>\n<p>W centralnej cz\u0119\u015bci Poznania znajduje si\u0119<strong> Malta\u0144skie Centrum Szkoleniowo-Konferencyjne.<\/strong>\u00a0Lokalizacja zapewnia doskona\u0142e po\u0142\u0105czenia komunikacyjne i umo\u017cliwia \u0142\u0105czenie pracy z wypoczynkiem.<\/p>\n<p>Obiekt oferuje <strong>8 nowoczesnych sal konferencyjnych o zr\u00f3\u017cnicowanej wielko\u015bci<\/strong>, przystosowanych do kameralnych zebra\u0144 oraz du\u017cych wydarze\u0144 biznesowych. Najwi\u0119ksza <strong>sala o powierzchni 240 m\u00b2 pomie\u015bci do 200 os\u00f3b w uk\u0142adzie teatralnym<\/strong>. Wszystkie sale wyposa\u017cono w nowoczesny sprz\u0119t audiowizualny, nag\u0142o\u015bnienie, o\u015bwietlenie, flipcharty i materia\u0142y pi\u015bmiennicze. Naturalne \u015bwiat\u0142o oraz dost\u0119p do teren\u00f3w zielonych tworz\u0105 komfortowe warunki pracy i relaksu.<\/p>\n<p>Na terenie centrum znajduje si\u0119<strong> Hotel Camping Malta<\/strong> , oferuj\u0105cy <strong>138 miejsc noclegowych w ca\u0142orocznych <\/strong>domkach. Dost\u0119pny jest tak\u017ce <strong>trzygwiazdkowy Hotel Malta <\/strong>z 22 pokojami i apartamentem. Go\u015bcie maj\u0105 do dyspozycji<strong> restauracje 3 Kolory i Rycersk\u0105<\/strong>, kt\u00f3re zapewniaj\u0105 smaczne posi\u0142ki, catering eventowy oraz mo\u017cliwo\u015b\u0107 skorzystania z us\u0142ug innych firm cateringowych.<\/p>\n<p><img loading=\"lazy\" decoding=\"async\" class=\"alignnone size-full wp-image-4199\" src=\"https:\/\/www.miejscakonferencyjne.pl\/blog\/wp-content\/uploads\/2026\/01\/imagemini005-716x482-1.jpg\" alt=\"\" width=\"716\" height=\"482\" srcset=\"https:\/\/www.miejscakonferencyjne.pl\/blog\/wp-content\/uploads\/2026\/01\/imagemini005-716x482-1.jpg 716w, https:\/\/www.miejscakonferencyjne.pl\/blog\/wp-content\/uploads\/2026\/01\/imagemini005-716x482-1-706x475.jpg 706w\" sizes=\"auto, (max-width: 716px) 100vw, 716px\" \/><\/p>\n<h2 style=\"text-align: left;\"><a href=\"https:\/\/www.miejscakonferencyjne.pl\/poznan\/weranda-home\">Weranda Home<\/a><\/h2>\n<p>Kolejnym obiektem jest <strong>Weranda Home<\/strong> to urokliwy obiekt po\u0142o\u017cony w sercu Parku Krajobrazowego Puszczy Zielonki, nad jeziorami Ksi\u0105\u017cym i Borowym. Mo\u017cna tam aktywnie sp\u0119dza\u0107 czas \u2013 k\u0105piel w jeziorze, sp\u0142ywy kajakowe, wycieczki rowerowe, ogniska czy pikniki to tylko niekt\u00f3re z atrakcji.<\/p>\n<p>Obiekt oferuje <strong>12 luksusowych apartament\u00f3w, will\u0119 dla 12 os\u00f3b oraz pi\u0119\u0107 czteroosobowych domk\u00f3w foREST. <\/strong>Na go\u015bcie czekaj\u0105 tak\u017ce<strong> trzy nowoczesne sale konferencyjne i jadalni\u0119 o \u0142\u0105cznej powierzchni ponad 300 m\u00b2<\/strong>. Sale s\u0105 wyposa\u017cone w projektor, ekran, flipchart, system nag\u0142o\u015bnienia i bezprzewodowy Internet.<\/p>\n<p><strong>Weranda Home<\/strong> s\u0142ynie tak\u017ce z wyj\u0105tkowej kuchni, \u0142\u0105cz\u0105cej lokalne produkty z inspiracjami francuskimi. Weranda Home zapewnia r\u00f3wnie\u017c <strong>bogat\u0105 ofert\u0119 us\u0142ug dodatkowych<\/strong> \u2013 sauny fi\u0144skiej, masa\u017cy, warsztat\u00f3w kulinarnych i barma\u0144skich, animacji dla dzieci czy po\u0142owu ryb. To miejsce, kt\u00f3re zapewnia elegancj\u0119, komfort i natur\u0119, tworz\u0105c idealne warunki zar\u00f3wno do pracy, jak i relaksu.<\/p>\n<p><img loading=\"lazy\" decoding=\"async\" class=\"alignnone size-full wp-image-4200\" src=\"https:\/\/www.miejscakonferencyjne.pl\/blog\/wp-content\/uploads\/2026\/01\/316698953-716x482-1.jpg\" alt=\"\" width=\"716\" height=\"482\" srcset=\"https:\/\/www.miejscakonferencyjne.pl\/blog\/wp-content\/uploads\/2026\/01\/316698953-716x482-1.jpg 716w, https:\/\/www.miejscakonferencyjne.pl\/blog\/wp-content\/uploads\/2026\/01\/316698953-716x482-1-706x475.jpg 706w\" sizes=\"auto, (max-width: 716px) 100vw, 716px\" \/><\/p>\n<h2><a href=\"https:\/\/www.miejscakonferencyjne.pl\/poznan\/constans-grupa-centrum-konferencyjne-polska-13\">Centrum Konferencyjne Polska 13<\/a><\/h2>\n<p>Nast\u0119pnym obiektem jest <strong>Centrum Konferencyjne Polska 13<\/strong> w Poznaniu. Obiekt oferuje nowoczesne i w pe\u0142ni wyposa\u017cone sale konferencyjne oraz powierzchnie biurowe. Centrum jest dobrze skomunikowane \u2013 zapewnia szybki dojazd do autostrady A2 oraz dr\u00f3g ekspresowych S5 i S11, co u\u0142atwia przyjazd uczestnikom z r\u00f3\u017cnych cz\u0119\u015bci kraju.<\/p>\n<p>Do dyspozycji go\u015bci s\u0105<strong> dwie klimatyzowane, wentylowane i nag\u0142o\u015bnione sale konferencyjne<\/strong>, wyposa\u017cone w projektor, flipcharty, ekran interaktywny oraz multimedialn\u0105 m\u00f3wnic\u0119. Jedna z sal posiada dost\u0119p do \u015bwiat\u0142a dziennego. Obiekt jest w pe\u0142ni przystosowany dla os\u00f3b niepe\u0142nosprawnych. Dodatkowo oferuje<strong> 50 miejsc parkingowych<\/strong> przy budynku.<\/p>\n<p>Na terenie centrum znajduje si\u0119 restauracja serwuj\u0105ca dania kuchni polskiej i europejskiej, przek\u0105ski oraz napoje zimne i gor\u0105ce. Istnieje tak\u017ce <strong>mo\u017cliwo\u015b\u0107 zorganizowania cateringu<\/strong> w postaci przerw kawowych i lunch\u00f3w.<\/p>\n<p><img loading=\"lazy\" decoding=\"async\" class=\"alignnone size-full wp-image-4204\" src=\"https:\/\/www.miejscakonferencyjne.pl\/blog\/wp-content\/uploads\/2026\/01\/dsc-2934-716x482-1.jpg\" alt=\"\" width=\"716\" height=\"482\" srcset=\"https:\/\/www.miejscakonferencyjne.pl\/blog\/wp-content\/uploads\/2026\/01\/dsc-2934-716x482-1.jpg 716w, https:\/\/www.miejscakonferencyjne.pl\/blog\/wp-content\/uploads\/2026\/01\/dsc-2934-716x482-1-706x475.jpg 706w\" sizes=\"auto, (max-width: 716px) 100vw, 716px\" \/><\/p>\n<h2><a href=\"https:\/\/www.miejscakonferencyjne.pl\/poznan\/wyzsza-szkola-nauk-humanistycznych-i-dziennikarstwa\">Wy\u017csza Szko\u0142a Nauk Humanistycznych i Dziennikarstwa<\/a><\/h2>\n<p><strong>WSNHiD<\/strong> w Poznaniu to nowoczesna uczelnia, kt\u00f3ra opr\u00f3cz szerokiej oferty studi\u00f3w licencjackich, magisterskich i podyplomowych, oferuje tak\u017ce szkolenia dla firm oraz osoby indywidualne. Obiekt zapewnia doskona\u0142e warunki do prowadzenia zaj\u0119\u0107.<\/p>\n<p>Do dyspozycji uczestnik\u00f3w szkole\u0144 s\u0105 m.in. <strong>multimedialne pracownie komputerowe z 21 stanowiskami<\/strong> i specjalistycznym oprogramowaniem, pracownie graficzne, sale z lustrami weneckimi do bada\u0144 reakcji grupowych. Uczestnicy maj\u0105 do dyspozycji tak\u017ce niestandardowe przestrzenie typu hole i powierzchnie wystawiennicze.<\/p>\n<p>Uczelnia umo\u017cliwia r\u00f3wnie\u017c <strong>wynajem dodatkowego sprz\u0119tu multimedialnego<\/strong>, w tym projektor\u00f3w i laptop\u00f3w. Pozwala to na organizacj\u0119 profesjonalnych szkole\u0144 i warsztat\u00f3w na wysokim poziomie.<\/p>\n<p><img loading=\"lazy\" decoding=\"async\" class=\"alignnone size-full wp-image-4205\" src=\"https:\/\/www.miejscakonferencyjne.pl\/blog\/wp-content\/uploads\/2026\/01\/5379cb4dde6c4zdjecie-sala2-a003-716x482-1.png\" alt=\"\" width=\"716\" height=\"482\" srcset=\"https:\/\/www.miejscakonferencyjne.pl\/blog\/wp-content\/uploads\/2026\/01\/5379cb4dde6c4zdjecie-sala2-a003-716x482-1.png 716w, https:\/\/www.miejscakonferencyjne.pl\/blog\/wp-content\/uploads\/2026\/01\/5379cb4dde6c4zdjecie-sala2-a003-716x482-1-706x475.png 706w\" sizes=\"auto, (max-width: 716px) 100vw, 716px\" \/><\/p>\n<h2><a href=\"https:\/\/www.miejscakonferencyjne.pl\/poznan\/polska-akademia-tanca\">Pozna\u0144ska Akademia Ta\u0144ca<\/a><\/h2>\n<p>W samym centrum Poznania, przy ul. G\u0142ogowskiej, znajduje si\u0119 nowoczesna przestrze\u0144 &#8211; Pozna\u0144ska Akademia Ta\u0144ca. Klimatyzowana <strong>sala o powierzchni 77 m\u00b2<\/strong> wyposa\u017cona jest w du\u017ce lustra, nag\u0142o\u015bnienie, dost\u0119p do \u015bwiat\u0142a dziennego oraz odpowiednie o\u015bwietlenie sztuczne. Pozwala to na przeprowadzenie szkole\u0144, warsztat\u00f3w i kameralnych event\u00f3w.<\/p>\n<p>To miejsce doskona\u0142e zar\u00f3wno dla os\u00f3b rozpoczynaj\u0105cych przygod\u0119 z ta\u0144cem jak i dla firm szukaj\u0105cych inspiruj\u0105cej przestrzeni do integracji i aktywnych wydarze\u0144 biznesowych. Sal\u0119 mo\u017cna wynaj\u0105\u0107 na godziny lub w formie sta\u0142ej wsp\u00f3\u0142pracy.<img loading=\"lazy\" decoding=\"async\" class=\"alignnone size-medium wp-image-4206\" src=\"https:\/\/www.miejscakonferencyjne.pl\/blog\/wp-content\/uploads\/2026\/01\/5ce7e8a734274milosnicy-tanca-towarzyskiego-1200x_-1000x750.jpg\" alt=\"\" width=\"1000\" height=\"750\" srcset=\"https:\/\/www.miejscakonferencyjne.pl\/blog\/wp-content\/uploads\/2026\/01\/5ce7e8a734274milosnicy-tanca-towarzyskiego-1200x_-1000x750.jpg 1000w, https:\/\/www.miejscakonferencyjne.pl\/blog\/wp-content\/uploads\/2026\/01\/5ce7e8a734274milosnicy-tanca-towarzyskiego-1200x_-768x576.jpg 768w, https:\/\/www.miejscakonferencyjne.pl\/blog\/wp-content\/uploads\/2026\/01\/5ce7e8a734274milosnicy-tanca-towarzyskiego-1200x_-706x530.jpg 706w, https:\/\/www.miejscakonferencyjne.pl\/blog\/wp-content\/uploads\/2026\/01\/5ce7e8a734274milosnicy-tanca-towarzyskiego-1200x_.jpg 1200w\" sizes=\"auto, (max-width: 1000px) 100vw, 1000px\" \/><\/p>\n<p><strong>Pozna\u0144 oferuje szeroki wyb\u00f3r obiekt\u00f3w konferencyjnych<\/strong>. Niezale\u017cnie od tego, czy firmy chc\u0105 przeprowadzi\u0107 kameralne szkolenia czy wi\u0119ksze konferencje, ka\u017cdy organizator znajdzie tu miejsce idealnie dopasowane do swoich potrzeb.<\/p>\n<p>Wybieraj\u0105c spo\u015br\u00f3d najlepszych obiekt\u00f3w w Poznaniu, mo\u017cna mie\u0107 pewno\u015b\u0107, \u017ce spotkania biznesowe przebiegn\u0105 sprawnie, profesjonalnie i w przyjemnej atmosferze.<\/p>\n","protected":false},"excerpt":{"rendered":"<p>Odkryj najlepsze obiekty konferencyjne w Poznaniu, kt\u00f3re zapewniaj\u0105 profesjonaln\u0105 obs\u0142ug\u0119, komfortowe wn\u0119trza i nowoczesne wyposa\u017cenie \u2013 miejsca, w kt\u00f3rych ka\u017cde spotkanie staje si\u0119 sukcesem.<\/p>\n","protected":false},"author":14,"featured_media":4209,"comment_status":"closed","ping_status":"closed","sticky":false,"template":"","format":"standard","meta":{"_acf_changed":false,"footnotes":""},"categories":[212,170],"tags":[461,462,463],"class_list":["post-4196","post","type-post","status-publish","format-standard","has-post-thumbnail","hentry","category-miejsce-na-konferencje","category-organizacja-konferencji","tag-konferencje-w-poznaniu","tag-obiekty-konferencyjne-poznan","tag-sale-konferencyjne-poznan","bwp-masonry-item","bwp-blog-col-3"],"acf":[],"yoast_head":"<!-- This site is optimized with the Yoast SEO plugin v26.8 - https:\/\/yoast.com\/product\/yoast-seo-wordpress\/ -->\n<title>Najlepsze obiekty konferencyjne w Poznaniu - MiejscaKonferencyjne.pl<\/title>\n<meta name=\"description\" content=\"Najlepsze obiekty konferencyjne w Poznaniu - MiejscaKonferencyjne.pl\" \/>\n<meta name=\"robots\" content=\"index, follow, max-snippet:-1, max-image-preview:large, max-video-preview:-1\" \/>\n<link rel=\"canonical\" href=\"https:\/\/www.miejscakonferencyjne.pl\/blog\/najlepsze-obiekty-konferencyjne-w-poznaniu\/\" \/>\n<meta property=\"og:locale\" content=\"pl_PL\" \/>\n<meta property=\"og:type\" content=\"article\" \/>\n<meta property=\"og:title\" content=\"Najlepsze obiekty konferencyjne w Poznaniu - MiejscaKonferencyjne.pl\" \/>\n<meta property=\"og:description\" content=\"Najlepsze obiekty konferencyjne w Poznaniu - MiejscaKonferencyjne.pl\" \/>\n<meta property=\"og:url\" content=\"https:\/\/www.miejscakonferencyjne.pl\/blog\/najlepsze-obiekty-konferencyjne-w-poznaniu\/\" \/>\n<meta property=\"og:site_name\" content=\"MiejscaKonferencyjne.pl\" \/>\n<meta property=\"article:published_time\" content=\"2026-01-28T07:00:15+00:00\" \/>\n<meta property=\"og:image\" content=\"https:\/\/www.miejscakonferencyjne.pl\/blog\/wp-content\/uploads\/2026\/01\/Fotoram.io-2026-01-27T120832.155.jpg\" \/>\n\t<meta property=\"og:image:width\" content=\"1200\" \/>\n\t<meta property=\"og:image:height\" content=\"1200\" \/>\n\t<meta property=\"og:image:type\" content=\"image\/jpeg\" \/>\n<meta name=\"author\" content=\"Julia Gadomska\" \/>\n<meta name=\"twitter:card\" content=\"summary_large_image\" \/>\n<meta name=\"twitter:label1\" content=\"Napisane przez\" \/>\n\t<meta name=\"twitter:data1\" content=\"Julia Gadomska\" \/>\n\t<meta name=\"twitter:label2\" content=\"Szacowany czas czytania\" \/>\n\t<meta name=\"twitter:data2\" content=\"8 minut\" \/>\n<!-- \/ Yoast SEO plugin. -->","yoast_head_json":{"title":"Najlepsze obiekty konferencyjne w Poznaniu - MiejscaKonferencyjne.pl","description":"Najlepsze obiekty konferencyjne w Poznaniu - MiejscaKonferencyjne.pl","robots":{"index":"index","follow":"follow","max-snippet":"max-snippet:-1","max-image-preview":"max-image-preview:large","max-video-preview":"max-video-preview:-1"},"canonical":"https:\/\/www.miejscakonferencyjne.pl\/blog\/najlepsze-obiekty-konferencyjne-w-poznaniu\/","og_locale":"pl_PL","og_type":"article","og_title":"Najlepsze obiekty konferencyjne w Poznaniu - MiejscaKonferencyjne.pl","og_description":"Najlepsze obiekty konferencyjne w Poznaniu - MiejscaKonferencyjne.pl","og_url":"https:\/\/www.miejscakonferencyjne.pl\/blog\/najlepsze-obiekty-konferencyjne-w-poznaniu\/","og_site_name":"MiejscaKonferencyjne.pl","article_published_time":"2026-01-28T07:00:15+00:00","og_image":[{"width":1200,"height":1200,"url":"https:\/\/www.miejscakonferencyjne.pl\/blog\/wp-content\/uploads\/2026\/01\/Fotoram.io-2026-01-27T120832.155.jpg","type":"image\/jpeg"}],"author":"Julia Gadomska","twitter_card":"summary_large_image","twitter_misc":{"Napisane przez":"Julia Gadomska","Szacowany czas czytania":"8 minut"},"schema":{"@context":"https:\/\/schema.org","@graph":[{"@type":["Article","BlogPosting"],"@id":"https:\/\/www.miejscakonferencyjne.pl\/blog\/najlepsze-obiekty-konferencyjne-w-poznaniu\/#article","isPartOf":{"@id":"https:\/\/www.miejscakonferencyjne.pl\/blog\/najlepsze-obiekty-konferencyjne-w-poznaniu\/"},"author":{"name":"Julia Gadomska","@id":"https:\/\/www.miejscakonferencyjne.pl\/blog\/#\/schema\/person\/cf20a07285a954885a2d455e181a77b5"},"headline":"Najlepsze obiekty konferencyjne w Poznaniu","datePublished":"2026-01-28T07:00:15+00:00","mainEntityOfPage":{"@id":"https:\/\/www.miejscakonferencyjne.pl\/blog\/najlepsze-obiekty-konferencyjne-w-poznaniu\/"},"wordCount":1079,"publisher":{"@id":"https:\/\/www.miejscakonferencyjne.pl\/blog\/#organization"},"image":{"@id":"https:\/\/www.miejscakonferencyjne.pl\/blog\/najlepsze-obiekty-konferencyjne-w-poznaniu\/#primaryimage"},"thumbnailUrl":"https:\/\/www.miejscakonferencyjne.pl\/blog\/wp-content\/uploads\/2026\/01\/Fotoram.io-2026-01-27T120832.155.jpg","keywords":["konferencje w Poznaniu","obiekty konferencyjne Pozna\u0144","sale konferencyjne Pozna\u0144"],"articleSection":["Miejsce na konferencj\u0119","Organizacja konferencji"],"inLanguage":"pl-PL"},{"@type":"WebPage","@id":"https:\/\/www.miejscakonferencyjne.pl\/blog\/najlepsze-obiekty-konferencyjne-w-poznaniu\/","url":"https:\/\/www.miejscakonferencyjne.pl\/blog\/najlepsze-obiekty-konferencyjne-w-poznaniu\/","name":"Najlepsze obiekty konferencyjne w Poznaniu - MiejscaKonferencyjne.pl","isPartOf":{"@id":"https:\/\/www.miejscakonferencyjne.pl\/blog\/#website"},"primaryImageOfPage":{"@id":"https:\/\/www.miejscakonferencyjne.pl\/blog\/najlepsze-obiekty-konferencyjne-w-poznaniu\/#primaryimage"},"image":{"@id":"https:\/\/www.miejscakonferencyjne.pl\/blog\/najlepsze-obiekty-konferencyjne-w-poznaniu\/#primaryimage"},"thumbnailUrl":"https:\/\/www.miejscakonferencyjne.pl\/blog\/wp-content\/uploads\/2026\/01\/Fotoram.io-2026-01-27T120832.155.jpg","datePublished":"2026-01-28T07:00:15+00:00","description":"Najlepsze obiekty konferencyjne w Poznaniu - MiejscaKonferencyjne.pl","breadcrumb":{"@id":"https:\/\/www.miejscakonferencyjne.pl\/blog\/najlepsze-obiekty-konferencyjne-w-poznaniu\/#breadcrumb"},"inLanguage":"pl-PL","potentialAction":[{"@type":"ReadAction","target":["https:\/\/www.miejscakonferencyjne.pl\/blog\/najlepsze-obiekty-konferencyjne-w-poznaniu\/"]}]},{"@type":"ImageObject","inLanguage":"pl-PL","@id":"https:\/\/www.miejscakonferencyjne.pl\/blog\/najlepsze-obiekty-konferencyjne-w-poznaniu\/#primaryimage","url":"https:\/\/www.miejscakonferencyjne.pl\/blog\/wp-content\/uploads\/2026\/01\/Fotoram.io-2026-01-27T120832.155.jpg","contentUrl":"https:\/\/www.miejscakonferencyjne.pl\/blog\/wp-content\/uploads\/2026\/01\/Fotoram.io-2026-01-27T120832.155.jpg","width":1200,"height":1200,"caption":"Najlepsze obiekty konferencyjne w Poznaniu"},{"@type":"BreadcrumbList","@id":"https:\/\/www.miejscakonferencyjne.pl\/blog\/najlepsze-obiekty-konferencyjne-w-poznaniu\/#breadcrumb","itemListElement":[{"@type":"ListItem","position":1,"name":"Strona g\u0142\u00f3wna","item":"https:\/\/www.miejscakonferencyjne.pl\/blog\/"},{"@type":"ListItem","position":2,"name":"Najlepsze obiekty konferencyjne w Poznaniu"}]},{"@type":"WebSite","@id":"https:\/\/www.miejscakonferencyjne.pl\/blog\/#website","url":"https:\/\/www.miejscakonferencyjne.pl\/blog\/","name":"MiejscaKonferencyjne.pl","description":"Dowiedz si\u0119 wszystkiego na temat organizacji konferencji, szkole\u0144 i wydarze\u0144 biznesowych. Komentuj i dziel si\u0119 opini\u0105!","publisher":{"@id":"https:\/\/www.miejscakonferencyjne.pl\/blog\/#organization"},"potentialAction":[{"@type":"SearchAction","target":{"@type":"EntryPoint","urlTemplate":"https:\/\/www.miejscakonferencyjne.pl\/blog\/?s={search_term_string}"},"query-input":{"@type":"PropertyValueSpecification","valueRequired":true,"valueName":"search_term_string"}}],"inLanguage":"pl-PL"},{"@type":"Organization","@id":"https:\/\/www.miejscakonferencyjne.pl\/blog\/#organization","name":"MiejscaKonferencyjne.pl","url":"https:\/\/www.miejscakonferencyjne.pl\/blog\/","logo":{"@type":"ImageObject","inLanguage":"pl-PL","@id":"https:\/\/www.miejscakonferencyjne.pl\/blog\/#\/schema\/logo\/image\/","url":"https:\/\/www.miejscakonferencyjne.pl\/blog\/wp-content\/uploads\/2019\/12\/logo-white.png","contentUrl":"https:\/\/www.miejscakonferencyjne.pl\/blog\/wp-content\/uploads\/2019\/12\/logo-white.png","width":400,"height":63,"caption":"MiejscaKonferencyjne.pl"},"image":{"@id":"https:\/\/www.miejscakonferencyjne.pl\/blog\/#\/schema\/logo\/image\/"}},{"@type":"Person","@id":"https:\/\/www.miejscakonferencyjne.pl\/blog\/#\/schema\/person\/cf20a07285a954885a2d455e181a77b5","name":"Julia Gadomska","url":"https:\/\/www.miejscakonferencyjne.pl\/blog\/author\/jgadomska\/"}]}},"_links":{"self":[{"href":"https:\/\/www.miejscakonferencyjne.pl\/blog\/wp-json\/wp\/v2\/posts\/4196","targetHints":{"allow":["GET"]}}],"collection":[{"href":"https:\/\/www.miejscakonferencyjne.pl\/blog\/wp-json\/wp\/v2\/posts"}],"about":[{"href":"https:\/\/www.miejscakonferencyjne.pl\/blog\/wp-json\/wp\/v2\/types\/post"}],"author":[{"embeddable":true,"href":"https:\/\/www.miejscakonferencyjne.pl\/blog\/wp-json\/wp\/v2\/users\/14"}],"replies":[{"embeddable":true,"href":"https:\/\/www.miejscakonferencyjne.pl\/blog\/wp-json\/wp\/v2\/comments?post=4196"}],"version-history":[{"count":3,"href":"https:\/\/www.miejscakonferencyjne.pl\/blog\/wp-json\/wp\/v2\/posts\/4196\/revisions"}],"predecessor-version":[{"id":4208,"href":"https:\/\/www.miejscakonferencyjne.pl\/blog\/wp-json\/wp\/v2\/posts\/4196\/revisions\/4208"}],"wp:featuredmedia":[{"embeddable":true,"href":"https:\/\/www.miejscakonferencyjne.pl\/blog\/wp-json\/wp\/v2\/media\/4209"}],"wp:attachment":[{"href":"https:\/\/www.miejscakonferencyjne.pl\/blog\/wp-json\/wp\/v2\/media?parent=4196"}],"wp:term":[{"taxonomy":"category","embeddable":true,"href":"https:\/\/www.miejscakonferencyjne.pl\/blog\/wp-json\/wp\/v2\/categories?post=4196"},{"taxonomy":"post_tag","embeddable":true,"href":"https:\/\/www.miejscakonferencyjne.pl\/blog\/wp-json\/wp\/v2\/tags?post=4196"}],"curies":[{"name":"wp","href":"https:\/\/api.w.org\/{rel}","templated":true}]}}