{"id":4067,"date":"2025-12-15T09:00:52","date_gmt":"2025-12-15T07:00:52","guid":{"rendered":"https:\/\/www.miejscakonferencyjne.pl\/blog\/?p=4067"},"modified":"2025-12-16T19:08:53","modified_gmt":"2025-12-16T17:08:53","slug":"sale-konferencyjne-w-krakowie","status":"publish","type":"post","link":"https:\/\/www.miejscakonferencyjne.pl\/blog\/sale-konferencyjne-w-krakowie\/","title":{"rendered":"Sale konferencyjne w Krakowie"},"content":{"rendered":"<p>Krak\u00f3w to miasto, kt\u00f3re \u015bwietnie sprawdza si\u0119 nie tylko na weekendowy wyjazd, ale tak\u017ce jako miejsce spotka\u0144 biznesowych. Organizuj\u0105c konferencj\u0119, szkolenie czy firmowe spotkanie, coraz wi\u0119cej os\u00f3b wybiera w\u0142a\u015bnie to miasto. G\u0142\u00f3wnie ze wzgl\u0119du na dobr\u0105 komunikacj\u0119, szerok\u0105 baz\u0119 noclegow\u0105 i du\u017c\u0105 liczb\u0119 nowoczesnych obiekt\u00f3w<strong>.<\/strong>\u00a0 <strong>Sale konferencyjne w Krakowie<\/strong> s\u0105 bardzo zr\u00f3\u017cnicowane: mo\u017cna znale\u017a\u0107 zar\u00f3wno du\u017ce przestrzenie idealne na kongresy, jak i mniejsze, kameralne sale sprzyjaj\u0105ce pracy w w\u0105skim gronie. To sprawia, \u017ce \u0142atwo dopasowa\u0107 miejsce do charakteru wydarzenia i oczekiwa\u0144 uczestnik\u00f3w.\u00a0<strong>Oto propozycje, kt\u00f3re dla was przygotowali\u015bmy.<\/strong><\/p>\n<h2><a href=\"https:\/\/www.miejscakonferencyjne.pl\/wadowice\/mlyn-jacka-hotel-spa\">Hotel M\u0142yn Jacka<\/a><\/h2>\n<p>Hotel w Jaroszowicach ko\u0142o Wadowic to czterogwiazdkowy obiekt, kt\u00f3ry powsta\u0142 w miejscu dawnego m\u0142yna. Po\u0142o\u017cony w spokojnej okolicy <strong><a href=\"https:\/\/www.miejscakonferencyjne.pl\/wadowice\/mlyn-jacka-hotel-spa\">M\u0142yn Jacka<\/a><\/strong>, stanowi atrakcyjn\u0105 alternatyw\u0119 dla obiekt\u00f3w oferuj\u0105cych<strong> sale konferencyjne w Krakowie. <\/strong>zapewniaj\u0105c cisz\u0119 i profesjonalne warunki do pracy.<\/p>\n<p>Hotel dysponuje <strong>5 nowoczesnymi salami konferencyjnymi<\/strong> z pe\u0142nym zapleczem technicznym. Najwi\u0119ksza sala <strong>mo\u017ce pomie\u015bci\u0107 do 240 os\u00f3b<\/strong>, co pozwala organizowa\u0107 konferencje i szkolenia na poziomie por\u00f3wnywalnym z najlepszymi salami konferencyjnymi w Krakowie. Dodatkowym atutem jest <strong>mo\u017cliwo\u015b\u0107 organizacji event\u00f3w integracyjnych, tak\u017ce w plenerze<\/strong>.<\/p>\n<p><img loading=\"lazy\" decoding=\"async\" class=\"alignnone size-medium wp-image-4087\" src=\"https:\/\/www.miejscakonferencyjne.pl\/blog\/wp-content\/uploads\/2025\/12\/hotel-z-zewntrz-hotel-myn-jacka-wadowice0003-1200x_-1-1000x498.jpg\" alt=\"\" width=\"1000\" height=\"498\" srcset=\"https:\/\/www.miejscakonferencyjne.pl\/blog\/wp-content\/uploads\/2025\/12\/hotel-z-zewntrz-hotel-myn-jacka-wadowice0003-1200x_-1-1000x498.jpg 1000w, https:\/\/www.miejscakonferencyjne.pl\/blog\/wp-content\/uploads\/2025\/12\/hotel-z-zewntrz-hotel-myn-jacka-wadowice0003-1200x_-1-768x382.jpg 768w, https:\/\/www.miejscakonferencyjne.pl\/blog\/wp-content\/uploads\/2025\/12\/hotel-z-zewntrz-hotel-myn-jacka-wadowice0003-1200x_-1-706x351.jpg 706w, https:\/\/www.miejscakonferencyjne.pl\/blog\/wp-content\/uploads\/2025\/12\/hotel-z-zewntrz-hotel-myn-jacka-wadowice0003-1200x_-1.jpg 1200w\" sizes=\"auto, (max-width: 1000px) 100vw, 1000px\" \/><\/p>\n<h2><a href=\"https:\/\/www.miejscakonferencyjne.pl\/krakow\/vanilla-aparthotel\">Vanilla Aparthotel<\/a><\/h2>\n<p>Luksusowy obiekt po\u0142o\u017cony w nowoczesnej dzielnicy Krakowa \u2013 Ruczaju \u2013 to idealna propozycja zar\u00f3wno dla turyst\u00f3w, jak i go\u015bci biznesowych.<\/p>\n<p>Go\u015bcie maj\u0105 do dyspozycji<strong> eleganckie, przestronne apartamenty<\/strong> wyposa\u017cone w aneks kuchenny, klimatyzacj\u0119, szybki Internet oraz nowoczesne sprz\u0119ty. Wybrane apartamenty posiadaj\u0105<strong> balkony z widokiem na panoram\u0119 Krakowa<\/strong>.<\/p>\n<p><strong><a class=\"yoast-text-mark\" href=\"https:\/\/www.miejscakonferencyjne.pl\/krakow\/vanilla-aparthotel\">Vanilla Aparthotel<\/a> <\/strong>oferuje nowoczesne sale konferencyjne w Krakowie, w tym <strong>przestronn\u0105 sal\u0119 o powierzchni 180 mkw<\/strong> z mo\u017cliwo\u015bci\u0105 podzia\u0142u na dwie mniejsze przestrzenie. Uzupe\u0142nieniem oferty jest <strong>prywatny, monitorowany parking<\/strong>, profesjonalna obs\u0142uga, us\u0142ugi cateringowe oraz <strong>elegancki Cygaro Club<\/strong>.<\/p>\n<p><img loading=\"lazy\" decoding=\"async\" class=\"alignnone size-full wp-image-4069\" src=\"https:\/\/www.miejscakonferencyjne.pl\/blog\/wp-content\/uploads\/2025\/12\/kpx5244-1000x700-716x482-1.jpg\" alt=\"\" width=\"716\" height=\"482\" srcset=\"https:\/\/www.miejscakonferencyjne.pl\/blog\/wp-content\/uploads\/2025\/12\/kpx5244-1000x700-716x482-1.jpg 716w, https:\/\/www.miejscakonferencyjne.pl\/blog\/wp-content\/uploads\/2025\/12\/kpx5244-1000x700-716x482-1-706x475.jpg 706w\" sizes=\"auto, (max-width: 716px) 100vw, 716px\" \/><\/p>\n<h2><a href=\"https:\/\/www.miejscakonferencyjne.pl\/krakow\/wings-plaza\">Wings Plaza<\/a><\/h2>\n<p>Jest to nowoczesny obiekt aparthotelowo-biznesowy klasy premium, zlokalizowany w krakowskich D\u0119bnikach <strong>przy ul. Karola Bunscha 23<\/strong>, z dogodnym dojazdem do lotniska, Dworca G\u0142\u00f3wnego oraz centrum miasta. Funkcjonalna architektura i minimalistyczny design tworz\u0105 inspiruj\u0105c\u0105 przestrze\u0144 dla go\u015bci biznesowych i indywidualnych.<\/p>\n<p><strong><a href=\"https:\/\/www.miejscakonferencyjne.pl\/krakow\/wings-plaza\">Wings Plaza <\/a><\/strong>oferuje nowoczesne sale konferencyjne w Krakowie <strong>o \u0142\u0105cznej powierzchni 135 mkw<\/strong>, w tym <strong>sale Gold, Brass, Silver, Platinum oraz eleganck\u0105 Sal\u0119 VIP<\/strong>. Przestrzenie wyposa\u017cone s\u0105 w zaawansowane zaplecze multimedialne, systemy wideokonferencyjne i mo\u017cliwo\u015b\u0107 elastycznej aran\u017cacji.<\/p>\n<p><strong>Wings Plaza<\/strong> dysponuje tak\u017ce <strong>87 klimatyzowanymi apartamentami <\/strong>z aneksami kuchennymi i nowoczesnym wyposa\u017ceniem. Uzupe\u0142nieniem oferty jest <strong>restauracja Flario<\/strong> z daniami z \u017cywego ognia, si\u0142ownia, game room, lobby z kaw\u0105, biblioteka oraz parking podziemny.<\/p>\n<p><img loading=\"lazy\" decoding=\"async\" class=\"alignnone size-full wp-image-4070\" src=\"https:\/\/www.miejscakonferencyjne.pl\/blog\/wp-content\/uploads\/2025\/12\/kpx4300-716x482-1.jpg\" alt=\"\" width=\"716\" height=\"482\" srcset=\"https:\/\/www.miejscakonferencyjne.pl\/blog\/wp-content\/uploads\/2025\/12\/kpx4300-716x482-1.jpg 716w, https:\/\/www.miejscakonferencyjne.pl\/blog\/wp-content\/uploads\/2025\/12\/kpx4300-716x482-1-706x475.jpg 706w\" sizes=\"auto, (max-width: 716px) 100vw, 716px\" \/><\/p>\n<h2><a href=\"https:\/\/www.miejscakonferencyjne.pl\/krakow\/zr-hotele-wzgorze-zamkowe\">ZR HOTELE<\/a><\/h2>\n<p>Kompleks Wzg\u00f3rze Zamkowe, po\u0142o\u017cony w\u015br\u00f3d Lasu Wolskiego, sk\u0142ada si\u0119 z Zinar Castle, Forest Hotel oraz zabytkowej Baszty. Obiekty oferuj\u0105 <strong>r\u00f3\u017cnorodne sale konferencyjne w Krakowie<\/strong>, w tym <strong>aul\u0119 na 180 os\u00f3b, 9 sal o r\u00f3\u017cnej powierzchni oraz widokow\u0105 Sal\u0119 Balow\u0105<\/strong>. Tarasy i zamkowe arkady zapewniaj\u0105 spektakularne widoki na Wis\u0142\u0119, Tatry i panoram\u0119 Krakowa.<\/p>\n<p>&lt;p&gt;Forest Hotel dysponuje <strong>7 salami konferencyjnymi (20\u201360 mkw) oraz sal\u0105 audytoryjn\u0105 dla 180 os\u00f3b. <\/strong>Baszta pomie\u015bci do 60 os\u00f3b w kameralnym uk\u0142adzie bankietowym. Obiekt obejmuje 7 hektar\u00f3w teren\u00f3w zielonych i dziedziniec do wydarze\u0144 plenerowych. Go\u015bcie mog\u0105 skorzysta\u0107 z <strong>120 komfortowych pokoi. <\/strong>Na miejscu dzia\u0142a<strong> restauracja ZIYAD<\/strong> z autorskim menu, strefa wellness w Forest Hotel oraz<strong> SPA w Zinar Castle<\/strong> z basenem, gabinetami masa\u017cu i stref\u0105 relaksu. <strong>Wzg\u00f3rze Zamkowe<\/strong> to idealne miejsce na biznesowe spotkania i wyj\u0105tkowy wypoczynek w Krakowie.<\/p>\n<p><img loading=\"lazy\" decoding=\"async\" class=\"alignnone size-full wp-image-4071\" src=\"https:\/\/www.miejscakonferencyjne.pl\/blog\/wp-content\/uploads\/2025\/12\/dji-0133-716x482-1.jpg\" alt=\"\" width=\"716\" height=\"482\" srcset=\"https:\/\/www.miejscakonferencyjne.pl\/blog\/wp-content\/uploads\/2025\/12\/dji-0133-716x482-1.jpg 716w, https:\/\/www.miejscakonferencyjne.pl\/blog\/wp-content\/uploads\/2025\/12\/dji-0133-716x482-1-706x475.jpg 706w\" sizes=\"auto, (max-width: 716px) 100vw, 716px\" \/><\/p>\n<h2><a href=\"https:\/\/www.miejscakonferencyjne.pl\/krakow\/hotel-galaxy\">Hotel Galaxy<\/a><\/h2>\n<p>To nowoczesny obiekt idealny dla Go\u015bci biznesowych i turystycznych. Oferuje <strong>205 komfortowych pokoi. <\/strong>Cz\u0119\u015b\u0107 z\u00a0 pokoi ma widok na Wis\u0142\u0119 i Most Kotlarski.<\/p>\n<p>Do dyspozycji go\u015bci jest <strong>centrum konferencyjne w Krakowie o powierzchni 1550 m\u00b2. <\/strong>\u00a0Sal\u0119 Galaxy mo\u017cna podzieli\u0107 na<strong>\u00a06 pomieszcze\u0144: <\/strong>Planetarium, sal\u0119 Gemini, Business Room i foyer. Sale wyposa\u017cone s\u0105 w sprz\u0119t multimedialny, klimatyzacj\u0119 i szybki Internet.<\/p>\n<p>Obiekt oferuje tak\u017ce <strong>restauracje Andromeda i Andromeda Alfa,<\/strong> bufet \u015bniadaniowy, lunche i kolacje a la carte, a tak\u017ce <strong>Wellness &amp; SPA z basenem, jacuzzi, fitness<\/strong> i gabinetami masa\u017cu. Dodatkowo go\u015bcie maj\u0105 do dyspozycji parking, stref\u0119 \u0142adowania samochod\u00f3w elektrycznych oraz Atelier Galaxy. Hotel Galaxy zapewnia <strong>komfortowe noclegi, profesjonalne sale konferencyjne w Krakowie<\/strong> i stref\u0119 relaksu.<\/p>\n<p><img loading=\"lazy\" decoding=\"async\" class=\"alignnone size-medium wp-image-4072\" src=\"https:\/\/www.miejscakonferencyjne.pl\/blog\/wp-content\/uploads\/2025\/12\/1e3a1030-1200x_-1000x618.jpg\" alt=\"\" width=\"1000\" height=\"618\" srcset=\"https:\/\/www.miejscakonferencyjne.pl\/blog\/wp-content\/uploads\/2025\/12\/1e3a1030-1200x_-1000x618.jpg 1000w, https:\/\/www.miejscakonferencyjne.pl\/blog\/wp-content\/uploads\/2025\/12\/1e3a1030-1200x_-768x475.jpg 768w, https:\/\/www.miejscakonferencyjne.pl\/blog\/wp-content\/uploads\/2025\/12\/1e3a1030-1200x_-706x437.jpg 706w, https:\/\/www.miejscakonferencyjne.pl\/blog\/wp-content\/uploads\/2025\/12\/1e3a1030-1200x_.jpg 1200w\" sizes=\"auto, (max-width: 1000px) 100vw, 1000px\" \/><\/p>\n<h2><a href=\"https:\/\/www.miejscakonferencyjne.pl\/krakow\/hotel-lenart\">Centrum Hotelowo-Konferencyjne Hotel Lenart<\/a><\/h2>\n<p><strong><a class=\"yoast-text-mark\" href=\"https:\/\/www.miejscakonferencyjne.pl\/krakow\/hotel-lenart\">Hotel Lenart<\/a> <\/strong>w Wieliczce, 20 minut od centrum Krakowa, oferuje <strong>55 komfortowych pokoi i 7 luksusowych apartament\u00f3w<\/strong> oraz bezpo\u015bredni dojazd z lotniska.<\/p>\n<p>Nowoczesne sale konferencyjne w Krakowie obejmuj\u0105 <strong>11 przestronnych pomieszcze\u0144 dla 20\u2013550 os\u00f3b<\/strong>, w tym sale Wi\u015bniow\u0105, Klonow\u0105, Czerwon\u0105 i Oliwkow\u0105 \u2013 <strong>Restauracj\u0119 Pod Kominem<\/strong>. Wszystkie sale wyposa\u017cone s\u0105 w klimatyzacj\u0119, sprz\u0119t multimedialny, nag\u0142o\u015bnienie i mobilne \u015bcianki, umo\u017cliwiaj\u0105ce elastyczne aran\u017cacje przestrzeni. Centrum oferuje tak\u017ce <strong>restauracj\u0119 Pod Kominem, stref\u0119 Wellness &amp; SPA <\/strong>z saunami, jacuzzi i gabinetami masa\u017cu. Na miejscu dost\u0119pny jest<strong> bezp\u0142atny parking dla ponad 200 samochod\u00f3w<\/strong>. Hotel Lenart zapewnia komfortowe noclegi, profesjonalne konferencje i relaks w nowoczesnym otoczeniu.<\/p>\n<p><img loading=\"lazy\" decoding=\"async\" class=\"alignnone size-medium wp-image-4073\" src=\"https:\/\/www.miejscakonferencyjne.pl\/blog\/wp-content\/uploads\/2025\/12\/hotel-lenart-wieliczka-krakow-nowoczesny-modernistyczny-hotel-z-wyjatkowa-stalowa-elewacja-z-motywami-drzew-1200x_-1000x666.jpg\" alt=\"\" width=\"1000\" height=\"666\" srcset=\"https:\/\/www.miejscakonferencyjne.pl\/blog\/wp-content\/uploads\/2025\/12\/hotel-lenart-wieliczka-krakow-nowoczesny-modernistyczny-hotel-z-wyjatkowa-stalowa-elewacja-z-motywami-drzew-1200x_-1000x666.jpg 1000w, https:\/\/www.miejscakonferencyjne.pl\/blog\/wp-content\/uploads\/2025\/12\/hotel-lenart-wieliczka-krakow-nowoczesny-modernistyczny-hotel-z-wyjatkowa-stalowa-elewacja-z-motywami-drzew-1200x_-768x511.jpg 768w, https:\/\/www.miejscakonferencyjne.pl\/blog\/wp-content\/uploads\/2025\/12\/hotel-lenart-wieliczka-krakow-nowoczesny-modernistyczny-hotel-z-wyjatkowa-stalowa-elewacja-z-motywami-drzew-1200x_-706x470.jpg 706w, https:\/\/www.miejscakonferencyjne.pl\/blog\/wp-content\/uploads\/2025\/12\/hotel-lenart-wieliczka-krakow-nowoczesny-modernistyczny-hotel-z-wyjatkowa-stalowa-elewacja-z-motywami-drzew-1200x_.jpg 1200w\" sizes=\"auto, (max-width: 1000px) 100vw, 1000px\" \/><\/p>\n<h2><a href=\"https:\/\/www.miejscakonferencyjne.pl\/krakow\/hotel-logos-1\">Hotel Logos<\/a><\/h2>\n<p>To 3-gwiazdkowy obiekt po\u0142o\u017cony tu\u017c przy <strong>Starym Rynku w Krakowie<\/strong>. Hotel oferuje <strong>49 komfortowych pokoi oraz 2 apartamenty<\/strong>, wszystkie przestronne i klimatyzowane. Pokoje s\u0105 wyposa\u017cone w telewizory SMART TV, mini barki, zestawy do parzenia kawy i herbaty oraz szybki Internet.<\/p>\n<p>Dla go\u015bci biznesowych przygotowano <strong>2 nowoczesne sale konferencyjne w Krakowie<\/strong> (30\u201345 m\u00b2) dla 20\u201330 os\u00f3b. Mo\u017cliwe jest r\u00f3wnie\u017c <strong>zam\u00f3wienie cateringu konferencyjnego<\/strong>.<\/p>\n<p>Hotel posiada r\u00f3wnie\u017c <strong>restauracj\u0119 serwuj\u0105c\u0105 dania kuchni polskiej i europejskiej,<\/strong> a tak\u017ce organizuj\u0105c\u0105<strong> przyj\u0119cia i bankiety do 50 os\u00f3b<\/strong>. Dodatkowo go\u015bcie mog\u0105 korzysta\u0107 ze <strong>strefy SPA <\/strong>z saun\u0105 such\u0105, klimatycznego letniego patio oraz wypo\u017cyczalni rower\u00f3w. <strong>Hotel Logos<\/strong> to idealne miejsce na komfortowy pobyt i kameralne konferencje w samym sercu Krakowa.<\/p>\n<p><img loading=\"lazy\" decoding=\"async\" class=\"alignnone size-medium wp-image-4074\" src=\"https:\/\/www.miejscakonferencyjne.pl\/blog\/wp-content\/uploads\/2025\/12\/hotel02-optimized-1200x_-660x1000.jpg\" alt=\"\" width=\"660\" height=\"1000\" srcset=\"https:\/\/www.miejscakonferencyjne.pl\/blog\/wp-content\/uploads\/2025\/12\/hotel02-optimized-1200x_-660x1000.jpg 660w, https:\/\/www.miejscakonferencyjne.pl\/blog\/wp-content\/uploads\/2025\/12\/hotel02-optimized-1200x_-768x1164.jpg 768w, https:\/\/www.miejscakonferencyjne.pl\/blog\/wp-content\/uploads\/2025\/12\/hotel02-optimized-1200x_-1014x1536.jpg 1014w, https:\/\/www.miejscakonferencyjne.pl\/blog\/wp-content\/uploads\/2025\/12\/hotel02-optimized-1200x_-706x1070.jpg 706w, https:\/\/www.miejscakonferencyjne.pl\/blog\/wp-content\/uploads\/2025\/12\/hotel02-optimized-1200x_.jpg 1200w\" sizes=\"auto, (max-width: 660px) 100vw, 660px\" \/><\/p>\n<h2><a href=\"https:\/\/www.miejscakonferencyjne.pl\/krakow\/hotel-lavender-1\">Hotel Lavender<\/a><\/h2>\n<p>Kolejny 3-gwiazdkowy, nowoczesny obiekt znajduje si\u0119 w centrum Krakowa przy <strong>ul. D\u0142ugiej 49<\/strong>, 800 m od Rynku G\u0142\u00f3wnego. Hotel oferuje <strong>37 stylowych pokoi<\/strong> \u2013 jedno- i dwuosobowych oraz apartamenty rodzinne.<\/p>\n<p>Dla go\u015bci biznesowych przygotowano te\u017c <strong>3 sale konferencyjne w Krakowie:<\/strong> Sala VIP (24 osoby), Sala Business (9 os\u00f3b) i Lounge Room (10 os\u00f3b). Wszystkie sale s\u0105 klimatyzowane, jasne i wyposa\u017cone w sprz\u0119t multimedialny, rzutniki, flipcharty i nag\u0142o\u015bnienie.<\/p>\n<p><strong>Hotel Lavender<\/strong> dysponuje tak\u017ce <strong>restauracj\u0105 PESTKA Restobar,<\/strong> serwuj\u0105c\u0105 dania kuchni europejskiej z polskim akcentem, codzienne \u015bniadania oraz selekcj\u0119 alkoholi i piwa rzemie\u015blniczego. Obiekt zapewnia <strong>komfortowe noclegi<\/strong>, profesjonalne sale konferencyjne i eleganckie, butikowe wn\u0119trza w samym sercu Krakowa.<\/p>\n<p><img loading=\"lazy\" decoding=\"async\" class=\"alignnone size-full wp-image-4075\" src=\"https:\/\/www.miejscakonferencyjne.pl\/blog\/wp-content\/uploads\/2025\/12\/1-business-easy-resize-com-716x482-2.jpg\" alt=\"\" width=\"716\" height=\"482\" srcset=\"https:\/\/www.miejscakonferencyjne.pl\/blog\/wp-content\/uploads\/2025\/12\/1-business-easy-resize-com-716x482-2.jpg 716w, https:\/\/www.miejscakonferencyjne.pl\/blog\/wp-content\/uploads\/2025\/12\/1-business-easy-resize-com-716x482-2-706x475.jpg 706w\" sizes=\"auto, (max-width: 716px) 100vw, 716px\" \/><\/p>\n<h2><a href=\"https:\/\/www.miejscakonferencyjne.pl\/krakow\/hotel-wyspianski\">Hotel Wyspia\u0144ski<\/a><\/h2>\n<p>Nast\u0119pna propozycja <strong>Hotel Wyspia\u0144ski, po\u0142o\u017cony jest <\/strong>500 m od Rynku G\u0142\u00f3wnego i ICE Krak\u00f3w. Oferuje <strong>231 komfortowych pokoi<\/strong> w standardzie Classic i Premium, wyposa\u017conych w TV, Wi-Fi i \u0142azienki.<\/p>\n<p>Dla biznesu hotel dysponuje <strong>5 klimatyzowanymi salami konferencyjnymi w Krakowie dla 250 os\u00f3b. <\/strong>Na go\u015bci czeka tak\u017ce <strong>restauracja z kuchni\u0105 polsk\u0105 i europejsk\u0105,<\/strong> Drink Bar, parking, si\u0142ownia oraz pe\u0142ne zaplecze dodatkowe. <strong>Hotel Wyspia\u0144ski<\/strong> to doskona\u0142e miejsce na wypoczynek i spotkania biznesowe w sercu miasta.<\/p>\n<p><img loading=\"lazy\" decoding=\"async\" class=\"alignnone size-medium wp-image-4077\" src=\"https:\/\/www.miejscakonferencyjne.pl\/blog\/wp-content\/uploads\/2025\/12\/56e92704d2feehotel-wyspianski-krakow-1200x_-1000x665.jpg\" alt=\"\" width=\"1000\" height=\"665\" srcset=\"https:\/\/www.miejscakonferencyjne.pl\/blog\/wp-content\/uploads\/2025\/12\/56e92704d2feehotel-wyspianski-krakow-1200x_-1000x665.jpg 1000w, https:\/\/www.miejscakonferencyjne.pl\/blog\/wp-content\/uploads\/2025\/12\/56e92704d2feehotel-wyspianski-krakow-1200x_-768x511.jpg 768w, https:\/\/www.miejscakonferencyjne.pl\/blog\/wp-content\/uploads\/2025\/12\/56e92704d2feehotel-wyspianski-krakow-1200x_-706x469.jpg 706w, https:\/\/www.miejscakonferencyjne.pl\/blog\/wp-content\/uploads\/2025\/12\/56e92704d2feehotel-wyspianski-krakow-1200x_.jpg 1200w\" sizes=\"auto, (max-width: 1000px) 100vw, 1000px\" \/><\/p>\n<h2><a href=\"https:\/\/www.miejscakonferencyjne.pl\/krakow\/hotel-vistula\">Hotel Vistula<\/a><\/h2>\n<p>Jest to<strong> 3-gwiazdkowy obiekt w Krakowie<\/strong> przy<strong> ul. Ksi\u0119cia J\u00f3zefa 24a<\/strong>, po\u0142o\u017cony nad Wis\u0142\u0105 i otoczony zieleni\u0105, co sprzyja relaksowi i integracji. Hotel oferuje <strong>24 komfortowe pokoje<\/strong> dla <strong>56 os\u00f3b,<\/strong> gustownie urz\u0105dzone i wyposa\u017cone m.in. w klimatyzacj\u0119 i Wi-Fi. Dla biznesu przygotowano te\u017c <strong>2 sale konferencyjne w Krakowie<\/strong>, w tym g\u0142\u00f3wn\u0105 <strong>o powierzchni 160 m\u00b2 dla 200 os\u00f3b<\/strong>. Sale mo\u017cna <strong>po\u0142\u0105czy\u0107 z tarasem widokowym<\/strong>, co umo\u017cliwia organizacj\u0119 przerw kawowych i biesiad plenerowych.<\/p>\n<p><strong>Hotel Vistula<\/strong> posiada <strong>restauracj\u0119 serwuj\u0105c\u0105 dania konferencyjne<\/strong>, bufetowe i z karty, a w sezonie letnim \u2013 tak\u017ce na tarasie. Dodatkowo go\u015bcie mog\u0105 korzysta\u0107 z<strong> du\u017cego ogrodu z miejscem na grill, przystani kajakowej oraz przestronnego parkingu<\/strong> dla samochod\u00f3w osobowych i autobus\u00f3w. To idealne miejsce na konferencje, szkolenia, integracje oraz wypoczynek.<\/p>\n<p><img loading=\"lazy\" decoding=\"async\" class=\"alignnone size-full wp-image-4078\" src=\"https:\/\/www.miejscakonferencyjne.pl\/blog\/wp-content\/uploads\/2025\/12\/2024-01-27-716x482-1.jpg\" alt=\"\" width=\"716\" height=\"482\" srcset=\"https:\/\/www.miejscakonferencyjne.pl\/blog\/wp-content\/uploads\/2025\/12\/2024-01-27-716x482-1.jpg 716w, https:\/\/www.miejscakonferencyjne.pl\/blog\/wp-content\/uploads\/2025\/12\/2024-01-27-716x482-1-706x475.jpg 706w\" sizes=\"auto, (max-width: 716px) 100vw, 716px\" \/><\/p>\n<h2><a href=\"https:\/\/www.miejscakonferencyjne.pl\/krakow\/hotel-galicya\">Hotel Galicya<\/a><\/h2>\n<p>Jest to 3-gwiazdkowy obiekt w krakowskiej dzielnicy Podg\u00f3rze, 10 minut od Rynku G\u0142\u00f3wnego. <a href=\"https:\/\/www.miejscakonferencyjne.pl\/krakow\/hotel-galicya\"><strong>Hotel Galicya<\/strong><\/a> <strong>63 komfortowe pokoje <\/strong>z klimatyzacj\u0105, Wi-Fi i \u0142azienk\u0105, w tym udogodnienia dla os\u00f3b niepe\u0142nosprawnych.<\/p>\n<p>Do dyspozycji go\u015bci jest tak\u017ce <strong>sala konferencyjna<\/strong> z dost\u0119pem do \u015bwiat\u0142a dziennego i sprz\u0119tem multimedialnym. Na miejscu dzia\u0142a r\u00f3wnie\u017c <strong>restauracja Galicya<\/strong>, serwuj\u0105ca dania kuchni polskiej i obs\u0142uguj\u0105ca catering i bankiety.<\/p>\n<p>Obiekt zapewnia te\u017c<strong> ca\u0142odobow\u0105 recepcj\u0119, bar, wind\u0119 i p\u0142atny parking<\/strong>, stanowi\u0105c wygodne miejsce na pobyt i wydarzenia biznesowe w Krakowie.<\/p>\n<p><img loading=\"lazy\" decoding=\"async\" class=\"alignnone size-medium wp-image-4079\" src=\"https:\/\/www.miejscakonferencyjne.pl\/blog\/wp-content\/uploads\/2025\/12\/fasada-zmiana-bezlogo-1200x_-1000x616.jpg\" alt=\"\" width=\"1000\" height=\"616\" srcset=\"https:\/\/www.miejscakonferencyjne.pl\/blog\/wp-content\/uploads\/2025\/12\/fasada-zmiana-bezlogo-1200x_-1000x616.jpg 1000w, https:\/\/www.miejscakonferencyjne.pl\/blog\/wp-content\/uploads\/2025\/12\/fasada-zmiana-bezlogo-1200x_-768x473.jpg 768w, https:\/\/www.miejscakonferencyjne.pl\/blog\/wp-content\/uploads\/2025\/12\/fasada-zmiana-bezlogo-1200x_-706x435.jpg 706w, https:\/\/www.miejscakonferencyjne.pl\/blog\/wp-content\/uploads\/2025\/12\/fasada-zmiana-bezlogo-1200x_.jpg 1200w\" sizes=\"auto, (max-width: 1000px) 100vw, 1000px\" \/><\/p>\n<p>Na koniec warto podkre\u015bli\u0107, \u017ce Krak\u00f3w oferuje <strong>sale konferencyjne<\/strong> dopasowane do ka\u017cdego rodzaju spotka\u0144 \u2013 <strong>od kameralnych warsztat\u00f3w po du\u017ce konferencje<\/strong>. Doskona\u0142a lokalizacja, nowoczesne wyposa\u017cenie i wygodne wn\u0119trza sprawiaj\u0105, \u017ce organizacja wydarzenia jest prosta, a uczestnicy czuj\u0105 si\u0119 komfortowo. W Krakowie \u0142atwo po\u0142\u0105czy\u0107 prac\u0119 z przyjemno\u015bci\u0105 \u2013 po spotkaniach mo\u017cna odpocz\u0105\u0107 i pozna\u0107 urok miasta. To idealne miejsce, by po\u0142\u0105czy\u0107 biznes z inspiruj\u0105cym otoczeniem.<\/p>\n","protected":false},"excerpt":{"rendered":"<p>Krak\u00f3w to doskona\u0142e miejsce na spotkania biznesowe dzi\u0119ki dobrej komunikacji i nowoczesnym obiektom. Sale konferencyjne w Krakowie oferuj\u0105 zar\u00f3wno du\u017ce przestrzenie, jak i kameralne wn\u0119trza, co u\u0142atwia dopasowanie miejsca do charakteru wydarzenia. Oto nasze propozycje.<\/p>\n","protected":false},"author":14,"featured_media":4083,"comment_status":"closed","ping_status":"closed","sticky":false,"template":"","format":"standard","meta":{"_acf_changed":false,"footnotes":""},"categories":[170],"tags":[437,436,438,435],"class_list":["post-4067","post","type-post","status-publish","format-standard","has-post-thumbnail","hentry","category-organizacja-konferencji","tag-centra-konferencyjne-krakow","tag-konferencje-i-szkolenia-krakow","tag-organizacja-wydarzen-krakow","tag-sale-konferencyjne-krakow","bwp-masonry-item","bwp-blog-col-3"],"acf":[],"yoast_head":"<!-- This site is optimized with the Yoast SEO plugin v27.5 - https:\/\/yoast.com\/product\/yoast-seo-wordpress\/ -->\n<title>Sale konferencyjne w Krakowie - MiejscaKonferencyjne.pl<\/title>\n<meta name=\"description\" content=\"Sale konferencyjne w Krakowie - MiejscaKonferencyjne.pl\" \/>\n<meta name=\"robots\" content=\"index, follow, max-snippet:-1, max-image-preview:large, max-video-preview:-1\" \/>\n<link rel=\"canonical\" href=\"https:\/\/www.miejscakonferencyjne.pl\/blog\/sale-konferencyjne-w-krakowie\/\" \/>\n<meta property=\"og:locale\" content=\"pl_PL\" \/>\n<meta property=\"og:type\" content=\"article\" \/>\n<meta property=\"og:title\" content=\"Sale konferencyjne w Krakowie - MiejscaKonferencyjne.pl\" \/>\n<meta property=\"og:description\" content=\"Sale konferencyjne w Krakowie - MiejscaKonferencyjne.pl\" \/>\n<meta property=\"og:url\" content=\"https:\/\/www.miejscakonferencyjne.pl\/blog\/sale-konferencyjne-w-krakowie\/\" \/>\n<meta property=\"og:site_name\" content=\"MiejscaKonferencyjne.pl\" \/>\n<meta property=\"article:published_time\" content=\"2025-12-15T07:00:52+00:00\" \/>\n<meta property=\"article:modified_time\" content=\"2025-12-16T17:08:53+00:00\" \/>\n<meta property=\"og:image\" content=\"https:\/\/www.miejscakonferencyjne.pl\/blog\/wp-content\/uploads\/2025\/12\/Fotoram.io-2025-12-13T213114.455.jpg\" \/>\n\t<meta property=\"og:image:width\" content=\"1200\" \/>\n\t<meta property=\"og:image:height\" content=\"1200\" \/>\n\t<meta property=\"og:image:type\" content=\"image\/jpeg\" \/>\n<meta name=\"author\" content=\"Julia Gadomska\" \/>\n<meta name=\"twitter:card\" content=\"summary_large_image\" \/>\n<meta name=\"twitter:label1\" content=\"Napisane przez\" \/>\n\t<meta name=\"twitter:data1\" content=\"Julia Gadomska\" \/>\n\t<meta name=\"twitter:label2\" content=\"Szacowany czas czytania\" \/>\n\t<meta name=\"twitter:data2\" content=\"11 minut\" \/>\n<!-- \/ Yoast SEO plugin. -->","yoast_head_json":{"title":"Sale konferencyjne w Krakowie - MiejscaKonferencyjne.pl","description":"Sale konferencyjne w Krakowie - MiejscaKonferencyjne.pl","robots":{"index":"index","follow":"follow","max-snippet":"max-snippet:-1","max-image-preview":"max-image-preview:large","max-video-preview":"max-video-preview:-1"},"canonical":"https:\/\/www.miejscakonferencyjne.pl\/blog\/sale-konferencyjne-w-krakowie\/","og_locale":"pl_PL","og_type":"article","og_title":"Sale konferencyjne w Krakowie - MiejscaKonferencyjne.pl","og_description":"Sale konferencyjne w Krakowie - MiejscaKonferencyjne.pl","og_url":"https:\/\/www.miejscakonferencyjne.pl\/blog\/sale-konferencyjne-w-krakowie\/","og_site_name":"MiejscaKonferencyjne.pl","article_published_time":"2025-12-15T07:00:52+00:00","article_modified_time":"2025-12-16T17:08:53+00:00","og_image":[{"width":1200,"height":1200,"url":"https:\/\/www.miejscakonferencyjne.pl\/blog\/wp-content\/uploads\/2025\/12\/Fotoram.io-2025-12-13T213114.455.jpg","type":"image\/jpeg"}],"author":"Julia Gadomska","twitter_card":"summary_large_image","twitter_misc":{"Napisane przez":"Julia Gadomska","Szacowany czas czytania":"11 minut"},"schema":{"@context":"https:\/\/schema.org","@graph":[{"@type":["Article","BlogPosting"],"@id":"https:\/\/www.miejscakonferencyjne.pl\/blog\/sale-konferencyjne-w-krakowie\/#article","isPartOf":{"@id":"https:\/\/www.miejscakonferencyjne.pl\/blog\/sale-konferencyjne-w-krakowie\/"},"author":{"name":"Julia Gadomska","@id":"https:\/\/www.miejscakonferencyjne.pl\/blog\/#\/schema\/person\/cf20a07285a954885a2d455e181a77b5"},"headline":"Sale konferencyjne w Krakowie","datePublished":"2025-12-15T07:00:52+00:00","dateModified":"2025-12-16T17:08:53+00:00","mainEntityOfPage":{"@id":"https:\/\/www.miejscakonferencyjne.pl\/blog\/sale-konferencyjne-w-krakowie\/"},"wordCount":1437,"publisher":{"@id":"https:\/\/www.miejscakonferencyjne.pl\/blog\/#organization"},"image":{"@id":"https:\/\/www.miejscakonferencyjne.pl\/blog\/sale-konferencyjne-w-krakowie\/#primaryimage"},"thumbnailUrl":"https:\/\/www.miejscakonferencyjne.pl\/blog\/wp-content\/uploads\/2025\/12\/Fotoram.io-2025-12-13T213114.455.jpg","keywords":["centra konferencyjne Krak\u00f3w","konferencje i szkolenia Krak\u00f3w","organizacja wydarze\u0144 Krak\u00f3w","sale konferencyjne Krak\u00f3w"],"articleSection":["Organizacja konferencji"],"inLanguage":"pl-PL"},{"@type":"WebPage","@id":"https:\/\/www.miejscakonferencyjne.pl\/blog\/sale-konferencyjne-w-krakowie\/","url":"https:\/\/www.miejscakonferencyjne.pl\/blog\/sale-konferencyjne-w-krakowie\/","name":"Sale konferencyjne w Krakowie - MiejscaKonferencyjne.pl","isPartOf":{"@id":"https:\/\/www.miejscakonferencyjne.pl\/blog\/#website"},"primaryImageOfPage":{"@id":"https:\/\/www.miejscakonferencyjne.pl\/blog\/sale-konferencyjne-w-krakowie\/#primaryimage"},"image":{"@id":"https:\/\/www.miejscakonferencyjne.pl\/blog\/sale-konferencyjne-w-krakowie\/#primaryimage"},"thumbnailUrl":"https:\/\/www.miejscakonferencyjne.pl\/blog\/wp-content\/uploads\/2025\/12\/Fotoram.io-2025-12-13T213114.455.jpg","datePublished":"2025-12-15T07:00:52+00:00","dateModified":"2025-12-16T17:08:53+00:00","description":"Sale konferencyjne w Krakowie - MiejscaKonferencyjne.pl","breadcrumb":{"@id":"https:\/\/www.miejscakonferencyjne.pl\/blog\/sale-konferencyjne-w-krakowie\/#breadcrumb"},"inLanguage":"pl-PL","potentialAction":[{"@type":"ReadAction","target":["https:\/\/www.miejscakonferencyjne.pl\/blog\/sale-konferencyjne-w-krakowie\/"]}]},{"@type":"ImageObject","inLanguage":"pl-PL","@id":"https:\/\/www.miejscakonferencyjne.pl\/blog\/sale-konferencyjne-w-krakowie\/#primaryimage","url":"https:\/\/www.miejscakonferencyjne.pl\/blog\/wp-content\/uploads\/2025\/12\/Fotoram.io-2025-12-13T213114.455.jpg","contentUrl":"https:\/\/www.miejscakonferencyjne.pl\/blog\/wp-content\/uploads\/2025\/12\/Fotoram.io-2025-12-13T213114.455.jpg","width":1200,"height":1200,"caption":"Sale konferencyjne w Krakowie"},{"@type":"BreadcrumbList","@id":"https:\/\/www.miejscakonferencyjne.pl\/blog\/sale-konferencyjne-w-krakowie\/#breadcrumb","itemListElement":[{"@type":"ListItem","position":1,"name":"Strona g\u0142\u00f3wna","item":"https:\/\/www.miejscakonferencyjne.pl\/blog\/"},{"@type":"ListItem","position":2,"name":"Sale konferencyjne w Krakowie"}]},{"@type":"WebSite","@id":"https:\/\/www.miejscakonferencyjne.pl\/blog\/#website","url":"https:\/\/www.miejscakonferencyjne.pl\/blog\/","name":"MiejscaKonferencyjne.pl","description":"Dowiedz si\u0119 wszystkiego na temat organizacji konferencji, szkole\u0144 i wydarze\u0144 biznesowych. Komentuj i dziel si\u0119 opini\u0105!","publisher":{"@id":"https:\/\/www.miejscakonferencyjne.pl\/blog\/#organization"},"potentialAction":[{"@type":"SearchAction","target":{"@type":"EntryPoint","urlTemplate":"https:\/\/www.miejscakonferencyjne.pl\/blog\/?s={search_term_string}"},"query-input":{"@type":"PropertyValueSpecification","valueRequired":true,"valueName":"search_term_string"}}],"inLanguage":"pl-PL"},{"@type":"Organization","@id":"https:\/\/www.miejscakonferencyjne.pl\/blog\/#organization","name":"MiejscaKonferencyjne.pl","url":"https:\/\/www.miejscakonferencyjne.pl\/blog\/","logo":{"@type":"ImageObject","inLanguage":"pl-PL","@id":"https:\/\/www.miejscakonferencyjne.pl\/blog\/#\/schema\/logo\/image\/","url":"https:\/\/www.miejscakonferencyjne.pl\/blog\/wp-content\/uploads\/2019\/12\/logo-white.png","contentUrl":"https:\/\/www.miejscakonferencyjne.pl\/blog\/wp-content\/uploads\/2019\/12\/logo-white.png","width":400,"height":63,"caption":"MiejscaKonferencyjne.pl"},"image":{"@id":"https:\/\/www.miejscakonferencyjne.pl\/blog\/#\/schema\/logo\/image\/"}},{"@type":"Person","@id":"https:\/\/www.miejscakonferencyjne.pl\/blog\/#\/schema\/person\/cf20a07285a954885a2d455e181a77b5","name":"Julia Gadomska","url":"https:\/\/www.miejscakonferencyjne.pl\/blog\/author\/jgadomska\/"}]}},"_links":{"self":[{"href":"https:\/\/www.miejscakonferencyjne.pl\/blog\/wp-json\/wp\/v2\/posts\/4067","targetHints":{"allow":["GET"]}}],"collection":[{"href":"https:\/\/www.miejscakonferencyjne.pl\/blog\/wp-json\/wp\/v2\/posts"}],"about":[{"href":"https:\/\/www.miejscakonferencyjne.pl\/blog\/wp-json\/wp\/v2\/types\/post"}],"author":[{"embeddable":true,"href":"https:\/\/www.miejscakonferencyjne.pl\/blog\/wp-json\/wp\/v2\/users\/14"}],"replies":[{"embeddable":true,"href":"https:\/\/www.miejscakonferencyjne.pl\/blog\/wp-json\/wp\/v2\/comments?post=4067"}],"version-history":[{"count":11,"href":"https:\/\/www.miejscakonferencyjne.pl\/blog\/wp-json\/wp\/v2\/posts\/4067\/revisions"}],"predecessor-version":[{"id":4092,"href":"https:\/\/www.miejscakonferencyjne.pl\/blog\/wp-json\/wp\/v2\/posts\/4067\/revisions\/4092"}],"wp:featuredmedia":[{"embeddable":true,"href":"https:\/\/www.miejscakonferencyjne.pl\/blog\/wp-json\/wp\/v2\/media\/4083"}],"wp:attachment":[{"href":"https:\/\/www.miejscakonferencyjne.pl\/blog\/wp-json\/wp\/v2\/media?parent=4067"}],"wp:term":[{"taxonomy":"category","embeddable":true,"href":"https:\/\/www.miejscakonferencyjne.pl\/blog\/wp-json\/wp\/v2\/categories?post=4067"},{"taxonomy":"post_tag","embeddable":true,"href":"https:\/\/www.miejscakonferencyjne.pl\/blog\/wp-json\/wp\/v2\/tags?post=4067"}],"curies":[{"name":"wp","href":"https:\/\/api.w.org\/{rel}","templated":true}]}}