{"id":3958,"date":"2025-10-24T09:00:40","date_gmt":"2025-10-24T07:00:40","guid":{"rendered":"https:\/\/www.miejscakonferencyjne.pl\/blog\/?p=3958"},"modified":"2025-11-26T14:39:09","modified_gmt":"2025-11-26T12:39:09","slug":"najlepsze-miejsca-na-konferencje-na-dolnym-slasku","status":"publish","type":"post","link":"https:\/\/www.miejscakonferencyjne.pl\/blog\/najlepsze-miejsca-na-konferencje-na-dolnym-slasku\/","title":{"rendered":"Najlepsze miejsca na konferencje na Dolnym \u015al\u0105sku"},"content":{"rendered":"<p>Planujesz konferencj\u0119 na Dolnym \u015al\u0105sku? Bez wzgl\u0119du na to, czy organizujesz kameralne szkolenie, czy du\u017ce spotkanie biznesowe<strong>. <a href=\"https:\/\/www.miejscakonferencyjne.pl\/wojewodztwo\/sale-konferencyjne-dolnoslaskie\">Dolny \u015al\u0105sk<\/a><\/strong> oferuje miejsca, kt\u00f3re \u0142\u0105cz\u0105 komfort, profesjonalne zaplecze i inspiruj\u0105c\u0105 atmosfer\u0119.<strong> W tym artykule przedstawiamy najlepsze miejsca na konferencje, kt\u00f3re warto rozwa\u017cy\u0107, planuj\u0105c wydarzenie w tym regionie.<\/strong><\/p>\n<h2><a href=\"https:\/\/www.miejscakonferencyjne.pl\/jelenia-gora\/osada-sniezka\">Osada \u015anie\u017cka<\/a><\/h2>\n<p>Pierwsz\u0105 propozycj\u0105 jest Osada \u015anie\u017cka. Jest to kompleks w Karkonoszach, kt\u00f3ry oferuje komfortowe noclegi w po\u0142\u0105czeniu profesjonaln\u0105 przestrzeni\u0105 konferencyjn\u0105. Obiekt zapewnia <strong>1100 miejsc noclegowych<\/strong> w pokojach hotelowych i apartamentach oraz <strong>sal\u0119 g\u0142\u00f3wn\u0105 300 m\u00b2<\/strong> z mo\u017cliwo\u015bci\u0105 podzia\u0142u na mniejsze sale. W sk\u0142ad centrum konferencyjnego wchodz\u0105 te\u017c <strong>dodatkowe dwie sale po 100 m\u00b2<\/strong>.<\/p>\n<p>Obiekt posiada<strong> rozleg\u0142y teren 7 ha<\/strong>, idealny na wydarzenia plenerowe, a wszystkie sale s\u0105 klimatyzowane i wyposa\u017cone w sprz\u0119t multimedialny. Go\u015bcie mog\u0105 korzysta\u0107 z <strong>restauracji, strefy wellness z basenem, saunami i jacuzzi<\/strong>, strefy Woodhill oraz wypo\u017cyczalni rower\u00f3w. Osada \u015anie\u017cka to doskona\u0142e miejsce na konferencje, szkolenia i imprezy integracyjne w g\u00f3rskiej scenerii.<\/p>\n<p><img loading=\"lazy\" decoding=\"async\" class=\"alignnone size-medium wp-image-3960\" src=\"https:\/\/www.miejscakonferencyjne.pl\/blog\/wp-content\/uploads\/2025\/10\/osada-sala-konferencyjna-matimedia-008-1200x_-1000x667.jpg\" alt=\"\" width=\"1000\" height=\"667\" srcset=\"https:\/\/www.miejscakonferencyjne.pl\/blog\/wp-content\/uploads\/2025\/10\/osada-sala-konferencyjna-matimedia-008-1200x_-1000x667.jpg 1000w, https:\/\/www.miejscakonferencyjne.pl\/blog\/wp-content\/uploads\/2025\/10\/osada-sala-konferencyjna-matimedia-008-1200x_-768x512.jpg 768w, https:\/\/www.miejscakonferencyjne.pl\/blog\/wp-content\/uploads\/2025\/10\/osada-sala-konferencyjna-matimedia-008-1200x_-706x471.jpg 706w, https:\/\/www.miejscakonferencyjne.pl\/blog\/wp-content\/uploads\/2025\/10\/osada-sala-konferencyjna-matimedia-008-1200x_.jpg 1200w\" sizes=\"auto, (max-width: 1000px) 100vw, 1000px\" \/><\/p>\n<h2><a href=\"https:\/\/www.miejscakonferencyjne.pl\/swieradow-zdroj\/element-hotel-spa\">Elements Hotel &amp; Spa \u015awierad\u00f3w-Zdr\u00f3j<\/a><\/h2>\n<p>Kolejn\u0105 propozycj\u0119 stanowi Elements Hotel &amp; Spa w \u015awieradowie-Zdroju. Jest to nowoczesny hotel po\u0142o\u017cony blisko granic Czech i Niemiec oraz Karkonoszy. Oferuje <strong>291 klimatyzowanych pokoi i apartament\u00f3w<\/strong> z szybkim internetem oraz wygodnymi stanowiskami pracy. Do dyspozycji go\u015bci jest <strong>pi\u0119\u0107 sal konferencyjnych dla 12\u2013250 os\u00f3b.<\/strong> Dzia\u0142a r\u00f3wnie\u017c\u00a0<strong>restauracja Elements<\/strong> serwuj\u0105ca kuchni\u0119 polsk\u0105 i mi\u0119dzynarodow\u0105 ora<strong>z Lobby Bar Forum<\/strong>.<\/p>\n<p>Hotel zapewnia tak\u017ce stref\u0119 wellness, SENSUS SPA, baseny, jacuzzi, kompleks saun, si\u0142owni\u0119 COLLOSEUM oraz wypo\u017cyczalni\u0119 rower\u00f3w. Blisko\u015b\u0107 <strong>o\u015brodk\u00f3w narciarskich Ski&amp;Sun i Polany Jakuszyckiej<\/strong> sprawia, \u017ce jest to idealne miejsce na konferencje na Dolnym \u015al\u0105sku. Pozwala to po\u0142\u0105czy\u0107 prac\u0119 z rozrywk\u0105 dla go\u015bci biznesowych.<\/p>\n<p><img loading=\"lazy\" decoding=\"async\" class=\"alignnone size-full wp-image-3961\" src=\"https:\/\/www.miejscakonferencyjne.pl\/blog\/wp-content\/uploads\/2025\/10\/elements-zachod1-716x482-1.jpg\" alt=\"\" width=\"716\" height=\"482\" srcset=\"https:\/\/www.miejscakonferencyjne.pl\/blog\/wp-content\/uploads\/2025\/10\/elements-zachod1-716x482-1.jpg 716w, https:\/\/www.miejscakonferencyjne.pl\/blog\/wp-content\/uploads\/2025\/10\/elements-zachod1-716x482-1-706x475.jpg 706w\" sizes=\"auto, (max-width: 716px) 100vw, 716px\" \/><\/p>\n<h2><a href=\"https:\/\/www.miejscakonferencyjne.pl\/szklarska-poreba\/blue-mountain-resort\">Blue Mountain Resort<\/a><\/h2>\n<p>Nast\u0119pn\u0105 propozycj\u0105 w\u015br\u00f3d miejsc konferencyjnych na Dolnym \u015al\u0105sku <strong>jest Blue Mountain Resort<\/strong> w Szklarskiej Por\u0119bie. To nowoczesny kompleks oferuj\u0105cy <strong>271 przestronnych apartament\u00f3w Suite i Deluxe<\/strong> z panoramicznym widokiem na g\u00f3ry. Obiekt jest idealny zar\u00f3wno dla go\u015bci indywidualnych, jak i grup biznesowych \u2013 dysponuje <strong>5 salami konferencyjnymi dla 500 os\u00f3b<\/strong>, wyposa\u017conymi w nowoczesny sprz\u0119t multimedialny i klimatyzacj\u0119.<\/p>\n<p>Go\u015bcie mog\u0105 korzysta\u0107 ze<strong> strefy SPA Beauty i Medi Care, Aquaparku, saunarium, jacuzzi oraz Game Roomu<\/strong>. Apartamenty <strong>zapewniaj\u0105 komfortowe warunki do pracy i wypoczynku<\/strong>, z salonem, aneksem kuchennym, balkonem, internetem i telewizorem. <strong>Restauracja<\/strong> serwuje dania kuchni polskiej i mi\u0119dzynarodowej.\u00a0 Kompleks oferuje r\u00f3wnie\u017c profesjonaln\u0105 obs\u0142ug\u0119 bankiet\u00f3w, spotka\u0144 biznesowych i imprez integracyjnych.<\/p>\n<p><img loading=\"lazy\" decoding=\"async\" class=\"alignnone size-full wp-image-3962\" src=\"https:\/\/www.miejscakonferencyjne.pl\/blog\/wp-content\/uploads\/2025\/10\/bluebig-matimedia-8-716x482-1.jpg\" alt=\"\" width=\"716\" height=\"482\" srcset=\"https:\/\/www.miejscakonferencyjne.pl\/blog\/wp-content\/uploads\/2025\/10\/bluebig-matimedia-8-716x482-1.jpg 716w, https:\/\/www.miejscakonferencyjne.pl\/blog\/wp-content\/uploads\/2025\/10\/bluebig-matimedia-8-716x482-1-706x475.jpg 706w\" sizes=\"auto, (max-width: 716px) 100vw, 716px\" \/><\/p>\n<h2><a href=\"https:\/\/www.miejscakonferencyjne.pl\/wroclaw\/hotel-gem\">Hotel Gem<\/a><\/h2>\n<p>Warto wspomnie\u0107 r\u00f3wnie\u017c o <strong>Kompleksie GEM<\/strong> w dzielnicy Zacisze we Wroc\u0142awiu. Jest to idealne miejsce na wypoczynek i spotkania biznesowe. Obiekt oferuje<strong> trzygwiazdkowy hotel z 150 miejscami noclegowymi w apartamentach<\/strong> oraz pokojach typu standard i superior, <strong>sale konferencyjne i bankietowe dla 270 os\u00f3b<\/strong> oraz 8 nowoczesnych sal w Inkubatorze Przedsi\u0119biorczo\u015bci E-sportu. Sale s\u0105 klimatyzowane, wyposa\u017cone w sprz\u0119t multimedialny i umo\u017cliwiaj\u0105 organizacj\u0119 konferencji, szkole\u0144 oraz wydarze\u0144 plenerowych.<\/p>\n<p><strong>Go\u015bcie biznesowi\u00a0 mog\u0105 skorzysta\u0107 z Bistro i kawiarni ODRANA<\/strong>, serwuj\u0105cej \u015bniadania, lunche, przerwy kawowe i kolacje. Istnieje r\u00f3wnie\u017c mo\u017cliwo\u015b\u0107 organizacji grill\u00f3w i piknik\u00f3w na terenie zielonym. Na go\u015bci czeka tak\u017ce <strong>bogata oferta sportowo-rekreacyjna<\/strong>: basen, sauna, korty tenisowe, hala sportowa, boiska, sala wielofunkcyjna, Centrum Regeneracji i Fizjoterapii oraz Instytut Wellsense. Obiekt posiada r\u00f3wnie\u017c stacj\u0119 \u0142adowania samochod\u00f3w elektrycznych.<\/p>\n<p><img loading=\"lazy\" decoding=\"async\" class=\"alignnone size-full wp-image-3963\" src=\"https:\/\/www.miejscakonferencyjne.pl\/blog\/wp-content\/uploads\/2025\/10\/inkubator-z-zewnatrz-obiektyw-ultraszerokokatny-716x482-1.jpg\" alt=\"\" width=\"716\" height=\"482\" srcset=\"https:\/\/www.miejscakonferencyjne.pl\/blog\/wp-content\/uploads\/2025\/10\/inkubator-z-zewnatrz-obiektyw-ultraszerokokatny-716x482-1.jpg 716w, https:\/\/www.miejscakonferencyjne.pl\/blog\/wp-content\/uploads\/2025\/10\/inkubator-z-zewnatrz-obiektyw-ultraszerokokatny-716x482-1-706x475.jpg 706w\" sizes=\"auto, (max-width: 716px) 100vw, 716px\" \/><\/p>\n<h2><a href=\"https:\/\/www.miejscakonferencyjne.pl\/karpacz\/hotel-seidorf\">Hotel Seidorf<\/a><\/h2>\n<p>Nast\u0119pn\u0105 propozycj\u0105 jest Hotel Seidorf. Obiekt oferuje <strong>27 luksusowych pokoi i apartament\u00f3w<\/strong> w sze\u015bciu standardach, z balkonami lub tarasami i widokiem na Karkonosze, Kotlin\u0119 Jeleniog\u00f3rsk\u0105 oraz Zalew Sosn\u00f3wka.Hotel dysponuje <strong>trzema salami konferencyjnymi<\/strong> (najwi\u0119ksza \u2013 Szrenica \u2013 dla 40 os\u00f3b) oraz wkr\u00f3tce <strong>kinowo-audytoryjn\u0105 na 130 os\u00f3b<\/strong>, wyposa\u017conymi w projektory, ekrany, nag\u0142o\u015bnienie i internet, idealnymi na szkolenia i spotkania biznesowe.<\/p>\n<p><strong>Restauracja Szyszka<\/strong> serwuje lokalne, sezonowe dania, menu degustacyjne i Wine Pairing. Dodatkowo kompleks SPA &amp; Wellness oferuje sauny, grot\u0119 soln\u0105, baseny wewn\u0119trzne i zewn\u0119trzne z jacuzzi oraz zabiegi piel\u0119gnacyjne i relaksacyjne. <strong>Hotel Seidorf<\/strong> to idealne miejsce na luksusowy wypoczynek, konferencje i spotkania w pi\u0119knej, g\u00f3rskiej scenerii.<\/p>\n<p><img loading=\"lazy\" decoding=\"async\" class=\"alignnone size-full wp-image-3964\" src=\"https:\/\/www.miejscakonferencyjne.pl\/blog\/wp-content\/uploads\/2025\/10\/16723166703208-image001-716x482-1.jpg\" alt=\"\" width=\"716\" height=\"482\" srcset=\"https:\/\/www.miejscakonferencyjne.pl\/blog\/wp-content\/uploads\/2025\/10\/16723166703208-image001-716x482-1.jpg 716w, https:\/\/www.miejscakonferencyjne.pl\/blog\/wp-content\/uploads\/2025\/10\/16723166703208-image001-716x482-1-706x475.jpg 706w\" sizes=\"auto, (max-width: 716px) 100vw, 716px\" \/><\/p>\n<h2><a href=\"https:\/\/www.miejscakonferencyjne.pl\/swieradow-zdroj\/hotel-buczynski-medical-spa\">Hotel Buczy\u0144ski Medical &amp; Spa<\/a><\/h2>\n<p>Na li\u015bcie znalaz\u0142 si\u0119 tak\u017ce <strong>Hotel Buczy\u0144ski Medical &amp; Spa<\/strong>. Hotel po\u0142o\u017cony w malowniczej okolicy \u015awieradowa-Zdroju, <strong>oferuje 220 komfortowych miejsc noclegowych<\/strong> w pokojach, apartamentach i pokojach Suite. Do dyspozycji go\u015bci jest <strong>sala konferencyjna na 90 os\u00f3b<\/strong>, wyposa\u017cona w projektor, flipchart, nag\u0142o\u015bnienie i Wi-Fi. Istnieje r\u00f3wnie\u017c mo\u017cliwo\u015b\u0107 organizacji imprez integracyjnych i okoliczno\u015bciowych.<\/p>\n<p><strong>Restauracja<\/strong> serwuje dania tradycyjne, nowoczesne i wegetaria\u0144skie. Natomiast <strong>kompleks Wellness &amp; SPA<\/strong> obejmuje basen, sauny, masa\u017ce, k\u0105piele SPA i borowinowe. Na terenie hotelu dost\u0119pny jest <strong>bar i parking<\/strong>. Hotel \u0142\u0105czy komfort nocleg\u00f3w, profesjonaln\u0105 obs\u0142ug\u0119 biznesow\u0105 i relaks w g\u00f3rskim otoczeniu.<\/p>\n<p><img loading=\"lazy\" decoding=\"async\" class=\"alignnone size-full wp-image-3965\" src=\"https:\/\/www.miejscakonferencyjne.pl\/blog\/wp-content\/uploads\/2025\/10\/dji-0619-pano-2-716x482-1.jpg\" alt=\"\" width=\"716\" height=\"482\" srcset=\"https:\/\/www.miejscakonferencyjne.pl\/blog\/wp-content\/uploads\/2025\/10\/dji-0619-pano-2-716x482-1.jpg 716w, https:\/\/www.miejscakonferencyjne.pl\/blog\/wp-content\/uploads\/2025\/10\/dji-0619-pano-2-716x482-1-706x475.jpg 706w\" sizes=\"auto, (max-width: 716px) 100vw, 716px\" \/><\/p>\n<h2><a href=\"https:\/\/www.miejscakonferencyjne.pl\/bielawa\/hotel-debowy-biowellness-spa\">Hotel D\u0119bowy Biowellness &amp; SPA<\/a><\/h2>\n<p>Nast\u0119pny obiekt, godny uwagi to <strong>hotel D\u0119bowy Biowellness &amp; SPA<\/strong>. Po\u0142o\u017cony u podn\u00f3\u017ca G\u00f3r Sowich, oferuje<strong> 33 komfortowe pokoje<\/strong> w Pa\u0142acu D\u0119bowym, Rezydencji D\u0119bowej oraz 2 apartamenty w Willi D\u0119bowej. <strong>Restauracja Tkalnia<\/strong> serwuje dania przygotowane z lokalnych, sezonowych produkt\u00f3w. Go\u015bcie mog\u0105 korzysta\u0107 r\u00f3wnie\u017c z innowacyjnego<strong> senseSPA<\/strong> i <strong>zewn\u0119trznej strefy Biowellness<\/strong> z saun\u0105, t\u0119\u017cni\u0105 solankow\u0105 i biostawem k\u0105pielowym.<\/p>\n<p>Hotel dysponuje <strong>klimatyzowanymi salami konferencyjno-bankietowymi dla 200 os\u00f3b<\/strong>, wyposa\u017conymi w projektor, rzutnik, nag\u0142o\u015bnienie i dost\u0119p do Internetu.<strong> Du\u017cy park i Domek Parkowy<\/strong> umo\u017cliwiaj\u0105 organizacj\u0119 integracji plenerowych i mniej formalnych kolacji. <strong>Hotel D\u0119bowy Biowellness &amp; SPA <\/strong>zapewnia komfort nocleg\u00f3w, wykwintn\u0105 kuchni\u0119, relaks w SPA i liczne mo\u017cliwo\u015bci organizacji event\u00f3w biznesowych oraz imprez okoliczno\u015bciowych.<\/p>\n<p><img loading=\"lazy\" decoding=\"async\" class=\"alignnone size-full wp-image-3966\" src=\"https:\/\/www.miejscakonferencyjne.pl\/blog\/wp-content\/uploads\/2025\/10\/rezydencja-debowa-z-zewnatrz1-716x482-1.jpg\" alt=\"\" width=\"716\" height=\"482\" srcset=\"https:\/\/www.miejscakonferencyjne.pl\/blog\/wp-content\/uploads\/2025\/10\/rezydencja-debowa-z-zewnatrz1-716x482-1.jpg 716w, https:\/\/www.miejscakonferencyjne.pl\/blog\/wp-content\/uploads\/2025\/10\/rezydencja-debowa-z-zewnatrz1-716x482-1-706x475.jpg 706w\" sizes=\"auto, (max-width: 716px) 100vw, 716px\" \/><\/p>\n<h2><a href=\"https:\/\/www.miejscakonferencyjne.pl\/walbrzych\/fregata-lake-club-sloneczna-dom-nad-jeziorem\">Fregata Lake Club &#8211; S\u0142oneczna Dom nad Jeziorem<\/a><\/h2>\n<p><strong>S\u0142oneczna Dom nad Jeziorem<\/strong> to urokliwa rezydencja po\u0142o\u017cona bezpo\u015brednio nad brzegiem Jeziora Bystrzyckiego, zaledwie 800 m od przystani Fregata. Obiekt oferuje <strong>komfortowe zakwaterowanie dla 12\u201315 os\u00f3b w 6 przestronnych sypialniach<\/strong> i 3 eleganckich \u0142azienkach, a tak\u017ce przytulny salon z kominkiem, og\u00f3lnodost\u0119pn\u0105 kuchni\u0119 oraz taras z widokiem na jezioro.<\/p>\n<p>Do dyspozycji go\u015bci jest <strong>profesjonalna sala konferencyjna<\/strong> z projektorem, nag\u0142o\u015bnieniem, klimatyzacj\u0105 z aromaterapi\u0105 i podgrzewan\u0105 pod\u0142og\u0105. Obiekt zapewnia tak\u017ce<strong> ogrodzony ogr\u00f3d z bezpo\u015brednim wyj\u015bciem na pla\u017c\u0119, <\/strong>a tak\u017ce mo\u017cliwo\u015b\u0107 korzystania z balii. Go\u015bcie biznesowi mog\u0105 skorzysta\u0107 z opcji <strong>cateringu z restauracji Fregata<\/strong>. S\u0142oneczna Dom nad Jeziorem oferuje komfort noclegu, wyj\u0105tkowe widoki i dost\u0119p do przyrody, tworz\u0105c idealne miejsce na wakacje, spotkania rodzinne czy wydarzenia biznesowe.<\/p>\n<p><img loading=\"lazy\" decoding=\"async\" class=\"alignnone size-full wp-image-3967\" src=\"https:\/\/www.miejscakonferencyjne.pl\/blog\/wp-content\/uploads\/2025\/10\/img-20200603-wa0006-716x482-1.jpg\" alt=\"\" width=\"716\" height=\"482\" srcset=\"https:\/\/www.miejscakonferencyjne.pl\/blog\/wp-content\/uploads\/2025\/10\/img-20200603-wa0006-716x482-1.jpg 716w, https:\/\/www.miejscakonferencyjne.pl\/blog\/wp-content\/uploads\/2025\/10\/img-20200603-wa0006-716x482-1-706x475.jpg 706w\" sizes=\"auto, (max-width: 716px) 100vw, 716px\" \/><\/p>\n<h2><a href=\"https:\/\/www.miejscakonferencyjne.pl\/wroclaw\/hotel-hp-park-plaza-wroclaw\">Hotel HP Park Plaza Wroc\u0142aw<\/a><\/h2>\n<p>Kolejnym obiektem jest <strong>Hotel HP Park Plaza<\/strong> po\u0142o\u017cony w centrum Wroc\u0142awia, zaledwie 10 minut spacerem od Rynku G\u0142\u00f3wnego. Obiekt oferuje <strong>177 komfortowych pokoi<\/strong> z klimatyzacj\u0105, szybkim Internetem oraz widokiem na panoram\u0119 miasta i Ostr\u00f3w Tumski. Obiekt dysponuje <strong>7 nowoczesnymi salami konferencyjnymi (45\u2013280 m\u00b2)<\/strong> z pe\u0142nym wyposa\u017ceniem multimedialnym, idealnymi do organizacji szkole\u0144, konferencji i bankiet\u00f3w dla 30\u2013180 uczestnik\u00f3w.<\/p>\n<p><strong>Restauracja Panorama<\/strong> serwuje dania kuchni europejskiej z lokalnych sk\u0142adnik\u00f3w, oferuj\u0105c \u015bniadania, lunche biznesowe oraz menu wegetaria\u0144skie i bezglutenowe. Go\u015bcie mog\u0105 korzysta\u0107 z letniego tarasu, gabinetu odnowy biologicznej z masa\u017cami, sauny, si\u0142owni oraz <strong>parkingu naziemnego i gara\u017cu podziemnego na ok.<\/strong> 110 miejsc. Hotel zapewnia<strong> komfortowy pobyt zar\u00f3wno go\u015bciom biznesowym<\/strong>, jak i indywidualnym. Obiekt zapewnia tak\u017ce dodatkowe udogodnienia takie jak pobyt ze zwierz\u0119tami, room service, sejf w pokoju, szybki Internet 400 mbps.<\/p>\n<p><img loading=\"lazy\" decoding=\"async\" class=\"alignnone size-full wp-image-3968\" src=\"https:\/\/www.miejscakonferencyjne.pl\/blog\/wp-content\/uploads\/2025\/10\/sala-konferencyjna-wroclaw-centrum-716x482-2.jpg\" alt=\"\" width=\"716\" height=\"482\" srcset=\"https:\/\/www.miejscakonferencyjne.pl\/blog\/wp-content\/uploads\/2025\/10\/sala-konferencyjna-wroclaw-centrum-716x482-2.jpg 716w, https:\/\/www.miejscakonferencyjne.pl\/blog\/wp-content\/uploads\/2025\/10\/sala-konferencyjna-wroclaw-centrum-716x482-2-706x475.jpg 706w\" sizes=\"auto, (max-width: 716px) 100vw, 716px\" \/><\/p>\n<h1 class=\"object-page-info__title\"><a href=\"https:\/\/www.miejscakonferencyjne.pl\/wroclaw\/hotel-tumski\">Hotel Tumski<\/a><\/h1>\n<p>Po\u0142o\u017cony w centrum Wroc\u0142awia, <strong>Hotel Tumski <\/strong>to idealne miejsce zar\u00f3wno na wypoczynek, jak i na spotkania biznesowe. Go\u015bcie maj\u0105 do dyspozycji<strong> 57 eleganckich pokoi i apartament\u00f3w<\/strong> z pe\u0142nym wyposa\u017ceniem. Hotel zapewnia a\u017c 103 miejsca noclegowe. Obiekt oferuje tak\u017ce <strong>nowoczesne zaplecze konferencyjne z dwiema stylowymi salami \u2013 Kominkow\u0105 i Czarn\u0105<\/strong>. Sale wyposa\u017cono w profesjonalny sprz\u0119t audiowizualny i dost\u0119p do Internetu. Obs\u0142uga zapewnia pe\u0142ne wsparcie techniczne i cateringowe.<\/p>\n<p>Na terenie hotelu dzia\u0142aj\u0105<strong> dwie restauracje \u2013 staropolska Karczma M\u0142y\u0144ska i \u015br\u00f3dziemnomorska Blue Marin na Barce Tumskiej. <\/strong>Na miejscu dzia\u0142a tak\u017ce\u00a0<strong>klimatyczny Pub Tawerna.<\/strong> Wysoki standard us\u0142ug, rodzinna atmosfera i doskona\u0142a lokalizacja sprawiaj\u0105, \u017ce to jedno z najlepszych miejsc na konferencje i pobyt we Wroc\u0142awiu.<\/p>\n<p><img loading=\"lazy\" decoding=\"async\" class=\"alignnone size-medium wp-image-3977\" src=\"https:\/\/www.miejscakonferencyjne.pl\/blog\/wp-content\/uploads\/2025\/10\/552427c109ca3obiekt-1200x_-1-1000x654.jpg\" alt=\"\" width=\"1000\" height=\"654\" srcset=\"https:\/\/www.miejscakonferencyjne.pl\/blog\/wp-content\/uploads\/2025\/10\/552427c109ca3obiekt-1200x_-1-1000x654.jpg 1000w, https:\/\/www.miejscakonferencyjne.pl\/blog\/wp-content\/uploads\/2025\/10\/552427c109ca3obiekt-1200x_-1-768x502.jpg 768w, https:\/\/www.miejscakonferencyjne.pl\/blog\/wp-content\/uploads\/2025\/10\/552427c109ca3obiekt-1200x_-1-706x462.jpg 706w, https:\/\/www.miejscakonferencyjne.pl\/blog\/wp-content\/uploads\/2025\/10\/552427c109ca3obiekt-1200x_-1.jpg 1200w\" sizes=\"auto, (max-width: 1000px) 100vw, 1000px\" \/><\/p>\n<p><strong>Dolny \u015al\u0105sk to idealne miejsce na konferencje<\/strong> \u2013 pi\u0119kne widoki, nowoczesne sale i komfortowe hotele sprawiaj\u0105, \u017ce ka\u017cde spotkanie biznesowe przebiega sprawnie. Uczestnicy konferencji i spotka\u0144 biznesowych czuj\u0105 si\u0119 dobrze i mile wspominaj\u0105 czas sp\u0119dzony w tym regionie.<\/p>\n","protected":false},"excerpt":{"rendered":"<p>Dolny \u015al\u0105sk to idealne miejsce na konferencj\u0119, oferuj\u0105ce komfort, nowoczesne zaplecze i inspiruj\u0105c\u0105 atmosfer\u0119. Sprawd\u017a, najlepsze miejsca na konferencj\u0119 na Dolnym \u015al\u0105sku. <\/p>\n","protected":false},"author":14,"featured_media":3973,"comment_status":"closed","ping_status":"closed","sticky":false,"template":"","format":"standard","meta":{"_acf_changed":false,"footnotes":""},"categories":[170],"tags":[417,410,379],"class_list":["post-3958","post","type-post","status-publish","format-standard","has-post-thumbnail","hentry","category-organizacja-konferencji","tag-dolny-slask-biznes","tag-konferencje-dolny-slask","tag-sale-konferencyjne-dolny-slask","bwp-masonry-item","bwp-blog-col-3"],"acf":[],"yoast_head":"<!-- This site is optimized with the Yoast SEO plugin v26.8 - https:\/\/yoast.com\/product\/yoast-seo-wordpress\/ -->\n<title>Najlepsze miejsca na konferencje na Dolnym \u015al\u0105sku - MiejscaKonferencyjne.pl<\/title>\n<meta name=\"description\" content=\"Najlepsze miejsca na konferencje na Dolnym \u015al\u0105sku - MiejscaKonferencyjne.pl\" \/>\n<meta name=\"robots\" content=\"index, follow, max-snippet:-1, max-image-preview:large, max-video-preview:-1\" \/>\n<link rel=\"canonical\" href=\"https:\/\/www.miejscakonferencyjne.pl\/blog\/najlepsze-miejsca-na-konferencje-na-dolnym-slasku\/\" \/>\n<meta property=\"og:locale\" content=\"pl_PL\" \/>\n<meta property=\"og:type\" content=\"article\" \/>\n<meta property=\"og:title\" content=\"Najlepsze miejsca na konferencje na Dolnym \u015al\u0105sku - MiejscaKonferencyjne.pl\" \/>\n<meta property=\"og:description\" content=\"Najlepsze miejsca na konferencje na Dolnym \u015al\u0105sku - MiejscaKonferencyjne.pl\" \/>\n<meta property=\"og:url\" content=\"https:\/\/www.miejscakonferencyjne.pl\/blog\/najlepsze-miejsca-na-konferencje-na-dolnym-slasku\/\" \/>\n<meta property=\"og:site_name\" content=\"MiejscaKonferencyjne.pl\" \/>\n<meta property=\"article:published_time\" content=\"2025-10-24T07:00:40+00:00\" \/>\n<meta property=\"article:modified_time\" content=\"2025-11-26T12:39:09+00:00\" \/>\n<meta property=\"og:image\" content=\"https:\/\/www.miejscakonferencyjne.pl\/blog\/wp-content\/uploads\/2025\/10\/Fotoram.io-2025-10-22T111854.706.jpg\" \/>\n\t<meta property=\"og:image:width\" content=\"1200\" \/>\n\t<meta property=\"og:image:height\" content=\"1200\" \/>\n\t<meta property=\"og:image:type\" content=\"image\/jpeg\" \/>\n<meta name=\"author\" content=\"Julia Gadomska\" \/>\n<meta name=\"twitter:card\" content=\"summary_large_image\" \/>\n<meta name=\"twitter:label1\" content=\"Napisane przez\" \/>\n\t<meta name=\"twitter:data1\" content=\"Julia Gadomska\" \/>\n\t<meta name=\"twitter:label2\" content=\"Szacowany czas czytania\" \/>\n\t<meta name=\"twitter:data2\" content=\"10 minut\" \/>\n<!-- \/ Yoast SEO plugin. -->","yoast_head_json":{"title":"Najlepsze miejsca na konferencje na Dolnym \u015al\u0105sku - MiejscaKonferencyjne.pl","description":"Najlepsze miejsca na konferencje na Dolnym \u015al\u0105sku - MiejscaKonferencyjne.pl","robots":{"index":"index","follow":"follow","max-snippet":"max-snippet:-1","max-image-preview":"max-image-preview:large","max-video-preview":"max-video-preview:-1"},"canonical":"https:\/\/www.miejscakonferencyjne.pl\/blog\/najlepsze-miejsca-na-konferencje-na-dolnym-slasku\/","og_locale":"pl_PL","og_type":"article","og_title":"Najlepsze miejsca na konferencje na Dolnym \u015al\u0105sku - MiejscaKonferencyjne.pl","og_description":"Najlepsze miejsca na konferencje na Dolnym \u015al\u0105sku - MiejscaKonferencyjne.pl","og_url":"https:\/\/www.miejscakonferencyjne.pl\/blog\/najlepsze-miejsca-na-konferencje-na-dolnym-slasku\/","og_site_name":"MiejscaKonferencyjne.pl","article_published_time":"2025-10-24T07:00:40+00:00","article_modified_time":"2025-11-26T12:39:09+00:00","og_image":[{"width":1200,"height":1200,"url":"https:\/\/www.miejscakonferencyjne.pl\/blog\/wp-content\/uploads\/2025\/10\/Fotoram.io-2025-10-22T111854.706.jpg","type":"image\/jpeg"}],"author":"Julia Gadomska","twitter_card":"summary_large_image","twitter_misc":{"Napisane przez":"Julia Gadomska","Szacowany czas czytania":"10 minut"},"schema":{"@context":"https:\/\/schema.org","@graph":[{"@type":["Article","BlogPosting"],"@id":"https:\/\/www.miejscakonferencyjne.pl\/blog\/najlepsze-miejsca-na-konferencje-na-dolnym-slasku\/#article","isPartOf":{"@id":"https:\/\/www.miejscakonferencyjne.pl\/blog\/najlepsze-miejsca-na-konferencje-na-dolnym-slasku\/"},"author":{"name":"Julia Gadomska","@id":"https:\/\/www.miejscakonferencyjne.pl\/blog\/#\/schema\/person\/cf20a07285a954885a2d455e181a77b5"},"headline":"Najlepsze miejsca na konferencje na Dolnym \u015al\u0105sku","datePublished":"2025-10-24T07:00:40+00:00","dateModified":"2025-11-26T12:39:09+00:00","mainEntityOfPage":{"@id":"https:\/\/www.miejscakonferencyjne.pl\/blog\/najlepsze-miejsca-na-konferencje-na-dolnym-slasku\/"},"wordCount":1404,"publisher":{"@id":"https:\/\/www.miejscakonferencyjne.pl\/blog\/#organization"},"image":{"@id":"https:\/\/www.miejscakonferencyjne.pl\/blog\/najlepsze-miejsca-na-konferencje-na-dolnym-slasku\/#primaryimage"},"thumbnailUrl":"https:\/\/www.miejscakonferencyjne.pl\/blog\/wp-content\/uploads\/2025\/10\/Fotoram.io-2025-10-22T111854.706.jpg","keywords":["Dolny \u015al\u0105sk biznes.","konferencje Dolny \u015al\u0105sk","sale konferencyjne Dolny \u015al\u0105sk"],"articleSection":["Organizacja konferencji"],"inLanguage":"pl-PL"},{"@type":"WebPage","@id":"https:\/\/www.miejscakonferencyjne.pl\/blog\/najlepsze-miejsca-na-konferencje-na-dolnym-slasku\/","url":"https:\/\/www.miejscakonferencyjne.pl\/blog\/najlepsze-miejsca-na-konferencje-na-dolnym-slasku\/","name":"Najlepsze miejsca na konferencje na Dolnym \u015al\u0105sku - MiejscaKonferencyjne.pl","isPartOf":{"@id":"https:\/\/www.miejscakonferencyjne.pl\/blog\/#website"},"primaryImageOfPage":{"@id":"https:\/\/www.miejscakonferencyjne.pl\/blog\/najlepsze-miejsca-na-konferencje-na-dolnym-slasku\/#primaryimage"},"image":{"@id":"https:\/\/www.miejscakonferencyjne.pl\/blog\/najlepsze-miejsca-na-konferencje-na-dolnym-slasku\/#primaryimage"},"thumbnailUrl":"https:\/\/www.miejscakonferencyjne.pl\/blog\/wp-content\/uploads\/2025\/10\/Fotoram.io-2025-10-22T111854.706.jpg","datePublished":"2025-10-24T07:00:40+00:00","dateModified":"2025-11-26T12:39:09+00:00","description":"Najlepsze miejsca na konferencje na Dolnym \u015al\u0105sku - MiejscaKonferencyjne.pl","breadcrumb":{"@id":"https:\/\/www.miejscakonferencyjne.pl\/blog\/najlepsze-miejsca-na-konferencje-na-dolnym-slasku\/#breadcrumb"},"inLanguage":"pl-PL","potentialAction":[{"@type":"ReadAction","target":["https:\/\/www.miejscakonferencyjne.pl\/blog\/najlepsze-miejsca-na-konferencje-na-dolnym-slasku\/"]}]},{"@type":"ImageObject","inLanguage":"pl-PL","@id":"https:\/\/www.miejscakonferencyjne.pl\/blog\/najlepsze-miejsca-na-konferencje-na-dolnym-slasku\/#primaryimage","url":"https:\/\/www.miejscakonferencyjne.pl\/blog\/wp-content\/uploads\/2025\/10\/Fotoram.io-2025-10-22T111854.706.jpg","contentUrl":"https:\/\/www.miejscakonferencyjne.pl\/blog\/wp-content\/uploads\/2025\/10\/Fotoram.io-2025-10-22T111854.706.jpg","width":1200,"height":1200,"caption":"Najlepsze miejsca na konferencje na Dolnym \u015al\u0105sku"},{"@type":"BreadcrumbList","@id":"https:\/\/www.miejscakonferencyjne.pl\/blog\/najlepsze-miejsca-na-konferencje-na-dolnym-slasku\/#breadcrumb","itemListElement":[{"@type":"ListItem","position":1,"name":"Strona g\u0142\u00f3wna","item":"https:\/\/www.miejscakonferencyjne.pl\/blog\/"},{"@type":"ListItem","position":2,"name":"Najlepsze miejsca na konferencje na Dolnym \u015al\u0105sku"}]},{"@type":"WebSite","@id":"https:\/\/www.miejscakonferencyjne.pl\/blog\/#website","url":"https:\/\/www.miejscakonferencyjne.pl\/blog\/","name":"MiejscaKonferencyjne.pl","description":"Dowiedz si\u0119 wszystkiego na temat organizacji konferencji, szkole\u0144 i wydarze\u0144 biznesowych. Komentuj i dziel si\u0119 opini\u0105!","publisher":{"@id":"https:\/\/www.miejscakonferencyjne.pl\/blog\/#organization"},"potentialAction":[{"@type":"SearchAction","target":{"@type":"EntryPoint","urlTemplate":"https:\/\/www.miejscakonferencyjne.pl\/blog\/?s={search_term_string}"},"query-input":{"@type":"PropertyValueSpecification","valueRequired":true,"valueName":"search_term_string"}}],"inLanguage":"pl-PL"},{"@type":"Organization","@id":"https:\/\/www.miejscakonferencyjne.pl\/blog\/#organization","name":"MiejscaKonferencyjne.pl","url":"https:\/\/www.miejscakonferencyjne.pl\/blog\/","logo":{"@type":"ImageObject","inLanguage":"pl-PL","@id":"https:\/\/www.miejscakonferencyjne.pl\/blog\/#\/schema\/logo\/image\/","url":"https:\/\/www.miejscakonferencyjne.pl\/blog\/wp-content\/uploads\/2019\/12\/logo-white.png","contentUrl":"https:\/\/www.miejscakonferencyjne.pl\/blog\/wp-content\/uploads\/2019\/12\/logo-white.png","width":400,"height":63,"caption":"MiejscaKonferencyjne.pl"},"image":{"@id":"https:\/\/www.miejscakonferencyjne.pl\/blog\/#\/schema\/logo\/image\/"}},{"@type":"Person","@id":"https:\/\/www.miejscakonferencyjne.pl\/blog\/#\/schema\/person\/cf20a07285a954885a2d455e181a77b5","name":"Julia Gadomska","url":"https:\/\/www.miejscakonferencyjne.pl\/blog\/author\/jgadomska\/"}]}},"_links":{"self":[{"href":"https:\/\/www.miejscakonferencyjne.pl\/blog\/wp-json\/wp\/v2\/posts\/3958","targetHints":{"allow":["GET"]}}],"collection":[{"href":"https:\/\/www.miejscakonferencyjne.pl\/blog\/wp-json\/wp\/v2\/posts"}],"about":[{"href":"https:\/\/www.miejscakonferencyjne.pl\/blog\/wp-json\/wp\/v2\/types\/post"}],"author":[{"embeddable":true,"href":"https:\/\/www.miejscakonferencyjne.pl\/blog\/wp-json\/wp\/v2\/users\/14"}],"replies":[{"embeddable":true,"href":"https:\/\/www.miejscakonferencyjne.pl\/blog\/wp-json\/wp\/v2\/comments?post=3958"}],"version-history":[{"count":6,"href":"https:\/\/www.miejscakonferencyjne.pl\/blog\/wp-json\/wp\/v2\/posts\/3958\/revisions"}],"predecessor-version":[{"id":4035,"href":"https:\/\/www.miejscakonferencyjne.pl\/blog\/wp-json\/wp\/v2\/posts\/3958\/revisions\/4035"}],"wp:featuredmedia":[{"embeddable":true,"href":"https:\/\/www.miejscakonferencyjne.pl\/blog\/wp-json\/wp\/v2\/media\/3973"}],"wp:attachment":[{"href":"https:\/\/www.miejscakonferencyjne.pl\/blog\/wp-json\/wp\/v2\/media?parent=3958"}],"wp:term":[{"taxonomy":"category","embeddable":true,"href":"https:\/\/www.miejscakonferencyjne.pl\/blog\/wp-json\/wp\/v2\/categories?post=3958"},{"taxonomy":"post_tag","embeddable":true,"href":"https:\/\/www.miejscakonferencyjne.pl\/blog\/wp-json\/wp\/v2\/tags?post=3958"}],"curies":[{"name":"wp","href":"https:\/\/api.w.org\/{rel}","templated":true}]}}