{"id":3861,"date":"2025-08-26T13:00:09","date_gmt":"2025-08-26T11:00:09","guid":{"rendered":"https:\/\/www.miejscakonferencyjne.pl\/blog\/?p=3861"},"modified":"2025-08-26T13:17:24","modified_gmt":"2025-08-26T11:17:24","slug":"najpiekniejsze-zamki-i-palace-w-polsce-na-konferencje-i-eventy-firmowe","status":"publish","type":"post","link":"https:\/\/www.miejscakonferencyjne.pl\/blog\/najpiekniejsze-zamki-i-palace-w-polsce-na-konferencje-i-eventy-firmowe\/","title":{"rendered":"Najpi\u0119kniejsze zamki i pa\u0142ace w Polsce na konferencje i eventy firmowe"},"content":{"rendered":"<p style=\"text-align: justify;\"><strong>Organizacja konferencji czy spotkania biznesowego w pa\u0142acowych wn\u0119trzach to gwarancja niezapomnianych wra\u017ce\u0144 i presti\u017cowej oprawy wydarzenia. Polska obfituje w historyczne rezydencje. Dzi\u015b wiele z nich pe\u0142ni rol\u0119 nowoczesnych centr\u00f3w konferencyjnych. \u0141\u0105cz\u0105 zabytkowy klimat z najwy\u017cszym standardem obs\u0142ugi. Dlatego Pa\u0142ace w Polsce na konferencje ciesz\u0105 si\u0119 rosn\u0105c\u0105 popularno\u015bci\u0105 w bran\u017cy MICE.<\/strong><\/p>\n<p style=\"text-align: justify;\">Przygotowali\u015bmy zestawienie najpi\u0119kniejszych zamk\u00f3w i pa\u0142ac\u00f3w w Polsce, kt\u00f3re zachwycaj\u0105 architektur\u0105, oferuj\u0105 komfortowe zaplecze noclegowe, wykwintn\u0105 kuchni\u0119 i przestrzenie idealne do organizacji zar\u00f3wno kameralnych spotka\u0144, jak i du\u017cych event\u00f3w firmowych. To w\u0142a\u015bnie<a href=\"https:\/\/www.miejscakonferencyjne.pl\/palace\"> pa\u0142ace w Polsce na konferencje<\/a> staj\u0105 si\u0119 coraz cz\u0119\u015bciej wyborem firm poszukuj\u0105cych presti\u017cu.<\/p>\n<h2 style=\"text-align: justify;\"><a href=\"https:\/\/www.miejscakonferencyjne.pl\/zelechow\/palac-zelechow-spa-wellness\">Pa\u0142ac \u017belech\u00f3w SPA &amp; Wellness<\/a><\/h2>\n<p><img loading=\"lazy\" decoding=\"async\" class=\"alignnone size-full wp-image-3868\" src=\"https:\/\/www.miejscakonferencyjne.pl\/blog\/wp-content\/uploads\/2025\/08\/Palace-w-Polsce-na-konferencje-1.png\" alt=\"\" width=\"758\" height=\"607\" srcset=\"https:\/\/www.miejscakonferencyjne.pl\/blog\/wp-content\/uploads\/2025\/08\/Palace-w-Polsce-na-konferencje-1.png 758w, https:\/\/www.miejscakonferencyjne.pl\/blog\/wp-content\/uploads\/2025\/08\/Palace-w-Polsce-na-konferencje-1-706x565.png 706w\" sizes=\"auto, (max-width: 758px) 100vw, 758px\" \/><\/p>\n<p style=\"text-align: justify;\">Zaledwie 87 km od stolicy znajduje si\u0119 Pa\u0142ac \u017belech\u00f3w SPA &amp; Wellness \u2013 wyj\u0105tkowy obiekt, kt\u00f3ry \u0142\u0105czy klimat XVIII-wiecznej rezydencji z luksusowym hotelem. To miejsce, gdzie historia spotyka si\u0119 z nowoczesno\u015bci\u0105, a ka\u017cde wydarzenie nabiera niepowtarzalnego charakteru.<\/p>\n<p style=\"text-align: justify;\">Na organizator\u00f3w czeka tu<strong> a\u017c 19 sal konferencyjnych (od 24 do 1000 metr\u00f3w kwadratowych)<\/strong>. Obiekt dysponuje tak\u017ce Sal\u0105 Bankietow\u0105 idealn\u0105 na presti\u017cowe gale czy kolacje firmowe. Co wi\u0119cej, sale mo\u017cna \u0142\u0105czy\u0107 i aran\u017cowa\u0107 w wielu konfiguracjach, co daje pe\u0142n\u0105 swobod\u0119 organizacji wydarze\u0144.<\/p>\n<p style=\"text-align: justify;\">Do dyspozycji go\u015bci oddano <strong>119 pokoi w stylu klasycystycznym<\/strong>, kt\u00f3re zapewniaj\u0105 nocleg dla ponad 250 os\u00f3b. Pa\u0142acowa restauracja serwuje zar\u00f3wno tradycyjn\u0105 kuchni\u0119 polsk\u0105, jak i <strong>ekskluzywne steki z wo\u0142owiny Wagyu czy Black Angus<\/strong>. Po intensywnych obradach uczestnicy mog\u0105 zrelaksowa\u0107 si\u0119 w imponuj\u0105cej strefie Wellness &amp; SPA. To strefa z basenem, saunami i gabinetami masa\u017cu lub spr\u00f3bowa\u0107 piw z w\u0142asnego browaru pa\u0142acowego.<\/p>\n<h2 style=\"text-align: justify;\"><a href=\"https:\/\/www.miejscakonferencyjne.pl\/wroclaw\/palac-krobielowice\">Pa\u0142ac Krobielowice<\/a><\/h2>\n<p><img loading=\"lazy\" decoding=\"async\" class=\"alignnone size-full wp-image-3869\" src=\"https:\/\/www.miejscakonferencyjne.pl\/blog\/wp-content\/uploads\/2025\/08\/Palace-w-Polsce-na-konferencje-2.png\" alt=\"\" width=\"794\" height=\"517\" srcset=\"https:\/\/www.miejscakonferencyjne.pl\/blog\/wp-content\/uploads\/2025\/08\/Palace-w-Polsce-na-konferencje-2.png 794w, https:\/\/www.miejscakonferencyjne.pl\/blog\/wp-content\/uploads\/2025\/08\/Palace-w-Polsce-na-konferencje-2-768x500.png 768w, https:\/\/www.miejscakonferencyjne.pl\/blog\/wp-content\/uploads\/2025\/08\/Palace-w-Polsce-na-konferencje-2-706x460.png 706w\" sizes=\"auto, (max-width: 794px) 100vw, 794px\" \/><\/p>\n<p style=\"text-align: justify;\">Tu\u017c obok Wroc\u0142awia mie\u015bci si\u0119 Pa\u0142ac Krobielowice, kt\u00f3rego pocz\u0105tki si\u0119gaj\u0105 XIV wieku, a historia zwi\u0105zana jest m.in. <strong>z Napoleonem Bonaparte<\/strong>. Dzi\u015b ten zabytkowy kompleks oferuje idealne warunki do organizacji konferencji w otoczeniu natury i ciszy Parku Krajobrazowego Doliny Bystrzycy.<\/p>\n<p style=\"text-align: justify;\">W pa\u0142acu znajduje si\u0119<strong> 5 funkcjonalnych sal konferencyjnych dla grup od kilkunastu do 120 os\u00f3b<\/strong>, restauracja serwuj\u0105ca dania kuchni polskiej i mi\u0119dzynarodowej, a tak\u017ce wygodne miejsca noclegowe w pa\u0142acowych apartamentach i Oficynie.<\/p>\n<p style=\"text-align: justify;\">Wyj\u0105tkow\u0105 atrakcj\u0105 jest pa\u0142acowa palarnia kawy \u2013 <strong>Vaile Coffee<\/strong>. Uczestnicy mog\u0105 tam wzi\u0105\u0107 udzia\u0142 w warsztatach kawowych. Ponadto, organizatorzy mog\u0105 zaproponowa\u0107 uczestnikom warsztaty kulinarne, winiarskie czy taneczne.<\/p>\n<h2 style=\"text-align: justify;\"><a href=\"https:\/\/www.miejscakonferencyjne.pl\/jelenia-gora\/palac-wojanow\">Pa\u0142ac Wojan\u00f3w<\/a><\/h2>\n<p><img loading=\"lazy\" decoding=\"async\" class=\"alignnone size-full wp-image-3870\" src=\"https:\/\/www.miejscakonferencyjne.pl\/blog\/wp-content\/uploads\/2025\/08\/Palace-w-Polsce-na-konferencje-4.png\" alt=\"\" width=\"806\" height=\"605\" srcset=\"https:\/\/www.miejscakonferencyjne.pl\/blog\/wp-content\/uploads\/2025\/08\/Palace-w-Polsce-na-konferencje-4.png 806w, https:\/\/www.miejscakonferencyjne.pl\/blog\/wp-content\/uploads\/2025\/08\/Palace-w-Polsce-na-konferencje-4-768x576.png 768w, https:\/\/www.miejscakonferencyjne.pl\/blog\/wp-content\/uploads\/2025\/08\/Palace-w-Polsce-na-konferencje-4-706x530.png 706w\" sizes=\"auto, (max-width: 806px) 100vw, 806px\" \/><\/p>\n<p style=\"text-align: justify;\">Na Dolnym \u015al\u0105sku, w malowniczej Jeleniej G\u00f3rze, znajduje si\u0119 Pa\u0142ac Wojan\u00f3w. <strong>To elegancki kompleks hotelowo-konferencyjny otoczony 16-hektarowym parkiem<\/strong>. Dlatego to doskona\u0142a propozycja dla firm, kt\u00f3re chc\u0105 po\u0142\u0105czy\u0107 biznes z integracj\u0105 w otoczeniu natury. Romantyczna rezydencja dworska by\u0142a zamieszkiwana nieprzerwanie przez ponad 400 lat. Dzi\u015b w jej murach mo\u017cna poczu\u0107 klimat mijanych epok.<\/p>\n<p style=\"text-align: justify;\">Do dyspozycji go\u015bci oddano <strong>5 sal konferencyjnych i bankietowych<\/strong>, kt\u00f3re pomieszcz\u0105 do 200 os\u00f3b, a tak\u017ce 91 stylowych pokoi w pi\u0119ciu budynkach pa\u0142acowego kompleksu.<\/p>\n<p style=\"text-align: justify;\">Uczestnicy wydarze\u0144 mog\u0105 korzysta\u0107 z dw\u00f3ch restauracji. <strong>Pierwsza to Ogrodowa z widokiem na \u015anie\u017ck\u0119. Druga \u2013 Kasztanowa \u2013 mie\u015bci nawet 180 go\u015bci<\/strong>. W wolnym czasie czeka strefa SPA, basen, wypo\u017cyczalnia rower\u00f3w, a tak\u017ce mo\u017cliwo\u015b\u0107 organizacji gier integracyjnych w rozleg\u0142ym parku.<\/p>\n<h2 style=\"text-align: justify;\"><a href=\"https:\/\/www.miejscakonferencyjne.pl\/warszawa\/palacyk-otrebusy\">Pa\u0142acyk Otr\u0119busy<\/a><\/h2>\n<p><img loading=\"lazy\" decoding=\"async\" class=\"alignnone size-full wp-image-3871\" src=\"https:\/\/www.miejscakonferencyjne.pl\/blog\/wp-content\/uploads\/2025\/08\/Palace-w-Polsce-na-konferencje-5.png\" alt=\"\" width=\"969\" height=\"600\" srcset=\"https:\/\/www.miejscakonferencyjne.pl\/blog\/wp-content\/uploads\/2025\/08\/Palace-w-Polsce-na-konferencje-5.png 969w, https:\/\/www.miejscakonferencyjne.pl\/blog\/wp-content\/uploads\/2025\/08\/Palace-w-Polsce-na-konferencje-5-768x476.png 768w, https:\/\/www.miejscakonferencyjne.pl\/blog\/wp-content\/uploads\/2025\/08\/Palace-w-Polsce-na-konferencje-5-706x437.png 706w\" sizes=\"auto, (max-width: 969px) 100vw, 969px\" \/><\/p>\n<p style=\"text-align: justify;\">Pa\u0142acyk Otr\u0119busy znajduje si\u0119 zaledwie <strong>30 minut od centrum Warszawy<\/strong>. To idealne miejsce dla os\u00f3b szukaj\u0105cych pa\u0142acowej elegancji, komfortu i nowoczesnego zaplecza konferencyjnego. Eleganckie zdobienia i stylowe dodatki \u2013 \u017cyrandole czy sztukaterie \u2013 podkre\u015blaj\u0105 charakter miejsca. Dzi\u0119ki nim presti\u017c Pa\u0142acyku Otr\u0119busy jest jeszcze wi\u0119kszy.<\/p>\n<p style=\"text-align: justify;\">Obiekt oferuje<strong> 4 stylowe sale konferencyjne (Mozart, Strauss, Vivaldi i Chopin)<\/strong>, kt\u00f3re mo\u017cna elastycznie aran\u017cowa\u0107. Dodatkowo, Pa\u0142acyk zapewnia 70 miejsc noclegowych i zaplecze rekreacyjne. Jest tu tak\u017ce doskona\u0142a restauracja serwuj\u0105ca kuchni\u0119 staropolsk\u0105 i mi\u0119dzynarodow\u0105.<\/p>\n<p style=\"text-align: justify;\">Pa\u0142acyk wyr\u00f3\u017cnia si\u0119 bogat\u0105 stref\u0105 relaksu \u2013 <strong>basenem, SPA, grot\u0105 soln\u0105 czy ogrodem z altan\u0105<\/strong>. To doskona\u0142a przestrze\u0144 zar\u00f3wno na powa\u017cne spotkania biznesowe, jak i integracje w lu\u017aniejszej atmosferze.<\/p>\n<h2 style=\"text-align: justify;\"><a href=\"https:\/\/www.miejscakonferencyjne.pl\/torun\/palac-widokowy\">Pa\u0142ac Widokowy w Toruniu<\/a><\/h2>\n<p><img loading=\"lazy\" decoding=\"async\" class=\"alignnone size-full wp-image-3872\" src=\"https:\/\/www.miejscakonferencyjne.pl\/blog\/wp-content\/uploads\/2025\/08\/Palace-w-Polsce-na-konferencje-6.png\" alt=\"\" width=\"986\" height=\"548\" srcset=\"https:\/\/www.miejscakonferencyjne.pl\/blog\/wp-content\/uploads\/2025\/08\/Palace-w-Polsce-na-konferencje-6.png 986w, https:\/\/www.miejscakonferencyjne.pl\/blog\/wp-content\/uploads\/2025\/08\/Palace-w-Polsce-na-konferencje-6-768x427.png 768w, https:\/\/www.miejscakonferencyjne.pl\/blog\/wp-content\/uploads\/2025\/08\/Palace-w-Polsce-na-konferencje-6-706x392.png 706w\" sizes=\"auto, (max-width: 986px) 100vw, 986px\" \/><\/p>\n<p style=\"text-align: justify;\">Po\u0142o\u017cony na wyspie w centrum Torunia, <strong>w otoczeniu Wis\u0142y i teren\u00f3w Natura 2000,<\/strong> Pa\u0142ac Widokowy \u0142\u0105czy pa\u0142acowy szyk z codzienn\u0105 swobod\u0105. To unikalne miejsce na konferencje i bankiety, kt\u00f3re wyr\u00f3\u017cnia si\u0119 lokalizacj\u0105 i wyj\u0105tkow\u0105 atmosfer\u0105.<\/p>\n<p style=\"text-align: justify;\">Do dyspozycji organizator\u00f3w s\u0105 <strong>3 eleganckie sale konferencyjne o \u0142\u0105cznej powierzchni ponad 500 metr\u00f3w kwadratowych,<\/strong> kt\u00f3re mog\u0105 pomie\u015bci\u0107 do 200 os\u00f3b. Restauracja na pierwszym pi\u0119trze zachwyca widokiem na toru\u0144sk\u0105 star\u00f3wk\u0119, a w przerwie w obradach mo\u017cna zorganizowa\u0107 rejs po Wi\u015ble z flisakami lub przejazd meleksami po mie\u015bcie.<\/p>\n<h2 style=\"text-align: justify;\"><a href=\"https:\/\/www.miejscakonferencyjne.pl\/wasowo\/palac-wasowo\">Pa\u0142ac W\u0105sowo<\/a><\/h2>\n<p><img loading=\"lazy\" decoding=\"async\" class=\"alignnone size-full wp-image-3873\" src=\"https:\/\/www.miejscakonferencyjne.pl\/blog\/wp-content\/uploads\/2025\/08\/Palace-w-Polsce-na-konferencje-7.png\" alt=\"\" width=\"904\" height=\"602\" srcset=\"https:\/\/www.miejscakonferencyjne.pl\/blog\/wp-content\/uploads\/2025\/08\/Palace-w-Polsce-na-konferencje-7.png 904w, https:\/\/www.miejscakonferencyjne.pl\/blog\/wp-content\/uploads\/2025\/08\/Palace-w-Polsce-na-konferencje-7-768x511.png 768w, https:\/\/www.miejscakonferencyjne.pl\/blog\/wp-content\/uploads\/2025\/08\/Palace-w-Polsce-na-konferencje-7-706x470.png 706w\" sizes=\"auto, (max-width: 904px) 100vw, 904px\" \/><\/p>\n<p style=\"text-align: justify;\">Pa\u0142ac W\u0105sowo znajduje si\u0119 tylko 45 km od Poznania. <strong>Le\u017cy w sercu 300-letniego parku w stylu angielskim<\/strong>. Kompleks tworzy kilka budynk\u00f3w \u2013 od neogotyckiego Pa\u0142acu Hardta po barokowo-klasycystyczny Pa\u0142ac Sczanieckich, a tak\u017ce Domek Ogrodnika i Domek Od\u017awiernego. Ka\u017cdy z nich wyr\u00f3\u017cnia si\u0119 odmiennym stylem architektonicznym, co dodaje miejscu wyj\u0105tkowego charakteru.<\/p>\n<p style=\"text-align: justify;\"><strong>Obiekt udost\u0119pnia 8 nowoczesnych sal konferencyjnych. Najwi\u0119ksza z nich pomie\u015bci nawet 300 uczestnik\u00f3w<\/strong>. Do dyspozycji go\u015bci przygotowano r\u00f3wnie\u017c ponad 250 miejsc noclegowych oraz eleganck\u0105 restauracj\u0119 znan\u0105 z kuchni polskiej i europejskiej.<\/p>\n<p style=\"text-align: justify;\">Po cz\u0119\u015bci biznesowej warto skorzysta\u0107 z <strong>bogatego zaplecza rekreacyjnego<\/strong>. Go\u015bcie mog\u0105 odwiedzi\u0107 pa\u0142acowe SPA, zrelaksowa\u0107 si\u0119 w basenie czy saunie. Ciekaw\u0105 atrakcj\u0105 jest te\u017c przeja\u017cd\u017cka bryczk\u0105 albo grill w ogrodowej altanie.<\/p>\n<p style=\"text-align: justify;\"><a style=\"font-size: 30px; font-weight: bold;\" href=\"https:\/\/www.miejscakonferencyjne.pl\/wroclaw\/palac-brzezno\">Pa\u0142ac Brze\u017ano Golf &amp; SPA<\/a><\/p>\n<p><img loading=\"lazy\" decoding=\"async\" class=\"alignnone size-full wp-image-3874\" src=\"https:\/\/www.miejscakonferencyjne.pl\/blog\/wp-content\/uploads\/2025\/08\/Palace-w-Polsce-na-konferencje-8.png\" alt=\"\" width=\"909\" height=\"601\" srcset=\"https:\/\/www.miejscakonferencyjne.pl\/blog\/wp-content\/uploads\/2025\/08\/Palace-w-Polsce-na-konferencje-8.png 909w, https:\/\/www.miejscakonferencyjne.pl\/blog\/wp-content\/uploads\/2025\/08\/Palace-w-Polsce-na-konferencje-8-768x508.png 768w, https:\/\/www.miejscakonferencyjne.pl\/blog\/wp-content\/uploads\/2025\/08\/Palace-w-Polsce-na-konferencje-8-706x467.png 706w\" sizes=\"auto, (max-width: 909px) 100vw, 909px\" \/><\/p>\n<p style=\"text-align: justify;\">Pod Wroc\u0142awiem, w malowniczej miejscowo\u015bci Brze\u017ano, znajduje si\u0119 Pa\u0142ac Brze\u017ano Golf &amp; SPA \u2013 miejsce wyj\u0105tkowe, bo \u0142\u0105cz\u0105ce pa\u0142acowy klimat z profesjonalnym polem golfowym.<\/p>\n<p style=\"text-align: justify;\">Na organizator\u00f3w czekaj\u0105 tu r\u00f3\u017cnorodne przestrzenie: <strong>sala konferencyjna dla 70 os\u00f3b, elegancka sala VIP, klimatyczna Biblioteczka, a tak\u017ce przeszklona altana i namiot eventowy<\/strong>.<\/p>\n<p style=\"text-align: justify;\">Go\u015bcie mog\u0105 korzysta\u0107 z <strong>40 stylowych pokoi<\/strong> (100 miejsc noclegowych), wykwintnej kuchni oraz unikalnej strefy SPA z \u0142a\u017aniami piwnymi i jacuzzi pod go\u0142ym niebem. Najwi\u0119ksz\u0105 atrakcj\u0105 jest jednak <strong>18-do\u0142kowe pole golfowe<\/strong>, kt\u00f3re stanowi idealne uzupe\u0142nienie event\u00f3w biznesowych.<\/p>\n<h2 style=\"text-align: justify;\"><a href=\"https:\/\/www.miejscakonferencyjne.pl\/warszawa\/windsor-palace-hotel-conference-center\">Windsor Palace Hotel &amp; Conference Center<\/a><\/h2>\n<p><img loading=\"lazy\" decoding=\"async\" class=\"alignnone size-full wp-image-3875\" src=\"https:\/\/www.miejscakonferencyjne.pl\/blog\/wp-content\/uploads\/2025\/08\/Palace-w-Polsce-na-konferencje-9.png\" alt=\"\" width=\"914\" height=\"600\" srcset=\"https:\/\/www.miejscakonferencyjne.pl\/blog\/wp-content\/uploads\/2025\/08\/Palace-w-Polsce-na-konferencje-9.png 914w, https:\/\/www.miejscakonferencyjne.pl\/blog\/wp-content\/uploads\/2025\/08\/Palace-w-Polsce-na-konferencje-9-768x504.png 768w, https:\/\/www.miejscakonferencyjne.pl\/blog\/wp-content\/uploads\/2025\/08\/Palace-w-Polsce-na-konferencje-9-706x463.png 706w\" sizes=\"auto, (max-width: 914px) 100vw, 914px\" \/><\/p>\n<p style=\"text-align: justify;\">Niespe\u0142na p\u00f3\u0142 godziny od Warszawy znajduje si\u0119 Hotel Windsor \u2013 imponuj\u0105cy kompleks w stylu pa\u0142acowym, kt\u00f3ry oferuje <strong>a\u017c 37 sal konferencyjnych o \u0142\u0105cznej powierzchni ponad 4500 metr\u00f3w kwadratowych<\/strong>. To najwi\u0119ksze centrum konferencyjne w tej cz\u0119\u015bci Mazowsza.<\/p>\n<p style=\"text-align: justify;\">Na go\u015bci czeka <strong>178 eleganckich pokoi<\/strong>, dwie restauracje, klub nocny z kr\u0119gielni\u0105, a tak\u017ce rozbudowana strefa SPA &amp; Wellness z saunami i gabinetami zabiegowymi.<\/p>\n<p style=\"text-align: justify;\">Hotel specjalizuje si\u0119 w organizacji du\u017cych kongres\u00f3w i bankiet\u00f3w, ale tak\u017ce kameralnych spotka\u0144 VIP w luksusowych apartamentach. Dzi\u0119ki zielonym terenom nad Zalewem, mo\u017cliwe s\u0105 r\u00f3wnie\u017c<strong> imprezy plenerowe<\/strong> i integracje na \u015bwie\u017cym powietrzu.<\/p>\n<h2 style=\"text-align: justify;\"><a href=\"https:\/\/www.miejscakonferencyjne.pl\/biala-rawska\/palac-chojnata\">Pa\u0142ac Chojnata<\/a><\/h2>\n<p><img loading=\"lazy\" decoding=\"async\" class=\"alignnone size-full wp-image-3876\" src=\"https:\/\/www.miejscakonferencyjne.pl\/blog\/wp-content\/uploads\/2025\/08\/Palace-w-Polsce-na-konferencje-10.png\" alt=\"\" width=\"891\" height=\"597\" srcset=\"https:\/\/www.miejscakonferencyjne.pl\/blog\/wp-content\/uploads\/2025\/08\/Palace-w-Polsce-na-konferencje-10.png 891w, https:\/\/www.miejscakonferencyjne.pl\/blog\/wp-content\/uploads\/2025\/08\/Palace-w-Polsce-na-konferencje-10-768x515.png 768w, https:\/\/www.miejscakonferencyjne.pl\/blog\/wp-content\/uploads\/2025\/08\/Palace-w-Polsce-na-konferencje-10-706x473.png 706w\" sizes=\"auto, (max-width: 891px) 100vw, 891px\" \/><\/p>\n<p style=\"text-align: justify;\">Po\u0142o\u017cony mi\u0119dzy Warszaw\u0105 a \u0141odzi\u0105, Pa\u0142ac Chojnata to miejsce kameralne, a jednocze\u015bnie niezwykle eleganckie. Zabytkowa rezydencja <strong>otoczona jest parkiem<\/strong>, co tworzy idealn\u0105 sceneri\u0119 dla biznesowych spotka\u0144 i event\u00f3w.<\/p>\n<p style=\"text-align: justify;\">Do dyspozycji go\u015bci oddano<strong> 5 klimatycznych sal konferencyjnych, 13 pokoi dwuosobowych i 4 apartamenty oraz dodatkow\u0105 Will\u0119 Parkow\u0105<\/strong> z pokojami typu studio. Pa\u0142acowe SPA, elegancka restauracja oraz mo\u017cliwo\u015b\u0107 organizacji event\u00f3w plenerowych w namiocie sprawiaj\u0105, \u017ce ka\u017cde wydarzenie nabiera presti\u017cowego charakteru.<\/p>\n<h2 style=\"text-align: justify;\"><a href=\"https:\/\/www.miejscakonferencyjne.pl\/torun\/palac-romantyczny\">Pa\u0142ac Romantyczny<\/a><\/h2>\n<p><img loading=\"lazy\" decoding=\"async\" class=\"alignnone size-full wp-image-3877\" src=\"https:\/\/www.miejscakonferencyjne.pl\/blog\/wp-content\/uploads\/2025\/08\/Palace-w-Polsce-na-konferencje-11.png\" alt=\"\" width=\"909\" height=\"602\" srcset=\"https:\/\/www.miejscakonferencyjne.pl\/blog\/wp-content\/uploads\/2025\/08\/Palace-w-Polsce-na-konferencje-11.png 909w, https:\/\/www.miejscakonferencyjne.pl\/blog\/wp-content\/uploads\/2025\/08\/Palace-w-Polsce-na-konferencje-11-768x509.png 768w, https:\/\/www.miejscakonferencyjne.pl\/blog\/wp-content\/uploads\/2025\/08\/Palace-w-Polsce-na-konferencje-11-706x468.png 706w\" sizes=\"auto, (max-width: 909px) 100vw, 909px\" \/><\/p>\n<p style=\"text-align: justify;\">W Turznie ko\u0142o Torunia znajduje si\u0119 Pa\u0142ac Romantyczny. To wyj\u0105tkowe miejsce \u0142\u0105czy historyczn\u0105 architektur\u0119 z nowoczesnym zapleczem konferencyjnym. Obiekt \u015bwietnie sprawdza si\u0119 przy organizacji szkole\u0144 i spotka\u0144 firmowych. <strong>Ca\u0142o\u015b\u0107 otacza malowniczy, 16-hektarowy park<\/strong>.<\/p>\n<p style=\"text-align: justify;\">Obiekt dysponuje <strong>6 nowoczesnymi salami konferencyjnymi<\/strong> i ponad 150 miejscami noclegowymi. Go\u015bcie mog\u0105 te\u017c korzysta\u0107 z renomowanej restauracji Marconi. Jej menu opiera si\u0119 na zasadach slow food i rzadziej spotykanych mi\u0119sach, np. jagni\u0119cinie czy dziczy\u017anie.<\/p>\n<p style=\"text-align: justify;\">Po cz\u0119\u015bci biznesowej uczestnicy maj\u0105 okazj\u0119 odpocz\u0105\u0107 w rozbudowanej strefie SPA. Czekaj\u0105 tam sauny, gabinety zabiegowe i jacuzzi pod go\u0142ym niebem.<\/p>\n<h2>Konferencje i eventy firmowe w pa\u0142acu<\/h2>\n<p style=\"text-align: justify;\">Organizacja konferencji w pa\u0142acu to niezapomniane wra\u017cenia dla uczestnik\u00f3w. Nic dziwnego, \u017ce Pa\u0142ace w Polsce na konferencje s\u0105 coraz ch\u0119tniej rezerwowane przez firmy i agencje eventowe<strong>. Ka\u017cdy z opisanych obiekt\u00f3w ma sw\u00f3j niepowtarzalny charakter<\/strong>. Podsumowuj\u0105c, wyb\u00f3r pa\u0142acu na konferencj\u0119 to inwestycja w presti\u017c i wra\u017cenia uczestnik\u00f3w.<\/p>\n<p style=\"text-align: justify;\">Je\u015bli szukasz wyj\u0105tkowego miejsca na event firmowy, polskie zamki i pa\u0142ace to gwarancja stylu, komfortu i niezapomnianych wspomnie\u0144. Dlatego Pa\u0142ace w Polsce na konferencje warto bra\u0107 pod uwag\u0119 w pierwszej kolejno\u015bci.<\/p>\n","protected":false},"excerpt":{"rendered":"<p>Oto lista 10 najpi\u0119kniejszych pa\u0142ac\u00f3w w Polsce na konferencje i eventy firmowe. Sprawd\u017a wyj\u0105tkowe obiekty, kt\u00f3re \u0142\u0105cz\u0105 presti\u017c, histori\u0119 i nowoczesne zaplecze biznesowe.<\/p>\n","protected":false},"author":12,"featured_media":3879,"comment_status":"closed","ping_status":"closed","sticky":false,"template":"","format":"standard","meta":{"_acf_changed":false,"footnotes":""},"categories":[212,189,170],"tags":[232,190,356,173,227,180,198,216,176,219],"class_list":["post-3861","post","type-post","status-publish","format-standard","has-post-thumbnail","hentry","category-miejsce-na-konferencje","category-organizacja-eventu","category-organizacja-konferencji","tag-atrakcje","tag-event","tag-hotele-konferencyjne","tag-konferencja","tag-konferencje","tag-miejsca-konferencyjne","tag-organizacja-bankietu","tag-organizacja-imprezy-firmowej","tag-organizacja-konferencji","tag-sala-konferencyjna","bwp-masonry-item","bwp-blog-col-3"],"acf":[],"yoast_head":"<!-- This site is optimized with the Yoast SEO plugin v26.8 - https:\/\/yoast.com\/product\/yoast-seo-wordpress\/ -->\n<title>Pa\u0142ace w Polsce na konferencje i eventy - MiejscaKonferencyjne.pl<\/title>\n<meta name=\"description\" content=\"Najpi\u0119kniejsze zamki i pa\u0142ace w Polsce na konferencje i eventy firmowe - MiejscaKonferencyjne.pl TOP 10 najlepszych miejsc!\" \/>\n<meta name=\"robots\" content=\"index, follow, max-snippet:-1, max-image-preview:large, max-video-preview:-1\" \/>\n<link rel=\"canonical\" href=\"https:\/\/www.miejscakonferencyjne.pl\/blog\/najpiekniejsze-zamki-i-palace-w-polsce-na-konferencje-i-eventy-firmowe\/\" \/>\n<meta property=\"og:locale\" content=\"pl_PL\" \/>\n<meta property=\"og:type\" content=\"article\" \/>\n<meta property=\"og:title\" content=\"Pa\u0142ace w Polsce na konferencje i eventy - MiejscaKonferencyjne.pl\" \/>\n<meta property=\"og:description\" content=\"Najpi\u0119kniejsze zamki i pa\u0142ace w Polsce na konferencje i eventy firmowe - MiejscaKonferencyjne.pl TOP 10 najlepszych miejsc!\" \/>\n<meta property=\"og:url\" content=\"https:\/\/www.miejscakonferencyjne.pl\/blog\/najpiekniejsze-zamki-i-palace-w-polsce-na-konferencje-i-eventy-firmowe\/\" \/>\n<meta property=\"og:site_name\" content=\"MiejscaKonferencyjne.pl\" \/>\n<meta property=\"article:published_time\" content=\"2025-08-26T11:00:09+00:00\" \/>\n<meta property=\"article:modified_time\" content=\"2025-08-26T11:17:24+00:00\" \/>\n<meta property=\"og:image\" content=\"https:\/\/www.miejscakonferencyjne.pl\/blog\/wp-content\/uploads\/2025\/08\/palace-w-polsce.png\" \/>\n\t<meta property=\"og:image:width\" content=\"764\" \/>\n\t<meta property=\"og:image:height\" content=\"611\" \/>\n\t<meta property=\"og:image:type\" content=\"image\/png\" \/>\n<meta name=\"author\" content=\"Natalia Wierci\u0144ska\" \/>\n<meta name=\"twitter:card\" content=\"summary_large_image\" \/>\n<meta name=\"twitter:label1\" content=\"Napisane przez\" \/>\n\t<meta name=\"twitter:data1\" content=\"Natalia Wierci\u0144ska\" \/>\n\t<meta name=\"twitter:label2\" content=\"Szacowany czas czytania\" \/>\n\t<meta name=\"twitter:data2\" content=\"10 minut\" \/>\n<!-- \/ Yoast SEO plugin. -->","yoast_head_json":{"title":"Pa\u0142ace w Polsce na konferencje i eventy - MiejscaKonferencyjne.pl","description":"Najpi\u0119kniejsze zamki i pa\u0142ace w Polsce na konferencje i eventy firmowe - MiejscaKonferencyjne.pl TOP 10 najlepszych miejsc!","robots":{"index":"index","follow":"follow","max-snippet":"max-snippet:-1","max-image-preview":"max-image-preview:large","max-video-preview":"max-video-preview:-1"},"canonical":"https:\/\/www.miejscakonferencyjne.pl\/blog\/najpiekniejsze-zamki-i-palace-w-polsce-na-konferencje-i-eventy-firmowe\/","og_locale":"pl_PL","og_type":"article","og_title":"Pa\u0142ace w Polsce na konferencje i eventy - MiejscaKonferencyjne.pl","og_description":"Najpi\u0119kniejsze zamki i pa\u0142ace w Polsce na konferencje i eventy firmowe - MiejscaKonferencyjne.pl TOP 10 najlepszych miejsc!","og_url":"https:\/\/www.miejscakonferencyjne.pl\/blog\/najpiekniejsze-zamki-i-palace-w-polsce-na-konferencje-i-eventy-firmowe\/","og_site_name":"MiejscaKonferencyjne.pl","article_published_time":"2025-08-26T11:00:09+00:00","article_modified_time":"2025-08-26T11:17:24+00:00","og_image":[{"width":764,"height":611,"url":"https:\/\/www.miejscakonferencyjne.pl\/blog\/wp-content\/uploads\/2025\/08\/palace-w-polsce.png","type":"image\/png"}],"author":"Natalia Wierci\u0144ska","twitter_card":"summary_large_image","twitter_misc":{"Napisane przez":"Natalia Wierci\u0144ska","Szacowany czas czytania":"10 minut"},"schema":{"@context":"https:\/\/schema.org","@graph":[{"@type":["Article","BlogPosting"],"@id":"https:\/\/www.miejscakonferencyjne.pl\/blog\/najpiekniejsze-zamki-i-palace-w-polsce-na-konferencje-i-eventy-firmowe\/#article","isPartOf":{"@id":"https:\/\/www.miejscakonferencyjne.pl\/blog\/najpiekniejsze-zamki-i-palace-w-polsce-na-konferencje-i-eventy-firmowe\/"},"author":{"name":"Natalia Wierci\u0144ska","@id":"https:\/\/www.miejscakonferencyjne.pl\/blog\/#\/schema\/person\/45586bac93edab5d184a4e7fbac0c53d"},"headline":"Najpi\u0119kniejsze zamki i pa\u0142ace w Polsce na konferencje i eventy firmowe","datePublished":"2025-08-26T11:00:09+00:00","dateModified":"2025-08-26T11:17:24+00:00","mainEntityOfPage":{"@id":"https:\/\/www.miejscakonferencyjne.pl\/blog\/najpiekniejsze-zamki-i-palace-w-polsce-na-konferencje-i-eventy-firmowe\/"},"wordCount":1417,"publisher":{"@id":"https:\/\/www.miejscakonferencyjne.pl\/blog\/#organization"},"image":{"@id":"https:\/\/www.miejscakonferencyjne.pl\/blog\/najpiekniejsze-zamki-i-palace-w-polsce-na-konferencje-i-eventy-firmowe\/#primaryimage"},"thumbnailUrl":"https:\/\/www.miejscakonferencyjne.pl\/blog\/wp-content\/uploads\/2025\/08\/palace-w-polsce.png","keywords":["atrakcje","event","hotele konferencyjne","konferencja","konferencje","miejsca konferencyjne","organizacja bankietu","organizacja imprezy firmowej","organizacja konferencji","sala konferencyjna"],"articleSection":["Miejsce na konferencj\u0119","Organizacja eventu","Organizacja konferencji"],"inLanguage":"pl-PL"},{"@type":"WebPage","@id":"https:\/\/www.miejscakonferencyjne.pl\/blog\/najpiekniejsze-zamki-i-palace-w-polsce-na-konferencje-i-eventy-firmowe\/","url":"https:\/\/www.miejscakonferencyjne.pl\/blog\/najpiekniejsze-zamki-i-palace-w-polsce-na-konferencje-i-eventy-firmowe\/","name":"Pa\u0142ace w Polsce na konferencje i eventy - MiejscaKonferencyjne.pl","isPartOf":{"@id":"https:\/\/www.miejscakonferencyjne.pl\/blog\/#website"},"primaryImageOfPage":{"@id":"https:\/\/www.miejscakonferencyjne.pl\/blog\/najpiekniejsze-zamki-i-palace-w-polsce-na-konferencje-i-eventy-firmowe\/#primaryimage"},"image":{"@id":"https:\/\/www.miejscakonferencyjne.pl\/blog\/najpiekniejsze-zamki-i-palace-w-polsce-na-konferencje-i-eventy-firmowe\/#primaryimage"},"thumbnailUrl":"https:\/\/www.miejscakonferencyjne.pl\/blog\/wp-content\/uploads\/2025\/08\/palace-w-polsce.png","datePublished":"2025-08-26T11:00:09+00:00","dateModified":"2025-08-26T11:17:24+00:00","description":"Najpi\u0119kniejsze zamki i pa\u0142ace w Polsce na konferencje i eventy firmowe - MiejscaKonferencyjne.pl TOP 10 najlepszych miejsc!","breadcrumb":{"@id":"https:\/\/www.miejscakonferencyjne.pl\/blog\/najpiekniejsze-zamki-i-palace-w-polsce-na-konferencje-i-eventy-firmowe\/#breadcrumb"},"inLanguage":"pl-PL","potentialAction":[{"@type":"ReadAction","target":["https:\/\/www.miejscakonferencyjne.pl\/blog\/najpiekniejsze-zamki-i-palace-w-polsce-na-konferencje-i-eventy-firmowe\/"]}]},{"@type":"ImageObject","inLanguage":"pl-PL","@id":"https:\/\/www.miejscakonferencyjne.pl\/blog\/najpiekniejsze-zamki-i-palace-w-polsce-na-konferencje-i-eventy-firmowe\/#primaryimage","url":"https:\/\/www.miejscakonferencyjne.pl\/blog\/wp-content\/uploads\/2025\/08\/palace-w-polsce.png","contentUrl":"https:\/\/www.miejscakonferencyjne.pl\/blog\/wp-content\/uploads\/2025\/08\/palace-w-polsce.png","width":764,"height":611},{"@type":"BreadcrumbList","@id":"https:\/\/www.miejscakonferencyjne.pl\/blog\/najpiekniejsze-zamki-i-palace-w-polsce-na-konferencje-i-eventy-firmowe\/#breadcrumb","itemListElement":[{"@type":"ListItem","position":1,"name":"Strona g\u0142\u00f3wna","item":"https:\/\/www.miejscakonferencyjne.pl\/blog\/"},{"@type":"ListItem","position":2,"name":"Najpi\u0119kniejsze zamki i pa\u0142ace w Polsce na konferencje i eventy firmowe"}]},{"@type":"WebSite","@id":"https:\/\/www.miejscakonferencyjne.pl\/blog\/#website","url":"https:\/\/www.miejscakonferencyjne.pl\/blog\/","name":"MiejscaKonferencyjne.pl","description":"Dowiedz si\u0119 wszystkiego na temat organizacji konferencji, szkole\u0144 i wydarze\u0144 biznesowych. Komentuj i dziel si\u0119 opini\u0105!","publisher":{"@id":"https:\/\/www.miejscakonferencyjne.pl\/blog\/#organization"},"potentialAction":[{"@type":"SearchAction","target":{"@type":"EntryPoint","urlTemplate":"https:\/\/www.miejscakonferencyjne.pl\/blog\/?s={search_term_string}"},"query-input":{"@type":"PropertyValueSpecification","valueRequired":true,"valueName":"search_term_string"}}],"inLanguage":"pl-PL"},{"@type":"Organization","@id":"https:\/\/www.miejscakonferencyjne.pl\/blog\/#organization","name":"MiejscaKonferencyjne.pl","url":"https:\/\/www.miejscakonferencyjne.pl\/blog\/","logo":{"@type":"ImageObject","inLanguage":"pl-PL","@id":"https:\/\/www.miejscakonferencyjne.pl\/blog\/#\/schema\/logo\/image\/","url":"https:\/\/www.miejscakonferencyjne.pl\/blog\/wp-content\/uploads\/2019\/12\/logo-white.png","contentUrl":"https:\/\/www.miejscakonferencyjne.pl\/blog\/wp-content\/uploads\/2019\/12\/logo-white.png","width":400,"height":63,"caption":"MiejscaKonferencyjne.pl"},"image":{"@id":"https:\/\/www.miejscakonferencyjne.pl\/blog\/#\/schema\/logo\/image\/"}},{"@type":"Person","@id":"https:\/\/www.miejscakonferencyjne.pl\/blog\/#\/schema\/person\/45586bac93edab5d184a4e7fbac0c53d","name":"Natalia Wierci\u0144ska","url":"https:\/\/www.miejscakonferencyjne.pl\/blog\/author\/nwiercinska\/"}]}},"_links":{"self":[{"href":"https:\/\/www.miejscakonferencyjne.pl\/blog\/wp-json\/wp\/v2\/posts\/3861","targetHints":{"allow":["GET"]}}],"collection":[{"href":"https:\/\/www.miejscakonferencyjne.pl\/blog\/wp-json\/wp\/v2\/posts"}],"about":[{"href":"https:\/\/www.miejscakonferencyjne.pl\/blog\/wp-json\/wp\/v2\/types\/post"}],"author":[{"embeddable":true,"href":"https:\/\/www.miejscakonferencyjne.pl\/blog\/wp-json\/wp\/v2\/users\/12"}],"replies":[{"embeddable":true,"href":"https:\/\/www.miejscakonferencyjne.pl\/blog\/wp-json\/wp\/v2\/comments?post=3861"}],"version-history":[{"count":4,"href":"https:\/\/www.miejscakonferencyjne.pl\/blog\/wp-json\/wp\/v2\/posts\/3861\/revisions"}],"predecessor-version":[{"id":3882,"href":"https:\/\/www.miejscakonferencyjne.pl\/blog\/wp-json\/wp\/v2\/posts\/3861\/revisions\/3882"}],"wp:featuredmedia":[{"embeddable":true,"href":"https:\/\/www.miejscakonferencyjne.pl\/blog\/wp-json\/wp\/v2\/media\/3879"}],"wp:attachment":[{"href":"https:\/\/www.miejscakonferencyjne.pl\/blog\/wp-json\/wp\/v2\/media?parent=3861"}],"wp:term":[{"taxonomy":"category","embeddable":true,"href":"https:\/\/www.miejscakonferencyjne.pl\/blog\/wp-json\/wp\/v2\/categories?post=3861"},{"taxonomy":"post_tag","embeddable":true,"href":"https:\/\/www.miejscakonferencyjne.pl\/blog\/wp-json\/wp\/v2\/tags?post=3861"}],"curies":[{"name":"wp","href":"https:\/\/api.w.org\/{rel}","templated":true}]}}