{"id":3799,"date":"2025-07-29T09:00:24","date_gmt":"2025-07-29T07:00:24","guid":{"rendered":"https:\/\/www.miejscakonferencyjne.pl\/blog\/?p=3799"},"modified":"2025-11-12T10:48:35","modified_gmt":"2025-11-12T08:48:35","slug":"konferencja-w-sercu-natury-obiekty-z-dala-od-miasta-w-lesie-lub-nad-jeziorem","status":"publish","type":"post","link":"https:\/\/www.miejscakonferencyjne.pl\/blog\/konferencja-w-sercu-natury-obiekty-z-dala-od-miasta-w-lesie-lub-nad-jeziorem\/","title":{"rendered":"Konferencja w sercu natury \u2013 obiekty z dala od miasta, w lesie lub nad jeziorem"},"content":{"rendered":"<p style=\"text-align: left;\">W dobie cyfryzacji, nieustannego po\u015bpiechu i miejskiego zgie\u0142ku coraz wi\u0119cej firm szuka alternatywnych rozwi\u0105za\u0144 dla organizacji spotka\u0144 biznesowych. Konferencje w sercu natury staj\u0105 si\u0119 nie tylko modnym trendem, ale r\u00f3wnie\u017c skutecznym narz\u0119dziem wspieraj\u0105cym kreatywno\u015b\u0107, koncentracj\u0119 i integracj\u0119 zespo\u0142\u00f3w.<\/p>\n<p style=\"text-align: left;\"><strong>Obiekty po\u0142o\u017cone w lesie, nad jeziorem lub u podn\u00f3\u017ca g\u00f3r oferuj\u0105 niepowtarzalne warunki do pracy, odpoczynku i budowania relacji w otoczeniu przyrody.<\/strong><\/p>\n<h2 class=\"object-page-info__title\" style=\"text-align: left;\">Hotel Natural w Rezerwacie z Pla\u017c\u0105 na Wyspie<\/h2>\n<p>To wyj\u0105tkowe miejsce na organizacj\u0119 konferencji w otoczeniu jeziora i lasu, po\u0142o\u017cone nad brzegiem Jeziora Szel\u0105g Wielki. <a href=\"https:\/\/www.miejscakonferencyjne.pl\/ostroda\/natural-hotel\">Hotel Natural<\/a> oferuje<strong> dwie przestronne, klimatyzowane sale konferencyjne<\/strong> z pe\u0142nym wyposa\u017ceniem multimedialnym i zachwycaj\u0105cym widokiem na jezioro.<\/p>\n<p>Do dyspozycji Go\u015bci jest <strong>200 komfortowych miejsc noclegowych<\/strong> w eleganckich, nowocze\u015bnie wyposa\u017conych pokojach. Na miejscu dzia\u0142a restauracja<strong> Ogrody na Wyspie<\/strong>, serwuj\u0105ca dania z lokalnych produkt\u00f3w, w tym ryby i g\u0119sin\u0119.<\/p>\n<p>Po konferencji<strong> warto skorzysta\u0107 z licznych atrakcji<\/strong> \u2013 prywatnej pla\u017cy, rejs\u00f3w, sport\u00f3w wodnych, sp\u0142yw\u00f3w kajakowych, jazdy konnej czy paintballa.<\/p>\n<p><img loading=\"lazy\" decoding=\"async\" class=\"alignnone size-medium wp-image-3800\" src=\"https:\/\/www.miejscakonferencyjne.pl\/blog\/wp-content\/uploads\/2025\/07\/szef3-1200x_-1000x563.jpg\" alt=\"\" width=\"1000\" height=\"563\" srcset=\"https:\/\/www.miejscakonferencyjne.pl\/blog\/wp-content\/uploads\/2025\/07\/szef3-1200x_-1000x563.jpg 1000w, https:\/\/www.miejscakonferencyjne.pl\/blog\/wp-content\/uploads\/2025\/07\/szef3-1200x_-768x432.jpg 768w, https:\/\/www.miejscakonferencyjne.pl\/blog\/wp-content\/uploads\/2025\/07\/szef3-1200x_-706x397.jpg 706w, https:\/\/www.miejscakonferencyjne.pl\/blog\/wp-content\/uploads\/2025\/07\/szef3-1200x_.jpg 1200w\" sizes=\"auto, (max-width: 1000px) 100vw, 1000px\" \/><\/p>\n<h2 class=\"object-page-info__title\">Hotel HP Park Olsztyn<\/h2>\n<p>Jest to trzygwiazdkowy obiekt po\u0142o\u017cony na zielonych obrze\u017cach miasta idealny na organizacj\u0119 konferencji z dala od miejskiego zgie\u0142ku. Nowoczesne Centrum Konferencyjne <strong>oferuje 5 sal<\/strong> z mo\u017cliwo\u015bci\u0105 \u0142\u0105czenia, tworz\u0105c <strong>przestrze\u0144 dla nawet 350 os\u00f3b<\/strong>. Profesjonalne wyposa\u017cenie techniczne, klimatyzacja, szybki internet oraz opcja cateringu zapewniaj\u0105 komfortowe warunki do pracy.<\/p>\n<p>Go\u015bcie<a href=\"https:\/\/www.miejscakonferencyjne.pl\/olsztyn\/hotel-hp-park-olsztyn\"> hotelu\u00a0HP Park Olsztyn<\/a> mog\u0105 <strong>liczy\u0107 na 97 eleganckich pokoi<\/strong> z widokiem na natur\u0119 oraz regionaln\u0105 kuchni\u0119 serwowan\u0105 w Restauracji Panorama z tarasem i stref\u0105 Live Cooking. To miejsce \u0142\u0105czy biznesow\u0105 funkcjonalno\u015b\u0107 z relaksem w\u015br\u00f3d warmi\u0144skich krajobraz\u00f3w.<\/p>\n<h2 class=\"object-page-info__title\">Martiany 21<\/h2>\n<p>Po\u0142o\u017cony w otulinie programu Natura 2000, <a href=\"https:\/\/www.miejscakonferencyjne.pl\/ketrzyn\/martiany-21\">Martiany 21<\/a> to kameralny obiekt na Mazurach. Stylowo urz\u0105dzone pokoje oferuj\u0105 widok na mazurskie krajobrazy, jasn\u0105 kolorystyk\u0119 wn\u0119trz, podgrzewane pod\u0142ogi, du\u017ce \u0142\u00f3\u017cka i p\u0142askoekranowe telewizory.\u00a0 Wszystko, co potrzebne do pe\u0142nego relaksu po dniu pe\u0142nym wra\u017ce\u0144.<\/p>\n<p>Go\u015bcie mog\u0105 liczy\u0107 na wy\u015bmienit\u0105 kuchni\u0119 opart\u0105 na lokalnych i ekologicznych produktach \u2013 \u015bwie\u017co wypiekany chleb, sery, w\u0119dliny, konfitury oraz dania wegetaria\u0144skie i wega\u0144skie.<\/p>\n<p>Na terenie obiektu znajduje si\u0119 <strong>basen z wyj\u015bciem do ogrodu, sauna, strefa masa\u017cu oraz stadnina koni<\/strong>. \u015apiew ptak\u00f3w, szum drzew i koj\u0105ca cisza tworz\u0105 wyj\u0105tkow\u0105 atmosfer\u0119, sprzyjaj\u0105c\u0105 wypoczynkowi i regeneracji. <strong>Martiany 21<\/strong> to doskona\u0142y wyb\u00f3r zar\u00f3wno na urlop, jak i kameralny pobyt biznesowy z dala od miejskiego zgie\u0142ku.<\/p>\n<p><img loading=\"lazy\" decoding=\"async\" class=\"alignnone size-medium wp-image-3802\" src=\"https:\/\/www.miejscakonferencyjne.pl\/blog\/wp-content\/uploads\/2025\/07\/7-min-1200x_-1000x638.jpg\" alt=\"\" width=\"1000\" height=\"638\" srcset=\"https:\/\/www.miejscakonferencyjne.pl\/blog\/wp-content\/uploads\/2025\/07\/7-min-1200x_-1000x638.jpg 1000w, https:\/\/www.miejscakonferencyjne.pl\/blog\/wp-content\/uploads\/2025\/07\/7-min-1200x_-768x490.jpg 768w, https:\/\/www.miejscakonferencyjne.pl\/blog\/wp-content\/uploads\/2025\/07\/7-min-1200x_-706x450.jpg 706w, https:\/\/www.miejscakonferencyjne.pl\/blog\/wp-content\/uploads\/2025\/07\/7-min-1200x_.jpg 1200w\" sizes=\"auto, (max-width: 1000px) 100vw, 1000px\" \/><\/p>\n<h2 class=\"object-page-info__title\">Hotel Mazurski Dworek<\/h2>\n<p>Zlokalizowany tu\u017c nad jeziorem Ta\u0142ty, 3 km od Miko\u0142ajek, <a href=\"https:\/\/www.miejscakonferencyjne.pl\/mikolajki\/hotel-mazurski-dworek\">Hotel Mazurski Dworek<\/a> to idealne miejsce na organizacj\u0119 spotka\u0144 biznesowych. Obiekt oferuje <strong>kompleksowo wyposa\u017cone zaplecze konferencyjne<\/strong> z nag\u0142o\u015bnieniem, projektorami, m\u00f3wnic\u0105, scen\u0105 i obs\u0142ug\u0105 techniczn\u0105, co umo\u017cliwia organizacj\u0119 zar\u00f3wno kameralnych narad, jak i wi\u0119kszych wydarze\u0144.<\/p>\n<p>Do dyspozycji go\u015bci s\u0105 <strong>58 komfortowych pokoi<\/strong>, luksusowe apartamenty oraz pokoje przystosowane dla os\u00f3b z niepe\u0142nosprawno\u015bciami. Na miejscu znajduje si\u0119 <strong>strefa wellness<\/strong> z basenem, saun\u0105, si\u0142owni\u0105, hydromasa\u017cem i przystani\u0105.<\/p>\n<p>Cisza, spok\u00f3j i mazurski klimat sprzyjaj\u0105 skupieniu i wypoczynkowi<strong>,<\/strong> a dogodna lokalizacja czyni obiekt ch\u0119tnie wybieranym miejscem na firmowe eventy i wyjazdy integracyjne<\/p>\n<p><img loading=\"lazy\" decoding=\"async\" class=\"alignnone size-medium wp-image-3803\" src=\"https:\/\/www.miejscakonferencyjne.pl\/blog\/wp-content\/uploads\/2025\/07\/5375c0cb32b2c0w5jpg-1200x_-1000x699.jpg\" alt=\"\" width=\"1000\" height=\"699\" srcset=\"https:\/\/www.miejscakonferencyjne.pl\/blog\/wp-content\/uploads\/2025\/07\/5375c0cb32b2c0w5jpg-1200x_-1000x699.jpg 1000w, https:\/\/www.miejscakonferencyjne.pl\/blog\/wp-content\/uploads\/2025\/07\/5375c0cb32b2c0w5jpg-1200x_-768x537.jpg 768w, https:\/\/www.miejscakonferencyjne.pl\/blog\/wp-content\/uploads\/2025\/07\/5375c0cb32b2c0w5jpg-1200x_-706x494.jpg 706w, https:\/\/www.miejscakonferencyjne.pl\/blog\/wp-content\/uploads\/2025\/07\/5375c0cb32b2c0w5jpg-1200x_.jpg 1200w\" sizes=\"auto, (max-width: 1000px) 100vw, 1000px\" \/><\/p>\n<h2><b>Stare Sady Port &amp; Chillout<\/b><\/h2>\n<p>Kolejn\u0105 propozycj\u0105 jest kameralny o\u015brodek po\u0142o\u017cony nad jeziorem Ta\u0142ty, zaledwie 6 km od Miko\u0142ajek. <a href=\"https:\/\/www.miejscakonferencyjne.pl\/mikolajki\/stare-sady-port-chillout\">Stare Sady Port &amp; Chillout<\/a> zapewnia go\u015bciom <strong>sal\u0119 konferencyjn\u0105 dla 50 os\u00f3b<\/strong>, wyposa\u017con\u0105 w rzutnik, ekran i flipchart, co sprawia, \u017ce doskonale nadaje si\u0119 na kameralne spotkania biznesowe i szkolenia.<\/p>\n<p><strong>Restauracja pod Jab\u0142oniami<\/strong> serwuje dania przygotowywane wed\u0142ug zasad slow food, ze szczeg\u00f3lnym naciskiem na regionalne ryby, kt\u00f3re zachwyc\u0105 ka\u017cdego smakosza. Go\u015bcie maj\u0105 do dyspozycji <strong>przytuln\u0105 stref\u0119 chillout<\/strong> z hamakami i le\u017cakami, a tak\u017ce mo\u017cliwo\u015b\u0107 organizacji grilla, ogniska nad jeziorem czy pokaz\u00f3w live cooking.<\/p>\n<p>Dla aktywnych przygotowano wypo\u017cyczalni\u0119 rower\u00f3w, jacht\u00f3w i sprz\u0119tu wodnego. Dodatkowo obiekt oferuje kej\u0119 dla \u0142odzi oraz <strong>parking dla go\u015bci<\/strong>. To idealne miejsce \u0142\u0105cz\u0105ce biznesow\u0105 funkcjonalno\u015b\u0107 z relaksem w\u015br\u00f3d mazurskiej natury.<\/p>\n<p><img loading=\"lazy\" decoding=\"async\" class=\"alignnone size-medium wp-image-3804\" src=\"https:\/\/www.miejscakonferencyjne.pl\/blog\/wp-content\/uploads\/2025\/07\/5b3212c41739dstaresadyrestauracja-1200x_-1000x666.jpg\" alt=\"\" width=\"1000\" height=\"666\" srcset=\"https:\/\/www.miejscakonferencyjne.pl\/blog\/wp-content\/uploads\/2025\/07\/5b3212c41739dstaresadyrestauracja-1200x_-1000x666.jpg 1000w, https:\/\/www.miejscakonferencyjne.pl\/blog\/wp-content\/uploads\/2025\/07\/5b3212c41739dstaresadyrestauracja-1200x_-768x511.jpg 768w, https:\/\/www.miejscakonferencyjne.pl\/blog\/wp-content\/uploads\/2025\/07\/5b3212c41739dstaresadyrestauracja-1200x_-706x470.jpg 706w, https:\/\/www.miejscakonferencyjne.pl\/blog\/wp-content\/uploads\/2025\/07\/5b3212c41739dstaresadyrestauracja-1200x_.jpg 1200w\" sizes=\"auto, (max-width: 1000px) 100vw, 1000px\" \/><\/p>\n<h2>Hotel Amax<\/h2>\n<p>To idealne miejsce na konferencje, szkolenia i spotkania biznesowe w malowniczym otoczeniu jezior i las\u00f3w.\u00a0 <a href=\"https:\/\/www.miejscakonferencyjne.pl\/mikolajki\/hotel-amax\">Hotel Amax<\/a> dysponuje <strong>dwiema klimatyzowanymi salami \u2013 na 92 i 30 os\u00f3b<\/strong> \u2013 oraz komfortowymi pokojami, apartamentami i willami z bezp\u0142atnym Wi-Fi. Restauracja serwuje dania z lokalnych sk\u0142adnik\u00f3w, a hotel oferuje catering i w\u0142asn\u0105 w\u0119dzarni\u0119.<\/p>\n<p>Do dyspozycji go\u015bci jest <strong>Strefa Wellness z basenem, jacuzzi i saun\u0105<\/strong>, a tak\u017ce Marina z 25 miejscami cumowniczymi i wypo\u017cyczalni\u0105 sprz\u0119tu wodnego. Mo\u017cna zorganizowa\u0107 eventy plenerowe, rejsy statkiem czy inne atrakcje.<\/p>\n<p>Po\u0142o\u017cenie nad jeziorem Miko\u0142ajskim i blisko\u015b\u0107 Puszczy Piskiej zapewniaj\u0105 spokojn\u0105 i inspiruj\u0105c\u0105 atmosfer\u0119 do pracy i wypoczynku.<\/p>\n<p><img loading=\"lazy\" decoding=\"async\" class=\"alignnone size-medium wp-image-3805\" src=\"https:\/\/www.miejscakonferencyjne.pl\/blog\/wp-content\/uploads\/2025\/07\/5b63066fbb367900x700-false-5b477b884b173201610281119120dji-0454-1200x_-1000x600.jpg\" alt=\"\" width=\"1000\" height=\"600\" srcset=\"https:\/\/www.miejscakonferencyjne.pl\/blog\/wp-content\/uploads\/2025\/07\/5b63066fbb367900x700-false-5b477b884b173201610281119120dji-0454-1200x_-1000x600.jpg 1000w, https:\/\/www.miejscakonferencyjne.pl\/blog\/wp-content\/uploads\/2025\/07\/5b63066fbb367900x700-false-5b477b884b173201610281119120dji-0454-1200x_-768x461.jpg 768w, https:\/\/www.miejscakonferencyjne.pl\/blog\/wp-content\/uploads\/2025\/07\/5b63066fbb367900x700-false-5b477b884b173201610281119120dji-0454-1200x_-706x424.jpg 706w, https:\/\/www.miejscakonferencyjne.pl\/blog\/wp-content\/uploads\/2025\/07\/5b63066fbb367900x700-false-5b477b884b173201610281119120dji-0454-1200x_.jpg 1200w\" sizes=\"auto, (max-width: 1000px) 100vw, 1000px\" \/><\/p>\n<h2><b>Hotelik My\u015bliwski<\/b><\/h2>\n<p>Obiekt usytuowany jest w samym sercu Mazur, nad jeziorem Buwe\u0142no. Po\u0142o\u017cony w miejscowo\u015bci Wyszowate,<a href=\"https:\/\/www.miejscakonferencyjne.pl\/gizycko\/hotelik-mysliwski\"> Hotel My\u015bliwski<\/a> stanowi doskona\u0142\u0105 baz\u0119 wypadow\u0105 do odkrywania atrakcji turystycznych regionu. Dzi\u0119ki spokojnej lokalizacji i dogodnym warunkom, hotelik jest idealnym miejscem na organizacj\u0119 spotka\u0144 integracyjnych i szkole\u0144.<br \/>\nGo\u015bcie maj\u0105 do dyspozycji <strong>rozleg\u0142y, 2-hektarowy teren rekreacyjny<\/strong> z k\u0105pieliskiem, pla\u017c\u0105 i le\u017cakami oraz molo. Na miejscu mo\u017cna wypo\u017cyczy\u0107 kajaki, \u0142\u00f3dki i rowery turystyczne. Dodatkowo obiekt oferuje <strong>boisko do siatk\u00f3wki, ogrodow\u0105 kawiarni\u0119, zadaszone miejsce z grillem i ognisko oraz wygodny parking<\/strong>.<\/p>\n<p><img loading=\"lazy\" decoding=\"async\" class=\"alignnone size-medium wp-image-3807\" src=\"https:\/\/www.miejscakonferencyjne.pl\/blog\/wp-content\/uploads\/2025\/07\/53981f49ba58f2-1200x_-1000x666.jpg\" alt=\"\" width=\"1000\" height=\"666\" srcset=\"https:\/\/www.miejscakonferencyjne.pl\/blog\/wp-content\/uploads\/2025\/07\/53981f49ba58f2-1200x_-1000x666.jpg 1000w, https:\/\/www.miejscakonferencyjne.pl\/blog\/wp-content\/uploads\/2025\/07\/53981f49ba58f2-1200x_-768x511.jpg 768w, https:\/\/www.miejscakonferencyjne.pl\/blog\/wp-content\/uploads\/2025\/07\/53981f49ba58f2-1200x_-706x470.jpg 706w, https:\/\/www.miejscakonferencyjne.pl\/blog\/wp-content\/uploads\/2025\/07\/53981f49ba58f2-1200x_.jpg 1200w\" sizes=\"auto, (max-width: 1000px) 100vw, 1000px\" \/><\/p>\n<h2><b>Stary Folwark<\/b><\/h2>\n<p><a href=\"https:\/\/www.miejscakonferencyjne.pl\/barczewo\/stary-folwark\">O\u015brodek Stary Folwark<\/a>, po\u0142o\u017cony nad malowniczym jeziorem Tumia\u0144skim, zapewnia niezapomniane wra\u017cenia i idealne warunki do aktywnego wypoczynku na \u0142onie natury. Okolice Tumian zach\u0119caj\u0105 do spacer\u00f3w i wycieczek rowerowych.<\/p>\n<p>Stary Folwark to<strong> doskona\u0142e miejsce na organizacj\u0119 imprez integracyjnych<\/strong>, zar\u00f3wno w przestrzeniach wewn\u0119trznych, jak i na \u015bwie\u017cym powietrzu. Zesp\u00f3\u0142 pracownik\u00f3w dba o ka\u017cdy szczeg\u00f3\u0142, oferuj\u0105c oryginalne scenariusze, gry i zabawy, kt\u00f3re zapewniaj\u0105 komfort, bezpiecze\u0144stwo i atrakcyjno\u015b\u0107 wydarze\u0144.<\/p>\n<p>Aby zwi\u0119kszy\u0107 komfort pobytu, w o\u015brodku powsta\u0142a<strong> sauna infrared oraz mini spa<\/strong>, gdzie po intensywnym dniu mo\u017cna zrelaksowa\u0107 si\u0119 i odzyska\u0107 energi\u0119.<\/p>\n<p><img loading=\"lazy\" decoding=\"async\" class=\"alignnone size-medium wp-image-3808\" src=\"https:\/\/www.miejscakonferencyjne.pl\/blog\/wp-content\/uploads\/2025\/07\/539831380fdccpanoramajpg-1200x_-1000x556.jpg\" alt=\"\" width=\"1000\" height=\"556\" srcset=\"https:\/\/www.miejscakonferencyjne.pl\/blog\/wp-content\/uploads\/2025\/07\/539831380fdccpanoramajpg-1200x_-1000x556.jpg 1000w, https:\/\/www.miejscakonferencyjne.pl\/blog\/wp-content\/uploads\/2025\/07\/539831380fdccpanoramajpg-1200x_-768x427.jpg 768w, https:\/\/www.miejscakonferencyjne.pl\/blog\/wp-content\/uploads\/2025\/07\/539831380fdccpanoramajpg-1200x_-706x392.jpg 706w, https:\/\/www.miejscakonferencyjne.pl\/blog\/wp-content\/uploads\/2025\/07\/539831380fdccpanoramajpg-1200x_.jpg 1200w\" sizes=\"auto, (max-width: 1000px) 100vw, 1000px\" \/><\/p>\n<h2 class=\"object-page-info__title\">Pa\u0142ac Ba\u0142oszyce<\/h2>\n<p>To miejsce zaledwie <strong>1,5 godziny od Tr\u00f3jmiasta<\/strong>, otoczone czystym powietrzem i pi\u0119knem warmi\u0144sko-mazurskich las\u00f3w i jezior.<br \/>\n<a href=\"https:\/\/www.miejscakonferencyjne.pl\/susz\/palac-baloszyce\">Pa\u0142ac Ba\u0142oszyce<\/a>\u00a0cieszy si\u0119 renom\u0105 jako idealne miejsce spotka\u0144 biznesowych, oferuj\u0105c profesjonaln\u0105 obs\u0142ug\u0119 i sprawn\u0105 organizacj\u0119 wydarze\u0144.<\/p>\n<p>Dla mi\u0142o\u015bnik\u00f3w relaksu dost\u0119pne jest <strong>luksusowe Spa z masa\u017cami i jacuzzi<\/strong>, pozwalaj\u0105ce na pe\u0142n\u0105 regeneracj\u0119 po intensywnym dniu.<\/p>\n<p><img loading=\"lazy\" decoding=\"async\" class=\"alignnone size-full wp-image-3810\" src=\"https:\/\/www.miejscakonferencyjne.pl\/blog\/wp-content\/uploads\/2025\/07\/53958b49675ccpalacbaloszyce-716x482-1.jpg\" alt=\"\" width=\"716\" height=\"482\" srcset=\"https:\/\/www.miejscakonferencyjne.pl\/blog\/wp-content\/uploads\/2025\/07\/53958b49675ccpalacbaloszyce-716x482-1.jpg 716w, https:\/\/www.miejscakonferencyjne.pl\/blog\/wp-content\/uploads\/2025\/07\/53958b49675ccpalacbaloszyce-716x482-1-706x475.jpg 706w\" sizes=\"auto, (max-width: 716px) 100vw, 716px\" \/><\/p>\n<h2 class=\"object-page-info__title\">Hotel Ksi\u0119\u017cycowy Dworek<\/h2>\n<p>To idealne miejsce na rodzinne wakacje, romantyczny weekend, wesele czy konferencj\u0119 na Mazurach. Po\u0142o\u017cony w sercu mazurskiej przyrody, oferuje spok\u00f3j i bogat\u0105 ofert\u0119 atrakcji dla mi\u0142o\u015bnik\u00f3w natury, sportu i historii. Go\u015bcie <a href=\"https:\/\/www.miejscakonferencyjne.pl\/ketrzyn\/hotel-ksiezycowy-dworek\">Hotelu Ksi\u0119\u017cycowy Dworek<\/a> maj\u0105 do dyspozycji <strong>150 miejsc noclegowych<\/strong>,<strong> cztery sale konferencyjne<\/strong>, boiska, korty tenisowe, domki letniskowe, grillow\u0105 chat\u0119, si\u0142owni\u0119, plac zabaw oraz stref\u0119 spa.<\/p>\n<p>Obiekt ch\u0119tnie go\u015bci zar\u00f3wno klient\u00f3w indywidualnych, jak i grupy zorganizowane.<\/p>\n<p><img loading=\"lazy\" decoding=\"async\" class=\"alignnone size-medium wp-image-3811\" src=\"https:\/\/www.miejscakonferencyjne.pl\/blog\/wp-content\/uploads\/2025\/07\/53931e6e8b80f01-hotel-spa-na-mazurach-1200x_-1000x750.jpg\" alt=\"\" width=\"1000\" height=\"750\" srcset=\"https:\/\/www.miejscakonferencyjne.pl\/blog\/wp-content\/uploads\/2025\/07\/53931e6e8b80f01-hotel-spa-na-mazurach-1200x_-1000x750.jpg 1000w, https:\/\/www.miejscakonferencyjne.pl\/blog\/wp-content\/uploads\/2025\/07\/53931e6e8b80f01-hotel-spa-na-mazurach-1200x_-768x576.jpg 768w, https:\/\/www.miejscakonferencyjne.pl\/blog\/wp-content\/uploads\/2025\/07\/53931e6e8b80f01-hotel-spa-na-mazurach-1200x_-706x530.jpg 706w, https:\/\/www.miejscakonferencyjne.pl\/blog\/wp-content\/uploads\/2025\/07\/53931e6e8b80f01-hotel-spa-na-mazurach-1200x_.jpg 1200w\" sizes=\"auto, (max-width: 1000px) 100vw, 1000px\" \/><\/p>\n<p>Konferencja w sercu natury to doskona\u0142a alternatywa dla miejskich przestrzeni biurowych. Obiekty po\u0142o\u017cone nad jeziorem czy w lesie oferuj\u0105 nie tylko wyj\u0105tkow\u0105 atmosfer\u0119, ale i doskona\u0142e warunki organizacyjne. To wyb\u00f3r dla tych, kt\u00f3rzy ceni\u0105 jako\u015b\u0107, autentyczno\u015b\u0107 i chc\u0105 stworzy\u0107 wydarzenie, kt\u00f3re zapadnie w pami\u0119\u0107 uczestnik\u00f3w na d\u0142ugo.<\/p>\n","protected":false},"excerpt":{"rendered":"<p>Coraz wi\u0119cej firm wybiera natur\u0119 jako t\u0142o dla spotka\u0144 biznesowych. Konferencje w lesie, nad jeziorem czy w g\u00f3rach sprzyjaj\u0105 koncentracji, integracji i tw\u00f3rczej pracy.<\/p>\n","protected":false},"author":14,"featured_media":3813,"comment_status":"closed","ping_status":"closed","sticky":false,"template":"","format":"standard","meta":{"_acf_changed":false,"footnotes":""},"categories":[212,170],"tags":[370,367,373,364],"class_list":["post-3799","post","type-post","status-publish","format-standard","has-post-thumbnail","hentry","category-miejsce-na-konferencje","category-organizacja-konferencji","tag-hotele-konferencyjne-warmia-i-mazury","tag-konferencje-poza-miastem","tag-konferencje-w-lesie","tag-konferencje-w-naturze","bwp-masonry-item","bwp-blog-col-3"],"acf":[],"yoast_head":"<!-- This site is optimized with the Yoast SEO plugin v26.8 - https:\/\/yoast.com\/product\/yoast-seo-wordpress\/ -->\n<title>Konferencja w sercu natury \u2013 obiekty z dala od miasta, w lesie lub nad jeziorem - MiejscaKonferencyjne.pl<\/title>\n<meta name=\"description\" content=\"Konferencja w sercu natury \u2013 obiekty z dala od miasta, w lesie lub nad jeziorem - MiejscaKonferencyjne.pl\" \/>\n<meta name=\"robots\" content=\"index, follow, max-snippet:-1, max-image-preview:large, max-video-preview:-1\" \/>\n<link rel=\"canonical\" href=\"https:\/\/www.miejscakonferencyjne.pl\/blog\/konferencja-w-sercu-natury-obiekty-z-dala-od-miasta-w-lesie-lub-nad-jeziorem\/\" \/>\n<meta property=\"og:locale\" content=\"pl_PL\" \/>\n<meta property=\"og:type\" content=\"article\" \/>\n<meta property=\"og:title\" content=\"Konferencja w sercu natury \u2013 obiekty z dala od miasta, w lesie lub nad jeziorem - MiejscaKonferencyjne.pl\" \/>\n<meta property=\"og:description\" content=\"Konferencja w sercu natury \u2013 obiekty z dala od miasta, w lesie lub nad jeziorem - MiejscaKonferencyjne.pl\" \/>\n<meta property=\"og:url\" content=\"https:\/\/www.miejscakonferencyjne.pl\/blog\/konferencja-w-sercu-natury-obiekty-z-dala-od-miasta-w-lesie-lub-nad-jeziorem\/\" \/>\n<meta property=\"og:site_name\" content=\"MiejscaKonferencyjne.pl\" \/>\n<meta property=\"article:published_time\" content=\"2025-07-29T07:00:24+00:00\" \/>\n<meta property=\"article:modified_time\" content=\"2025-11-12T08:48:35+00:00\" \/>\n<meta property=\"og:image\" content=\"https:\/\/www.miejscakonferencyjne.pl\/blog\/wp-content\/uploads\/2025\/07\/Fotoram.io-58.jpg\" \/>\n\t<meta property=\"og:image:width\" content=\"1200\" \/>\n\t<meta property=\"og:image:height\" content=\"1200\" \/>\n\t<meta property=\"og:image:type\" content=\"image\/jpeg\" \/>\n<meta name=\"author\" content=\"Julia Gadomska\" \/>\n<meta name=\"twitter:card\" content=\"summary_large_image\" \/>\n<meta name=\"twitter:label1\" content=\"Napisane przez\" \/>\n\t<meta name=\"twitter:data1\" content=\"Julia Gadomska\" \/>\n\t<meta name=\"twitter:label2\" content=\"Szacowany czas czytania\" \/>\n\t<meta name=\"twitter:data2\" content=\"9 minut\" \/>\n<!-- \/ Yoast SEO plugin. -->","yoast_head_json":{"title":"Konferencja w sercu natury \u2013 obiekty z dala od miasta, w lesie lub nad jeziorem - MiejscaKonferencyjne.pl","description":"Konferencja w sercu natury \u2013 obiekty z dala od miasta, w lesie lub nad jeziorem - MiejscaKonferencyjne.pl","robots":{"index":"index","follow":"follow","max-snippet":"max-snippet:-1","max-image-preview":"max-image-preview:large","max-video-preview":"max-video-preview:-1"},"canonical":"https:\/\/www.miejscakonferencyjne.pl\/blog\/konferencja-w-sercu-natury-obiekty-z-dala-od-miasta-w-lesie-lub-nad-jeziorem\/","og_locale":"pl_PL","og_type":"article","og_title":"Konferencja w sercu natury \u2013 obiekty z dala od miasta, w lesie lub nad jeziorem - MiejscaKonferencyjne.pl","og_description":"Konferencja w sercu natury \u2013 obiekty z dala od miasta, w lesie lub nad jeziorem - MiejscaKonferencyjne.pl","og_url":"https:\/\/www.miejscakonferencyjne.pl\/blog\/konferencja-w-sercu-natury-obiekty-z-dala-od-miasta-w-lesie-lub-nad-jeziorem\/","og_site_name":"MiejscaKonferencyjne.pl","article_published_time":"2025-07-29T07:00:24+00:00","article_modified_time":"2025-11-12T08:48:35+00:00","og_image":[{"width":1200,"height":1200,"url":"https:\/\/www.miejscakonferencyjne.pl\/blog\/wp-content\/uploads\/2025\/07\/Fotoram.io-58.jpg","type":"image\/jpeg"}],"author":"Julia Gadomska","twitter_card":"summary_large_image","twitter_misc":{"Napisane przez":"Julia Gadomska","Szacowany czas czytania":"9 minut"},"schema":{"@context":"https:\/\/schema.org","@graph":[{"@type":["Article","BlogPosting"],"@id":"https:\/\/www.miejscakonferencyjne.pl\/blog\/konferencja-w-sercu-natury-obiekty-z-dala-od-miasta-w-lesie-lub-nad-jeziorem\/#article","isPartOf":{"@id":"https:\/\/www.miejscakonferencyjne.pl\/blog\/konferencja-w-sercu-natury-obiekty-z-dala-od-miasta-w-lesie-lub-nad-jeziorem\/"},"author":{"name":"Julia Gadomska","@id":"https:\/\/www.miejscakonferencyjne.pl\/blog\/#\/schema\/person\/cf20a07285a954885a2d455e181a77b5"},"headline":"Konferencja w sercu natury \u2013 obiekty z dala od miasta, w lesie lub nad jeziorem","datePublished":"2025-07-29T07:00:24+00:00","dateModified":"2025-11-12T08:48:35+00:00","mainEntityOfPage":{"@id":"https:\/\/www.miejscakonferencyjne.pl\/blog\/konferencja-w-sercu-natury-obiekty-z-dala-od-miasta-w-lesie-lub-nad-jeziorem\/"},"wordCount":1216,"publisher":{"@id":"https:\/\/www.miejscakonferencyjne.pl\/blog\/#organization"},"image":{"@id":"https:\/\/www.miejscakonferencyjne.pl\/blog\/konferencja-w-sercu-natury-obiekty-z-dala-od-miasta-w-lesie-lub-nad-jeziorem\/#primaryimage"},"thumbnailUrl":"https:\/\/www.miejscakonferencyjne.pl\/blog\/wp-content\/uploads\/2025\/07\/Fotoram.io-58.jpg","keywords":["hotele konferencyjne Warmia i Mazury","konferencje poza miastem","konferencje w lesie","konferencje w naturze"],"articleSection":["Miejsce na konferencj\u0119","Organizacja konferencji"],"inLanguage":"pl-PL"},{"@type":"WebPage","@id":"https:\/\/www.miejscakonferencyjne.pl\/blog\/konferencja-w-sercu-natury-obiekty-z-dala-od-miasta-w-lesie-lub-nad-jeziorem\/","url":"https:\/\/www.miejscakonferencyjne.pl\/blog\/konferencja-w-sercu-natury-obiekty-z-dala-od-miasta-w-lesie-lub-nad-jeziorem\/","name":"Konferencja w sercu natury \u2013 obiekty z dala od miasta, w lesie lub nad jeziorem - MiejscaKonferencyjne.pl","isPartOf":{"@id":"https:\/\/www.miejscakonferencyjne.pl\/blog\/#website"},"primaryImageOfPage":{"@id":"https:\/\/www.miejscakonferencyjne.pl\/blog\/konferencja-w-sercu-natury-obiekty-z-dala-od-miasta-w-lesie-lub-nad-jeziorem\/#primaryimage"},"image":{"@id":"https:\/\/www.miejscakonferencyjne.pl\/blog\/konferencja-w-sercu-natury-obiekty-z-dala-od-miasta-w-lesie-lub-nad-jeziorem\/#primaryimage"},"thumbnailUrl":"https:\/\/www.miejscakonferencyjne.pl\/blog\/wp-content\/uploads\/2025\/07\/Fotoram.io-58.jpg","datePublished":"2025-07-29T07:00:24+00:00","dateModified":"2025-11-12T08:48:35+00:00","description":"Konferencja w sercu natury \u2013 obiekty z dala od miasta, w lesie lub nad jeziorem - MiejscaKonferencyjne.pl","breadcrumb":{"@id":"https:\/\/www.miejscakonferencyjne.pl\/blog\/konferencja-w-sercu-natury-obiekty-z-dala-od-miasta-w-lesie-lub-nad-jeziorem\/#breadcrumb"},"inLanguage":"pl-PL","potentialAction":[{"@type":"ReadAction","target":["https:\/\/www.miejscakonferencyjne.pl\/blog\/konferencja-w-sercu-natury-obiekty-z-dala-od-miasta-w-lesie-lub-nad-jeziorem\/"]}]},{"@type":"ImageObject","inLanguage":"pl-PL","@id":"https:\/\/www.miejscakonferencyjne.pl\/blog\/konferencja-w-sercu-natury-obiekty-z-dala-od-miasta-w-lesie-lub-nad-jeziorem\/#primaryimage","url":"https:\/\/www.miejscakonferencyjne.pl\/blog\/wp-content\/uploads\/2025\/07\/Fotoram.io-58.jpg","contentUrl":"https:\/\/www.miejscakonferencyjne.pl\/blog\/wp-content\/uploads\/2025\/07\/Fotoram.io-58.jpg","width":1200,"height":1200,"caption":"Konferencja w sercu natury"},{"@type":"BreadcrumbList","@id":"https:\/\/www.miejscakonferencyjne.pl\/blog\/konferencja-w-sercu-natury-obiekty-z-dala-od-miasta-w-lesie-lub-nad-jeziorem\/#breadcrumb","itemListElement":[{"@type":"ListItem","position":1,"name":"Strona g\u0142\u00f3wna","item":"https:\/\/www.miejscakonferencyjne.pl\/blog\/"},{"@type":"ListItem","position":2,"name":"Konferencja w sercu natury \u2013 obiekty z dala od miasta, w lesie lub nad jeziorem"}]},{"@type":"WebSite","@id":"https:\/\/www.miejscakonferencyjne.pl\/blog\/#website","url":"https:\/\/www.miejscakonferencyjne.pl\/blog\/","name":"MiejscaKonferencyjne.pl","description":"Dowiedz si\u0119 wszystkiego na temat organizacji konferencji, szkole\u0144 i wydarze\u0144 biznesowych. Komentuj i dziel si\u0119 opini\u0105!","publisher":{"@id":"https:\/\/www.miejscakonferencyjne.pl\/blog\/#organization"},"potentialAction":[{"@type":"SearchAction","target":{"@type":"EntryPoint","urlTemplate":"https:\/\/www.miejscakonferencyjne.pl\/blog\/?s={search_term_string}"},"query-input":{"@type":"PropertyValueSpecification","valueRequired":true,"valueName":"search_term_string"}}],"inLanguage":"pl-PL"},{"@type":"Organization","@id":"https:\/\/www.miejscakonferencyjne.pl\/blog\/#organization","name":"MiejscaKonferencyjne.pl","url":"https:\/\/www.miejscakonferencyjne.pl\/blog\/","logo":{"@type":"ImageObject","inLanguage":"pl-PL","@id":"https:\/\/www.miejscakonferencyjne.pl\/blog\/#\/schema\/logo\/image\/","url":"https:\/\/www.miejscakonferencyjne.pl\/blog\/wp-content\/uploads\/2019\/12\/logo-white.png","contentUrl":"https:\/\/www.miejscakonferencyjne.pl\/blog\/wp-content\/uploads\/2019\/12\/logo-white.png","width":400,"height":63,"caption":"MiejscaKonferencyjne.pl"},"image":{"@id":"https:\/\/www.miejscakonferencyjne.pl\/blog\/#\/schema\/logo\/image\/"}},{"@type":"Person","@id":"https:\/\/www.miejscakonferencyjne.pl\/blog\/#\/schema\/person\/cf20a07285a954885a2d455e181a77b5","name":"Julia Gadomska","url":"https:\/\/www.miejscakonferencyjne.pl\/blog\/author\/jgadomska\/"}]}},"_links":{"self":[{"href":"https:\/\/www.miejscakonferencyjne.pl\/blog\/wp-json\/wp\/v2\/posts\/3799","targetHints":{"allow":["GET"]}}],"collection":[{"href":"https:\/\/www.miejscakonferencyjne.pl\/blog\/wp-json\/wp\/v2\/posts"}],"about":[{"href":"https:\/\/www.miejscakonferencyjne.pl\/blog\/wp-json\/wp\/v2\/types\/post"}],"author":[{"embeddable":true,"href":"https:\/\/www.miejscakonferencyjne.pl\/blog\/wp-json\/wp\/v2\/users\/14"}],"replies":[{"embeddable":true,"href":"https:\/\/www.miejscakonferencyjne.pl\/blog\/wp-json\/wp\/v2\/comments?post=3799"}],"version-history":[{"count":10,"href":"https:\/\/www.miejscakonferencyjne.pl\/blog\/wp-json\/wp\/v2\/posts\/3799\/revisions"}],"predecessor-version":[{"id":3822,"href":"https:\/\/www.miejscakonferencyjne.pl\/blog\/wp-json\/wp\/v2\/posts\/3799\/revisions\/3822"}],"wp:featuredmedia":[{"embeddable":true,"href":"https:\/\/www.miejscakonferencyjne.pl\/blog\/wp-json\/wp\/v2\/media\/3813"}],"wp:attachment":[{"href":"https:\/\/www.miejscakonferencyjne.pl\/blog\/wp-json\/wp\/v2\/media?parent=3799"}],"wp:term":[{"taxonomy":"category","embeddable":true,"href":"https:\/\/www.miejscakonferencyjne.pl\/blog\/wp-json\/wp\/v2\/categories?post=3799"},{"taxonomy":"post_tag","embeddable":true,"href":"https:\/\/www.miejscakonferencyjne.pl\/blog\/wp-json\/wp\/v2\/tags?post=3799"}],"curies":[{"name":"wp","href":"https:\/\/api.w.org\/{rel}","templated":true}]}}