{"id":3710,"date":"2025-05-21T09:00:58","date_gmt":"2025-05-21T07:00:58","guid":{"rendered":"https:\/\/www.miejscakonferencyjne.pl\/blog\/?p=3710"},"modified":"2025-05-21T12:05:36","modified_gmt":"2025-05-21T10:05:36","slug":"gdzie-zorganizowac-event-dla-duzej-firmy-w-krakowie","status":"publish","type":"post","link":"https:\/\/www.miejscakonferencyjne.pl\/blog\/gdzie-zorganizowac-event-dla-duzej-firmy-w-krakowie\/","title":{"rendered":"Gdzie zorganizowa\u0107 event dla du\u017cej firmy w Krakowie?"},"content":{"rendered":"<p>Ostatnio opisywali\u015bmy <a href=\"https:\/\/www.miejscakonferencyjne.pl\/blog\/gdzie-zorganizowac-event-dla-duzej-firmy-w-warszawie\/\">najlepsze miejsca na organizacj\u0119 du\u017cych event\u00f3w w Warszawie<\/a>. Teraz przyszed\u0142 czas na kolejne miasto. <strong>Krak\u00f3w<\/strong>, bo to o nim mowa, jako jedno z najwa\u017cniejszych centr\u00f3w biznesowych w Polsce. Miasto oferuje szeroki wyb\u00f3r przestrzeni idealnych do organizacji event\u00f3w firmowych na du\u017c\u0105 skal\u0119. Historyczne wn\u0119trza, nowoczesne centra kongresowe, hotele z zapleczem konferencyjnym oraz nietuzinkowe przestrzenie industrialne \u2013 wszystko to sprawia, \u017ce miasto doskonale odpowiada na potrzeby wymagaj\u0105cych organizator\u00f3w. <strong>Gdzie wi\u0119c najlepiej zorganizowa\u0107 event dla du\u017cej firmy w Krakowie? Oto kilka sprawdzonych propozycji.<\/strong><\/p>\n<h2>Booking Hotel Crown Piast &amp; Spa \u2013 luksusowy kompleks eventowy w Krakowie<\/h2>\n<p>Elegancka przestrze\u0144 konferencyjna w zielonej cz\u0119\u015bci Krakowa to idealne miejsce na organizacj\u0119 eventu biznesowego, szkolenia czy bankietu na najwy\u017cszym poziomie. <a href=\"https:\/\/www.miejscakonferencyjne.pl\/krakow\/booking-hotel-crown-piast-spa\"><strong>Booking Hotel Crown Piast &amp; Spa<\/strong><\/a> oferuje <strong>dziewi\u0119\u0107 modu\u0142owych sal o \u0142\u0105cznej powierzchni ok. 1000 mkw., kt\u00f3re pomieszcz\u0105 od 10 do 340 os\u00f3b<\/strong>. Nowoczesne zaplecze techniczne, klimatyzacja i mo\u017cliwo\u015b\u0107 elastycznego dostosowania uk\u0142adu sal zapewniaj\u0105 komfort i funkcjonalno\u015b\u0107 podczas ka\u017cdego wydarzenia. Obiekt po\u0142o\u017cony jest w otoczeniu ponadhektarowego, zadbanego ogrodu, idealnego na imprezy plenerowe i przyj\u0119cia. Go\u015bcie maj\u0105 do dyspozycji <strong>179 komfortowych pokoi w r\u00f3\u017cnych standardach<\/strong>, oraz eleganck\u0105 restauracj\u0119 z widokiem na ogr\u00f3d, stref\u0119 relaksu z jacuzzi i podgrzewanym basenem.<\/p>\n<p><img loading=\"lazy\" decoding=\"async\" class=\"alignnone size-medium wp-image-3713\" src=\"https:\/\/www.miejscakonferencyjne.pl\/blog\/wp-content\/uploads\/2025\/05\/zrzut-ekranu-2024-07-3-o-10-51-25-1200x_-1000x648.jpg\" alt=\"\" width=\"1000\" height=\"648\" srcset=\"https:\/\/www.miejscakonferencyjne.pl\/blog\/wp-content\/uploads\/2025\/05\/zrzut-ekranu-2024-07-3-o-10-51-25-1200x_-1000x648.jpg 1000w, https:\/\/www.miejscakonferencyjne.pl\/blog\/wp-content\/uploads\/2025\/05\/zrzut-ekranu-2024-07-3-o-10-51-25-1200x_-768x497.jpg 768w, https:\/\/www.miejscakonferencyjne.pl\/blog\/wp-content\/uploads\/2025\/05\/zrzut-ekranu-2024-07-3-o-10-51-25-1200x_-706x457.jpg 706w, https:\/\/www.miejscakonferencyjne.pl\/blog\/wp-content\/uploads\/2025\/05\/zrzut-ekranu-2024-07-3-o-10-51-25-1200x_.jpg 1200w\" sizes=\"auto, (max-width: 1000px) 100vw, 1000px\" \/><\/p>\n<h2>Hotel Vistula w Krakowie \u2013 idealne miejsce na konferencje i eventy nad Wis\u0142\u0105<\/h2>\n<p>Otoczony zieleni\u0105 i po\u0142o\u017cony tu\u017c nad Wis\u0142\u0105, <a href=\"https:\/\/www.miejscakonferencyjne.pl\/krakow\/hotel-vistula\"><strong>Hotel Vistula<\/strong><\/a> to miejsce, kt\u00f3re doskonale \u0142\u0105czy funkcjonalno\u015b\u0107 przestrzeni konferencyjnych z walorami wypoczynkowymi. Do dyspozycji organizator\u00f3w s\u0105 <strong>dwie klimatyzowane sale<\/strong>, z czego g\u0142\u00f3wna \u2013<strong> o powierzchni 160 mkw. \u2013 pomie\u015bci do 200 os\u00f3b<\/strong>. Profesjonalne zaplecze techniczne obejmuje m.in. rzutnik, ekran, nag\u0142o\u015bnienie, mikrofony, flipchart, Wi-Fi i TV LCD. Z sali konferencyjnej mo\u017cna wyj\u015b\u0107 bezpo\u015brednio na taras z widokiem na rzek\u0119, gdzie w sezonie dost\u0119pny jest catering. Obiekt oferuje elastyczne pakiety przerw kawowych, lunch\u00f3w i kolacji oraz mo\u017cliwo\u015b\u0107 organizacji grill\u00f3w i biesiad plenerowych w du\u017cym ogrodzie. Hotel dysponuje <strong>24 komfortowymi pokojami<\/strong> z klimatyzacj\u0105 i pe\u0142nym wyposa\u017ceniem, co pozwala na <strong>zakwaterowanie do 56 os\u00f3b<\/strong>. Dodatkowymi atutami s\u0105 ca\u0142odobowa recepcja, przestronny parking, restauracja z tarasem oraz przysta\u0144 kajakowa.<\/p>\n<p><img loading=\"lazy\" decoding=\"async\" class=\"alignnone size-medium wp-image-3714\" src=\"https:\/\/www.miejscakonferencyjne.pl\/blog\/wp-content\/uploads\/2025\/05\/2024-01-27-1200x_-1000x749.jpg\" alt=\"\" width=\"1000\" height=\"749\" srcset=\"https:\/\/www.miejscakonferencyjne.pl\/blog\/wp-content\/uploads\/2025\/05\/2024-01-27-1200x_-1000x749.jpg 1000w, https:\/\/www.miejscakonferencyjne.pl\/blog\/wp-content\/uploads\/2025\/05\/2024-01-27-1200x_-768x575.jpg 768w, https:\/\/www.miejscakonferencyjne.pl\/blog\/wp-content\/uploads\/2025\/05\/2024-01-27-1200x_-706x529.jpg 706w, https:\/\/www.miejscakonferencyjne.pl\/blog\/wp-content\/uploads\/2025\/05\/2024-01-27-1200x_.jpg 1200w\" sizes=\"auto, (max-width: 1000px) 100vw, 1000px\" \/><\/p>\n<h2>Teatr im. Juliusza S\u0142owackiego w Krakowie &#8211; elegancka przestrze\u0144 na konferencje<\/h2>\n<p>Kolejn\u0105 propozycj\u0105 jest<strong><a href=\"https:\/\/www.miejscakonferencyjne.pl\/krakow\/teatr-im-juliusza-slowackiego-w-krakowie\"> Teatr im. Juliusza S\u0142owackiego w Krakowie<\/a>.<\/strong> W obiekcie znajduje si\u0119\u00a0 przestrze\u0144 do organizacji r\u00f3\u017cnorodnych wydarze\u0144. G\u0142\u00f3wn\u0105 przestrzeni\u0105 jest<strong> Du\u017ca Scena z klimatyzowan\u0105, trzypoziomow\u0105 widowni\u0105 mieszcz\u0105c\u0105 do 600 os\u00f3b<\/strong>, ozdobiona historycznymi kurtynami autorstwa wybitnych artyst\u00f3w. Do dyspozycji s\u0105 tak\u017ce <strong>Westybul i foyer o powierzchni oko\u0142o 200 mkw,<\/strong> idealne na bankiety lub wystawy. Teatr zapewnia kompleksow\u0105 obs\u0142ug\u0119 techniczn\u0105, obejmuj\u0105c\u0105 monta\u017c dekoracji, o\u015bwietlenie i nag\u0142o\u015bnienie oraz profesjonaln\u0105 obs\u0142ug\u0119 widowni.<\/p>\n<p>Organizatorzy mog\u0105 wykupi\u0107 na wy\u0142\u0105czno\u015b\u0107 spektakl z repertuaru teatru, co pozwala na urozmaicenie wydarzenia wyj\u0105tkow\u0105 opraw\u0105 artystyczn\u0105. Obiekt jest w du\u017cej mierze dostosowany do potrzeb os\u00f3b niepe\u0142nosprawnych. Oferta obejmuje tak\u017ce wynajem innych przestrzeni, takich jak Ma\u0142opolski Ogr\u00f3d Sztuki, Scena Dom Machin czy Dom Rzemios\u0142, <strong>mieszcz\u0105cych od 100 do 300 os\u00f3b.<\/strong><\/p>\n<p><img loading=\"lazy\" decoding=\"async\" class=\"alignnone size-full wp-image-3715\" src=\"https:\/\/www.miejscakonferencyjne.pl\/blog\/wp-content\/uploads\/2025\/05\/teatr-slowackiego-wiosna-dron-14-716x482-1.jpg\" alt=\"\" width=\"716\" height=\"482\" srcset=\"https:\/\/www.miejscakonferencyjne.pl\/blog\/wp-content\/uploads\/2025\/05\/teatr-slowackiego-wiosna-dron-14-716x482-1.jpg 716w, https:\/\/www.miejscakonferencyjne.pl\/blog\/wp-content\/uploads\/2025\/05\/teatr-slowackiego-wiosna-dron-14-716x482-1-706x475.jpg 706w\" sizes=\"auto, (max-width: 716px) 100vw, 716px\" \/><\/p>\n<h2>Hotel Galaxy &#8211; elegancki hotel ze SPA<\/h2>\n<p><strong><a href=\"https:\/\/www.miejscakonferencyjne.pl\/krakow\/hotel-galaxy\">Hotel Galaxy w Krakowie<\/a> <\/strong>udost\u0119pnia nowoczesne, wielofunkcyjne <strong>Centrum Konferencyjne o powierzchni 1550 mkw<\/strong>. G\u0142\u00f3wn\u0105 przestrzeni\u0105 jest sala konferencyjna GALAXY, kt\u00f3r\u0105 mo\u017cna podzieli\u0107 za pomoc\u0105 mobilnych \u015bcian nawet na <strong>6 niezale\u017cnych pomieszcze\u0144.<\/strong> Pozwala to\u00a0 na elastyczne dopasowanie do potrzeb r\u00f3\u017cnorodnych wydarze\u0144. Do dyspozycji go\u015bci jest tak\u017ce <strong>PLANETARIUM<\/strong> \u2014 przestrze\u0144 bankietowa z parkietem i barem, doskonale nadaj\u0105ca si\u0119 r\u00f3wnie\u017c na wystawy. Kompleks uzupe\u0142niaj\u0105 przestronne foyer, sala konferencyjna GEMINI, Business Room oraz szatnia.<br \/>\nHotel Galaxy zapewnia tak\u017ce <strong>205 komfortowych pokoi o wysokim, 4-gwiazdkowym standardzie i \u0142\u0105cznej liczbie 460 miejsc noclegowych<\/strong>. Wszystkie pokoje s\u0105 klimatyzowane i przystosowane do potrzeb os\u00f3b niepe\u0142nosprawnych.<\/p>\n<p>W hotelu dzia\u0142aj\u0105 dwie restauracje \u2014<strong> Andromeda oraz Andromeda Alfa<\/strong> \u2014 gdzie serwowane s\u0105 \u015bniadania w formie bufetu oraz wykwintne lunche, obiady i kolacje.<\/p>\n<p>Hotel Galaxy zapewnia <strong>bogate zaplecze Wellness &amp; SPA<\/strong>, w sk\u0142ad kt\u00f3rego wchodz\u0105 basen z atrakcjami wodnymi, jacuzzi, fitness room oraz gabinety masa\u017cu z zabiegami ajurwedyjskimi i piel\u0119gnacyjnymi. Go\u015bcie mog\u0105 r\u00f3wnie\u017c<strong> korzysta\u0107 z 64 miejsc parkingowych na terenie obiektu<\/strong>. Hotel Galaxy jest idealnym miejscem do organizacji konferencji, szkole\u0144, bankiet\u00f3w, kongres\u00f3w oraz kameralnych spotka\u0144 biznesowych, oferuj\u0105c przestrzenie nawet dla 500 os\u00f3b w ustawieniu teatralnym oraz profesjonaln\u0105 obs\u0142ug\u0119 na najwy\u017cszym poziomie.<\/p>\n<p><img loading=\"lazy\" decoding=\"async\" class=\"alignnone size-medium wp-image-3716\" src=\"https:\/\/www.miejscakonferencyjne.pl\/blog\/wp-content\/uploads\/2025\/05\/1e3a1030-1200x_-1000x618.jpg\" alt=\"\" width=\"1000\" height=\"618\" srcset=\"https:\/\/www.miejscakonferencyjne.pl\/blog\/wp-content\/uploads\/2025\/05\/1e3a1030-1200x_-1000x618.jpg 1000w, https:\/\/www.miejscakonferencyjne.pl\/blog\/wp-content\/uploads\/2025\/05\/1e3a1030-1200x_-768x475.jpg 768w, https:\/\/www.miejscakonferencyjne.pl\/blog\/wp-content\/uploads\/2025\/05\/1e3a1030-1200x_-706x437.jpg 706w, https:\/\/www.miejscakonferencyjne.pl\/blog\/wp-content\/uploads\/2025\/05\/1e3a1030-1200x_.jpg 1200w\" sizes=\"auto, (max-width: 1000px) 100vw, 1000px\" \/><\/p>\n<h2>Muzeum Narodowe w Krakowie \u2013 presti\u017cowa przestrze\u0144 na wyj\u0105tkowe wydarzenia<\/h2>\n<p>To unikatowa propozycja dla organizator\u00f3w event\u00f3w, kt\u00f3rzy szukaj\u0105 niebanalnej przestrzeni \u0142\u0105cz\u0105cej elegancj\u0119, histori\u0119 i doskona\u0142\u0105 lokalizacj\u0119. <a href=\"https:\/\/www.miejscakonferencyjne.pl\/krakow\/muzeum-narodowe-w-krakowie-galeria-w-sukiennicach-i-palac-biskupa-erazma-ciolka\">Muzeum Narodowe w Krakowie<\/a> oferuje <strong>mo\u017cliwo\u015b\u0107 wynajmu reprezentacyjnych wn\u0119trz Pa\u0142acu Biskupa Erazma Cio\u0142ka oraz Galerii Sztuki w Sukiennicach<\/strong> \u2013 dw\u00f3ch zabytkowych lokalizacji o niezwyk\u0142ym klimacie i niepowtarzalnym uroku.<\/p>\n<p>Dost\u0119pne<strong> sale eventowe<\/strong> sprawdz\u0105 si\u0119 doskonale jako t\u0142o dla konferencji, szkole\u0144, bankiet\u00f3w, koncert\u00f3w, uroczysto\u015bci rodzinnych, ceremonii \u015blubnych.. Wn\u0119trza s\u0105 przestronne, klasycznie urz\u0105dzone i wyposa\u017cone w nowoczesny sprz\u0119t techniczny.<\/p>\n<p><strong>Pa\u0142ac Biskupa Erazma Cio\u0142ka zachwyca<\/strong> zabytkow\u0105 architektur\u0105 i detalami nawi\u0105zuj\u0105cymi do renesansowej historii Krakowa. To miejsce pe\u0142ne klasy i kultury, idealne na uroczyste i presti\u017cowe wydarzenia. Z kolei Galeria Sztuki w Sukiennicach tworzy niezapomnian\u0105 sceneri\u0119 dla ka\u017cdego eventu.<\/p>\n<p>Dzi\u0119ki wyj\u0105tkowemu charakterowi, <strong>Muzeum Narodowe w Krakowie<\/strong> stanowi doskona\u0142y wyb\u00f3r dla os\u00f3b i instytucji poszukuj\u0105cych miejsca, kt\u00f3re wyr\u00f3\u017cni ich wydarzenie.<\/p>\n<p><img loading=\"lazy\" decoding=\"async\" class=\"alignnone size-full wp-image-3718\" src=\"https:\/\/www.miejscakonferencyjne.pl\/blog\/wp-content\/uploads\/2025\/05\/zrzut-ekranu-2023-06-19-122521-716x482-1.png\" alt=\"\" width=\"716\" height=\"482\" srcset=\"https:\/\/www.miejscakonferencyjne.pl\/blog\/wp-content\/uploads\/2025\/05\/zrzut-ekranu-2023-06-19-122521-716x482-1.png 716w, https:\/\/www.miejscakonferencyjne.pl\/blog\/wp-content\/uploads\/2025\/05\/zrzut-ekranu-2023-06-19-122521-716x482-1-706x475.png 706w\" sizes=\"auto, (max-width: 716px) 100vw, 716px\" \/><\/p>\n<p>&nbsp;<\/p>\n<h2><b>Radisson Blu Krak\u00f3w \u2013 presti\u017cowe centrum konferencyjne i hotelowe w sercu miasta<\/b><\/h2>\n<p>Po\u0142o\u017cony w samym sercu Krakowa, pi\u0119ciogwiazdkowy <a href=\"https:\/\/www.miejscakonferencyjne.pl\/krakow\/radisson-blu-krakow\"><strong>Radisson Blu Hotel<\/strong><\/a> to doskona\u0142a propozycja dla organizator\u00f3w konferencji, szkole\u0144 i wyjazd\u00f3w s\u0142u\u017cbowych. Obiekt oferuje a\u017c <strong>8 eleganckich i nowocze\u015bnie wyposa\u017conych sal konferencyjnych o \u0142\u0105cznej powierzchni 326 mkw.<\/strong> W tej powierzchni znajduje si\u0119 przestronna sala g\u0142\u00f3wna mog\u0105ca <strong>pomie\u015bci\u0107 do 150 os\u00f3b<\/strong>. Wszystkie sale maj\u0105 dost\u0119p do \u015bwiat\u0142a dziennego, s\u0105 klimatyzowane i wyposa\u017cone w nowoczesne zaplecze techniczne, w tym telewizory plazmowe oraz systemy telekonferencyjne, co sprzyja koncentracji i komfortowi uczestnik\u00f3w.<\/p>\n<p>Na go\u015bci czeka <strong>196 komfortowych pokoi z widokiem na Stare Miasto<\/strong>. Ka\u017cdy z nich oferuje bezp\u0142atne Wi-Fi, zestaw do parzenia kawy i herbaty oraz eleganckie wn\u0119trza sprzyjaj\u0105ce wypoczynkowi po intensywnym dniu.<\/p>\n<p>W hotelu dzia\u0142aj\u0105 dwie restauracje: <strong>Solfe\u017c<\/strong> \u2013 serwuj\u0105ca znakomite \u015bniadania w formie bufetu. Dost\u0119pna jest te\u017c restauracja <strong>Milk &amp; Co.<\/strong>, oferuj\u0105ca dania kuchni regionalnej i mi\u0119dzynarodowej oparte na sezonowych sk\u0142adnikach. Na wieczorny relaks zaprasza bar Salt &amp; Co., inspirowany motywem kopalni soli.<\/p>\n<p>Uzupe\u0142nieniem oferty jest <strong>nowoczesna si\u0142ownia, udogodnienia dla os\u00f3b podr\u00f3\u017cuj\u0105cych s\u0142u\u017cbowo oraz \u0142atwy dost\u0119p do krakowskich atrakcji<\/strong>.<\/p>\n<p><img loading=\"lazy\" decoding=\"async\" class=\"alignnone size-full wp-image-3719\" src=\"https:\/\/www.miejscakonferencyjne.pl\/blog\/wp-content\/uploads\/2025\/05\/353078604-716x482-1.jpg\" alt=\"\" width=\"716\" height=\"482\" srcset=\"https:\/\/www.miejscakonferencyjne.pl\/blog\/wp-content\/uploads\/2025\/05\/353078604-716x482-1.jpg 716w, https:\/\/www.miejscakonferencyjne.pl\/blog\/wp-content\/uploads\/2025\/05\/353078604-716x482-1-706x475.jpg 706w\" sizes=\"auto, (max-width: 716px) 100vw, 716px\" \/><\/p>\n<h2>Centrum Hotelowo-Konferencyjne Hotel Lenart\u2013 idealne miejsce na konferencj\u0119<\/h2>\n<p>Nowoczesne centrum konferencyjno-hotelowe zlokalizowane tu\u017c pod Krakowem, w s\u0105siedztwie s\u0142ynnej kopalni soli w Wieliczce. Mowa o<a href=\"https:\/\/www.miejscakonferencyjne.pl\/krakow\/hotel-lenart\"> <strong>Hotelu Lenart<\/strong><\/a>.<\/p>\n<p>Obiekt po\u0142o\u017cony jest zaledwie 20 minut od centrum Krakowa. To nowoczesny obiekt konferencyjno-hotelowy oferuj\u0105cy <strong>11 sal o \u0142\u0105cznej powierzchni 1250 m\u00b2<\/strong>, mog\u0105cych pomie\u015bci\u0107<strong> do 500 os\u00f3b<\/strong>. Sale wyr\u00f3\u017cniaj\u0105 si\u0119 mobilnymi \u015bcianami, brakiem s\u0142up\u00f3w ograniczaj\u0105cych widoczno\u015b\u0107, dost\u0119pem do \u015bwiat\u0142a dziennego oraz zaawansowanym zapleczem multimedialnym. Do dyspozycji go\u015bci pozostaje tak\u017ce przestronne foyer, mo\u017cliwo\u015b\u0107 ekspozycji samochod\u00f3w na sali Wi\u015bniowej oraz szybki Internet \u015bwiat\u0142owodowy.<\/p>\n<p>Obiekt oferuje <strong>55 komfortowych pokoi i 7 apartament\u00f3w. Na terenie znajduje si\u0119 tak\u017ce <\/strong><strong>restauracja \u201ePod Kominem\u201d<\/strong> serwuj\u0105ca dania kuchni s\u0142owia\u0144skiej i mi\u0119dzynarodowej. Strefa Wellness &amp; SPA z saunami, jacuzzi i gabinetami odnowy biologicznej wzbogaca pobyt. Hotel dysponuje <strong>bezp\u0142atnym parkingiem dla ponad 200 samochod\u00f3w i autokar\u00f3w<\/strong>. Hotel Lenart to doskona\u0142e miejsce na konferencje, szkolenia i spotkania biznesowe.<\/p>\n<p><img loading=\"lazy\" decoding=\"async\" class=\"alignnone size-full wp-image-3720\" src=\"https:\/\/www.miejscakonferencyjne.pl\/blog\/wp-content\/uploads\/2025\/05\/hotel-lenart-wieliczka-krakow-nowoczesny-modernistyczny-hotel-z-wyjatkowa-stalowa-elewacja-z-motywami-drzew-716x482-1.jpg\" alt=\"\" width=\"716\" height=\"482\" srcset=\"https:\/\/www.miejscakonferencyjne.pl\/blog\/wp-content\/uploads\/2025\/05\/hotel-lenart-wieliczka-krakow-nowoczesny-modernistyczny-hotel-z-wyjatkowa-stalowa-elewacja-z-motywami-drzew-716x482-1.jpg 716w, https:\/\/www.miejscakonferencyjne.pl\/blog\/wp-content\/uploads\/2025\/05\/hotel-lenart-wieliczka-krakow-nowoczesny-modernistyczny-hotel-z-wyjatkowa-stalowa-elewacja-z-motywami-drzew-716x482-1-706x475.jpg 706w\" sizes=\"auto, (max-width: 716px) 100vw, 716px\" \/><\/p>\n<h2>Aparthotel Lwowska 1 \u2013 nowoczesna przestrze\u0144 eventowa w sercu krakowskiego Podg\u00f3rza<\/h2>\n<p>Zlokalizowany w sercu modnego krakowskiego Podg\u00f3rza Aparthotel Lwowska 1, wyr\u00f3\u017cnia si\u0119 unikalnym stylem. <strong><a href=\"https:\/\/www.miejscakonferencyjne.pl\/krakow\/lwowska-1\">Aparthotel Lwowska 1<\/a><\/strong> oferuje<strong> kompleksow\u0105 przestrze\u0144 do organizacji konferencji, szkole\u0144, warsztat\u00f3w czy wydarze\u0144 integracyjnych<\/strong>. Do dyspozycji go\u015bci pozostaje<strong> sala konferencyjna o powierzchni 194 mkw.<\/strong>, kt\u00f3ra dzi\u0119ki mobilnym panelom mo\u017ce przyj\u0105\u0107<strong> a\u017c 5 r\u00f3\u017cnych konfiguracji<\/strong>, oraz dwa przestronne Board Roomy (po 40 mkw.). Dodatkowym atutem jest przyleg\u0142e patio idealne jako strefa gastronomiczna lub przestrze\u0144 networkingowa.<\/p>\n<p>Obiekt dysponuje tak\u017ce <strong>zapleczem noclegowym obejmuj\u0105cym 546 miejsc w przestronnych pokojach i apartamentach od 26 do 90 mkw.<\/strong>\u00a0Na miejscu dzia\u0142a <strong>restauracja \u201eZielonym Do G\u00f3ry\u201d,<\/strong> specjalizuj\u0105ca si\u0119 w kuchni inspirowanej sezonowymi warzywami, zio\u0142ami i autorskimi kiszonkami.<\/p>\n<p>Po dniu pe\u0142nym aktywno\u015bci na go\u015bci czeka strefa<strong> Relaksarium SPA z saunami, gabinetami masa\u017cu i miejscem do wyciszenia<\/strong>. Ca\u0142o\u015b\u0107 uzupe\u0142nia 70 miejsc parkingowych w monitorowanym gara\u017cu podziemnym oraz dost\u0119p do us\u0142ug dodatkowych, takich jak organizacja transfer\u00f3w czy wycieczek po Krakowie i okolicy.<\/p>\n<p><img loading=\"lazy\" decoding=\"async\" class=\"alignnone size-full wp-image-3721\" src=\"https:\/\/www.miejscakonferencyjne.pl\/blog\/wp-content\/uploads\/2025\/05\/5c4df4f6a06d2aparthotelexterior004-716x482-1.jpg\" alt=\"\" width=\"716\" height=\"482\" srcset=\"https:\/\/www.miejscakonferencyjne.pl\/blog\/wp-content\/uploads\/2025\/05\/5c4df4f6a06d2aparthotelexterior004-716x482-1.jpg 716w, https:\/\/www.miejscakonferencyjne.pl\/blog\/wp-content\/uploads\/2025\/05\/5c4df4f6a06d2aparthotelexterior004-716x482-1-706x475.jpg 706w\" sizes=\"auto, (max-width: 716px) 100vw, 716px\" \/><\/p>\n<h2>AC Hotel by Marriott Krak\u00f3w \u2013 nowoczesny obiekt konferencyjny z widokiem na B\u0142onia<\/h2>\n<p>Kolejn\u0105 propozycj\u0105 jest<a href=\"https:\/\/www.miejscakonferencyjne.pl\/krakow\/ac-hotel-by-marriott-krakow\"> <strong>AC Hotel by Marriott Krak\u00f3w<\/strong><\/a>, po\u0142o\u017cony przy <strong>Alejach 3 Maja<\/strong>. Hotel oferuje nowoczesne i elastyczne przestrzenie do organizacji konferencji, szkole\u0144, bankiet\u00f3w i event\u00f3w biznesowych. Do dyspozycji jest <strong>7 klimatyzowanych sal<\/strong>, w tym Sala Balowa Mariposa mieszcz\u0105ca <strong>do 270 os\u00f3b<\/strong>, wyposa\u017conych w nowoczesny sprz\u0119t multimedialny i dost\u0119p do Wi-Fi.<\/p>\n<p>Hotel dysponuje <strong>300 komfortowymi pokojami i apartamentami z 648 miejscami noclegowymi<\/strong>, wiele z tarasami z widokiem na Wawel i B\u0142onia. Powierzchnia pokoi wynosi od 25 do 110 mkw., a apartamenty prezydenckie maj\u0105 przestronny taras o powierzchni 48 mkw.<\/p>\n<p>Na miejscu znajduje si\u0119<strong> restauracja Sobre de la Mesa<\/strong> z kuchni\u0105 europejsk\u0105 i ogr\u00f3dkiem letnim, AC Lounge oraz strefa SPA z basenem, saunami, jacuzzi i gabinetami masa\u017cu. Go\u015bcie maj\u0105 te\u017c dost\u0119p do si\u0142owni, podziemnego parkingu z 114 miejscami, stacji \u0142adowania i hotelowego Kids Club.<\/p>\n<p>AC Hotel by Marriott Krak\u00f3w to idealne miejsce na biznes i wypoczynek, oferuj\u0105ce komfort i profesjonaln\u0105 obs\u0142ug\u0119 w presti\u017cowej lokalizacji.<\/p>\n<p><img loading=\"lazy\" decoding=\"async\" class=\"alignnone size-full wp-image-3723\" src=\"https:\/\/www.miejscakonferencyjne.pl\/blog\/wp-content\/uploads\/2025\/05\/krkac-exterior-6944-hor-clsc-716x482-2.jpg\" alt=\"\" width=\"716\" height=\"482\" srcset=\"https:\/\/www.miejscakonferencyjne.pl\/blog\/wp-content\/uploads\/2025\/05\/krkac-exterior-6944-hor-clsc-716x482-2.jpg 716w, https:\/\/www.miejscakonferencyjne.pl\/blog\/wp-content\/uploads\/2025\/05\/krkac-exterior-6944-hor-clsc-716x482-2-706x475.jpg 706w\" sizes=\"auto, (max-width: 716px) 100vw, 716px\" \/><\/p>\n<p>&nbsp;<\/p>\n<p>Krak\u00f3w to miejsce, kt\u00f3re \u0142\u0105czy profesjonalizm z wyj\u0105tkowym klimatem. Niezale\u017cnie od tego, czy planowany jest kongres, gala, integracja czy prezentacja nowego produktu \u2013 w Krakowie mo\u017cna znale\u017a\u0107 przestrze\u0144 idealnie dopasowan\u0105 do skali i charakteru wydarzenia. Wyb\u00f3r ICE Krak\u00f3w, EXPO, renomowanego hotelu czy nietuzinkowej przestrzeni to gwarancja udanego eventu na najwy\u017cszym poziomie.<\/p>\n<p>&nbsp;<\/p>\n<p>&nbsp;<\/p>\n","protected":false},"excerpt":{"rendered":"<p>Po Warszawie czas na Krak\u00f3w \u2013 centrum biznesowe z r\u00f3\u017cnorodnymi przestrzeniami na du\u017ce eventy firmowe. Oto najlepsze miejsca na organizacj\u0119 du\u017cej imprezy w Krakowie.<\/p>\n","protected":false},"author":14,"featured_media":3726,"comment_status":"closed","ping_status":"closed","sticky":false,"template":"","format":"standard","meta":{"_acf_changed":false,"footnotes":""},"categories":[212,170],"tags":[354,356,355,357],"class_list":["post-3710","post","type-post","status-publish","format-standard","has-post-thumbnail","hentry","category-miejsce-na-konferencje","category-organizacja-konferencji","tag-eventy-firmowe","tag-hotele-konferencyjne","tag-krakow","tag-porady","bwp-masonry-item","bwp-blog-col-3"],"acf":[],"yoast_head":"<!-- This site is optimized with the Yoast SEO plugin v26.8 - https:\/\/yoast.com\/product\/yoast-seo-wordpress\/ -->\n<title>Gdzie zorganizowa\u0107 event dla du\u017cej firmy w Krakowie? - MiejscaKonferencyjne.pl<\/title>\n<meta name=\"description\" content=\"Gdzie zorganizowa\u0107 event dla du\u017cej firmy w Krakowie? - MiejscaKonferencyjne.pl\" \/>\n<meta name=\"robots\" content=\"index, follow, max-snippet:-1, max-image-preview:large, max-video-preview:-1\" \/>\n<link rel=\"canonical\" href=\"https:\/\/www.miejscakonferencyjne.pl\/blog\/gdzie-zorganizowac-event-dla-duzej-firmy-w-krakowie\/\" \/>\n<meta property=\"og:locale\" content=\"pl_PL\" \/>\n<meta property=\"og:type\" content=\"article\" \/>\n<meta property=\"og:title\" content=\"Gdzie zorganizowa\u0107 event dla du\u017cej firmy w Krakowie? - MiejscaKonferencyjne.pl\" \/>\n<meta property=\"og:description\" content=\"Gdzie zorganizowa\u0107 event dla du\u017cej firmy w Krakowie? - MiejscaKonferencyjne.pl\" \/>\n<meta property=\"og:url\" content=\"https:\/\/www.miejscakonferencyjne.pl\/blog\/gdzie-zorganizowac-event-dla-duzej-firmy-w-krakowie\/\" \/>\n<meta property=\"og:site_name\" content=\"MiejscaKonferencyjne.pl\" \/>\n<meta property=\"article:published_time\" content=\"2025-05-21T07:00:58+00:00\" \/>\n<meta property=\"article:modified_time\" content=\"2025-05-21T10:05:36+00:00\" \/>\n<meta property=\"og:image\" content=\"https:\/\/www.miejscakonferencyjne.pl\/blog\/wp-content\/uploads\/2025\/05\/Fotoram.io-32.jpg\" \/>\n\t<meta property=\"og:image:width\" content=\"1200\" \/>\n\t<meta property=\"og:image:height\" content=\"1200\" \/>\n\t<meta property=\"og:image:type\" content=\"image\/jpeg\" \/>\n<meta name=\"author\" content=\"Julia Gadomska\" \/>\n<meta name=\"twitter:card\" content=\"summary_large_image\" \/>\n<meta name=\"twitter:label1\" content=\"Napisane przez\" \/>\n\t<meta name=\"twitter:data1\" content=\"Julia Gadomska\" \/>\n\t<meta name=\"twitter:label2\" content=\"Szacowany czas czytania\" \/>\n\t<meta name=\"twitter:data2\" content=\"11 minut\" \/>\n<!-- \/ Yoast SEO plugin. -->","yoast_head_json":{"title":"Gdzie zorganizowa\u0107 event dla du\u017cej firmy w Krakowie? - MiejscaKonferencyjne.pl","description":"Gdzie zorganizowa\u0107 event dla du\u017cej firmy w Krakowie? - MiejscaKonferencyjne.pl","robots":{"index":"index","follow":"follow","max-snippet":"max-snippet:-1","max-image-preview":"max-image-preview:large","max-video-preview":"max-video-preview:-1"},"canonical":"https:\/\/www.miejscakonferencyjne.pl\/blog\/gdzie-zorganizowac-event-dla-duzej-firmy-w-krakowie\/","og_locale":"pl_PL","og_type":"article","og_title":"Gdzie zorganizowa\u0107 event dla du\u017cej firmy w Krakowie? - MiejscaKonferencyjne.pl","og_description":"Gdzie zorganizowa\u0107 event dla du\u017cej firmy w Krakowie? - MiejscaKonferencyjne.pl","og_url":"https:\/\/www.miejscakonferencyjne.pl\/blog\/gdzie-zorganizowac-event-dla-duzej-firmy-w-krakowie\/","og_site_name":"MiejscaKonferencyjne.pl","article_published_time":"2025-05-21T07:00:58+00:00","article_modified_time":"2025-05-21T10:05:36+00:00","og_image":[{"width":1200,"height":1200,"url":"https:\/\/www.miejscakonferencyjne.pl\/blog\/wp-content\/uploads\/2025\/05\/Fotoram.io-32.jpg","type":"image\/jpeg"}],"author":"Julia Gadomska","twitter_card":"summary_large_image","twitter_misc":{"Napisane przez":"Julia Gadomska","Szacowany czas czytania":"11 minut"},"schema":{"@context":"https:\/\/schema.org","@graph":[{"@type":["Article","BlogPosting"],"@id":"https:\/\/www.miejscakonferencyjne.pl\/blog\/gdzie-zorganizowac-event-dla-duzej-firmy-w-krakowie\/#article","isPartOf":{"@id":"https:\/\/www.miejscakonferencyjne.pl\/blog\/gdzie-zorganizowac-event-dla-duzej-firmy-w-krakowie\/"},"author":{"name":"Julia Gadomska","@id":"https:\/\/www.miejscakonferencyjne.pl\/blog\/#\/schema\/person\/cf20a07285a954885a2d455e181a77b5"},"headline":"Gdzie zorganizowa\u0107 event dla du\u017cej firmy w Krakowie?","datePublished":"2025-05-21T07:00:58+00:00","dateModified":"2025-05-21T10:05:36+00:00","mainEntityOfPage":{"@id":"https:\/\/www.miejscakonferencyjne.pl\/blog\/gdzie-zorganizowac-event-dla-duzej-firmy-w-krakowie\/"},"wordCount":1695,"publisher":{"@id":"https:\/\/www.miejscakonferencyjne.pl\/blog\/#organization"},"image":{"@id":"https:\/\/www.miejscakonferencyjne.pl\/blog\/gdzie-zorganizowac-event-dla-duzej-firmy-w-krakowie\/#primaryimage"},"thumbnailUrl":"https:\/\/www.miejscakonferencyjne.pl\/blog\/wp-content\/uploads\/2025\/05\/Fotoram.io-32.jpg","keywords":["eventy firmowe","hotele konferencyjne","Krak\u00f3w","porady"],"articleSection":["Miejsce na konferencj\u0119","Organizacja konferencji"],"inLanguage":"pl-PL"},{"@type":"WebPage","@id":"https:\/\/www.miejscakonferencyjne.pl\/blog\/gdzie-zorganizowac-event-dla-duzej-firmy-w-krakowie\/","url":"https:\/\/www.miejscakonferencyjne.pl\/blog\/gdzie-zorganizowac-event-dla-duzej-firmy-w-krakowie\/","name":"Gdzie zorganizowa\u0107 event dla du\u017cej firmy w Krakowie? - MiejscaKonferencyjne.pl","isPartOf":{"@id":"https:\/\/www.miejscakonferencyjne.pl\/blog\/#website"},"primaryImageOfPage":{"@id":"https:\/\/www.miejscakonferencyjne.pl\/blog\/gdzie-zorganizowac-event-dla-duzej-firmy-w-krakowie\/#primaryimage"},"image":{"@id":"https:\/\/www.miejscakonferencyjne.pl\/blog\/gdzie-zorganizowac-event-dla-duzej-firmy-w-krakowie\/#primaryimage"},"thumbnailUrl":"https:\/\/www.miejscakonferencyjne.pl\/blog\/wp-content\/uploads\/2025\/05\/Fotoram.io-32.jpg","datePublished":"2025-05-21T07:00:58+00:00","dateModified":"2025-05-21T10:05:36+00:00","description":"Gdzie zorganizowa\u0107 event dla du\u017cej firmy w Krakowie? - MiejscaKonferencyjne.pl","breadcrumb":{"@id":"https:\/\/www.miejscakonferencyjne.pl\/blog\/gdzie-zorganizowac-event-dla-duzej-firmy-w-krakowie\/#breadcrumb"},"inLanguage":"pl-PL","potentialAction":[{"@type":"ReadAction","target":["https:\/\/www.miejscakonferencyjne.pl\/blog\/gdzie-zorganizowac-event-dla-duzej-firmy-w-krakowie\/"]}]},{"@type":"ImageObject","inLanguage":"pl-PL","@id":"https:\/\/www.miejscakonferencyjne.pl\/blog\/gdzie-zorganizowac-event-dla-duzej-firmy-w-krakowie\/#primaryimage","url":"https:\/\/www.miejscakonferencyjne.pl\/blog\/wp-content\/uploads\/2025\/05\/Fotoram.io-32.jpg","contentUrl":"https:\/\/www.miejscakonferencyjne.pl\/blog\/wp-content\/uploads\/2025\/05\/Fotoram.io-32.jpg","width":1200,"height":1200,"caption":"event dla du\u017cej firmy w Krakowie"},{"@type":"BreadcrumbList","@id":"https:\/\/www.miejscakonferencyjne.pl\/blog\/gdzie-zorganizowac-event-dla-duzej-firmy-w-krakowie\/#breadcrumb","itemListElement":[{"@type":"ListItem","position":1,"name":"Strona g\u0142\u00f3wna","item":"https:\/\/www.miejscakonferencyjne.pl\/blog\/"},{"@type":"ListItem","position":2,"name":"Gdzie zorganizowa\u0107 event dla du\u017cej firmy w Krakowie?"}]},{"@type":"WebSite","@id":"https:\/\/www.miejscakonferencyjne.pl\/blog\/#website","url":"https:\/\/www.miejscakonferencyjne.pl\/blog\/","name":"MiejscaKonferencyjne.pl","description":"Dowiedz si\u0119 wszystkiego na temat organizacji konferencji, szkole\u0144 i wydarze\u0144 biznesowych. Komentuj i dziel si\u0119 opini\u0105!","publisher":{"@id":"https:\/\/www.miejscakonferencyjne.pl\/blog\/#organization"},"potentialAction":[{"@type":"SearchAction","target":{"@type":"EntryPoint","urlTemplate":"https:\/\/www.miejscakonferencyjne.pl\/blog\/?s={search_term_string}"},"query-input":{"@type":"PropertyValueSpecification","valueRequired":true,"valueName":"search_term_string"}}],"inLanguage":"pl-PL"},{"@type":"Organization","@id":"https:\/\/www.miejscakonferencyjne.pl\/blog\/#organization","name":"MiejscaKonferencyjne.pl","url":"https:\/\/www.miejscakonferencyjne.pl\/blog\/","logo":{"@type":"ImageObject","inLanguage":"pl-PL","@id":"https:\/\/www.miejscakonferencyjne.pl\/blog\/#\/schema\/logo\/image\/","url":"https:\/\/www.miejscakonferencyjne.pl\/blog\/wp-content\/uploads\/2019\/12\/logo-white.png","contentUrl":"https:\/\/www.miejscakonferencyjne.pl\/blog\/wp-content\/uploads\/2019\/12\/logo-white.png","width":400,"height":63,"caption":"MiejscaKonferencyjne.pl"},"image":{"@id":"https:\/\/www.miejscakonferencyjne.pl\/blog\/#\/schema\/logo\/image\/"}},{"@type":"Person","@id":"https:\/\/www.miejscakonferencyjne.pl\/blog\/#\/schema\/person\/cf20a07285a954885a2d455e181a77b5","name":"Julia Gadomska","url":"https:\/\/www.miejscakonferencyjne.pl\/blog\/author\/jgadomska\/"}]}},"_links":{"self":[{"href":"https:\/\/www.miejscakonferencyjne.pl\/blog\/wp-json\/wp\/v2\/posts\/3710","targetHints":{"allow":["GET"]}}],"collection":[{"href":"https:\/\/www.miejscakonferencyjne.pl\/blog\/wp-json\/wp\/v2\/posts"}],"about":[{"href":"https:\/\/www.miejscakonferencyjne.pl\/blog\/wp-json\/wp\/v2\/types\/post"}],"author":[{"embeddable":true,"href":"https:\/\/www.miejscakonferencyjne.pl\/blog\/wp-json\/wp\/v2\/users\/14"}],"replies":[{"embeddable":true,"href":"https:\/\/www.miejscakonferencyjne.pl\/blog\/wp-json\/wp\/v2\/comments?post=3710"}],"version-history":[{"count":5,"href":"https:\/\/www.miejscakonferencyjne.pl\/blog\/wp-json\/wp\/v2\/posts\/3710\/revisions"}],"predecessor-version":[{"id":3727,"href":"https:\/\/www.miejscakonferencyjne.pl\/blog\/wp-json\/wp\/v2\/posts\/3710\/revisions\/3727"}],"wp:featuredmedia":[{"embeddable":true,"href":"https:\/\/www.miejscakonferencyjne.pl\/blog\/wp-json\/wp\/v2\/media\/3726"}],"wp:attachment":[{"href":"https:\/\/www.miejscakonferencyjne.pl\/blog\/wp-json\/wp\/v2\/media?parent=3710"}],"wp:term":[{"taxonomy":"category","embeddable":true,"href":"https:\/\/www.miejscakonferencyjne.pl\/blog\/wp-json\/wp\/v2\/categories?post=3710"},{"taxonomy":"post_tag","embeddable":true,"href":"https:\/\/www.miejscakonferencyjne.pl\/blog\/wp-json\/wp\/v2\/tags?post=3710"}],"curies":[{"name":"wp","href":"https:\/\/api.w.org\/{rel}","templated":true}]}}