{"id":3655,"date":"2025-04-16T15:40:36","date_gmt":"2025-04-16T13:40:36","guid":{"rendered":"https:\/\/www.miejscakonferencyjne.pl\/blog\/?p=3655"},"modified":"2025-04-16T15:40:58","modified_gmt":"2025-04-16T13:40:58","slug":"3655-2","status":"publish","type":"post","link":"https:\/\/www.miejscakonferencyjne.pl\/blog\/3655-2\/","title":{"rendered":"Jak szybko zorganizowa\u0107 konferencj\u0119 z minimalnym bud\u017cetem?"},"content":{"rendered":"<p><strong>Organizacja konferencji brzmi jak wyzwanie. Jeszcze wi\u0119ksze, kiedy masz ma\u0142o czasu i jeszcze mniej pieni\u0119dzy. Ale \u2013 spokojnie. Da si\u0119 to spi\u0105\u0107.\u00a0<\/strong><\/p>\n<p>Prawda jest taka, \u017ce nie musisz mie\u0107 ani grubego bud\u017cetu, ani wielkiego zespo\u0142u, \u017ceby stworzy\u0107 co\u015b, co b\u0119dzie mia\u0142o warto\u015b\u0107.<\/p>\n<h2>Od czego zacz\u0105\u0107?<\/h2>\n<p>Od najprostszej rzeczy: po co to robisz? Nie chodzi o to, \u017ceby brzmia\u0142o dobrze na LinkedInie. Chodzi o to, \u017ceby\u015b sam wiedzia\u0142, do czego d\u0105\u017cysz.<strong> Mo\u017ce chcesz zebra\u0107 ludzi z jednej bran\u017cy i pogada\u0107 o tym, co si\u0119 dzieje. Mo\u017ce budujesz spo\u0142eczno\u015b\u0107. A mo\u017ce po prostu chcesz, \u017ceby \u015bwiat us\u0142ysza\u0142 o twoim projekcie.<\/strong> Ka\u017cdy z tych powod\u00f3w jest okej \u2014 o ile jest szczery.<\/p>\n<p><img loading=\"lazy\" decoding=\"async\" class=\"alignnone size-medium wp-image-3662\" src=\"https:\/\/www.miejscakonferencyjne.pl\/blog\/wp-content\/uploads\/2025\/04\/the-climate-reality-project-Hb6uWq0i4MI-unsplash-1000x667.jpg\" alt=\"\" width=\"1000\" height=\"667\" srcset=\"https:\/\/www.miejscakonferencyjne.pl\/blog\/wp-content\/uploads\/2025\/04\/the-climate-reality-project-Hb6uWq0i4MI-unsplash-1000x667.jpg 1000w, https:\/\/www.miejscakonferencyjne.pl\/blog\/wp-content\/uploads\/2025\/04\/the-climate-reality-project-Hb6uWq0i4MI-unsplash-2000x1333.jpg 2000w, https:\/\/www.miejscakonferencyjne.pl\/blog\/wp-content\/uploads\/2025\/04\/the-climate-reality-project-Hb6uWq0i4MI-unsplash-768x512.jpg 768w, https:\/\/www.miejscakonferencyjne.pl\/blog\/wp-content\/uploads\/2025\/04\/the-climate-reality-project-Hb6uWq0i4MI-unsplash-1536x1024.jpg 1536w, https:\/\/www.miejscakonferencyjne.pl\/blog\/wp-content\/uploads\/2025\/04\/the-climate-reality-project-Hb6uWq0i4MI-unsplash-2048x1365.jpg 2048w, https:\/\/www.miejscakonferencyjne.pl\/blog\/wp-content\/uploads\/2025\/04\/the-climate-reality-project-Hb6uWq0i4MI-unsplash-706x471.jpg 706w, https:\/\/www.miejscakonferencyjne.pl\/blog\/wp-content\/uploads\/2025\/04\/the-climate-reality-project-Hb6uWq0i4MI-unsplash-1200x800.jpg 1200w\" sizes=\"auto, (max-width: 1000px) 100vw, 1000px\" \/><\/p>\n<p>I kiedy ju\u017c wiesz po co, zastan\u00f3w si\u0119 dla kogo. <strong>Bo inna konferencja b\u0119dzie dla student\u00f3w, inna dla przedsi\u0119biorc\u00f3w, a jeszcze inna dla ludzi, kt\u00f3rzy pierwszy raz s\u0142ysz\u0105 o tym, czym si\u0119 zajmujesz.<\/strong> Jak zrozumiesz, kim s\u0105 twoi uczestnicy i co ich rusza, to naprawd\u0119 wiele spraw stanie si\u0119 prostszych.<\/p>\n<h2>Bud\u017cet. A raczej jego brak<\/h2>\n<p>Pieni\u0105dze? C\u00f3\u017c, ich brak wcale nie musi by\u0107 najgorsz\u0105 rzecz\u0105. <strong>Jasne, nie zrobisz wielkiego show z wystrojem jak na TEDx<\/strong>, ale za to skupisz si\u0119 na tym, co najwa\u017cniejsze. Czyli na tre\u015bci.<\/p>\n<p>Zamiast rozpisywa\u0107 wszystko w Excelu co do z\u0142ot\u00f3wki, zadaj sobie pytanie: <strong>bez czego ta konferencja si\u0119 nie odb\u0119dzie?<\/strong> Zazwyczaj wystarczy miejsce (lub link), dobrzy ludzie, mikrofon i spos\u00f3b, \u017ceby powiedzie\u0107 \u015bwiatu, \u017ce to si\u0119 dzieje. Reszt\u0119 mo\u017cna zorganizowa\u0107 sprytem, nie bud\u017cetem.<\/p>\n<p><img loading=\"lazy\" decoding=\"async\" class=\"alignnone size-medium wp-image-3657\" src=\"https:\/\/www.miejscakonferencyjne.pl\/blog\/wp-content\/uploads\/2025\/04\/headway-F2KRf_QfCqw-unsplash-1000x667.jpg\" alt=\"\" width=\"1000\" height=\"667\" srcset=\"https:\/\/www.miejscakonferencyjne.pl\/blog\/wp-content\/uploads\/2025\/04\/headway-F2KRf_QfCqw-unsplash-1000x667.jpg 1000w, https:\/\/www.miejscakonferencyjne.pl\/blog\/wp-content\/uploads\/2025\/04\/headway-F2KRf_QfCqw-unsplash-2000x1333.jpg 2000w, https:\/\/www.miejscakonferencyjne.pl\/blog\/wp-content\/uploads\/2025\/04\/headway-F2KRf_QfCqw-unsplash-768x512.jpg 768w, https:\/\/www.miejscakonferencyjne.pl\/blog\/wp-content\/uploads\/2025\/04\/headway-F2KRf_QfCqw-unsplash-1536x1024.jpg 1536w, https:\/\/www.miejscakonferencyjne.pl\/blog\/wp-content\/uploads\/2025\/04\/headway-F2KRf_QfCqw-unsplash-2048x1365.jpg 2048w, https:\/\/www.miejscakonferencyjne.pl\/blog\/wp-content\/uploads\/2025\/04\/headway-F2KRf_QfCqw-unsplash-706x471.jpg 706w, https:\/\/www.miejscakonferencyjne.pl\/blog\/wp-content\/uploads\/2025\/04\/headway-F2KRf_QfCqw-unsplash-1200x800.jpg 1200w\" sizes=\"auto, (max-width: 1000px) 100vw, 1000px\" \/><\/p>\n<p>Czasami<strong> lepiej odpu\u015bci\u0107 catering i wydrukowane identyfikatory,<\/strong> \u017ceby m\u00f3c po\u015bwi\u0119ci\u0107 uwag\u0119 temu, co naprawd\u0119 zostaje z uczestnikami: dobre rozmowy, ciekawe wyst\u0105pienia, poczucie, \u017ce by\u0142o warto przyj\u015b\u0107 (albo si\u0119 zalogowa\u0107).<\/p>\n<h2>Offline czy online?<\/h2>\n<p>Tu nie ma jednej dobrej odpowiedzi. <strong>Je\u015bli masz dost\u0119p do sensownej przestrzeni \u2014 jak sala na uczelni, lokalna biblioteka, klub osiedlowy, coworking<\/strong> \u2014 i nie boisz si\u0119 wci\u0105gn\u0105\u0107 znajomych do pomocy, dzia\u0142aj offline. To zawsze daje wi\u0119ksze poczucie \u201ebycia razem\u201d.<\/p>\n<p><img loading=\"lazy\" decoding=\"async\" class=\"alignnone size-medium wp-image-3659\" src=\"https:\/\/www.miejscakonferencyjne.pl\/blog\/wp-content\/uploads\/2025\/04\/matthew-osborn-wMRIcT86SWU-unsplash-1000x667.jpg\" alt=\"\" width=\"1000\" height=\"667\" srcset=\"https:\/\/www.miejscakonferencyjne.pl\/blog\/wp-content\/uploads\/2025\/04\/matthew-osborn-wMRIcT86SWU-unsplash-1000x667.jpg 1000w, https:\/\/www.miejscakonferencyjne.pl\/blog\/wp-content\/uploads\/2025\/04\/matthew-osborn-wMRIcT86SWU-unsplash-2000x1333.jpg 2000w, https:\/\/www.miejscakonferencyjne.pl\/blog\/wp-content\/uploads\/2025\/04\/matthew-osborn-wMRIcT86SWU-unsplash-768x512.jpg 768w, https:\/\/www.miejscakonferencyjne.pl\/blog\/wp-content\/uploads\/2025\/04\/matthew-osborn-wMRIcT86SWU-unsplash-1536x1024.jpg 1536w, https:\/\/www.miejscakonferencyjne.pl\/blog\/wp-content\/uploads\/2025\/04\/matthew-osborn-wMRIcT86SWU-unsplash-2048x1365.jpg 2048w, https:\/\/www.miejscakonferencyjne.pl\/blog\/wp-content\/uploads\/2025\/04\/matthew-osborn-wMRIcT86SWU-unsplash-706x471.jpg 706w, https:\/\/www.miejscakonferencyjne.pl\/blog\/wp-content\/uploads\/2025\/04\/matthew-osborn-wMRIcT86SWU-unsplash-1200x800.jpg 1200w\" sizes=\"auto, (max-width: 1000px) 100vw, 1000px\" \/><\/p>\n<p>Ale je\u015bli nie masz takiej opcji albo chcesz zorganizowa\u0107 wszystko jeszcze szybciej, online b\u0119dzie \u015bwietnym rozwi\u0105zaniem. <strong>Nie potrzebujesz p\u0142atnej platformy. Google Meet, Zoom, nawet YouTube Live \u2013 wszystko dzia\u0142a<\/strong>. Wa\u017cne tylko, \u017ceby dobrze przetestowa\u0107 technologi\u0119 wcze\u015bniej i mie\u0107 plan B na wypadek, gdyby internet postanowi\u0142 si\u0119 zbuntowa\u0107.<\/p>\n<h2>A co z prelegentami?<\/h2>\n<p>Tu wiele os\u00f3b wpada w pu\u0142apk\u0119 my\u015blenia, \u017ce trzeba \u015bci\u0105ga\u0107 wielkie nazwiska.<strong> Jasne, rozpoznawalny go\u015b\u0107 przyci\u0105ga uwag\u0119, ale naprawd\u0119 nie o to chodzi.<\/strong> Czasem najciekawsze rzeczy m\u00f3wi\u0105 ci, kt\u00f3rzy po prostu znaj\u0105 temat od podszewki. I cz\u0119sto ch\u0119tnie si\u0119 podziel\u0105 wiedz\u0105, je\u015bli dostan\u0105 okazj\u0119.<\/p>\n<p><img loading=\"lazy\" decoding=\"async\" class=\"alignnone size-medium wp-image-3656\" src=\"https:\/\/www.miejscakonferencyjne.pl\/blog\/wp-content\/uploads\/2025\/04\/andrei-stratu-kcJsQ3PJrYU-unsplash-1000x750.jpg\" alt=\"\" width=\"1000\" height=\"750\" srcset=\"https:\/\/www.miejscakonferencyjne.pl\/blog\/wp-content\/uploads\/2025\/04\/andrei-stratu-kcJsQ3PJrYU-unsplash-1000x750.jpg 1000w, https:\/\/www.miejscakonferencyjne.pl\/blog\/wp-content\/uploads\/2025\/04\/andrei-stratu-kcJsQ3PJrYU-unsplash-2000x1500.jpg 2000w, https:\/\/www.miejscakonferencyjne.pl\/blog\/wp-content\/uploads\/2025\/04\/andrei-stratu-kcJsQ3PJrYU-unsplash-768x576.jpg 768w, https:\/\/www.miejscakonferencyjne.pl\/blog\/wp-content\/uploads\/2025\/04\/andrei-stratu-kcJsQ3PJrYU-unsplash-1536x1152.jpg 1536w, https:\/\/www.miejscakonferencyjne.pl\/blog\/wp-content\/uploads\/2025\/04\/andrei-stratu-kcJsQ3PJrYU-unsplash-2048x1536.jpg 2048w, https:\/\/www.miejscakonferencyjne.pl\/blog\/wp-content\/uploads\/2025\/04\/andrei-stratu-kcJsQ3PJrYU-unsplash-706x530.jpg 706w, https:\/\/www.miejscakonferencyjne.pl\/blog\/wp-content\/uploads\/2025\/04\/andrei-stratu-kcJsQ3PJrYU-unsplash-1200x900.jpg 1200w\" sizes=\"auto, (max-width: 1000px) 100vw, 1000px\" \/><\/p>\n<p>Nie musisz ich kusi\u0107 pieni\u0119dzmi. Wystarczy szczero\u015b\u0107.<strong> Napisz do nich bez marketingowego be\u0142kotu.<\/strong> Powiedz, co robisz, dlaczego to dla ciebie wa\u017cne i czemu ich udzia\u0142 mia\u0142by znaczenie. Wbrew pozorom wiele os\u00f3b doceni taki ludzki, bezpo\u015bredni kontakt.<\/p>\n<h2>Ciekawy program to podstawa<\/h2>\n<p>D\u0142ugo\u015b\u0107 nie \u015bwiadczy o jako\u015bci. <strong>Trzy godziny dobrze zaplanowanego wydarzenia potrafi\u0105 da\u0107 wi\u0119cej ni\u017c ca\u0142y dzie\u0144 zape\u0142niony prezentacjami, kt\u00f3rych nikt nie zapami\u0119ta.<\/strong> Postaw na r\u00f3\u017cnorodno\u015b\u0107: jedna-dwie prelekcje, rozmowa panelowa, chwila na pytania, troch\u0119 przestrzeni na wymian\u0119 my\u015bli. I, co najwa\u017cniejsze: trzymaj si\u0119 planu.<\/p>\n<h2>Jak promowa\u0107, kiedy nie masz bud\u017cetu na reklamy?<\/h2>\n<p>Tutaj wchodz\u0105 w gr\u0119 relacje. <strong>Masz znajomych? Popro\u015b, \u017ceby udost\u0119pnili wydarzenie.<\/strong> Masz profile w mediach spo\u0142eczno\u015bciowych? Nagraj kr\u00f3tki filmik lub napisz post, kt\u00f3ry m\u00f3wi prosto z serca. Nie udawaj profesjonalnego PR-owca, je\u015bli nim nie jeste\u015b. <strong>Autentyczno\u015b\u0107 dzia\u0142a najlepiej.<\/strong><\/p>\n<p><img loading=\"lazy\" decoding=\"async\" class=\"alignnone size-medium wp-image-3645\" src=\"https:\/\/www.miejscakonferencyjne.pl\/blog\/wp-content\/uploads\/2025\/02\/joao-cruz-IkEpl3JkVqU-unsplash-1000x664.jpg\" alt=\"\" width=\"1000\" height=\"664\" srcset=\"https:\/\/www.miejscakonferencyjne.pl\/blog\/wp-content\/uploads\/2025\/02\/joao-cruz-IkEpl3JkVqU-unsplash-1000x664.jpg 1000w, https:\/\/www.miejscakonferencyjne.pl\/blog\/wp-content\/uploads\/2025\/02\/joao-cruz-IkEpl3JkVqU-unsplash-2000x1329.jpg 2000w, https:\/\/www.miejscakonferencyjne.pl\/blog\/wp-content\/uploads\/2025\/02\/joao-cruz-IkEpl3JkVqU-unsplash-768x510.jpg 768w, https:\/\/www.miejscakonferencyjne.pl\/blog\/wp-content\/uploads\/2025\/02\/joao-cruz-IkEpl3JkVqU-unsplash-1536x1021.jpg 1536w, https:\/\/www.miejscakonferencyjne.pl\/blog\/wp-content\/uploads\/2025\/02\/joao-cruz-IkEpl3JkVqU-unsplash-2048x1361.jpg 2048w, https:\/\/www.miejscakonferencyjne.pl\/blog\/wp-content\/uploads\/2025\/02\/joao-cruz-IkEpl3JkVqU-unsplash-706x469.jpg 706w, https:\/\/www.miejscakonferencyjne.pl\/blog\/wp-content\/uploads\/2025\/02\/joao-cruz-IkEpl3JkVqU-unsplash-1200x797.jpg 1200w\" sizes=\"auto, (max-width: 1000px) 100vw, 1000px\" \/><\/p>\n<p>Do\u0142\u0105cz do grup tematycznych, napisz do kilku os\u00f3b z bran\u017cy, zapro\u015b do wsp\u00f3\u0142pracy persony, kt\u00f3re pisz\u0105 o tym, co ty robisz. W zamian mo\u017cesz zaoferowa\u0107 np. <strong>logotyp w materia\u0142ach, wspomnienie na konferencji czy nawet wsp\u00f3ln\u0105 sesj\u0119 networkingow\u0105.<\/strong> Wszyscy co\u015b z tego maj\u0105.<\/p>\n<h2>Rejestracja, komunikacja, logistyka<\/h2>\n<p>Nie komplikuj. Google Form wystarczy. Ludzie chc\u0105 prostoty \u2013 <strong>im mniej klikni\u0119\u0107, tym lepiej.<\/strong><\/p>\n<p>O komunikacj\u0119 z uczestnikami mo\u017cesz zadba\u0107 przez maila, Facebooka, albo&#8230; zwyk\u0142\u0105 wiadomo\u015b\u0107 z przypomnieniem dzie\u0144 przed. <strong>Warto te\u017c przygotowa\u0107 kr\u00f3tk\u0105 stron\u0119 z najwa\u017cniejszymi informacjami<\/strong> \u2014 wystarczy co\u015b naprawd\u0119 prostego. Nie musisz wynajmowa\u0107 webdevelopera.<\/p>\n<h2>No i dzie\u0144 wydarzenia<\/h2>\n<p><strong>Pami\u0119taj o <em>checkli\u015bcie.<\/em><\/strong> Nie chodzi o to, \u017ceby by\u0107 <em>control freakiem<\/em>, ale \u017ceby nie obudzi\u0107 si\u0119 10 minut przed rozpocz\u0119ciem z pytaniem <strong>\u201ea kto mia\u0142 ogarnia\u0107 mikrofon?\u201d.<\/strong> Dobrze, je\u015bli kto\u015b ci pomo\u017ce \u2013 nawet jedna osoba, kt\u00f3ra odbierze telefon, kiedy ty b\u0119dziesz ogarnia\u0107 scen\u0119.<\/p>\n<p><img loading=\"lazy\" decoding=\"async\" class=\"alignnone size-medium wp-image-3614\" src=\"https:\/\/www.miejscakonferencyjne.pl\/blog\/wp-content\/uploads\/2024\/12\/antenna-cw-cj_nFa14-unsplash-1000x667.jpg\" alt=\"\" width=\"1000\" height=\"667\" srcset=\"https:\/\/www.miejscakonferencyjne.pl\/blog\/wp-content\/uploads\/2024\/12\/antenna-cw-cj_nFa14-unsplash-1000x667.jpg 1000w, https:\/\/www.miejscakonferencyjne.pl\/blog\/wp-content\/uploads\/2024\/12\/antenna-cw-cj_nFa14-unsplash-2000x1333.jpg 2000w, https:\/\/www.miejscakonferencyjne.pl\/blog\/wp-content\/uploads\/2024\/12\/antenna-cw-cj_nFa14-unsplash-768x512.jpg 768w, https:\/\/www.miejscakonferencyjne.pl\/blog\/wp-content\/uploads\/2024\/12\/antenna-cw-cj_nFa14-unsplash-1536x1024.jpg 1536w, https:\/\/www.miejscakonferencyjne.pl\/blog\/wp-content\/uploads\/2024\/12\/antenna-cw-cj_nFa14-unsplash-2048x1365.jpg 2048w, https:\/\/www.miejscakonferencyjne.pl\/blog\/wp-content\/uploads\/2024\/12\/antenna-cw-cj_nFa14-unsplash-706x471.jpg 706w, https:\/\/www.miejscakonferencyjne.pl\/blog\/wp-content\/uploads\/2024\/12\/antenna-cw-cj_nFa14-unsplash-1200x800.jpg 1200w\" sizes=\"auto, (max-width: 1000px) 100vw, 1000px\" \/><\/p>\n<p><strong>Nie panikuj, je\u015bli co\u015b p\u00f3jdzie nie tak.<\/strong> Nawet na wielkich eventach co\u015b si\u0119 sypie. Wa\u017cne, jak zareagujesz \u2014 czasem u\u015bmiech i luz znacz\u0105 wi\u0119cej ni\u017c perfekcyjna prezentacja.<\/p>\n<h2>Co po wszystkim?<\/h2>\n<p>Wydarzenie si\u0119 sko\u0144czy\u0142o, ale robota jeszcze nie. <strong>Wy\u015blij podzi\u0119kowania. Kr\u00f3tkie, szczere. Wrzu\u0107 kilka zdj\u0119\u0107, mo\u017ce nagranie<\/strong>. Zapytaj ludzi o feedback. Nie po to, \u017ceby si\u0119 pochwali\u0107, tylko \u017ceby wiedzie\u0107, co poprawi\u0107 nast\u0119pnym razem.<\/p>\n<p>I \u2013 co najwa\u017cniejsze \u2013 <strong>wykorzystaj to, co stworzy\u0142e\u015b.<\/strong> Masz tre\u015bci, masz kontakty, masz do\u015bwiadczenie. To si\u0119 nie zmarnuje. Nawet je\u015bli twoja konferencja by\u0142a ma\u0142a, mog\u0142a komu\u015b co\u015b zmieni\u0107. I to ju\u017c wystarczy, \u017ceby powiedzie\u0107, \u017ce by\u0142o warto.<\/p>\n<p>&nbsp;<\/p>\n","protected":false},"excerpt":{"rendered":"<p>Organizacja konferencji brzmi jak wyzwanie. Jeszcze wi\u0119ksze, kiedy masz ma\u0142o czasu i jeszcze mniej pieni\u0119dzy. Ale \u2013 spokojnie. Da si\u0119 to spi\u0105\u0107.<\/p>\n","protected":false},"author":9,"featured_media":3660,"comment_status":"closed","ping_status":"closed","sticky":false,"template":"","format":"standard","meta":{"_acf_changed":false,"footnotes":""},"categories":[189,170],"tags":[190,173,227,180,191,216],"class_list":["post-3655","post","type-post","status-publish","format-standard","has-post-thumbnail","hentry","category-organizacja-eventu","category-organizacja-konferencji","tag-event","tag-konferencja","tag-konferencje","tag-miejsca-konferencyjne","tag-organizacja-eventu","tag-organizacja-imprezy-firmowej","bwp-masonry-item","bwp-blog-col-3"],"acf":[],"yoast_head":"<!-- This site is optimized with the Yoast SEO plugin v27.5 - https:\/\/yoast.com\/product\/yoast-seo-wordpress\/ -->\n<title>Jak szybko zorganizowa\u0107 konferencj\u0119 z minimalnym bud\u017cetem? - MiejscaKonferencyjne.pl<\/title>\n<meta name=\"description\" content=\"Jak szybko zorganizowa\u0107 konferencj\u0119 z minimalnym bud\u017cetem? - MiejscaKonferencyjne.pl\" \/>\n<meta name=\"robots\" content=\"index, follow, max-snippet:-1, max-image-preview:large, max-video-preview:-1\" \/>\n<link rel=\"canonical\" href=\"https:\/\/www.miejscakonferencyjne.pl\/blog\/3655-2\/\" \/>\n<meta property=\"og:locale\" content=\"pl_PL\" \/>\n<meta property=\"og:type\" content=\"article\" \/>\n<meta property=\"og:title\" content=\"Jak szybko zorganizowa\u0107 konferencj\u0119 z minimalnym bud\u017cetem? - MiejscaKonferencyjne.pl\" \/>\n<meta property=\"og:description\" content=\"Jak szybko zorganizowa\u0107 konferencj\u0119 z minimalnym bud\u017cetem? - MiejscaKonferencyjne.pl\" \/>\n<meta property=\"og:url\" content=\"https:\/\/www.miejscakonferencyjne.pl\/blog\/3655-2\/\" \/>\n<meta property=\"og:site_name\" content=\"MiejscaKonferencyjne.pl\" \/>\n<meta property=\"article:published_time\" content=\"2025-04-16T13:40:36+00:00\" \/>\n<meta property=\"article:modified_time\" content=\"2025-04-16T13:40:58+00:00\" \/>\n<meta property=\"og:image\" content=\"https:\/\/www.miejscakonferencyjne.pl\/blog\/wp-content\/uploads\/2025\/04\/sincerely-media-dGxOgeXAXm8-unsplash-scaled.jpg\" \/>\n\t<meta property=\"og:image:width\" content=\"2560\" \/>\n\t<meta property=\"og:image:height\" content=\"1707\" \/>\n\t<meta property=\"og:image:type\" content=\"image\/jpeg\" \/>\n<meta name=\"author\" content=\"Natalia Bielicka\" \/>\n<meta name=\"twitter:card\" content=\"summary_large_image\" \/>\n<meta name=\"twitter:label1\" content=\"Napisane przez\" \/>\n\t<meta name=\"twitter:data1\" content=\"Natalia Bielicka\" \/>\n\t<meta name=\"twitter:label2\" content=\"Szacowany czas czytania\" \/>\n\t<meta name=\"twitter:data2\" content=\"6 minut\" \/>\n<!-- \/ Yoast SEO plugin. -->","yoast_head_json":{"title":"Jak szybko zorganizowa\u0107 konferencj\u0119 z minimalnym bud\u017cetem? - MiejscaKonferencyjne.pl","description":"Jak szybko zorganizowa\u0107 konferencj\u0119 z minimalnym bud\u017cetem? - MiejscaKonferencyjne.pl","robots":{"index":"index","follow":"follow","max-snippet":"max-snippet:-1","max-image-preview":"max-image-preview:large","max-video-preview":"max-video-preview:-1"},"canonical":"https:\/\/www.miejscakonferencyjne.pl\/blog\/3655-2\/","og_locale":"pl_PL","og_type":"article","og_title":"Jak szybko zorganizowa\u0107 konferencj\u0119 z minimalnym bud\u017cetem? - MiejscaKonferencyjne.pl","og_description":"Jak szybko zorganizowa\u0107 konferencj\u0119 z minimalnym bud\u017cetem? - MiejscaKonferencyjne.pl","og_url":"https:\/\/www.miejscakonferencyjne.pl\/blog\/3655-2\/","og_site_name":"MiejscaKonferencyjne.pl","article_published_time":"2025-04-16T13:40:36+00:00","article_modified_time":"2025-04-16T13:40:58+00:00","og_image":[{"width":2560,"height":1707,"url":"https:\/\/www.miejscakonferencyjne.pl\/blog\/wp-content\/uploads\/2025\/04\/sincerely-media-dGxOgeXAXm8-unsplash-scaled.jpg","type":"image\/jpeg"}],"author":"Natalia Bielicka","twitter_card":"summary_large_image","twitter_misc":{"Napisane przez":"Natalia Bielicka","Szacowany czas czytania":"6 minut"},"schema":{"@context":"https:\/\/schema.org","@graph":[{"@type":["Article","BlogPosting"],"@id":"https:\/\/www.miejscakonferencyjne.pl\/blog\/3655-2\/#article","isPartOf":{"@id":"https:\/\/www.miejscakonferencyjne.pl\/blog\/3655-2\/"},"author":{"name":"Natalia Bielicka","@id":"https:\/\/www.miejscakonferencyjne.pl\/blog\/#\/schema\/person\/5d36c8d2fc115f913476eedc5840b662"},"headline":"Jak szybko zorganizowa\u0107 konferencj\u0119 z minimalnym bud\u017cetem?","datePublished":"2025-04-16T13:40:36+00:00","dateModified":"2025-04-16T13:40:58+00:00","mainEntityOfPage":{"@id":"https:\/\/www.miejscakonferencyjne.pl\/blog\/3655-2\/"},"wordCount":897,"publisher":{"@id":"https:\/\/www.miejscakonferencyjne.pl\/blog\/#organization"},"image":{"@id":"https:\/\/www.miejscakonferencyjne.pl\/blog\/3655-2\/#primaryimage"},"thumbnailUrl":"https:\/\/www.miejscakonferencyjne.pl\/blog\/wp-content\/uploads\/2025\/04\/sincerely-media-dGxOgeXAXm8-unsplash-scaled.jpg","keywords":["event","konferencja","konferencje","miejsca konferencyjne","organizacja eventu","organizacja imprezy firmowej"],"articleSection":["Organizacja eventu","Organizacja konferencji"],"inLanguage":"pl-PL"},{"@type":"WebPage","@id":"https:\/\/www.miejscakonferencyjne.pl\/blog\/3655-2\/","url":"https:\/\/www.miejscakonferencyjne.pl\/blog\/3655-2\/","name":"Jak szybko zorganizowa\u0107 konferencj\u0119 z minimalnym bud\u017cetem? - MiejscaKonferencyjne.pl","isPartOf":{"@id":"https:\/\/www.miejscakonferencyjne.pl\/blog\/#website"},"primaryImageOfPage":{"@id":"https:\/\/www.miejscakonferencyjne.pl\/blog\/3655-2\/#primaryimage"},"image":{"@id":"https:\/\/www.miejscakonferencyjne.pl\/blog\/3655-2\/#primaryimage"},"thumbnailUrl":"https:\/\/www.miejscakonferencyjne.pl\/blog\/wp-content\/uploads\/2025\/04\/sincerely-media-dGxOgeXAXm8-unsplash-scaled.jpg","datePublished":"2025-04-16T13:40:36+00:00","dateModified":"2025-04-16T13:40:58+00:00","description":"Jak szybko zorganizowa\u0107 konferencj\u0119 z minimalnym bud\u017cetem? - MiejscaKonferencyjne.pl","breadcrumb":{"@id":"https:\/\/www.miejscakonferencyjne.pl\/blog\/3655-2\/#breadcrumb"},"inLanguage":"pl-PL","potentialAction":[{"@type":"ReadAction","target":["https:\/\/www.miejscakonferencyjne.pl\/blog\/3655-2\/"]}]},{"@type":"ImageObject","inLanguage":"pl-PL","@id":"https:\/\/www.miejscakonferencyjne.pl\/blog\/3655-2\/#primaryimage","url":"https:\/\/www.miejscakonferencyjne.pl\/blog\/wp-content\/uploads\/2025\/04\/sincerely-media-dGxOgeXAXm8-unsplash-scaled.jpg","contentUrl":"https:\/\/www.miejscakonferencyjne.pl\/blog\/wp-content\/uploads\/2025\/04\/sincerely-media-dGxOgeXAXm8-unsplash-scaled.jpg","width":2560,"height":1707},{"@type":"BreadcrumbList","@id":"https:\/\/www.miejscakonferencyjne.pl\/blog\/3655-2\/#breadcrumb","itemListElement":[{"@type":"ListItem","position":1,"name":"Strona g\u0142\u00f3wna","item":"https:\/\/www.miejscakonferencyjne.pl\/blog\/"},{"@type":"ListItem","position":2,"name":"Jak szybko zorganizowa\u0107 konferencj\u0119 z minimalnym bud\u017cetem?"}]},{"@type":"WebSite","@id":"https:\/\/www.miejscakonferencyjne.pl\/blog\/#website","url":"https:\/\/www.miejscakonferencyjne.pl\/blog\/","name":"MiejscaKonferencyjne.pl","description":"Dowiedz si\u0119 wszystkiego na temat organizacji konferencji, szkole\u0144 i wydarze\u0144 biznesowych. Komentuj i dziel si\u0119 opini\u0105!","publisher":{"@id":"https:\/\/www.miejscakonferencyjne.pl\/blog\/#organization"},"potentialAction":[{"@type":"SearchAction","target":{"@type":"EntryPoint","urlTemplate":"https:\/\/www.miejscakonferencyjne.pl\/blog\/?s={search_term_string}"},"query-input":{"@type":"PropertyValueSpecification","valueRequired":true,"valueName":"search_term_string"}}],"inLanguage":"pl-PL"},{"@type":"Organization","@id":"https:\/\/www.miejscakonferencyjne.pl\/blog\/#organization","name":"MiejscaKonferencyjne.pl","url":"https:\/\/www.miejscakonferencyjne.pl\/blog\/","logo":{"@type":"ImageObject","inLanguage":"pl-PL","@id":"https:\/\/www.miejscakonferencyjne.pl\/blog\/#\/schema\/logo\/image\/","url":"https:\/\/www.miejscakonferencyjne.pl\/blog\/wp-content\/uploads\/2019\/12\/logo-white.png","contentUrl":"https:\/\/www.miejscakonferencyjne.pl\/blog\/wp-content\/uploads\/2019\/12\/logo-white.png","width":400,"height":63,"caption":"MiejscaKonferencyjne.pl"},"image":{"@id":"https:\/\/www.miejscakonferencyjne.pl\/blog\/#\/schema\/logo\/image\/"}},{"@type":"Person","@id":"https:\/\/www.miejscakonferencyjne.pl\/blog\/#\/schema\/person\/5d36c8d2fc115f913476eedc5840b662","name":"Natalia Bielicka","url":"https:\/\/www.miejscakonferencyjne.pl\/blog\/author\/nbielicka\/"}]}},"_links":{"self":[{"href":"https:\/\/www.miejscakonferencyjne.pl\/blog\/wp-json\/wp\/v2\/posts\/3655","targetHints":{"allow":["GET"]}}],"collection":[{"href":"https:\/\/www.miejscakonferencyjne.pl\/blog\/wp-json\/wp\/v2\/posts"}],"about":[{"href":"https:\/\/www.miejscakonferencyjne.pl\/blog\/wp-json\/wp\/v2\/types\/post"}],"author":[{"embeddable":true,"href":"https:\/\/www.miejscakonferencyjne.pl\/blog\/wp-json\/wp\/v2\/users\/9"}],"replies":[{"embeddable":true,"href":"https:\/\/www.miejscakonferencyjne.pl\/blog\/wp-json\/wp\/v2\/comments?post=3655"}],"version-history":[{"count":2,"href":"https:\/\/www.miejscakonferencyjne.pl\/blog\/wp-json\/wp\/v2\/posts\/3655\/revisions"}],"predecessor-version":[{"id":3664,"href":"https:\/\/www.miejscakonferencyjne.pl\/blog\/wp-json\/wp\/v2\/posts\/3655\/revisions\/3664"}],"wp:featuredmedia":[{"embeddable":true,"href":"https:\/\/www.miejscakonferencyjne.pl\/blog\/wp-json\/wp\/v2\/media\/3660"}],"wp:attachment":[{"href":"https:\/\/www.miejscakonferencyjne.pl\/blog\/wp-json\/wp\/v2\/media?parent=3655"}],"wp:term":[{"taxonomy":"category","embeddable":true,"href":"https:\/\/www.miejscakonferencyjne.pl\/blog\/wp-json\/wp\/v2\/categories?post=3655"},{"taxonomy":"post_tag","embeddable":true,"href":"https:\/\/www.miejscakonferencyjne.pl\/blog\/wp-json\/wp\/v2\/tags?post=3655"}],"curies":[{"name":"wp","href":"https:\/\/api.w.org\/{rel}","templated":true}]}}