{"id":3607,"date":"2024-12-29T14:51:53","date_gmt":"2024-12-29T12:51:53","guid":{"rendered":"https:\/\/www.miejscakonferencyjne.pl\/blog\/?p=3607"},"modified":"2024-12-29T14:51:53","modified_gmt":"2024-12-29T12:51:53","slug":"organizacja-konferencji-miedzynarodowej-o-czym-pamietac","status":"publish","type":"post","link":"https:\/\/www.miejscakonferencyjne.pl\/blog\/organizacja-konferencji-miedzynarodowej-o-czym-pamietac\/","title":{"rendered":"Organizacja konferencji mi\u0119dzynarodowej \u2013 o czym pami\u0119ta\u0107?"},"content":{"rendered":"<p><strong>Organizujesz wydarzenie biznesowe, a na Twojej li\u015bcie go\u015bci s\u0105 naukowcy z Japonii, biznesmeni z Niemiec, startupowcy z Brazylii, a nawet dyrektor generalny, kt\u00f3ry preferuje herbat\u0119 z mlekiem. Brzmi ekscytuj\u0105co? A mo\u017ce nieco przera\u017caj\u0105co?\u00a0<\/strong><\/p>\n<p>Konferencja mi\u0119dzynarodowa przypomina globalny zjazd rodzinny \u2013 ka\u017cdy ma inne oczekiwania, m\u00f3wi innym j\u0119zykiem i potrzebuje troch\u0119 wi\u0119cej ni\u017c talerza pierog\u00f3w, by poczu\u0107 si\u0119 jak u siebie. Jak wi\u0119c zapanowa\u0107 nad tym multi kulturalnym armagedonem i zorganizowa\u0107 udan\u0105 konferencj\u0119 mi\u0119dzynarodow\u0105?<\/p>\n<p>W tym artykule <strong>roz\u0142o\u017cymy ca\u0142y proces na czynniki pierwsze<\/strong> \u2013 od wyboru idealnej lokalizacji, przez logistyk\u0119, a\u017c po tajniki unikania gaf kulturowych. Czas zaplanowa\u0107 konferencj\u0119 mi\u0119dzynarodow\u0105 z rozmachem!<\/p>\n<h2>Logistyka<\/h2>\n<p>Organizacja konferencji mi\u0119dzynarodowej jest jak uk\u0142adanie puzzli, gdzie wszystkie kawa\u0142ki musz\u0105 idealnie do siebie pasowa\u0107.<\/p>\n<p><img loading=\"lazy\" decoding=\"async\" class=\"alignnone size-medium wp-image-3617\" src=\"https:\/\/www.miejscakonferencyjne.pl\/blog\/wp-content\/uploads\/2024\/12\/mikael-kristenson-3aVlWP-7bg8-unsplash-1000x667.jpg\" alt=\"\" width=\"1000\" height=\"667\" srcset=\"https:\/\/www.miejscakonferencyjne.pl\/blog\/wp-content\/uploads\/2024\/12\/mikael-kristenson-3aVlWP-7bg8-unsplash-1000x667.jpg 1000w, https:\/\/www.miejscakonferencyjne.pl\/blog\/wp-content\/uploads\/2024\/12\/mikael-kristenson-3aVlWP-7bg8-unsplash-768x512.jpg 768w, https:\/\/www.miejscakonferencyjne.pl\/blog\/wp-content\/uploads\/2024\/12\/mikael-kristenson-3aVlWP-7bg8-unsplash-1536x1024.jpg 1536w, https:\/\/www.miejscakonferencyjne.pl\/blog\/wp-content\/uploads\/2024\/12\/mikael-kristenson-3aVlWP-7bg8-unsplash-706x471.jpg 706w, https:\/\/www.miejscakonferencyjne.pl\/blog\/wp-content\/uploads\/2024\/12\/mikael-kristenson-3aVlWP-7bg8-unsplash-1200x800.jpg 1200w, https:\/\/www.miejscakonferencyjne.pl\/blog\/wp-content\/uploads\/2024\/12\/mikael-kristenson-3aVlWP-7bg8-unsplash.jpg 1969w\" sizes=\"auto, (max-width: 1000px) 100vw, 1000px\" \/><\/p>\n<p>Problem polega na tym, \u017ce niekt\u00f3re z nich maj\u0105 ko\u0142a, inne lataj\u0105, a reszta chce spa\u0107 w pi\u0119ciogwiazdkowym hotelu z widokiem na morze \u2013 nawet je\u015bli konferencja odbywa si\u0119 w g\u00f3rach.<\/p>\n<h3>Wyb\u00f3r lokalizacji<\/h3>\n<p>Zacznijmy od fundament\u00f3w. <strong>Idealna lokalizacja na konferencj\u0119 mi\u0119dzynarodow\u0105<\/strong> to miejsce, kt\u00f3re nie tylko robi wra\u017cenie, ale te\u017c nie wymaga, \u017ceby uczestnicy brali urlop na sam dojazd.<\/p>\n<p>Lotnisko w promieniu godziny jazdy? Koniecznie. Dworzec, z kt\u00f3rego mo\u017cna dotrze\u0107 bez konieczno\u015bci u\u017cywania mapy i znajomo\u015bci lokalnych dialekt\u00f3w? Absolutnie.<\/p>\n<h3>Zakwaterowanie dla go\u015bci<\/h3>\n<p>Pami\u0119taj, \u017ce dla uczestnik\u00f3w konferencji mi\u0119dzynarodowych ich hotel to co\u015b wi\u0119cej ni\u017c \u0142\u00f3\u017cko i miejsce na walizk\u0119. To ich baza operacyjna. Dlatego wybierz takie miejsca, kt\u00f3re spe\u0142niaj\u0105 r\u00f3\u017cnorodne wymagania \u2013 od minimalistycznych pokoi dla ascet\u00f3w po luksusowe apartamenty.\u00a0 <strong>Uwa\u017caj te\u017c na preferencje kulturowe:<\/strong> go\u015b\u0107 z Japonii mo\u017ce by\u0107 zaskoczony, je\u015bli w hotelu zabraknie herbaty, a W\u0142och \u2013 gdy kawa b\u0119dzie smakowa\u0107 jak najzwyklejsza lura.<\/p>\n<h3>Transport<\/h3>\n<p>A teraz kluczowa sprawa: jak sprawi\u0107, \u017ceby go\u015bcie trafili z punktu A (lotnisko) przez punkt B (hotel) do punktu C (miejsce konferencji), nie przeklinaj\u0105c twojego nazwiska w czterech j\u0119zykach?<\/p>\n<p><img loading=\"lazy\" decoding=\"async\" class=\"alignnone size-medium wp-image-3615\" src=\"https:\/\/www.miejscakonferencyjne.pl\/blog\/wp-content\/uploads\/2024\/12\/chuttersnap-cX2vElQ5aHk-unsplash-1000x668.jpg\" alt=\"\" width=\"1000\" height=\"668\" srcset=\"https:\/\/www.miejscakonferencyjne.pl\/blog\/wp-content\/uploads\/2024\/12\/chuttersnap-cX2vElQ5aHk-unsplash-1000x668.jpg 1000w, https:\/\/www.miejscakonferencyjne.pl\/blog\/wp-content\/uploads\/2024\/12\/chuttersnap-cX2vElQ5aHk-unsplash-2000x1335.jpg 2000w, https:\/\/www.miejscakonferencyjne.pl\/blog\/wp-content\/uploads\/2024\/12\/chuttersnap-cX2vElQ5aHk-unsplash-768x513.jpg 768w, https:\/\/www.miejscakonferencyjne.pl\/blog\/wp-content\/uploads\/2024\/12\/chuttersnap-cX2vElQ5aHk-unsplash-1536x1025.jpg 1536w, https:\/\/www.miejscakonferencyjne.pl\/blog\/wp-content\/uploads\/2024\/12\/chuttersnap-cX2vElQ5aHk-unsplash-2048x1367.jpg 2048w, https:\/\/www.miejscakonferencyjne.pl\/blog\/wp-content\/uploads\/2024\/12\/chuttersnap-cX2vElQ5aHk-unsplash-706x471.jpg 706w, https:\/\/www.miejscakonferencyjne.pl\/blog\/wp-content\/uploads\/2024\/12\/chuttersnap-cX2vElQ5aHk-unsplash-1200x801.jpg 1200w\" sizes=\"auto, (max-width: 1000px) 100vw, 1000px\" \/><\/p>\n<p><strong>Zorganizuj transfery<\/strong> \u2013 wygodne, punktualne i w odpowiedniej ilo\u015bci. Autobusy dla wi\u0119kszych grup, samochody dla VIP-\u00f3w i plan B dla tych, kt\u00f3rzy magicznie zgubi\u0105 si\u0119 na trasie. Pro tip: zawsze miej pod r\u0119k\u0105 numer do lokalnego przewo\u017anika, kt\u00f3ry wie, \u017ce \u201ena ju\u017c\u201d naprawd\u0119 oznacza na ju\u017c.<\/p>\n<h2>Harmonogram wydarzenia<\/h2>\n<p>Najwa\u017cniejszym instrumentem jest tu\u2026 zegar \u015bwiatowy. <strong>R\u00f3\u017cnice stref czasowych<\/strong> uczestnik\u00f3w to nie tylko logistyczne wyzwanie, ale i okazja, by pokaza\u0107 prawdziw\u0105 klas\u0119 organizacyjn\u0105.<\/p>\n<p>Chcesz przyci\u0105gn\u0105\u0107 uwag\u0119 delegata z Tokio o \u015bwicie, a jednocze\u015bnie nie zm\u0119czy\u0107 eksperta z Nowego Jorku p\u00f3\u017anym wieczorem? Rozwa\u017c organizacj\u0119 dynamicznych blok\u00f3w tematycznych.<\/p>\n<p>Opr\u00f3cz godzin wa\u017cne jest te\u017c tempo. Zamiast monotonnej serii wyk\u0142ad\u00f3w, postaw na balans mi\u0119dzy inspiruj\u0105cymi prelekcjami, gor\u0105cymi debatami panelowymi i chwilami na swobodny networking. Pomy\u015bl o \u201estrefach networkingowych\u201d wirtualnych lub fizycznych, kt\u00f3re uczestnicy b\u0119d\u0105 wspomina\u0107 jako serce konferencji.<\/p>\n<h2>R\u00f3\u017cnice kulturowe<\/h2>\n<p>Czy wiesz, \u017ce spos\u00f3b, w jaki zaczynasz wydarzenie, mo\u017ce wp\u0142yn\u0105\u0107 na jego odbi\u00f3r bardziej ni\u017c wystr\u00f3j sali? W jednych kulturach oczekuje si\u0119 formalnych powita\u0144 i precyzyjnego protoko\u0142u, w innych uczestnicy czuj\u0105 si\u0119 najlepiej, gdy atmosfera jest lu\u017ana i przyjazna. Warto to wiedzie\u0107, <strong>by unikn\u0105\u0107 faux pas.<\/strong><\/p>\n<p><img loading=\"lazy\" decoding=\"async\" class=\"alignnone size-medium wp-image-3603\" src=\"https:\/\/www.miejscakonferencyjne.pl\/blog\/wp-content\/uploads\/2024\/11\/marcos-luiz-photograph-W15cfW4qQR8-unsplash-1000x667.jpg\" alt=\"\" width=\"1000\" height=\"667\" srcset=\"https:\/\/www.miejscakonferencyjne.pl\/blog\/wp-content\/uploads\/2024\/11\/marcos-luiz-photograph-W15cfW4qQR8-unsplash-1000x667.jpg 1000w, https:\/\/www.miejscakonferencyjne.pl\/blog\/wp-content\/uploads\/2024\/11\/marcos-luiz-photograph-W15cfW4qQR8-unsplash-2000x1333.jpg 2000w, https:\/\/www.miejscakonferencyjne.pl\/blog\/wp-content\/uploads\/2024\/11\/marcos-luiz-photograph-W15cfW4qQR8-unsplash-768x512.jpg 768w, https:\/\/www.miejscakonferencyjne.pl\/blog\/wp-content\/uploads\/2024\/11\/marcos-luiz-photograph-W15cfW4qQR8-unsplash-1536x1024.jpg 1536w, https:\/\/www.miejscakonferencyjne.pl\/blog\/wp-content\/uploads\/2024\/11\/marcos-luiz-photograph-W15cfW4qQR8-unsplash-2048x1365.jpg 2048w, https:\/\/www.miejscakonferencyjne.pl\/blog\/wp-content\/uploads\/2024\/11\/marcos-luiz-photograph-W15cfW4qQR8-unsplash-706x471.jpg 706w, https:\/\/www.miejscakonferencyjne.pl\/blog\/wp-content\/uploads\/2024\/11\/marcos-luiz-photograph-W15cfW4qQR8-unsplash-1200x800.jpg 1200w\" sizes=\"auto, (max-width: 1000px) 100vw, 1000px\" \/><\/p>\n<p>J\u0119zyk komunikacji? Niech b\u0119dzie uniwersalny, ale nie pozbawiony duszy. Wybierz frazy, kt\u00f3re nie tylko informuj\u0105, ale r\u00f3wnie\u017c inspiruj\u0105. Wprowadzenie prostych zwrot\u00f3w w j\u0119zykach reprezentowanych grup \u2013 cho\u0107by w materia\u0142ach promocyjnych czy otwieraj\u0105cym wyst\u0105pieniu \u2013 to gest, kt\u00f3ry robi ogromne wra\u017cenie.<\/p>\n<p>Nie zapominaj o kulinarnych niuansach. Wyb\u00f3r posi\u0142k\u00f3w to nie tylko kwestia gustu, ale te\u017c g\u0142\u0119boko zakorzenionych tradycji i zasad. Stw\u00f3rz menu, kt\u00f3re zadowoli zar\u00f3wno wegan z Europy, jak i mi\u0142o\u015bnik\u00f3w pikantnych da\u0144 z Azji. <strong>Strefy kulinarne <\/strong>inspirowane r\u00f3\u017cnymi regionami \u015bwiata mog\u0105 sta\u0107 si\u0119 hitem Twojego wydarzenia.<\/p>\n<h3>T\u0142umaczenia symultaniczne<\/h3>\n<p>Ka\u017cde s\u0142owo, kt\u00f3re pada na konferencji, ma znaczenie \u2013 pod warunkiem, \u017ce wszyscy je rozumiej\u0105. <strong>Dlatego t\u0142umaczenia symultaniczne to fundament sukcesu.<\/strong> Wyb\u00f3r odpowiedniego sprz\u0119tu to jedno, ale prawdziwym bohaterem s\u0105 tutaj t\u0142umacze \u2013 ich zdolno\u015b\u0107 oddania emocji i niuans\u00f3w wypowiedzi prelegent\u00f3w potrafi zjednoczy\u0107 ludzi, mimo r\u00f3\u017cnic j\u0119zykowych.<\/p>\n<p><img loading=\"lazy\" decoding=\"async\" class=\"alignnone size-medium wp-image-3618\" src=\"https:\/\/www.miejscakonferencyjne.pl\/blog\/wp-content\/uploads\/2024\/12\/teemu-paananen-bzdhc5b3Bxs-unsplash-1000x715.jpg\" alt=\"\" width=\"1000\" height=\"715\" srcset=\"https:\/\/www.miejscakonferencyjne.pl\/blog\/wp-content\/uploads\/2024\/12\/teemu-paananen-bzdhc5b3Bxs-unsplash-1000x715.jpg 1000w, https:\/\/www.miejscakonferencyjne.pl\/blog\/wp-content\/uploads\/2024\/12\/teemu-paananen-bzdhc5b3Bxs-unsplash-768x549.jpg 768w, https:\/\/www.miejscakonferencyjne.pl\/blog\/wp-content\/uploads\/2024\/12\/teemu-paananen-bzdhc5b3Bxs-unsplash-706x505.jpg 706w, https:\/\/www.miejscakonferencyjne.pl\/blog\/wp-content\/uploads\/2024\/12\/teemu-paananen-bzdhc5b3Bxs-unsplash-1200x858.jpg 1200w, https:\/\/www.miejscakonferencyjne.pl\/blog\/wp-content\/uploads\/2024\/12\/teemu-paananen-bzdhc5b3Bxs-unsplash.jpg 1500w\" sizes=\"auto, (max-width: 1000px) 100vw, 1000px\" \/><\/p>\n<p>Nie oszcz\u0119dzaj na jako\u015bci t\u0142umaczenia. Profesjonalny zesp\u00f3\u0142 to nie tylko p\u0142ynno\u015b\u0107 w przek\u0142adzie, ale te\u017c spok\u00f3j ducha \u2013 zar\u00f3wno dla organizator\u00f3w, jak i uczestnik\u00f3w.<\/p>\n<h2>Gdzie zorganizowa\u0107 konferencj\u0119 mi\u0119dzynarodow\u0105?<\/h2>\n<p>Wyb\u00f3r odpowiedniego miejsca na mi\u0119dzynarodow\u0105 konferencj\u0119 to sztuka po\u0142\u0105czenia funkcjonalno\u015bci, wyj\u0105tkowej atmosfery i lokalizacji, kt\u00f3ra zrobi wra\u017cenie na go\u015bciach z ca\u0142ego \u015bwiata. Polska ma wiele do zaoferowania w tej kwestii \u2013 od historycznych przestrzeni, przez nowoczesne drapacze chmur, po centra przystosowane do ka\u017cdego rodzaju wydarzenia. Oto kilka inspiruj\u0105cych miejsc, kt\u00f3re warto rozwa\u017cy\u0107:<\/p>\n<h3>Hevelianum<\/h3>\n<p>Marzysz o wydarzeniu, kt\u00f3re \u0142\u0105czy nauk\u0119, histori\u0119 i nowoczesno\u015b\u0107? <strong><a href=\"https:\/\/www.miejscakonferencyjne.pl\/gdansk\/hevelianum\">Hevelianum<\/a> w Gda\u0144sku to idealny wyb\u00f3r.<\/strong> Zlokalizowane w odrestaurowanych budynkach dawnej fortyfikacji na G\u00f3rze Gradowej, oferuje wyj\u0105tkow\u0105 atmosfer\u0119, kt\u00f3ra sprzyja zar\u00f3wno intelektualnym dyskusjom, jak i kreatywnej wymianie pomys\u0142\u00f3w.<\/p>\n<h3>Olivia Star<\/h3>\n<p>Je\u015bli szukasz miejsca, kt\u00f3re emanuje nowoczesno\u015bci\u0105 i presti\u017cem, <a href=\"https:\/\/www.miejscakonferencyjne.pl\/gdansk\/olivia-star\"><strong>Olivia Star<\/strong><\/a> to propozycja nie do odrzucenia.<strong> Ten drapacz chmur w sercu Oliwy<\/strong> oferuje przestrzenie konferencyjne z osza\u0142amiaj\u0105cym widokiem na Zatok\u0119 Gda\u0144sk\u0105 i Tr\u00f3jmiasto.<\/p>\n<h3>Garden Square Hotel<\/h3>\n<p>Krak\u00f3w, ze swoim niepowtarzalnym urokiem i bogat\u0105 histori\u0105, to idealna destynacja na mi\u0119dzynarodowe konferencje. <a href=\"https:\/\/www.miejscakonferencyjne.pl\/krakow\/garden-square-hotel\"><strong>Garden Square Hotel<\/strong><\/a> to miejsce, kt\u00f3re \u0142\u0105czy elegancj\u0119 z nowoczesno\u015bci\u0105. Jego doskonale wyposa\u017cone sale konferencyjne oraz dogodna lokalizacja w bliskiej odleg\u0142o\u015bci od Starego Miasta sprawiaj\u0105, \u017ce jest to idealne miejsce na wydarzenia.<\/p>\n<h3>Centrum Konferencyjne ADN<\/h3>\n<p>Warszawa, jako stolica Polski, to symbol dynamizmu i mi\u0119dzynarodowego charakteru. <a href=\"https:\/\/www.miejscakonferencyjne.pl\/warszawa\/centrum-konferencyjne-adn\"><strong>Centrum Konferencyjne ADN<\/strong> <\/a>to przestrze\u0144 stworzona z my\u015bl\u0105 o profesjonalnych spotkaniach. Znajduje si\u0119 w sercu miasta, oferuj\u0105c najnowocze\u015bniejszy sprz\u0119t techniczny i r\u00f3\u017cnorodne przestrzenie \u2013 od kameralnych sal po wi\u0119ksze, idealne na du\u017ce wydarzenia.<\/p>\n","protected":false},"excerpt":{"rendered":"<p>Czas zaplanowa\u0107 konferencj\u0119 mi\u0119dzynarodow\u0105 z rozmachem! Dowiedz si\u0119 jak. <\/p>\n","protected":false},"author":9,"featured_media":3614,"comment_status":"closed","ping_status":"closed","sticky":false,"template":"","format":"standard","meta":{"_acf_changed":false,"footnotes":""},"categories":[212,189,170],"tags":[220,190,173,227,180],"class_list":["post-3607","post","type-post","status-publish","format-standard","has-post-thumbnail","hentry","category-miejsce-na-konferencje","category-organizacja-eventu","category-organizacja-konferencji","tag-biznes","tag-event","tag-konferencja","tag-konferencje","tag-miejsca-konferencyjne","bwp-masonry-item","bwp-blog-col-3"],"acf":[],"yoast_head":"<!-- This site is optimized with the Yoast SEO plugin v27.5 - https:\/\/yoast.com\/product\/yoast-seo-wordpress\/ -->\n<title>Organizacja konferencji mi\u0119dzynarodowej \u2013 o czym pami\u0119ta\u0107? - MiejscaKonferencyjne.pl<\/title>\n<meta name=\"description\" content=\"Organizacja konferencji mi\u0119dzynarodowej \u2013 o czym pami\u0119ta\u0107? - MiejscaKonferencyjne.pl\" \/>\n<meta name=\"robots\" content=\"index, follow, max-snippet:-1, max-image-preview:large, max-video-preview:-1\" \/>\n<link rel=\"canonical\" href=\"https:\/\/www.miejscakonferencyjne.pl\/blog\/organizacja-konferencji-miedzynarodowej-o-czym-pamietac\/\" \/>\n<meta property=\"og:locale\" content=\"pl_PL\" \/>\n<meta property=\"og:type\" content=\"article\" \/>\n<meta property=\"og:title\" content=\"Organizacja konferencji mi\u0119dzynarodowej \u2013 o czym pami\u0119ta\u0107? - MiejscaKonferencyjne.pl\" \/>\n<meta property=\"og:description\" content=\"Organizacja konferencji mi\u0119dzynarodowej \u2013 o czym pami\u0119ta\u0107? - MiejscaKonferencyjne.pl\" \/>\n<meta property=\"og:url\" content=\"https:\/\/www.miejscakonferencyjne.pl\/blog\/organizacja-konferencji-miedzynarodowej-o-czym-pamietac\/\" \/>\n<meta property=\"og:site_name\" content=\"MiejscaKonferencyjne.pl\" \/>\n<meta property=\"article:published_time\" content=\"2024-12-29T12:51:53+00:00\" \/>\n<meta property=\"og:image\" content=\"https:\/\/www.miejscakonferencyjne.pl\/blog\/wp-content\/uploads\/2024\/12\/antenna-cw-cj_nFa14-unsplash-scaled.jpg\" \/>\n\t<meta property=\"og:image:width\" content=\"2560\" \/>\n\t<meta property=\"og:image:height\" content=\"1707\" \/>\n\t<meta property=\"og:image:type\" content=\"image\/jpeg\" \/>\n<meta name=\"author\" content=\"Natalia Bielicka\" \/>\n<meta name=\"twitter:card\" content=\"summary_large_image\" \/>\n<meta name=\"twitter:label1\" content=\"Napisane przez\" \/>\n\t<meta name=\"twitter:data1\" content=\"Natalia Bielicka\" \/>\n\t<meta name=\"twitter:label2\" content=\"Szacowany czas czytania\" \/>\n\t<meta name=\"twitter:data2\" content=\"7 minut\" \/>\n<!-- \/ Yoast SEO plugin. -->","yoast_head_json":{"title":"Organizacja konferencji mi\u0119dzynarodowej \u2013 o czym pami\u0119ta\u0107? - MiejscaKonferencyjne.pl","description":"Organizacja konferencji mi\u0119dzynarodowej \u2013 o czym pami\u0119ta\u0107? - MiejscaKonferencyjne.pl","robots":{"index":"index","follow":"follow","max-snippet":"max-snippet:-1","max-image-preview":"max-image-preview:large","max-video-preview":"max-video-preview:-1"},"canonical":"https:\/\/www.miejscakonferencyjne.pl\/blog\/organizacja-konferencji-miedzynarodowej-o-czym-pamietac\/","og_locale":"pl_PL","og_type":"article","og_title":"Organizacja konferencji mi\u0119dzynarodowej \u2013 o czym pami\u0119ta\u0107? - MiejscaKonferencyjne.pl","og_description":"Organizacja konferencji mi\u0119dzynarodowej \u2013 o czym pami\u0119ta\u0107? - MiejscaKonferencyjne.pl","og_url":"https:\/\/www.miejscakonferencyjne.pl\/blog\/organizacja-konferencji-miedzynarodowej-o-czym-pamietac\/","og_site_name":"MiejscaKonferencyjne.pl","article_published_time":"2024-12-29T12:51:53+00:00","og_image":[{"width":2560,"height":1707,"url":"https:\/\/www.miejscakonferencyjne.pl\/blog\/wp-content\/uploads\/2024\/12\/antenna-cw-cj_nFa14-unsplash-scaled.jpg","type":"image\/jpeg"}],"author":"Natalia Bielicka","twitter_card":"summary_large_image","twitter_misc":{"Napisane przez":"Natalia Bielicka","Szacowany czas czytania":"7 minut"},"schema":{"@context":"https:\/\/schema.org","@graph":[{"@type":["Article","BlogPosting"],"@id":"https:\/\/www.miejscakonferencyjne.pl\/blog\/organizacja-konferencji-miedzynarodowej-o-czym-pamietac\/#article","isPartOf":{"@id":"https:\/\/www.miejscakonferencyjne.pl\/blog\/organizacja-konferencji-miedzynarodowej-o-czym-pamietac\/"},"author":{"name":"Natalia Bielicka","@id":"https:\/\/www.miejscakonferencyjne.pl\/blog\/#\/schema\/person\/5d36c8d2fc115f913476eedc5840b662"},"headline":"Organizacja konferencji mi\u0119dzynarodowej \u2013 o czym pami\u0119ta\u0107?","datePublished":"2024-12-29T12:51:53+00:00","mainEntityOfPage":{"@id":"https:\/\/www.miejscakonferencyjne.pl\/blog\/organizacja-konferencji-miedzynarodowej-o-czym-pamietac\/"},"wordCount":1027,"publisher":{"@id":"https:\/\/www.miejscakonferencyjne.pl\/blog\/#organization"},"image":{"@id":"https:\/\/www.miejscakonferencyjne.pl\/blog\/organizacja-konferencji-miedzynarodowej-o-czym-pamietac\/#primaryimage"},"thumbnailUrl":"https:\/\/www.miejscakonferencyjne.pl\/blog\/wp-content\/uploads\/2024\/12\/antenna-cw-cj_nFa14-unsplash-scaled.jpg","keywords":["biznes","event","konferencja","konferencje","miejsca konferencyjne"],"articleSection":["Miejsce na konferencj\u0119","Organizacja eventu","Organizacja konferencji"],"inLanguage":"pl-PL"},{"@type":"WebPage","@id":"https:\/\/www.miejscakonferencyjne.pl\/blog\/organizacja-konferencji-miedzynarodowej-o-czym-pamietac\/","url":"https:\/\/www.miejscakonferencyjne.pl\/blog\/organizacja-konferencji-miedzynarodowej-o-czym-pamietac\/","name":"Organizacja konferencji mi\u0119dzynarodowej \u2013 o czym pami\u0119ta\u0107? - MiejscaKonferencyjne.pl","isPartOf":{"@id":"https:\/\/www.miejscakonferencyjne.pl\/blog\/#website"},"primaryImageOfPage":{"@id":"https:\/\/www.miejscakonferencyjne.pl\/blog\/organizacja-konferencji-miedzynarodowej-o-czym-pamietac\/#primaryimage"},"image":{"@id":"https:\/\/www.miejscakonferencyjne.pl\/blog\/organizacja-konferencji-miedzynarodowej-o-czym-pamietac\/#primaryimage"},"thumbnailUrl":"https:\/\/www.miejscakonferencyjne.pl\/blog\/wp-content\/uploads\/2024\/12\/antenna-cw-cj_nFa14-unsplash-scaled.jpg","datePublished":"2024-12-29T12:51:53+00:00","description":"Organizacja konferencji mi\u0119dzynarodowej \u2013 o czym pami\u0119ta\u0107? - MiejscaKonferencyjne.pl","breadcrumb":{"@id":"https:\/\/www.miejscakonferencyjne.pl\/blog\/organizacja-konferencji-miedzynarodowej-o-czym-pamietac\/#breadcrumb"},"inLanguage":"pl-PL","potentialAction":[{"@type":"ReadAction","target":["https:\/\/www.miejscakonferencyjne.pl\/blog\/organizacja-konferencji-miedzynarodowej-o-czym-pamietac\/"]}]},{"@type":"ImageObject","inLanguage":"pl-PL","@id":"https:\/\/www.miejscakonferencyjne.pl\/blog\/organizacja-konferencji-miedzynarodowej-o-czym-pamietac\/#primaryimage","url":"https:\/\/www.miejscakonferencyjne.pl\/blog\/wp-content\/uploads\/2024\/12\/antenna-cw-cj_nFa14-unsplash-scaled.jpg","contentUrl":"https:\/\/www.miejscakonferencyjne.pl\/blog\/wp-content\/uploads\/2024\/12\/antenna-cw-cj_nFa14-unsplash-scaled.jpg","width":2560,"height":1707},{"@type":"BreadcrumbList","@id":"https:\/\/www.miejscakonferencyjne.pl\/blog\/organizacja-konferencji-miedzynarodowej-o-czym-pamietac\/#breadcrumb","itemListElement":[{"@type":"ListItem","position":1,"name":"Strona g\u0142\u00f3wna","item":"https:\/\/www.miejscakonferencyjne.pl\/blog\/"},{"@type":"ListItem","position":2,"name":"Organizacja konferencji mi\u0119dzynarodowej \u2013 o czym pami\u0119ta\u0107?"}]},{"@type":"WebSite","@id":"https:\/\/www.miejscakonferencyjne.pl\/blog\/#website","url":"https:\/\/www.miejscakonferencyjne.pl\/blog\/","name":"MiejscaKonferencyjne.pl","description":"Dowiedz si\u0119 wszystkiego na temat organizacji konferencji, szkole\u0144 i wydarze\u0144 biznesowych. Komentuj i dziel si\u0119 opini\u0105!","publisher":{"@id":"https:\/\/www.miejscakonferencyjne.pl\/blog\/#organization"},"potentialAction":[{"@type":"SearchAction","target":{"@type":"EntryPoint","urlTemplate":"https:\/\/www.miejscakonferencyjne.pl\/blog\/?s={search_term_string}"},"query-input":{"@type":"PropertyValueSpecification","valueRequired":true,"valueName":"search_term_string"}}],"inLanguage":"pl-PL"},{"@type":"Organization","@id":"https:\/\/www.miejscakonferencyjne.pl\/blog\/#organization","name":"MiejscaKonferencyjne.pl","url":"https:\/\/www.miejscakonferencyjne.pl\/blog\/","logo":{"@type":"ImageObject","inLanguage":"pl-PL","@id":"https:\/\/www.miejscakonferencyjne.pl\/blog\/#\/schema\/logo\/image\/","url":"https:\/\/www.miejscakonferencyjne.pl\/blog\/wp-content\/uploads\/2019\/12\/logo-white.png","contentUrl":"https:\/\/www.miejscakonferencyjne.pl\/blog\/wp-content\/uploads\/2019\/12\/logo-white.png","width":400,"height":63,"caption":"MiejscaKonferencyjne.pl"},"image":{"@id":"https:\/\/www.miejscakonferencyjne.pl\/blog\/#\/schema\/logo\/image\/"}},{"@type":"Person","@id":"https:\/\/www.miejscakonferencyjne.pl\/blog\/#\/schema\/person\/5d36c8d2fc115f913476eedc5840b662","name":"Natalia Bielicka","url":"https:\/\/www.miejscakonferencyjne.pl\/blog\/author\/nbielicka\/"}]}},"_links":{"self":[{"href":"https:\/\/www.miejscakonferencyjne.pl\/blog\/wp-json\/wp\/v2\/posts\/3607","targetHints":{"allow":["GET"]}}],"collection":[{"href":"https:\/\/www.miejscakonferencyjne.pl\/blog\/wp-json\/wp\/v2\/posts"}],"about":[{"href":"https:\/\/www.miejscakonferencyjne.pl\/blog\/wp-json\/wp\/v2\/types\/post"}],"author":[{"embeddable":true,"href":"https:\/\/www.miejscakonferencyjne.pl\/blog\/wp-json\/wp\/v2\/users\/9"}],"replies":[{"embeddable":true,"href":"https:\/\/www.miejscakonferencyjne.pl\/blog\/wp-json\/wp\/v2\/comments?post=3607"}],"version-history":[{"count":7,"href":"https:\/\/www.miejscakonferencyjne.pl\/blog\/wp-json\/wp\/v2\/posts\/3607\/revisions"}],"predecessor-version":[{"id":3619,"href":"https:\/\/www.miejscakonferencyjne.pl\/blog\/wp-json\/wp\/v2\/posts\/3607\/revisions\/3619"}],"wp:featuredmedia":[{"embeddable":true,"href":"https:\/\/www.miejscakonferencyjne.pl\/blog\/wp-json\/wp\/v2\/media\/3614"}],"wp:attachment":[{"href":"https:\/\/www.miejscakonferencyjne.pl\/blog\/wp-json\/wp\/v2\/media?parent=3607"}],"wp:term":[{"taxonomy":"category","embeddable":true,"href":"https:\/\/www.miejscakonferencyjne.pl\/blog\/wp-json\/wp\/v2\/categories?post=3607"},{"taxonomy":"post_tag","embeddable":true,"href":"https:\/\/www.miejscakonferencyjne.pl\/blog\/wp-json\/wp\/v2\/tags?post=3607"}],"curies":[{"name":"wp","href":"https:\/\/api.w.org\/{rel}","templated":true}]}}