{"id":2976,"date":"2024-10-25T17:57:53","date_gmt":"2024-10-25T15:57:53","guid":{"rendered":"https:\/\/www.miejscakonferencyjne.pl\/blog\/?p=2976"},"modified":"2024-11-04T12:40:00","modified_gmt":"2024-11-04T10:40:00","slug":"najlepsze-sale-konferencyjne-gdansk","status":"publish","type":"post","link":"https:\/\/www.miejscakonferencyjne.pl\/blog\/najlepsze-sale-konferencyjne-gdansk\/","title":{"rendered":"Najlepsze miejsca konferencyjne Gda\u0144sk"},"content":{"rendered":"<p style=\"text-align: justify;\"><strong>Pokazywali\u015bmy Wam ju\u017c warte uwagi przestrzenie eventowe w <a href=\"https:\/\/www.miejscakonferencyjne.pl\/blog\/najlepsze-hotele-na-konferencje-w-lodzi\/\">\u0141odzi,<\/a> <a href=\"https:\/\/www.miejscakonferencyjne.pl\/blog\/najlepszeh-hotele-na-konferencje-w-lublinie\/\">Lublinie,<\/a> <a href=\"https:\/\/www.miejscakonferencyjne.pl\/blog\/najlepsze-sale-konferencyjne-warszawa\/\">Warszawie<\/a>, <a href=\"https:\/\/www.miejscakonferencyjne.pl\/blog\/najlepsze-sale-konferencyjne-poznan\/\">Poznaniu<\/a>, <a href=\"https:\/\/www.miejscakonferencyjne.pl\/blog\/najlepsze-sale-konferencyjne-krakow\/\">Krakowie<\/a> i<a href=\"https:\/\/www.miejscakonferencyjne.pl\/blog\/najlepsze-sale-konferencyjne-wroclaw\/\"> Wroc\u0142awiu<\/a>. Teraz pora na najlepsze sale konferencyjne Gda\u0144sk!<\/strong><\/p>\n<p style=\"text-align: justify;\">Kto nie chcia\u0142by po\u0142\u0105czy\u0107 pracy, spotka\u0144, szkole\u0144 i networkingu z morsk\u0105 bryz\u0105 i niepowtarzalnym tr\u00f3jmiejskim klimatem?<a href=\"https:\/\/www.miejscakonferencyjne.pl\/miasto\/sale-konferencyjne-gdansk\"><strong> Gda\u0144sk<\/strong><\/a>, opr\u00f3cz tego, \u017ce jest nadmorskim centrum polskiej turystyki, mo\u017ce pochwali\u0107 si\u0119 tak\u017ce bogat\u0105, nowoczesn\u0105 ofert\u0105 przestrzeni biznesowych. <strong>Organizujesz event w Gda\u0144sku? Zosta\u0144 z nami!\u00a0<\/strong><\/p>\n<p style=\"text-align: justify;\"><img loading=\"lazy\" decoding=\"async\" class=\"alignnone size-medium wp-image-2977\" src=\"https:\/\/www.miejscakonferencyjne.pl\/blog\/wp-content\/uploads\/2023\/09\/progres-1000x667.jpg\" alt=\"progres gda\u0144\u015bk \" width=\"1000\" height=\"667\" srcset=\"https:\/\/www.miejscakonferencyjne.pl\/blog\/wp-content\/uploads\/2023\/09\/progres-1000x667.jpg 1000w, https:\/\/www.miejscakonferencyjne.pl\/blog\/wp-content\/uploads\/2023\/09\/progres-768x512.jpg 768w, https:\/\/www.miejscakonferencyjne.pl\/blog\/wp-content\/uploads\/2023\/09\/progres-706x471.jpg 706w, https:\/\/www.miejscakonferencyjne.pl\/blog\/wp-content\/uploads\/2023\/09\/progres.jpg 1200w\" sizes=\"auto, (max-width: 1000px) 100vw, 1000px\" \/><\/p>\n<h2 style=\"text-align: justify;\">Progres Event &amp; Conference &#8211; Sale konferencyjne Gda\u0144sk<\/h2>\n<p style=\"text-align: justify;\">500 metr\u00f3w kwadratowych unikalnej przestrzeni eventowej &#8211; to w\u0142a\u015bnie<a href=\"https:\/\/www.miejscakonferencyjne.pl\/gdansk\/progres-event-conference\"><strong> Progres Event &amp; Conference<\/strong><\/a>. Obiekt zlokalizowany na gda\u0144skim Wrzeszczu to kompleks sal bankietowo konferencyjnych oraz restauracja.<\/p>\n<p style=\"text-align: justify;\"><strong>Miejsce to po\u0142o\u017cone jest na terenie dawnych koszar kawalerii przy ulicy S\u0142owackiego.<\/strong> Dzi\u0119ki temu w niepowtarzalny spos\u00f3b przenika si\u0119 tutaj tera\u017aniejszo\u015b\u0107 z przesz\u0142o\u015bci\u0105. Ca\u0142y obiekt sk\u0142ada si\u0119 z Bistro by Progres, w kt\u00f3rym serwowane s\u0105 pyszne posi\u0142ki oraz przestronnej, multi funkcjonalnej sali bankietowo-konferencyjnej.<\/p>\n<p style=\"text-align: justify;\">Przestrze\u0144 ta pozwala na organizacj\u0119 zar\u00f3wno ma\u0142ych, jak i du\u017cych wydarze\u0144 <strong>do nawet 160 os\u00f3b.<\/strong> Przestronno\u015b\u0107, wysoki komfort i nowoczesna aran\u017cacja to tylko namiastka cech, kt\u00f3re posiada sala. Dodatkowo istnieje mo\u017cliwo\u015b\u0107 podzielenia Sali Progres na mniejsze pomieszczenia dzi\u0119ki d\u017awi\u0119koszczelnej \u015bcianie.<\/p>\n<p style=\"text-align: justify;\">Do dyspozycji organizator\u00f3w jest tak\u017ce <strong>przestronne foyer, prywatny taras i przestrze\u0144 umo\u017cliwiaj\u0105ca sprawn\u0105 rejestracj\u0119 uczestnik\u00f3w eventu.<\/strong><\/p>\n<p style=\"text-align: justify;\"><img loading=\"lazy\" decoding=\"async\" class=\"alignnone size-medium wp-image-2978\" src=\"https:\/\/www.miejscakonferencyjne.pl\/blog\/wp-content\/uploads\/2023\/09\/bhp-1000x655.jpg\" alt=\"\" width=\"1000\" height=\"655\" srcset=\"https:\/\/www.miejscakonferencyjne.pl\/blog\/wp-content\/uploads\/2023\/09\/bhp-1000x655.jpg 1000w, https:\/\/www.miejscakonferencyjne.pl\/blog\/wp-content\/uploads\/2023\/09\/bhp-768x503.jpg 768w, https:\/\/www.miejscakonferencyjne.pl\/blog\/wp-content\/uploads\/2023\/09\/bhp-706x462.jpg 706w, https:\/\/www.miejscakonferencyjne.pl\/blog\/wp-content\/uploads\/2023\/09\/bhp.jpg 1200w\" sizes=\"auto, (max-width: 1000px) 100vw, 1000px\" \/><\/p>\n<h2 style=\"text-align: justify;\">Muzeum Sali BHP Stoczni Gda\u0144skiej<\/h2>\n<p style=\"text-align: justify;\">Konferencja biznesowa w muzeum? To mo\u017cliwe! <strong><a href=\"https:\/\/www.miejscakonferencyjne.pl\/gdansk\/muzeum-sali-bhp-stoczni-gdanskiej\">Muzeum Sali BHP Stoczni Gda\u0144skiej<\/a> to obiekt konferencyjny o bogatej historii.<\/strong> Dzi\u015b mo\u017cna w nim zorganizowa\u0107 wysokiej rangi konferencje, szkolenia czy inne spotkania biznesowe, a w 1980 roku w Sali BHP podpisywano Porozumienia Sierpniowe, kt\u00f3re ko\u0144czy\u0142y wielki solidarno\u015bciowy strajk w sierpniu 1980 roku.<\/p>\n<p style=\"text-align: justify;\">Obiekt oferuje 4 sale konferencyjne o zr\u00f3\u017cnicowanej wielko\u015bci. <strong>Najwi\u0119ksza z sal &#8211; Du\u017ca Sala &#8211; umo\u017cliwia zaproszenie a\u017c 200 os\u00f3b w ustawieniu teatralnym.<\/strong> Pozosta\u0142e pomieszczenia s\u0105 mniejsze, odpowiednie do organizacji kameralnych spotka\u0144 biznesowych. Ciekawym atutem obiektu s\u0105 r\u00f3wnie\u017c wycieczki po terenach by\u0142ej Stoczni Gda\u0144skiej i Danziger Werft organizowane dla uczestnik\u00f3w spotka\u0144.<\/p>\n<p style=\"text-align: justify;\"><img loading=\"lazy\" decoding=\"async\" class=\"alignnone size-medium wp-image-2979\" src=\"https:\/\/www.miejscakonferencyjne.pl\/blog\/wp-content\/uploads\/2023\/09\/gdanski-park-1000x666.jpg\" alt=\"gda\u0144ski park naukowo\" width=\"1000\" height=\"666\" srcset=\"https:\/\/www.miejscakonferencyjne.pl\/blog\/wp-content\/uploads\/2023\/09\/gdanski-park-1000x666.jpg 1000w, https:\/\/www.miejscakonferencyjne.pl\/blog\/wp-content\/uploads\/2023\/09\/gdanski-park-768x511.jpg 768w, https:\/\/www.miejscakonferencyjne.pl\/blog\/wp-content\/uploads\/2023\/09\/gdanski-park-706x470.jpg 706w, https:\/\/www.miejscakonferencyjne.pl\/blog\/wp-content\/uploads\/2023\/09\/gdanski-park.jpg 1200w\" sizes=\"auto, (max-width: 1000px) 100vw, 1000px\" \/><\/p>\n<h2 style=\"text-align: justify;\">Gda\u0144ski Park Naukowo-Technologiczny<\/h2>\n<p style=\"text-align: justify;\">Kolejny obiekt w naszym zestawieniu to definicja idealnej przestrzeni biznesowej. <a href=\"https:\/\/www.miejscakonferencyjne.pl\/szukaj?name=Gda%C5%84ski+Park+Naukowo-Technologiczny&amp;participants=&amp;beds=\"><strong>Gda\u0144ski Park Naukowo-Technologiczny im. prof. Hilarego Koprowskiego<\/strong><\/a> to nowoczesny obiekt, kt\u00f3ry dzi\u015b jawi si\u0119 jako jedna z najlepszych przestrzeni biznesowych.<\/p>\n<p style=\"text-align: justify;\">Park w swojej ofercie ma a\u017c <strong>9 sal konferencyjnych, rozmieszczonych w dw\u00f3ch budynkach<\/strong> &#8211; B i C. Co wi\u0119cej, dwie z sal &#8211; dzi\u0119ki systemowi mobilnych \u015bcian &#8211; mo\u017cna dzieli\u0107 na mniejsze pomieszczenia.<\/p>\n<p style=\"text-align: justify;\">Przestrzenie te s\u0105 doskona\u0142ym t\u0142em do organizacji najlepszych szkole\u0144, konferencji, warsztat\u00f3w, prezentacji, pokaz\u00f3w oraz spotka\u0144 biznesowych. <strong>Dodatkowo dost\u0119pne s\u0105 funkcjonalne przestrzenie coworkingowe, biura, Inkubator Technologiczny oraz wy\u015bmienite bistro.\u00a0<\/strong><\/p>\n<p style=\"text-align: justify;\"><img loading=\"lazy\" decoding=\"async\" class=\"alignnone size-medium wp-image-2980\" src=\"https:\/\/www.miejscakonferencyjne.pl\/blog\/wp-content\/uploads\/2023\/09\/dom-oliwski-1000x666.jpg\" alt=\"dom oliwski gda\u0144sk \" width=\"1000\" height=\"666\" srcset=\"https:\/\/www.miejscakonferencyjne.pl\/blog\/wp-content\/uploads\/2023\/09\/dom-oliwski-1000x666.jpg 1000w, https:\/\/www.miejscakonferencyjne.pl\/blog\/wp-content\/uploads\/2023\/09\/dom-oliwski-768x511.jpg 768w, https:\/\/www.miejscakonferencyjne.pl\/blog\/wp-content\/uploads\/2023\/09\/dom-oliwski-706x470.jpg 706w, https:\/\/www.miejscakonferencyjne.pl\/blog\/wp-content\/uploads\/2023\/09\/dom-oliwski.jpg 1200w\" sizes=\"auto, (max-width: 1000px) 100vw, 1000px\" \/><\/p>\n<h2 style=\"text-align: justify;\">Dom Oliwski &#8211; Sale konferencyjne Gda\u0144sk<\/h2>\n<p style=\"text-align: justify;\">Szukasz bardziej klimatycznej i tradycyjnej przestrzeni? <a href=\"https:\/\/www.miejscakonferencyjne.pl\/gdansk\/dom-oliwski\"><strong>Dom Oliwski<\/strong><\/a> zlokalizowany na obrze\u017cach miasta to strza\u0142 w dziesi\u0105tk\u0119.<\/p>\n<p style=\"text-align: justify;\">Dom Oliwski mie\u015bci si\u0119 w pobli\u017cu obwodnicy, dzi\u0119ki czemu jest doskonale po\u0142\u0105czony z ca\u0142ym Tr\u00f3jmiastem oraz najwa\u017cniejszymi punktami komunikacyjnymi. <strong>Otoczony zosta\u0142 malownicz\u0105 przyrod\u0105, kt\u00f3ra stanowi \u015bwietne warunki dla spokojnego wypoczynku oraz integracji go\u015bci na \u015bwie\u017cym powietrzu.<\/strong><\/p>\n<p style=\"text-align: justify;\">Dom Oliwski ma w swojej ofercie<strong> jedn\u0105, klimatyzowan\u0105 sal\u0119 konferencyjn\u0105, kt\u00f3ra pozwala na zaproszenie oko\u0142o 50 os\u00f3b.<\/strong> Mog\u0105 si\u0119 w niej odby\u0107 wszelkie szkolenia, warsztaty, wyk\u0142ady czy sympozja. To idealne miejsce na kameralne spotkania w przytulnej atmosferze.<\/p>\n<p style=\"text-align: justify;\"><img loading=\"lazy\" decoding=\"async\" class=\"alignnone size-medium wp-image-2981\" src=\"https:\/\/www.miejscakonferencyjne.pl\/blog\/wp-content\/uploads\/2023\/09\/marina-1000x563.jpg\" alt=\"marina gda\u0144sk \" width=\"1000\" height=\"563\" srcset=\"https:\/\/www.miejscakonferencyjne.pl\/blog\/wp-content\/uploads\/2023\/09\/marina-1000x563.jpg 1000w, https:\/\/www.miejscakonferencyjne.pl\/blog\/wp-content\/uploads\/2023\/09\/marina-768x432.jpg 768w, https:\/\/www.miejscakonferencyjne.pl\/blog\/wp-content\/uploads\/2023\/09\/marina-706x397.jpg 706w, https:\/\/www.miejscakonferencyjne.pl\/blog\/wp-content\/uploads\/2023\/09\/marina.jpg 1200w\" sizes=\"auto, (max-width: 1000px) 100vw, 1000px\" \/><\/p>\n<h2 style=\"text-align: justify;\">Marina Club Hotel<\/h2>\n<p style=\"text-align: justify;\">Konferencja z widokiem na marin\u0119 i Stare Miasto? To nie problem w<a href=\"https:\/\/www.miejscakonferencyjne.pl\/gdansk\/marina-club-hotel\"> <strong>Marina Club Hotel.<\/strong> <\/a>Poza korzystn\u0105 lokalizacj\u0105, wyr\u00f3\u017cnia ten obiekt r\u00f3wnie\u017c nowoczesno\u015b\u0107, elegancja, a tak\u017ce wysoki poziom us\u0142ug.<\/p>\n<p style=\"text-align: justify;\">Marina Club Hotel doskonale sprawdza si\u0119 jako t\u0142o wszelkich spotka\u0144 biznesowych i okoliczno\u015bciowych, a tak\u017ce jako przestrze\u0144 do integracji.\u00a0 <strong>W obiekcie znajduje si\u0119 nowoczesna sala biznesowa, kt\u00f3ra jest w stanie pomie\u015bci\u0107 do 25 os\u00f3b w ustawieniu teatralnym.<\/strong> Pomieszczenie jest jasne, odpowiednio o\u015bwietlone, klimatyzowane oraz zosta\u0142o w pe\u0142ni wyposa\u017cone.<\/p>\n<p style=\"text-align: justify;\">Co wi\u0119cej, do sali wpada sporo \u015bwiat\u0142a dziennego, kt\u00f3re sprzyja koncentracji go\u015bci.<\/p>\n<p style=\"text-align: justify;\"><img loading=\"lazy\" decoding=\"async\" class=\"alignnone size-medium wp-image-2983\" src=\"https:\/\/www.miejscakonferencyjne.pl\/blog\/wp-content\/uploads\/2023\/09\/alomd-1000x666.jpg\" alt=\"almond gda\u0144\u015bk \" width=\"1000\" height=\"666\" srcset=\"https:\/\/www.miejscakonferencyjne.pl\/blog\/wp-content\/uploads\/2023\/09\/alomd-1000x666.jpg 1000w, https:\/\/www.miejscakonferencyjne.pl\/blog\/wp-content\/uploads\/2023\/09\/alomd-768x511.jpg 768w, https:\/\/www.miejscakonferencyjne.pl\/blog\/wp-content\/uploads\/2023\/09\/alomd-706x470.jpg 706w, https:\/\/www.miejscakonferencyjne.pl\/blog\/wp-content\/uploads\/2023\/09\/alomd.jpg 1200w\" sizes=\"auto, (max-width: 1000px) 100vw, 1000px\" \/><\/p>\n<h2 style=\"text-align: justify;\">Hotel Almond **** Business &amp; Spa<\/h2>\n<p style=\"text-align: justify;\">W Gda\u0144sku nie brakuje hoteli czterogwiazdkowych.<strong> Jednym z nich jest <a href=\"https:\/\/www.miejscakonferencyjne.pl\/gdansk\/hotel-almond\">Hotel Almond **** Business &amp; Spa.<\/a><\/strong> Co dok\u0142adnie oferuje? Na klient\u00f3w czeka <strong>7 sal konferencyjnych o smakowitych nazwach:<\/strong> Szafran, Any\u017c, Cynamon, Imbir, Kardamon oraz Wanilia. Dost\u0119pne jest r\u00f3wnie\u017c kameralne Studio Biznes. Dzi\u0119ki zastosowaniu w nich systemu \u015bcian modu\u0142owych cz\u0119\u015b\u0107 z nich mo\u017cna ze sob\u0105 po\u0142\u0105czy\u0107. W ten spos\u00f3b w Hotelu Almond mo\u017cna obs\u0142u\u017cy\u0107 grupy licz\u0105ce nawet 320 os\u00f3b.<\/p>\n<p style=\"text-align: justify;\">Dodatkowo umieszczona na dw\u00f3ch poziomach budynku, <strong>Restauracja Magiel<\/strong> pozwala rozkoszowa\u0107 si\u0119 niebanalnym smakiem przek\u0105sek, da\u0144 oraz deser\u00f3w, przy jednoczesnym podziwianiu panoramy rzeki. A pod koniec dnia intensywnej pracy, uczestnicy wydarze\u0144 mog\u0105 zrelaksowa\u0107 si\u0119 w nowoczesnym<strong> Centrum Spa.<\/strong><\/p>\n<p style=\"text-align: justify;\"><img loading=\"lazy\" decoding=\"async\" class=\"alignnone size-medium wp-image-2984\" src=\"https:\/\/www.miejscakonferencyjne.pl\/blog\/wp-content\/uploads\/2023\/09\/scandic-1000x666.jpg\" alt=\"\" width=\"1000\" height=\"666\" srcset=\"https:\/\/www.miejscakonferencyjne.pl\/blog\/wp-content\/uploads\/2023\/09\/scandic-1000x666.jpg 1000w, https:\/\/www.miejscakonferencyjne.pl\/blog\/wp-content\/uploads\/2023\/09\/scandic-768x511.jpg 768w, https:\/\/www.miejscakonferencyjne.pl\/blog\/wp-content\/uploads\/2023\/09\/scandic-706x470.jpg 706w, https:\/\/www.miejscakonferencyjne.pl\/blog\/wp-content\/uploads\/2023\/09\/scandic.jpg 1200w\" sizes=\"auto, (max-width: 1000px) 100vw, 1000px\" \/><\/p>\n<h2 style=\"text-align: justify;\">Scandic Gda\u0144sk<\/h2>\n<p style=\"text-align: justify;\">Je\u017celi zale\u017cy Wam na sprawnej komunikacji, to warto wybra\u0107 obiekt, kt\u00f3ry znajduje si\u0119 nieopodal w\u0119z\u0142\u00f3w komunikacyjnych.<strong><a href=\"https:\/\/www.miejscakonferencyjne.pl\/szukaj?name=Scandic+Gda%C5%84sk&amp;participants=&amp;beds=\"> Scandic Gda\u0144sk<\/a> zlokalizowany jest naprzeciw Dworca G\u0142\u00f3wnego PKP.<\/strong> Dzi\u0119ki temu zapewnia \u0142atwy i przyjemny transport dla Go\u015bci wydarzenia.<\/p>\n<p style=\"text-align: justify;\">Scandic Gda\u0144sk udost\u0119pnia klientom biznesowym a\u017c <strong>7 eleganckich sal konferencyjnych, z kt\u00f3rych najwi\u0119ksza przyjmie nawet ponad 300 os\u00f3b<\/strong>. Niezale\u017cnie od wielko\u015bci wydarzenia &#8211; ka\u017cdy znajdzie tutaj przestrze\u0144 dla siebie.<\/p>\n<p style=\"text-align: justify;\">Dodatkowo eventy zorganizowa\u0107 mo\u017cna w klimatycznej restauracji <strong>Senso Restaurant &amp; Bar.<\/strong> Wszechstronnych charakter lokalu u\u0142atwia organizacj\u0119 biznesowych lunchy oraz przyj\u0119cia okoliczno\u015bciowego, a menu jest efektem \u015bwie\u017cego spojrzenia na tradycyjn\u0105 gastronomi\u0119 oraz innowacyjnych pomys\u0142\u00f3w.<\/p>\n<p style=\"text-align: justify;\"><img loading=\"lazy\" decoding=\"async\" class=\"alignnone size-medium wp-image-2986\" src=\"https:\/\/www.miejscakonferencyjne.pl\/blog\/wp-content\/uploads\/2023\/09\/ambe-1000x414.jpg\" alt=\"hotel amber \" width=\"1000\" height=\"414\" srcset=\"https:\/\/www.miejscakonferencyjne.pl\/blog\/wp-content\/uploads\/2023\/09\/ambe-1000x414.jpg 1000w, https:\/\/www.miejscakonferencyjne.pl\/blog\/wp-content\/uploads\/2023\/09\/ambe-768x318.jpg 768w, https:\/\/www.miejscakonferencyjne.pl\/blog\/wp-content\/uploads\/2023\/09\/ambe-706x292.jpg 706w, https:\/\/www.miejscakonferencyjne.pl\/blog\/wp-content\/uploads\/2023\/09\/ambe.jpg 1200w\" sizes=\"auto, (max-width: 1000px) 100vw, 1000px\" \/><\/p>\n<h2 style=\"text-align: justify;\">Hotel Amber<\/h2>\n<p style=\"text-align: justify;\"><a href=\"https:\/\/www.miejscakonferencyjne.pl\/gdansk\/amber\"><strong>Amber Hotel<\/strong> <\/a>to doskona\u0142e miejsce do organizacji konferencji. Na terenie Amber Hotel dost\u0119pnych jest <strong>pi\u0119\u0107 przestronnych sal konferencyjnych,<\/strong> kt\u00f3re stanowi\u0105 idealne miejsce do przeprowadzenia profesjonalnych spotka\u0144 biznesowych, konferencji, czy te\u017c szkole\u0144. Najwi\u0119ksza z sal mo\u017ce pomie\u015bci\u0107 <strong>maksymalnie 200 os\u00f3b<\/strong> i posiada elastyczn\u0105 konfiguracj\u0119, poniewa\u017c mo\u017ce by\u0107 podzielona na trzy mniejsze pomieszczenia za pomoc\u0105 mobilnych \u015bcian.<\/p>\n<p style=\"text-align: justify;\">Sale s\u0105 rozmieszczone na trzech pi\u0119trach, zachowuj\u0105c prywatno\u015b\u0107 uczestnik\u00f3w. <strong>Dodatkowo, Amber Hotel oferuje profesjonalne wsparcie techniczne oraz dost\u0119p do nowoczesnego sprz\u0119tu audiowizualnego,<\/strong> co umo\u017cliwia prezentacje multimedialne, wideokonferencje oraz inne interaktywne formy prezentacji.<\/p>\n<p style=\"text-align: justify;\"><img loading=\"lazy\" decoding=\"async\" class=\"alignnone size-medium wp-image-2987\" src=\"https:\/\/www.miejscakonferencyjne.pl\/blog\/wp-content\/uploads\/2023\/09\/zatoka-1000x667.jpg\" alt=\"zatoka gda\u0144sk \" width=\"1000\" height=\"667\" srcset=\"https:\/\/www.miejscakonferencyjne.pl\/blog\/wp-content\/uploads\/2023\/09\/zatoka-1000x667.jpg 1000w, https:\/\/www.miejscakonferencyjne.pl\/blog\/wp-content\/uploads\/2023\/09\/zatoka-768x512.jpg 768w, https:\/\/www.miejscakonferencyjne.pl\/blog\/wp-content\/uploads\/2023\/09\/zatoka-706x471.jpg 706w, https:\/\/www.miejscakonferencyjne.pl\/blog\/wp-content\/uploads\/2023\/09\/zatoka.jpg 1200w\" sizes=\"auto, (max-width: 1000px) 100vw, 1000px\" \/><\/p>\n<h2 style=\"text-align: justify;\">Hotel Zatoka<\/h2>\n<p style=\"text-align: justify;\">Nasze zestawienie zamknie obiekt o wyj\u0105tkowej bryle.<a href=\"https:\/\/www.miejscakonferencyjne.pl\/gdansk\/hotel-zatoka\"><strong> Hotel Zatoka<\/strong> <\/a>wyr\u00f3\u017cnia si\u0119 spo\u015br\u00f3d gda\u0144skiego krajobrazu swoj\u0105 nietypow\u0105, nowoczesn\u0105 architektur\u0105. <strong>Fascynuj\u0105cy, geometryczny budynek kryje w sobie dwie przestronne sale konferencyjne,<\/strong> z kt\u00f3rych jedna ma powierzchni\u0119 90 metr\u00f3w kwadratowych, a druga 83 metry kwadratowe.<\/p>\n<p style=\"text-align: justify;\">Obie te sale s\u0105 w stanie pomie\u015bci\u0107<strong> maksymalnie 90 os\u00f3b w uk\u0142adzie kinowym,<\/strong> co czyni Hotel Zatoka doskona\u0142ym miejscem do organizacji udanych konferencji, prelekcji, szkole\u0144 i warsztat\u00f3w. Dzi\u0119ki swojej unikalnej architekturze oraz kompleksowym udogodnieniom, ten obiekt oferuje inspiruj\u0105ce i funkcjonalne przestrzenie do organizacji r\u00f3\u017cnego rodzaju wydarze\u0144 biznesowych.<\/p>\n","protected":false},"excerpt":{"rendered":"<p>Gda\u0144sk nie musi by\u0107 tylko destynacj\u0105 urlopow\u0105! To r\u00f3wnie\u017c idealne miasto na organizacj\u0119 wydarze\u0144 biznesowych w niepowtarzalnym klimacie. Sprawd\u017acie list\u0119 najlepszych sal konferencyjnych w Gda\u0144sku. <\/p>\n","protected":false},"author":9,"featured_media":2989,"comment_status":"closed","ping_status":"closed","sticky":false,"template":"","format":"standard","meta":{"_acf_changed":false,"footnotes":""},"categories":[212,170],"tags":[173,180,191,219,184,181,182],"class_list":["post-2976","post","type-post","status-publish","format-standard","has-post-thumbnail","hentry","category-miejsce-na-konferencje","category-organizacja-konferencji","tag-konferencja","tag-miejsca-konferencyjne","tag-organizacja-eventu","tag-sala-konferencyjna","tag-sala-wykladowa","tag-sale-konferencyjne","tag-sale-szkoleniowe","bwp-masonry-item","bwp-blog-col-3"],"acf":[],"yoast_head":"<!-- This site is optimized with the Yoast SEO plugin v26.8 - https:\/\/yoast.com\/product\/yoast-seo-wordpress\/ -->\n<title>Najlepsze miejsca konferencyjne Gda\u0144sk<\/title>\n<meta name=\"description\" content=\"Organizujecie konferencje nad morzem? Sprawd\u017acie list\u0119 najlepsze sale konferencyjne Gda\u0144sk - blog MiejscaKonferencyjne.pl\" \/>\n<meta name=\"robots\" content=\"index, follow, max-snippet:-1, max-image-preview:large, max-video-preview:-1\" \/>\n<link rel=\"canonical\" href=\"https:\/\/www.miejscakonferencyjne.pl\/blog\/najlepsze-sale-konferencyjne-gdansk\/\" \/>\n<meta property=\"og:locale\" content=\"pl_PL\" \/>\n<meta property=\"og:type\" content=\"article\" \/>\n<meta property=\"og:title\" content=\"Najlepsze miejsca konferencyjne Gda\u0144sk\" \/>\n<meta property=\"og:description\" content=\"Organizujecie konferencje nad morzem? Sprawd\u017acie list\u0119 najlepsze sale konferencyjne Gda\u0144sk - blog MiejscaKonferencyjne.pl\" \/>\n<meta property=\"og:url\" content=\"https:\/\/www.miejscakonferencyjne.pl\/blog\/najlepsze-sale-konferencyjne-gdansk\/\" \/>\n<meta property=\"og:site_name\" content=\"MiejscaKonferencyjne.pl\" \/>\n<meta property=\"article:published_time\" content=\"2024-10-25T15:57:53+00:00\" \/>\n<meta property=\"article:modified_time\" content=\"2024-11-04T10:40:00+00:00\" \/>\n<meta property=\"og:image\" content=\"https:\/\/www.miejscakonferencyjne.pl\/blog\/wp-content\/uploads\/2023\/09\/maksym-harbar-PuFtDp6U4Ws-unsplash-1.jpg\" \/>\n\t<meta property=\"og:image:width\" content=\"2016\" \/>\n\t<meta property=\"og:image:height\" content=\"1512\" \/>\n\t<meta property=\"og:image:type\" content=\"image\/jpeg\" \/>\n<meta name=\"author\" content=\"Natalia Bielicka\" \/>\n<meta name=\"twitter:card\" content=\"summary_large_image\" \/>\n<meta name=\"twitter:label1\" content=\"Napisane przez\" \/>\n\t<meta name=\"twitter:data1\" content=\"Natalia Bielicka\" \/>\n\t<meta name=\"twitter:label2\" content=\"Szacowany czas czytania\" \/>\n\t<meta name=\"twitter:data2\" content=\"8 minut\" \/>\n<!-- \/ Yoast SEO plugin. -->","yoast_head_json":{"title":"Najlepsze miejsca konferencyjne Gda\u0144sk","description":"Organizujecie konferencje nad morzem? Sprawd\u017acie list\u0119 najlepsze sale konferencyjne Gda\u0144sk - blog MiejscaKonferencyjne.pl","robots":{"index":"index","follow":"follow","max-snippet":"max-snippet:-1","max-image-preview":"max-image-preview:large","max-video-preview":"max-video-preview:-1"},"canonical":"https:\/\/www.miejscakonferencyjne.pl\/blog\/najlepsze-sale-konferencyjne-gdansk\/","og_locale":"pl_PL","og_type":"article","og_title":"Najlepsze miejsca konferencyjne Gda\u0144sk","og_description":"Organizujecie konferencje nad morzem? Sprawd\u017acie list\u0119 najlepsze sale konferencyjne Gda\u0144sk - blog MiejscaKonferencyjne.pl","og_url":"https:\/\/www.miejscakonferencyjne.pl\/blog\/najlepsze-sale-konferencyjne-gdansk\/","og_site_name":"MiejscaKonferencyjne.pl","article_published_time":"2024-10-25T15:57:53+00:00","article_modified_time":"2024-11-04T10:40:00+00:00","og_image":[{"width":2016,"height":1512,"url":"https:\/\/www.miejscakonferencyjne.pl\/blog\/wp-content\/uploads\/2023\/09\/maksym-harbar-PuFtDp6U4Ws-unsplash-1.jpg","type":"image\/jpeg"}],"author":"Natalia Bielicka","twitter_card":"summary_large_image","twitter_misc":{"Napisane przez":"Natalia Bielicka","Szacowany czas czytania":"8 minut"},"schema":{"@context":"https:\/\/schema.org","@graph":[{"@type":["Article","BlogPosting"],"@id":"https:\/\/www.miejscakonferencyjne.pl\/blog\/najlepsze-sale-konferencyjne-gdansk\/#article","isPartOf":{"@id":"https:\/\/www.miejscakonferencyjne.pl\/blog\/najlepsze-sale-konferencyjne-gdansk\/"},"author":{"name":"Natalia Bielicka","@id":"https:\/\/www.miejscakonferencyjne.pl\/blog\/#\/schema\/person\/5d36c8d2fc115f913476eedc5840b662"},"headline":"Najlepsze miejsca konferencyjne Gda\u0144sk","datePublished":"2024-10-25T15:57:53+00:00","dateModified":"2024-11-04T10:40:00+00:00","mainEntityOfPage":{"@id":"https:\/\/www.miejscakonferencyjne.pl\/blog\/najlepsze-sale-konferencyjne-gdansk\/"},"wordCount":1137,"publisher":{"@id":"https:\/\/www.miejscakonferencyjne.pl\/blog\/#organization"},"image":{"@id":"https:\/\/www.miejscakonferencyjne.pl\/blog\/najlepsze-sale-konferencyjne-gdansk\/#primaryimage"},"thumbnailUrl":"https:\/\/www.miejscakonferencyjne.pl\/blog\/wp-content\/uploads\/2023\/09\/maksym-harbar-PuFtDp6U4Ws-unsplash-1.jpg","keywords":["konferencja","miejsca konferencyjne","organizacja eventu","sala konferencyjna","sala wyk\u0142adowa","sale konferencyjne","sale szkoleniowe"],"articleSection":["Miejsce na konferencj\u0119","Organizacja konferencji"],"inLanguage":"pl-PL"},{"@type":"WebPage","@id":"https:\/\/www.miejscakonferencyjne.pl\/blog\/najlepsze-sale-konferencyjne-gdansk\/","url":"https:\/\/www.miejscakonferencyjne.pl\/blog\/najlepsze-sale-konferencyjne-gdansk\/","name":"Najlepsze miejsca konferencyjne Gda\u0144sk","isPartOf":{"@id":"https:\/\/www.miejscakonferencyjne.pl\/blog\/#website"},"primaryImageOfPage":{"@id":"https:\/\/www.miejscakonferencyjne.pl\/blog\/najlepsze-sale-konferencyjne-gdansk\/#primaryimage"},"image":{"@id":"https:\/\/www.miejscakonferencyjne.pl\/blog\/najlepsze-sale-konferencyjne-gdansk\/#primaryimage"},"thumbnailUrl":"https:\/\/www.miejscakonferencyjne.pl\/blog\/wp-content\/uploads\/2023\/09\/maksym-harbar-PuFtDp6U4Ws-unsplash-1.jpg","datePublished":"2024-10-25T15:57:53+00:00","dateModified":"2024-11-04T10:40:00+00:00","description":"Organizujecie konferencje nad morzem? Sprawd\u017acie list\u0119 najlepsze sale konferencyjne Gda\u0144sk - blog MiejscaKonferencyjne.pl","breadcrumb":{"@id":"https:\/\/www.miejscakonferencyjne.pl\/blog\/najlepsze-sale-konferencyjne-gdansk\/#breadcrumb"},"inLanguage":"pl-PL","potentialAction":[{"@type":"ReadAction","target":["https:\/\/www.miejscakonferencyjne.pl\/blog\/najlepsze-sale-konferencyjne-gdansk\/"]}]},{"@type":"ImageObject","inLanguage":"pl-PL","@id":"https:\/\/www.miejscakonferencyjne.pl\/blog\/najlepsze-sale-konferencyjne-gdansk\/#primaryimage","url":"https:\/\/www.miejscakonferencyjne.pl\/blog\/wp-content\/uploads\/2023\/09\/maksym-harbar-PuFtDp6U4Ws-unsplash-1.jpg","contentUrl":"https:\/\/www.miejscakonferencyjne.pl\/blog\/wp-content\/uploads\/2023\/09\/maksym-harbar-PuFtDp6U4Ws-unsplash-1.jpg","width":2016,"height":1512},{"@type":"BreadcrumbList","@id":"https:\/\/www.miejscakonferencyjne.pl\/blog\/najlepsze-sale-konferencyjne-gdansk\/#breadcrumb","itemListElement":[{"@type":"ListItem","position":1,"name":"Strona g\u0142\u00f3wna","item":"https:\/\/www.miejscakonferencyjne.pl\/blog\/"},{"@type":"ListItem","position":2,"name":"Najlepsze miejsca konferencyjne Gda\u0144sk"}]},{"@type":"WebSite","@id":"https:\/\/www.miejscakonferencyjne.pl\/blog\/#website","url":"https:\/\/www.miejscakonferencyjne.pl\/blog\/","name":"MiejscaKonferencyjne.pl","description":"Dowiedz si\u0119 wszystkiego na temat organizacji konferencji, szkole\u0144 i wydarze\u0144 biznesowych. Komentuj i dziel si\u0119 opini\u0105!","publisher":{"@id":"https:\/\/www.miejscakonferencyjne.pl\/blog\/#organization"},"potentialAction":[{"@type":"SearchAction","target":{"@type":"EntryPoint","urlTemplate":"https:\/\/www.miejscakonferencyjne.pl\/blog\/?s={search_term_string}"},"query-input":{"@type":"PropertyValueSpecification","valueRequired":true,"valueName":"search_term_string"}}],"inLanguage":"pl-PL"},{"@type":"Organization","@id":"https:\/\/www.miejscakonferencyjne.pl\/blog\/#organization","name":"MiejscaKonferencyjne.pl","url":"https:\/\/www.miejscakonferencyjne.pl\/blog\/","logo":{"@type":"ImageObject","inLanguage":"pl-PL","@id":"https:\/\/www.miejscakonferencyjne.pl\/blog\/#\/schema\/logo\/image\/","url":"https:\/\/www.miejscakonferencyjne.pl\/blog\/wp-content\/uploads\/2019\/12\/logo-white.png","contentUrl":"https:\/\/www.miejscakonferencyjne.pl\/blog\/wp-content\/uploads\/2019\/12\/logo-white.png","width":400,"height":63,"caption":"MiejscaKonferencyjne.pl"},"image":{"@id":"https:\/\/www.miejscakonferencyjne.pl\/blog\/#\/schema\/logo\/image\/"}},{"@type":"Person","@id":"https:\/\/www.miejscakonferencyjne.pl\/blog\/#\/schema\/person\/5d36c8d2fc115f913476eedc5840b662","name":"Natalia Bielicka","url":"https:\/\/www.miejscakonferencyjne.pl\/blog\/author\/nbielicka\/"}]}},"_links":{"self":[{"href":"https:\/\/www.miejscakonferencyjne.pl\/blog\/wp-json\/wp\/v2\/posts\/2976","targetHints":{"allow":["GET"]}}],"collection":[{"href":"https:\/\/www.miejscakonferencyjne.pl\/blog\/wp-json\/wp\/v2\/posts"}],"about":[{"href":"https:\/\/www.miejscakonferencyjne.pl\/blog\/wp-json\/wp\/v2\/types\/post"}],"author":[{"embeddable":true,"href":"https:\/\/www.miejscakonferencyjne.pl\/blog\/wp-json\/wp\/v2\/users\/9"}],"replies":[{"embeddable":true,"href":"https:\/\/www.miejscakonferencyjne.pl\/blog\/wp-json\/wp\/v2\/comments?post=2976"}],"version-history":[{"count":7,"href":"https:\/\/www.miejscakonferencyjne.pl\/blog\/wp-json\/wp\/v2\/posts\/2976\/revisions"}],"predecessor-version":[{"id":3564,"href":"https:\/\/www.miejscakonferencyjne.pl\/blog\/wp-json\/wp\/v2\/posts\/2976\/revisions\/3564"}],"wp:featuredmedia":[{"embeddable":true,"href":"https:\/\/www.miejscakonferencyjne.pl\/blog\/wp-json\/wp\/v2\/media\/2989"}],"wp:attachment":[{"href":"https:\/\/www.miejscakonferencyjne.pl\/blog\/wp-json\/wp\/v2\/media?parent=2976"}],"wp:term":[{"taxonomy":"category","embeddable":true,"href":"https:\/\/www.miejscakonferencyjne.pl\/blog\/wp-json\/wp\/v2\/categories?post=2976"},{"taxonomy":"post_tag","embeddable":true,"href":"https:\/\/www.miejscakonferencyjne.pl\/blog\/wp-json\/wp\/v2\/tags?post=2976"}],"curies":[{"name":"wp","href":"https:\/\/api.w.org\/{rel}","templated":true}]}}