{"id":2940,"date":"2023-09-07T12:22:54","date_gmt":"2023-09-07T10:22:54","guid":{"rendered":"https:\/\/www.miejscakonferencyjne.pl\/blog\/?p=2940"},"modified":"2024-05-07T12:02:53","modified_gmt":"2024-05-07T10:02:53","slug":"najlepsze-sale-konferencyjne-krakow","status":"publish","type":"post","link":"https:\/\/www.miejscakonferencyjne.pl\/blog\/najlepsze-sale-konferencyjne-krakow\/","title":{"rendered":"Najlepsze sale konferencyjne Krak\u00f3w"},"content":{"rendered":"<p style=\"text-align: justify;\"><strong>Krak\u00f3w, miasto o d\u0142ugiej historii i niezwyk\u0142ym dziedzictwie kulturowym, nie tylko przyci\u0105ga turyst\u00f3w swoim urokiem, ale r\u00f3wnie\u017c staje si\u0119 coraz bardziej atrakcyjnym miejscem dla biznesu. W tym artykule zwr\u00f3cimy uwag\u0119 na najlepsze <a href=\"https:\/\/www.miejscakonferencyjne.pl\/miasto\/sale-konferencyjne-krakow?page=1\">sale konferencyjne w Krakowie,<\/a> kt\u00f3re oferuj\u0105 profesjonalne warunki dla r\u00f3\u017cnego rodzaju wydarze\u0144 biznesowych.<\/strong><\/p>\n<p style=\"text-align: justify;\">Krakowskie sale konferencyjne \u0142\u0105cz\u0105 w sobie tradycj\u0119 z nowoczesno\u015bci\u0105, zapewniaj\u0105c doskona\u0142\u0105 przestrze\u0144 do organizacji spotka\u0144, konferencji, szkole\u0144 i innych wydarze\u0144 korporacyjnych. <strong>Przyjrzymy si\u0119 tym miejscom z bliska, aby pom\u00f3c Ci wybra\u0107 idealn\u0105 sal\u0119 konferencyjn\u0105<\/strong>, kt\u00f3ra spe\u0142ni Twoje potrzeby i oczekiwania.<\/p>\n<p style=\"text-align: justify;\"><img loading=\"lazy\" decoding=\"async\" class=\"alignnone wp-image-2942 size-medium\" src=\"https:\/\/www.miejscakonferencyjne.pl\/blog\/wp-content\/uploads\/2023\/09\/vanilla-1000x750.jpg\" alt=\"sala konferencyjna aparthotel\" width=\"1000\" height=\"750\" srcset=\"https:\/\/www.miejscakonferencyjne.pl\/blog\/wp-content\/uploads\/2023\/09\/vanilla-1000x750.jpg 1000w, https:\/\/www.miejscakonferencyjne.pl\/blog\/wp-content\/uploads\/2023\/09\/vanilla-768x576.jpg 768w, https:\/\/www.miejscakonferencyjne.pl\/blog\/wp-content\/uploads\/2023\/09\/vanilla-706x530.jpg 706w, https:\/\/www.miejscakonferencyjne.pl\/blog\/wp-content\/uploads\/2023\/09\/vanilla.jpg 1200w\" sizes=\"auto, (max-width: 1000px) 100vw, 1000px\" \/><\/p>\n<h2 style=\"text-align: justify;\">Vanilla Aparthotel<\/h2>\n<p style=\"text-align: justify;\">Zestawienie rozpoczniemy od eleganckiego kompleksu apartament\u00f3w!<\/p>\n<p style=\"text-align: justify;\"><a href=\"https:\/\/www.miejscakonferencyjne.pl\/krakow\/vanilla-aparthotel\"><strong>Vanilla Aparthotel<\/strong> <\/a>to obiekt po\u0142o\u017cony w jednej z najbardziej nowoczesnych dzielnic Krakowa. Jego wyj\u0105tkowym atutem jest <strong>doskona\u0142e przygotowanie do organizacji konferencji i spotka\u0144 biznesowych.<\/strong><\/p>\n<p style=\"text-align: justify;\">Hotel oferuje swoim klientom profesjonalne sale konferencyjne, kt\u00f3re s\u0105 idealne dla r\u00f3\u017cnego rodzaju biznesowych wydarze\u0144 i event\u00f3w. <strong>Szczeg\u00f3lnie imponuj\u0105c\u0105 opcj\u0105 jest przestronna sala o powierzchni 180 metr\u00f3w kwadratowych<\/strong>. Mo\u017ce ona zosta\u0107 podzielona na dwie mniejsze przestrzenie dzi\u0119ki systemowi mobilnych \u015bcian.<\/p>\n<p style=\"text-align: justify;\">Co wi\u0119cej, Aparthotel Vanilla dba o najwy\u017cszy komfort swoich go\u015bci, oferuj\u0105c luksusowe apartamenty w trzech standardach:<strong> Classic, Modern i Exclusive.<\/strong> Ka\u017cdy z tych apartament\u00f3w wyr\u00f3\u017cnia si\u0119 dopracowan\u0105 stylistyk\u0105 oraz funkcjonalno\u015bci\u0105.<\/p>\n<p style=\"text-align: justify;\"><img loading=\"lazy\" decoding=\"async\" class=\"alignnone size-medium wp-image-2943\" src=\"https:\/\/www.miejscakonferencyjne.pl\/blog\/wp-content\/uploads\/2023\/09\/garden-square-1000x667.jpg\" alt=\"\" width=\"1000\" height=\"667\" srcset=\"https:\/\/www.miejscakonferencyjne.pl\/blog\/wp-content\/uploads\/2023\/09\/garden-square-1000x667.jpg 1000w, https:\/\/www.miejscakonferencyjne.pl\/blog\/wp-content\/uploads\/2023\/09\/garden-square-768x512.jpg 768w, https:\/\/www.miejscakonferencyjne.pl\/blog\/wp-content\/uploads\/2023\/09\/garden-square-706x471.jpg 706w, https:\/\/www.miejscakonferencyjne.pl\/blog\/wp-content\/uploads\/2023\/09\/garden-square.jpg 1200w\" sizes=\"auto, (max-width: 1000px) 100vw, 1000px\" \/><\/p>\n<h2 style=\"text-align: justify;\">Garden Square Hotel &#8211; Sale Konferencyjne Krak\u00f3w<\/h2>\n<p style=\"text-align: justify;\"><a href=\"https:\/\/www.miejscakonferencyjne.pl\/krakow\/garden-square-hotel\"><strong>Garden Square Hotel<\/strong><\/a> to nowoczesny, czterogwiazdkowy obiekt, kt\u00f3ry znajduje si\u0119 w malowniczej dzielnicy \u0141agiewniki w Krakowie. H<strong>otel ten wyr\u00f3\u017cnia si\u0119 nie tylko luksusowymi udogodnieniami dla swoich go\u015bci, ale tak\u017ce doskona\u0142ym Centrum Konferencyjnym Business Square<\/strong>.<\/p>\n<p style=\"text-align: justify;\">Centrum Konferencyjne Business Square oferuje trzy nowoczesne sale konferencyjne, kt\u00f3re zosta\u0142y starannie wyposa\u017cone, aby zapewni\u0107 komfort i efektywno\u015b\u0107 ka\u017cdej konferencji. K<strong>a\u017cda sala o powierzchni 50 metr\u00f3w kwadratowych<\/strong> wyposa\u017cona jest w nowoczesne sprz\u0119ty takie jak klimatyzacja i projektory,<\/p>\n<p style=\"text-align: justify;\">Jednak to nie koniec mo\u017cliwo\u015bci, jakie oferuje Centrum Konferencyjne Business Square. Dzi\u0119ki innowacyjnemu <strong>systemowi ruchomych \u015bcian d\u017awi\u0119koszczelnych,<\/strong> sale konferencyjne mo\u017cna \u0142\u0105czy\u0107 ze sob\u0105. To doskona\u0142e rozwi\u0105zanie dla wi\u0119kszych spotka\u0144 lub konferencji, kt\u00f3re wymagaj\u0105 wi\u0119kszej przestrzeni.<\/p>\n<p style=\"text-align: justify;\"><img loading=\"lazy\" decoding=\"async\" class=\"alignnone size-medium wp-image-2944\" src=\"https:\/\/www.miejscakonferencyjne.pl\/blog\/wp-content\/uploads\/2023\/09\/radisson-1000x667.jpg\" alt=\"\" width=\"1000\" height=\"667\" srcset=\"https:\/\/www.miejscakonferencyjne.pl\/blog\/wp-content\/uploads\/2023\/09\/radisson-1000x667.jpg 1000w, https:\/\/www.miejscakonferencyjne.pl\/blog\/wp-content\/uploads\/2023\/09\/radisson-768x512.jpg 768w, https:\/\/www.miejscakonferencyjne.pl\/blog\/wp-content\/uploads\/2023\/09\/radisson-706x471.jpg 706w, https:\/\/www.miejscakonferencyjne.pl\/blog\/wp-content\/uploads\/2023\/09\/radisson.jpg 1200w\" sizes=\"auto, (max-width: 1000px) 100vw, 1000px\" \/><\/p>\n<h2 style=\"text-align: justify;\">Park Inn by Radisson Krakow<\/h2>\n<p style=\"text-align: justify;\"><a href=\"https:\/\/www.miejscakonferencyjne.pl\/krakow\/park-inn-by-radisson-krakow\">Park Inn by Radisson Krak\u00f3w<\/a> to doskona\u0142y wyb\u00f3r zar\u00f3wno dla podr\u00f3\u017cuj\u0105cych rekreacyjnie, jak i biznesowo.\u00a0<strong> Po\u0142o\u017cony w samym sercu miasta,<\/strong> Park Inn by Radisson Krak\u00f3w jest \u0142atwo dost\u0119pny dla go\u015bci przybywaj\u0105cych zar\u00f3wno z Polski, jak i z zagranicy.<\/p>\n<p style=\"text-align: justify;\">Zaplecze konferencyjne w Park Inn by Radisson Krak\u00f3w to prawdziwa pere\u0142ka. Z<strong>ajmuje ono imponuj\u0105c\u0105 powierzchni\u0119 1000 metr\u00f3w kwadratowych,<\/strong> co daje wiele mo\u017cliwo\u015bci aran\u017cacyjnych. Sk\u0142ada si\u0119 ono z 5 przestronnych sal konferencyjnych, ka\u017cda z dost\u0119pem do naturalnego \u015bwiat\u0142a dziennego. Ponadto system przesuwnych \u015bcian umo\u017cliwia elastyczne dostosowanie przestrzeni do indywidualnych potrzeb klienta.<\/p>\n<p style=\"text-align: justify;\">Bez wzgl\u0119du na to, czy organizuje si\u0119 s<strong>potkanie biznesowe, szkolenie, konferencj\u0119, bankiet czy wyjazd integracyjny.<\/strong>\u00a0Park Inn by Radisson Krak\u00f3w zapewnia odpowiednie warunki i profesjonalne wsparcie.<\/p>\n<p style=\"text-align: justify;\"><img loading=\"lazy\" decoding=\"async\" class=\"alignnone size-medium wp-image-2945\" src=\"https:\/\/www.miejscakonferencyjne.pl\/blog\/wp-content\/uploads\/2023\/09\/blukrakow-1000x573.jpg\" alt=\"\" width=\"1000\" height=\"573\" srcset=\"https:\/\/www.miejscakonferencyjne.pl\/blog\/wp-content\/uploads\/2023\/09\/blukrakow-1000x573.jpg 1000w, https:\/\/www.miejscakonferencyjne.pl\/blog\/wp-content\/uploads\/2023\/09\/blukrakow-768x440.jpg 768w, https:\/\/www.miejscakonferencyjne.pl\/blog\/wp-content\/uploads\/2023\/09\/blukrakow-706x404.jpg 706w, https:\/\/www.miejscakonferencyjne.pl\/blog\/wp-content\/uploads\/2023\/09\/blukrakow.jpg 1200w\" sizes=\"auto, (max-width: 1000px) 100vw, 1000px\" \/><\/p>\n<h2 style=\"text-align: justify;\">Radisson Blu Krak\u00f3w &#8211; Sale Konferencyjne Krak\u00f3w<\/h2>\n<p style=\"text-align: justify;\">Kolejny obiekt spod szyldu Radisson!<strong><a href=\"https:\/\/www.miejscakonferencyjne.pl\/krakow\/radisson-blu-krakow\"> Radisson Blu Hotel Krak\u00f3w<\/a> <\/strong>to pi\u0119ciogwiazdkowy obiekt, kt\u00f3ry cieszy si\u0119 zas\u0142u\u017con\u0105 reputacj\u0105 jako jeden z najlepszych hoteli w Krakowie. Po\u0142o\u017cony w samym sercu miasta, ten hotel oferuje doskona\u0142e warunki do organizacji konferencji.<\/p>\n<p style=\"text-align: justify;\">Jednym z jego najwa\u017cniejszych atut\u00f3w jest <strong>dost\u0119p do 8 eleganckich i funkcjonalnych sal konferencyjnych, kt\u00f3re \u0142\u0105cznie posiadaj\u0105\u00a0 powierzchni\u0119 326 metr\u00f3w kwadratowych.<\/strong><\/p>\n<p style=\"text-align: justify;\">Najwi\u0119ksza sala konferencyjna, o powierzchni 123 metr\u00f3w kwadratowych, <strong>mo\u017ce pomie\u015bci\u0107 a\u017c 150 os\u00f3b.<\/strong> Dodatkowo ka\u017cda sala jest starannie wyposa\u017cona w nowoczesny sprz\u0119t audiowizualny oraz dost\u0119p do szybkiego internetu.<\/p>\n<p style=\"text-align: justify;\"><img loading=\"lazy\" decoding=\"async\" class=\"alignnone size-medium wp-image-2947\" src=\"https:\/\/www.miejscakonferencyjne.pl\/blog\/wp-content\/uploads\/2023\/09\/hyatt-1000x666.jpg\" alt=\"\" width=\"1000\" height=\"666\" srcset=\"https:\/\/www.miejscakonferencyjne.pl\/blog\/wp-content\/uploads\/2023\/09\/hyatt-1000x666.jpg 1000w, https:\/\/www.miejscakonferencyjne.pl\/blog\/wp-content\/uploads\/2023\/09\/hyatt-768x511.jpg 768w, https:\/\/www.miejscakonferencyjne.pl\/blog\/wp-content\/uploads\/2023\/09\/hyatt-706x470.jpg 706w, https:\/\/www.miejscakonferencyjne.pl\/blog\/wp-content\/uploads\/2023\/09\/hyatt.jpg 1200w\" sizes=\"auto, (max-width: 1000px) 100vw, 1000px\" \/><\/p>\n<h2 style=\"text-align: justify;\">Hyatt Place Krak\u00f3w<\/h2>\n<p style=\"text-align: justify;\"><a href=\"https:\/\/www.miejscakonferencyjne.pl\/krakow\/hyatt-place-krakow\"><strong>Hyatt Place Krak\u00f3w<\/strong> <\/a>to nowoczesny i stylowy obiekt po\u0142o\u017cony przy B\u0142oniach Krakowskich, kt\u00f3ry zapewnia doskona\u0142e warunki do organizacji konferencji. <strong>Z 147 metrami kwadratowymi przestrzeni konferencyjnej,<\/strong> ten hotel jest idealnym miejscem dla klient\u00f3w biznesowych, kt\u00f3rzy poszukuj\u0105 miejsca, kt\u00f3re spe\u0142nia najwy\u017csze standardy.<\/p>\n<p style=\"text-align: justify;\">Jego dynamiczne, klimatyzowane sale konferencyjne oferuj\u0105 wszechstronno\u015b\u0107, kt\u00f3ra pozwala dostosowa\u0107 si\u0119 do r\u00f3\u017cnych potrzeb. <strong>Dwie dynamiczne przestrzenie s\u0105 idealne do wi\u0119kszych wydarze\u0144,<\/strong> a tak\u017ce mog\u0105 by\u0107 podzielone na mniejsze, kameralne sale, aby sprosta\u0107 potrzebom bardziej intymnych spotka\u0144.<\/p>\n<p style=\"text-align: justify;\">Ponadto, hotel Hyatt Place Krak\u00f3w wyposa\u017cony jest w <strong>nowoczesny sprz\u0119t audiowizualny i oferuje profesjonaln\u0105 obs\u0142ug\u0119<\/strong>, kt\u00f3ra dba o ka\u017cdy detal, zapewniaj\u0105c p\u0142ynny przebieg konferencji.<\/p>\n<p style=\"text-align: justify;\"><img loading=\"lazy\" decoding=\"async\" class=\"alignnone size-medium wp-image-2948\" src=\"https:\/\/www.miejscakonferencyjne.pl\/blog\/wp-content\/uploads\/2023\/09\/willa-decjusza-1000x660.jpg\" alt=\"\" width=\"1000\" height=\"660\" srcset=\"https:\/\/www.miejscakonferencyjne.pl\/blog\/wp-content\/uploads\/2023\/09\/willa-decjusza-1000x660.jpg 1000w, https:\/\/www.miejscakonferencyjne.pl\/blog\/wp-content\/uploads\/2023\/09\/willa-decjusza-768x507.jpg 768w, https:\/\/www.miejscakonferencyjne.pl\/blog\/wp-content\/uploads\/2023\/09\/willa-decjusza-706x466.jpg 706w, https:\/\/www.miejscakonferencyjne.pl\/blog\/wp-content\/uploads\/2023\/09\/willa-decjusza.jpg 1200w\" sizes=\"auto, (max-width: 1000px) 100vw, 1000px\" \/><\/p>\n<h2 style=\"text-align: justify;\">Centrum Konferencyjne Willa Decjusza<\/h2>\n<p style=\"text-align: justify;\">Szukasz przestrzeni w bardziej klasycznym stylu? <strong><a href=\"https:\/\/www.miejscakonferencyjne.pl\/krakow\/centrum-konferencyjne-willa-decjusza\">Willa Decjusza<\/a><\/strong> to miejsce dla Ciebie!<\/p>\n<p style=\"text-align: justify;\">Willa Decjusza, to niezwyk\u0142y<strong> renesansowy zesp\u00f3\u0142 pa\u0142acowo-parkowy<\/strong>. Obiekt w pe\u0142ni udowadnia, \u017ce organizacja konferencji w Krakowie mo\u017ce odbywa\u0107 si\u0119 z dala od wielkomiejskiego zgie\u0142ku.<\/p>\n<p style=\"text-align: justify;\">To wyj\u0105tkowe miejsce, po\u0142o\u017cone w malowniczym otoczeniu zieleni i historii, idealnie nadaje si\u0119 na organizacj\u0119 r\u00f3\u017cnorodnych wydarze\u0144. Willa Decjusza przyci\u0105ga uwag\u0119 go\u015bci swoj\u0105 <strong>niezwyk\u0142\u0105 architektur\u0105 i pi\u0119knym parkiem otaczaj\u0105cym budynek.<\/strong> Wn\u0119trza zachwycaj\u0105 go\u015bci swoj\u0105 elegancj\u0105 i klimatem, co tworzy doskona\u0142e t\u0142o dla konferencji o wysokim standardzie.<\/p>\n<p style=\"text-align: justify;\">Na go\u015bci czeka <strong>osiem r\u00f3\u017cnych sal konferencyjnych.<\/strong>\u00a0Dzi\u0119ki temu mo\u017cliwe jest zorganizowanie zar\u00f3wno kameralnych spotka\u0144 na kilka os\u00f3b, jak i znacznie wi\u0119kszych wydarze\u0144, bez kompromis\u00f3w w kwestii komfortu i jako\u015bci obs\u0142ugi.<\/p>\n<p style=\"text-align: justify;\"><img loading=\"lazy\" decoding=\"async\" class=\"alignnone size-medium wp-image-2949\" src=\"https:\/\/www.miejscakonferencyjne.pl\/blog\/wp-content\/uploads\/2023\/09\/grand-ascor-1000x667.jpg\" alt=\"\" width=\"1000\" height=\"667\" srcset=\"https:\/\/www.miejscakonferencyjne.pl\/blog\/wp-content\/uploads\/2023\/09\/grand-ascor-1000x667.jpg 1000w, https:\/\/www.miejscakonferencyjne.pl\/blog\/wp-content\/uploads\/2023\/09\/grand-ascor-768x512.jpg 768w, https:\/\/www.miejscakonferencyjne.pl\/blog\/wp-content\/uploads\/2023\/09\/grand-ascor-706x471.jpg 706w, https:\/\/www.miejscakonferencyjne.pl\/blog\/wp-content\/uploads\/2023\/09\/grand-ascor.jpg 1200w\" sizes=\"auto, (max-width: 1000px) 100vw, 1000px\" \/><\/p>\n<h2 style=\"text-align: justify;\">Grand Ascot Hotel **** &#8211; Sale Konferencyjne Krak\u00f3w<\/h2>\n<p style=\"text-align: justify;\">Wracamy do czterogwiazdkowego standardu. <a href=\"https:\/\/www.miejscakonferencyjne.pl\/krakow\/grand-ascot-hotel\"><strong>Grand Ascot Hotel ****<\/strong><\/a> to wyj\u0105tkowy obiekt po\u0142o\u017cony w sercu Krakowa. Wyr\u00f3\u017cnia si\u0119 on nie tylko luksusowym komfortem, ale tak\u017ce doskona\u0142\u0105 organizacj\u0105 konferencji.<strong> Jego nietuzinkowy wyst\u00f3j wn\u0119trz harmonijnie \u0142\u0105czy klasyk\u0119 z nowoczesno\u015bci\u0105, tworz\u0105c niepowtarzalny klimat.<\/strong><\/p>\n<p style=\"text-align: justify;\">Hotel ten oferuje profesjonalne zaplecze konferencyjne, kt\u00f3re sk\u0142ada si\u0119 z <strong>czterech r\u00f3\u017cnorodnych sal konferencyjnych.<\/strong> <strong>Najwi\u0119ksza z sal mo\u017ce pomie\u015bci\u0107 nawet do 100 os\u00f3b,<\/strong> co czyni j\u0105 idealnym miejscem na szkolenia, konferencje czy imprezy integracyjne.<\/p>\n<p style=\"text-align: justify;\"><strong>Designerskie wn\u0119trza i eleganckie<\/strong> meble tworz\u0105 wyj\u0105tkowo stylow\u0105 atmosfer\u0119, kt\u00f3ra sprzyja efektywnym spotkaniom biznesowym. W po\u0142\u0105czeniu z nowoczesnym stylem Grand Ascot Hotel stanowi doskona\u0142y wyb\u00f3r dla tych, kt\u00f3rzy ceni\u0105 sobie nie tylko komfort, ale tak\u017ce profesjonalizm i estetyk\u0119 podczas organizacji konferencji.<\/p>\n<p style=\"text-align: justify;\"><img loading=\"lazy\" decoding=\"async\" class=\"alignnone size-medium wp-image-2950\" src=\"https:\/\/www.miejscakonferencyjne.pl\/blog\/wp-content\/uploads\/2023\/09\/5b20e35d8b125mar-5049-copy-1200x_-666x1000.jpg\" alt=\"\" width=\"666\" height=\"1000\" srcset=\"https:\/\/www.miejscakonferencyjne.pl\/blog\/wp-content\/uploads\/2023\/09\/5b20e35d8b125mar-5049-copy-1200x_-666x1000.jpg 666w, https:\/\/www.miejscakonferencyjne.pl\/blog\/wp-content\/uploads\/2023\/09\/5b20e35d8b125mar-5049-copy-1200x_-768x1154.jpg 768w, https:\/\/www.miejscakonferencyjne.pl\/blog\/wp-content\/uploads\/2023\/09\/5b20e35d8b125mar-5049-copy-1200x_-1022x1536.jpg 1022w, https:\/\/www.miejscakonferencyjne.pl\/blog\/wp-content\/uploads\/2023\/09\/5b20e35d8b125mar-5049-copy-1200x_-706x1061.jpg 706w, https:\/\/www.miejscakonferencyjne.pl\/blog\/wp-content\/uploads\/2023\/09\/5b20e35d8b125mar-5049-copy-1200x_.jpg 1200w\" sizes=\"auto, (max-width: 666px) 100vw, 666px\" \/><\/p>\n<h2 style=\"text-align: justify;\">NOT Naczelna Organizacja Techniczna Krak\u00f3w<\/h2>\n<p style=\"text-align: justify;\"><strong><a href=\"https:\/\/www.miejscakonferencyjne.pl\/krakow\/not-naczelna-organizacja-techniczna-krakow#gallery1-1\">Naczelna Organizacja Techniczna Krak\u00f3w<\/a><\/strong>, znana r\u00f3wnie\u017c jako NOT Krak\u00f3w, swoj\u0105 siedzib\u0119 umiejscowion\u0105 ma w pi\u0119knym i historycznym budynku Domu Technika.\u00a0<strong> Ten zabytkowy obiekt stanowi prawdziw\u0105 pere\u0142k\u0119 architektury w stylu secesyjnym.<\/strong> Fasada budynku nie tylko przyci\u0105ga uwag\u0119 swoj\u0105 urod\u0105. Dodaje tak\u017ce szyku i elegancji ka\u017cdemu wydarzeniu, kt\u00f3re odbywa si\u0119 w jego wn\u0119trzach.<\/p>\n<p style=\"text-align: justify;\">Naczelna Organizacja Techniczna w Krakowie specjalizuje si\u0119 w organizacji r\u00f3\u017cnego rodzaju konferencji, sympozj\u00f3w, narad, szkole\u0144, wystaw oraz pokaz\u00f3w. Jest to miejsce, gdzie nauka i technologia spotykaj\u0105 si\u0119 z elegancj\u0105 i historycznym urokiem. Zesp\u00f3\u0142 NOT przygotowa\u0142<strong> dwie sale konferencyjne doskonale dostosowane do wsp\u00f3\u0142czesnych wymog\u00f3w technicznych i audiowizualnych.<\/strong> Ka\u017cda z tych sal ma\u00a0 powierzchni\u0119 wynosz\u0105c\u0105 80 metr\u00f3w kwadratowych, co pozwala na maksymalne pomieszczenie 80 uczestnik\u00f3w podczas ka\u017cdego wydarzenia.<\/p>\n","protected":false},"excerpt":{"rendered":"<p>Krak\u00f3w to miasto, kt\u00f3re oferuje najpi\u0119kniejsze zabytki i najnowocze\u015bniejsze przestrzenie biznesowe. Sprawd\u017a zestawienie najlepszych sal konferencyjnych w Mie\u015bcie Kr\u00f3l\u00f3w!<\/p>\n","protected":false},"author":9,"featured_media":2941,"comment_status":"closed","ping_status":"closed","sticky":false,"template":"","format":"standard","meta":{"_acf_changed":false,"footnotes":""},"categories":[212,189,170],"tags":[190,173,180,219,181],"class_list":["post-2940","post","type-post","status-publish","format-standard","has-post-thumbnail","hentry","category-miejsce-na-konferencje","category-organizacja-eventu","category-organizacja-konferencji","tag-event","tag-konferencja","tag-miejsca-konferencyjne","tag-sala-konferencyjna","tag-sale-konferencyjne","bwp-masonry-item","bwp-blog-col-3"],"acf":[],"yoast_head":"<!-- This site is optimized with the Yoast SEO plugin v27.5 - https:\/\/yoast.com\/product\/yoast-seo-wordpress\/ -->\n<title>Najlepsze sale konferencyjne Krak\u00f3w - MiejscaKonferencyjne.pl<\/title>\n<meta name=\"description\" content=\"Krak\u00f3w to miasto, kt\u00f3re oferuje najnowocze\u015bniejsze przestrzenie biznesowe. Sprawd\u017a zestawienie najlepsze sale konferencyjne w Mie\u015bcie Kr\u00f3l\u00f3w!\" \/>\n<meta name=\"robots\" content=\"index, follow, max-snippet:-1, max-image-preview:large, max-video-preview:-1\" \/>\n<link rel=\"canonical\" href=\"https:\/\/www.miejscakonferencyjne.pl\/blog\/najlepsze-sale-konferencyjne-krakow\/\" \/>\n<meta property=\"og:locale\" content=\"pl_PL\" \/>\n<meta property=\"og:type\" content=\"article\" \/>\n<meta property=\"og:title\" content=\"Najlepsze sale konferencyjne Krak\u00f3w - MiejscaKonferencyjne.pl\" \/>\n<meta property=\"og:description\" content=\"Krak\u00f3w to miasto, kt\u00f3re oferuje najnowocze\u015bniejsze przestrzenie biznesowe. Sprawd\u017a zestawienie najlepsze sale konferencyjne w Mie\u015bcie Kr\u00f3l\u00f3w!\" \/>\n<meta property=\"og:url\" content=\"https:\/\/www.miejscakonferencyjne.pl\/blog\/najlepsze-sale-konferencyjne-krakow\/\" \/>\n<meta property=\"og:site_name\" content=\"MiejscaKonferencyjne.pl\" \/>\n<meta property=\"article:published_time\" content=\"2023-09-07T10:22:54+00:00\" \/>\n<meta property=\"article:modified_time\" content=\"2024-05-07T10:02:53+00:00\" \/>\n<meta property=\"og:image\" content=\"https:\/\/www.miejscakonferencyjne.pl\/blog\/wp-content\/uploads\/2023\/09\/lucas-albuquerque-i-p1zqFros8-unsplash-1-scaled.jpg\" \/>\n\t<meta property=\"og:image:width\" content=\"2560\" \/>\n\t<meta property=\"og:image:height\" content=\"1707\" \/>\n\t<meta property=\"og:image:type\" content=\"image\/jpeg\" \/>\n<meta name=\"author\" content=\"Natalia Bielicka\" \/>\n<meta name=\"twitter:card\" content=\"summary_large_image\" \/>\n<meta name=\"twitter:label1\" content=\"Napisane przez\" \/>\n\t<meta name=\"twitter:data1\" content=\"Natalia Bielicka\" \/>\n\t<meta name=\"twitter:label2\" content=\"Szacowany czas czytania\" \/>\n\t<meta name=\"twitter:data2\" content=\"8 minut\" \/>\n<!-- \/ Yoast SEO plugin. -->","yoast_head_json":{"title":"Najlepsze sale konferencyjne Krak\u00f3w - MiejscaKonferencyjne.pl","description":"Krak\u00f3w to miasto, kt\u00f3re oferuje najnowocze\u015bniejsze przestrzenie biznesowe. Sprawd\u017a zestawienie najlepsze sale konferencyjne w Mie\u015bcie Kr\u00f3l\u00f3w!","robots":{"index":"index","follow":"follow","max-snippet":"max-snippet:-1","max-image-preview":"max-image-preview:large","max-video-preview":"max-video-preview:-1"},"canonical":"https:\/\/www.miejscakonferencyjne.pl\/blog\/najlepsze-sale-konferencyjne-krakow\/","og_locale":"pl_PL","og_type":"article","og_title":"Najlepsze sale konferencyjne Krak\u00f3w - MiejscaKonferencyjne.pl","og_description":"Krak\u00f3w to miasto, kt\u00f3re oferuje najnowocze\u015bniejsze przestrzenie biznesowe. Sprawd\u017a zestawienie najlepsze sale konferencyjne w Mie\u015bcie Kr\u00f3l\u00f3w!","og_url":"https:\/\/www.miejscakonferencyjne.pl\/blog\/najlepsze-sale-konferencyjne-krakow\/","og_site_name":"MiejscaKonferencyjne.pl","article_published_time":"2023-09-07T10:22:54+00:00","article_modified_time":"2024-05-07T10:02:53+00:00","og_image":[{"width":2560,"height":1707,"url":"https:\/\/www.miejscakonferencyjne.pl\/blog\/wp-content\/uploads\/2023\/09\/lucas-albuquerque-i-p1zqFros8-unsplash-1-scaled.jpg","type":"image\/jpeg"}],"author":"Natalia Bielicka","twitter_card":"summary_large_image","twitter_misc":{"Napisane przez":"Natalia Bielicka","Szacowany czas czytania":"8 minut"},"schema":{"@context":"https:\/\/schema.org","@graph":[{"@type":["Article","BlogPosting"],"@id":"https:\/\/www.miejscakonferencyjne.pl\/blog\/najlepsze-sale-konferencyjne-krakow\/#article","isPartOf":{"@id":"https:\/\/www.miejscakonferencyjne.pl\/blog\/najlepsze-sale-konferencyjne-krakow\/"},"author":{"name":"Natalia Bielicka","@id":"https:\/\/www.miejscakonferencyjne.pl\/blog\/#\/schema\/person\/5d36c8d2fc115f913476eedc5840b662"},"headline":"Najlepsze sale konferencyjne Krak\u00f3w","datePublished":"2023-09-07T10:22:54+00:00","dateModified":"2024-05-07T10:02:53+00:00","mainEntityOfPage":{"@id":"https:\/\/www.miejscakonferencyjne.pl\/blog\/najlepsze-sale-konferencyjne-krakow\/"},"wordCount":1176,"publisher":{"@id":"https:\/\/www.miejscakonferencyjne.pl\/blog\/#organization"},"image":{"@id":"https:\/\/www.miejscakonferencyjne.pl\/blog\/najlepsze-sale-konferencyjne-krakow\/#primaryimage"},"thumbnailUrl":"https:\/\/www.miejscakonferencyjne.pl\/blog\/wp-content\/uploads\/2023\/09\/lucas-albuquerque-i-p1zqFros8-unsplash-1-scaled.jpg","keywords":["event","konferencja","miejsca konferencyjne","sala konferencyjna","sale konferencyjne"],"articleSection":["Miejsce na konferencj\u0119","Organizacja eventu","Organizacja konferencji"],"inLanguage":"pl-PL"},{"@type":"WebPage","@id":"https:\/\/www.miejscakonferencyjne.pl\/blog\/najlepsze-sale-konferencyjne-krakow\/","url":"https:\/\/www.miejscakonferencyjne.pl\/blog\/najlepsze-sale-konferencyjne-krakow\/","name":"Najlepsze sale konferencyjne Krak\u00f3w - MiejscaKonferencyjne.pl","isPartOf":{"@id":"https:\/\/www.miejscakonferencyjne.pl\/blog\/#website"},"primaryImageOfPage":{"@id":"https:\/\/www.miejscakonferencyjne.pl\/blog\/najlepsze-sale-konferencyjne-krakow\/#primaryimage"},"image":{"@id":"https:\/\/www.miejscakonferencyjne.pl\/blog\/najlepsze-sale-konferencyjne-krakow\/#primaryimage"},"thumbnailUrl":"https:\/\/www.miejscakonferencyjne.pl\/blog\/wp-content\/uploads\/2023\/09\/lucas-albuquerque-i-p1zqFros8-unsplash-1-scaled.jpg","datePublished":"2023-09-07T10:22:54+00:00","dateModified":"2024-05-07T10:02:53+00:00","description":"Krak\u00f3w to miasto, kt\u00f3re oferuje najnowocze\u015bniejsze przestrzenie biznesowe. Sprawd\u017a zestawienie najlepsze sale konferencyjne w Mie\u015bcie Kr\u00f3l\u00f3w!","breadcrumb":{"@id":"https:\/\/www.miejscakonferencyjne.pl\/blog\/najlepsze-sale-konferencyjne-krakow\/#breadcrumb"},"inLanguage":"pl-PL","potentialAction":[{"@type":"ReadAction","target":["https:\/\/www.miejscakonferencyjne.pl\/blog\/najlepsze-sale-konferencyjne-krakow\/"]}]},{"@type":"ImageObject","inLanguage":"pl-PL","@id":"https:\/\/www.miejscakonferencyjne.pl\/blog\/najlepsze-sale-konferencyjne-krakow\/#primaryimage","url":"https:\/\/www.miejscakonferencyjne.pl\/blog\/wp-content\/uploads\/2023\/09\/lucas-albuquerque-i-p1zqFros8-unsplash-1-scaled.jpg","contentUrl":"https:\/\/www.miejscakonferencyjne.pl\/blog\/wp-content\/uploads\/2023\/09\/lucas-albuquerque-i-p1zqFros8-unsplash-1-scaled.jpg","width":2560,"height":1707},{"@type":"BreadcrumbList","@id":"https:\/\/www.miejscakonferencyjne.pl\/blog\/najlepsze-sale-konferencyjne-krakow\/#breadcrumb","itemListElement":[{"@type":"ListItem","position":1,"name":"Strona g\u0142\u00f3wna","item":"https:\/\/www.miejscakonferencyjne.pl\/blog\/"},{"@type":"ListItem","position":2,"name":"Najlepsze sale konferencyjne Krak\u00f3w"}]},{"@type":"WebSite","@id":"https:\/\/www.miejscakonferencyjne.pl\/blog\/#website","url":"https:\/\/www.miejscakonferencyjne.pl\/blog\/","name":"MiejscaKonferencyjne.pl","description":"Dowiedz si\u0119 wszystkiego na temat organizacji konferencji, szkole\u0144 i wydarze\u0144 biznesowych. Komentuj i dziel si\u0119 opini\u0105!","publisher":{"@id":"https:\/\/www.miejscakonferencyjne.pl\/blog\/#organization"},"potentialAction":[{"@type":"SearchAction","target":{"@type":"EntryPoint","urlTemplate":"https:\/\/www.miejscakonferencyjne.pl\/blog\/?s={search_term_string}"},"query-input":{"@type":"PropertyValueSpecification","valueRequired":true,"valueName":"search_term_string"}}],"inLanguage":"pl-PL"},{"@type":"Organization","@id":"https:\/\/www.miejscakonferencyjne.pl\/blog\/#organization","name":"MiejscaKonferencyjne.pl","url":"https:\/\/www.miejscakonferencyjne.pl\/blog\/","logo":{"@type":"ImageObject","inLanguage":"pl-PL","@id":"https:\/\/www.miejscakonferencyjne.pl\/blog\/#\/schema\/logo\/image\/","url":"https:\/\/www.miejscakonferencyjne.pl\/blog\/wp-content\/uploads\/2019\/12\/logo-white.png","contentUrl":"https:\/\/www.miejscakonferencyjne.pl\/blog\/wp-content\/uploads\/2019\/12\/logo-white.png","width":400,"height":63,"caption":"MiejscaKonferencyjne.pl"},"image":{"@id":"https:\/\/www.miejscakonferencyjne.pl\/blog\/#\/schema\/logo\/image\/"}},{"@type":"Person","@id":"https:\/\/www.miejscakonferencyjne.pl\/blog\/#\/schema\/person\/5d36c8d2fc115f913476eedc5840b662","name":"Natalia Bielicka","url":"https:\/\/www.miejscakonferencyjne.pl\/blog\/author\/nbielicka\/"}]}},"_links":{"self":[{"href":"https:\/\/www.miejscakonferencyjne.pl\/blog\/wp-json\/wp\/v2\/posts\/2940","targetHints":{"allow":["GET"]}}],"collection":[{"href":"https:\/\/www.miejscakonferencyjne.pl\/blog\/wp-json\/wp\/v2\/posts"}],"about":[{"href":"https:\/\/www.miejscakonferencyjne.pl\/blog\/wp-json\/wp\/v2\/types\/post"}],"author":[{"embeddable":true,"href":"https:\/\/www.miejscakonferencyjne.pl\/blog\/wp-json\/wp\/v2\/users\/9"}],"replies":[{"embeddable":true,"href":"https:\/\/www.miejscakonferencyjne.pl\/blog\/wp-json\/wp\/v2\/comments?post=2940"}],"version-history":[{"count":5,"href":"https:\/\/www.miejscakonferencyjne.pl\/blog\/wp-json\/wp\/v2\/posts\/2940\/revisions"}],"predecessor-version":[{"id":3256,"href":"https:\/\/www.miejscakonferencyjne.pl\/blog\/wp-json\/wp\/v2\/posts\/2940\/revisions\/3256"}],"wp:featuredmedia":[{"embeddable":true,"href":"https:\/\/www.miejscakonferencyjne.pl\/blog\/wp-json\/wp\/v2\/media\/2941"}],"wp:attachment":[{"href":"https:\/\/www.miejscakonferencyjne.pl\/blog\/wp-json\/wp\/v2\/media?parent=2940"}],"wp:term":[{"taxonomy":"category","embeddable":true,"href":"https:\/\/www.miejscakonferencyjne.pl\/blog\/wp-json\/wp\/v2\/categories?post=2940"},{"taxonomy":"post_tag","embeddable":true,"href":"https:\/\/www.miejscakonferencyjne.pl\/blog\/wp-json\/wp\/v2\/tags?post=2940"}],"curies":[{"name":"wp","href":"https:\/\/api.w.org\/{rel}","templated":true}]}}