{"id":2886,"date":"2023-08-29T15:21:49","date_gmt":"2023-08-29T13:21:49","guid":{"rendered":"https:\/\/www.miejscakonferencyjne.pl\/blog\/?p=2886"},"modified":"2024-05-07T12:02:53","modified_gmt":"2024-05-07T10:02:53","slug":"biznesowa-sesja-zdjeciowa-po-co-i-jak-zorganizowac","status":"publish","type":"post","link":"https:\/\/www.miejscakonferencyjne.pl\/blog\/biznesowa-sesja-zdjeciowa-po-co-i-jak-zorganizowac\/","title":{"rendered":"Biznesowa sesja zdj\u0119ciowa &#8211; po co i jak zorganizowa\u0107?"},"content":{"rendered":"<p style=\"text-align: justify;\"><strong>Biznesowa sesja zdj\u0119ciowa? Wizerunek firmy to cz\u0119sto bagatelizowane zagadnienie, co mo\u017ce okaza\u0107 si\u0119 du\u017cym b\u0142\u0119dem. W dobie wszechobecnych i po\u017c\u0105danych opinii internetowych to jak klienci odbieraj\u0105 tw\u00f3j biznes, jest kluczowe w osi\u0105gni\u0119ciu sukcesu. Jednak budowa sp\u00f3jnego i pozytywnego wizerunku nie zawsze jest \u0142atwym zadaniem. Co sk\u0142ada si\u0119 na wizerunek firmy?\u00a0<\/strong><\/p>\n<p style=\"text-align: justify;\">To nie tylko skrupulatnie przygotowana oferta, czy przyjazne i profesjonalne podej\u015bcie do klienta. To r\u00f3wnie\u017c poprawnie dzia\u0142aj\u0105ca strona internetowa, interesuj\u0105ce kana\u0142y w mediach spo\u0142eczno\u015bciowych, a przede wszystkim sp\u00f3jna i profesjonalna identyfikacja wizualna. Pod tym poj\u0119ciem kryje si\u0119 ustalona kolorystyka, logo i symbole, ale r\u00f3wnie\u017c to jak prezentuj\u0105 si\u0119 pracownicy. W artykule skupimy si\u0119 w\u0142a\u015bnie na tym. <strong>Zwr\u00f3ci\u0142e\u015b kiedy\u015b uwag\u0119 na zdj\u0119cia os\u00f3b pracuj\u0105cych w twojej firmie, kt\u00f3re bezpo\u015brednio komunikuj\u0105 si\u0119 z klientami?<\/strong> Je\u017celi nie to, powiniene\u015b zapozna\u0107 si\u0119 z biznesowymi sesjami zdj\u0119ciowymi.<\/p>\n<p><img loading=\"lazy\" decoding=\"async\" class=\"alignnone size-medium wp-image-2888\" src=\"https:\/\/www.miejscakonferencyjne.pl\/blog\/wp-content\/uploads\/2023\/08\/karmishth-tandel-O4ddHOYIH1A-unsplash-1-1000x667.jpg\" alt=\"aparat sesja\" width=\"1000\" height=\"667\" srcset=\"https:\/\/www.miejscakonferencyjne.pl\/blog\/wp-content\/uploads\/2023\/08\/karmishth-tandel-O4ddHOYIH1A-unsplash-1-1000x667.jpg 1000w, https:\/\/www.miejscakonferencyjne.pl\/blog\/wp-content\/uploads\/2023\/08\/karmishth-tandel-O4ddHOYIH1A-unsplash-1-2000x1333.jpg 2000w, https:\/\/www.miejscakonferencyjne.pl\/blog\/wp-content\/uploads\/2023\/08\/karmishth-tandel-O4ddHOYIH1A-unsplash-1-768x512.jpg 768w, https:\/\/www.miejscakonferencyjne.pl\/blog\/wp-content\/uploads\/2023\/08\/karmishth-tandel-O4ddHOYIH1A-unsplash-1-1536x1024.jpg 1536w, https:\/\/www.miejscakonferencyjne.pl\/blog\/wp-content\/uploads\/2023\/08\/karmishth-tandel-O4ddHOYIH1A-unsplash-1-2048x1365.jpg 2048w, https:\/\/www.miejscakonferencyjne.pl\/blog\/wp-content\/uploads\/2023\/08\/karmishth-tandel-O4ddHOYIH1A-unsplash-1-706x471.jpg 706w, https:\/\/www.miejscakonferencyjne.pl\/blog\/wp-content\/uploads\/2023\/08\/karmishth-tandel-O4ddHOYIH1A-unsplash-1-1200x800.jpg 1200w\" sizes=\"auto, (max-width: 1000px) 100vw, 1000px\" \/><\/p>\n<p style=\"text-align: justify;\"><strong>Biznesowa sesja zdj\u0119ciowa<\/strong> to \u015bwietna okazja do polepszenia wizerunku firmy, pokazania sp\u00f3jno\u015bci zespo\u0142u i zintegrowania pracownik\u00f3w. Jakie dok\u0142adnie ma znaczenie w biznesie i jak j\u0105 zorganizowa\u0107? Zosta\u0144cie z nami!<\/p>\n<h2 style=\"text-align: justify;\">Dlaczego warto zorganizowa\u0107 biznesowa sesja zdj\u0119ciowa?<\/h2>\n<h3 style=\"text-align: justify;\">Kreowanie profesjonalnego wizerunku<\/h3>\n<p style=\"text-align: justify;\">Pierwsze wra\u017cenie ma ogromne znaczenie w przyci\u0105ganiu potencjalnych klient\u00f3w. Starannie zaplanowana i wykonana sesja zdj\u0119ciowa pozwala przedstawi\u0107 firm\u0119 w najlepszym \u015bwietle. Potencjalni klienci,<strong> widz\u0105c profesjonalne i przemy\u015blane zdj\u0119cia,<\/strong> zyskuj\u0105 pozytywne wra\u017cenie oraz ch\u0119\u0107 bli\u017cszego zapoznania si\u0119 z ofert\u0105 firmy.<\/p>\n<p><img loading=\"lazy\" decoding=\"async\" class=\"alignnone size-medium wp-image-2889\" src=\"https:\/\/www.miejscakonferencyjne.pl\/blog\/wp-content\/uploads\/2023\/08\/austin-distel-wD1LRb9OeEo-unsplash-1-1000x750.jpg\" alt=\"firma\n\" width=\"1000\" height=\"750\" srcset=\"https:\/\/www.miejscakonferencyjne.pl\/blog\/wp-content\/uploads\/2023\/08\/austin-distel-wD1LRb9OeEo-unsplash-1-1000x750.jpg 1000w, https:\/\/www.miejscakonferencyjne.pl\/blog\/wp-content\/uploads\/2023\/08\/austin-distel-wD1LRb9OeEo-unsplash-1-2000x1500.jpg 2000w, https:\/\/www.miejscakonferencyjne.pl\/blog\/wp-content\/uploads\/2023\/08\/austin-distel-wD1LRb9OeEo-unsplash-1-768x576.jpg 768w, https:\/\/www.miejscakonferencyjne.pl\/blog\/wp-content\/uploads\/2023\/08\/austin-distel-wD1LRb9OeEo-unsplash-1-1536x1152.jpg 1536w, https:\/\/www.miejscakonferencyjne.pl\/blog\/wp-content\/uploads\/2023\/08\/austin-distel-wD1LRb9OeEo-unsplash-1-2048x1536.jpg 2048w, https:\/\/www.miejscakonferencyjne.pl\/blog\/wp-content\/uploads\/2023\/08\/austin-distel-wD1LRb9OeEo-unsplash-1-706x529.jpg 706w, https:\/\/www.miejscakonferencyjne.pl\/blog\/wp-content\/uploads\/2023\/08\/austin-distel-wD1LRb9OeEo-unsplash-1-1200x900.jpg 1200w\" sizes=\"auto, (max-width: 1000px) 100vw, 1000px\" \/><\/p>\n<p style=\"text-align: justify;\">Wsp\u00f3\u0142czesny konsument kieruje si\u0119 nie tylko jako\u015bci\u0105 produkt\u00f3w czy us\u0142ug, ale tak\u017ce zaufaniem do marki. Biznesowa sesja zdj\u0119ciowa umo\u017cliwia pokazanie autentycznego oblicza firmy, ludzi pracuj\u0105cych w jej wn\u0119trzu oraz proces\u00f3w produkcji. To za\u015b przyczynia si\u0119 do wytworzenia<strong> wi\u0119zi emocjonalnej z klientami i budowania trwa\u0142ego zaufania.<\/strong><\/p>\n<h3 style=\"text-align: justify;\">Wspieranie strategii marketingowej<\/h3>\n<p style=\"text-align: justify;\">Zdj\u0119cia z sesji biznesowej staj\u0105 si\u0119 cennym \u017ar\u00f3d\u0142em materia\u0142\u00f3w wizualnych do wykorzystania w r\u00f3\u017cnego rodzaju materia\u0142ach promocyjnych, takich jak broszury, strona internetowa, ulotki czy katalogi. Odpowiednio dobrany materia\u0142 wizualny <strong>wzbogaca przekaz marketingowy i pozwala skutecznie komunikowa\u0107 przes\u0142anie firmy.<\/strong><\/p>\n<p><img loading=\"lazy\" decoding=\"async\" class=\"alignnone size-medium wp-image-2890\" src=\"https:\/\/www.miejscakonferencyjne.pl\/blog\/wp-content\/uploads\/2023\/08\/campaign-creators-yktK2qaiVHI-unsplash-1-1000x667.jpg\" alt=\"strategia marketingowa\n\" width=\"1000\" height=\"667\" srcset=\"https:\/\/www.miejscakonferencyjne.pl\/blog\/wp-content\/uploads\/2023\/08\/campaign-creators-yktK2qaiVHI-unsplash-1-1000x667.jpg 1000w, https:\/\/www.miejscakonferencyjne.pl\/blog\/wp-content\/uploads\/2023\/08\/campaign-creators-yktK2qaiVHI-unsplash-1-2000x1333.jpg 2000w, https:\/\/www.miejscakonferencyjne.pl\/blog\/wp-content\/uploads\/2023\/08\/campaign-creators-yktK2qaiVHI-unsplash-1-768x512.jpg 768w, https:\/\/www.miejscakonferencyjne.pl\/blog\/wp-content\/uploads\/2023\/08\/campaign-creators-yktK2qaiVHI-unsplash-1-1536x1024.jpg 1536w, https:\/\/www.miejscakonferencyjne.pl\/blog\/wp-content\/uploads\/2023\/08\/campaign-creators-yktK2qaiVHI-unsplash-1-2048x1365.jpg 2048w, https:\/\/www.miejscakonferencyjne.pl\/blog\/wp-content\/uploads\/2023\/08\/campaign-creators-yktK2qaiVHI-unsplash-1-706x471.jpg 706w, https:\/\/www.miejscakonferencyjne.pl\/blog\/wp-content\/uploads\/2023\/08\/campaign-creators-yktK2qaiVHI-unsplash-1-1200x800.jpg 1200w\" sizes=\"auto, (max-width: 1000px) 100vw, 1000px\" \/><\/p>\n<p style=\"text-align: justify;\">Media spo\u0142eczno\u015bciowe stanowi\u0105 nieodzown\u0105 cz\u0119\u015b\u0107 strategii marketingowych. Korzystanie z profesjonalnych zdj\u0119\u0107 z sesji biznesowej podnosi atrakcyjno\u015b\u0107 tre\u015bci publikowanych na platformach spo\u0142eczno\u015bciowych. To z kolei <strong>przek\u0142ada si\u0119 na wi\u0119ksze zaanga\u017cowanie u\u017cytkownik\u00f3w,<\/strong> wzrost liczby obserwuj\u0105cych oraz zwi\u0119kszenie rozpoznawalno\u015bci marki.<\/p>\n<h2 style=\"text-align: justify;\">Jak zorganizowa\u0107 biznesowa sesja zdj\u0119ciowa<\/h2>\n<h3 style=\"text-align: justify;\">Wyb\u00f3r stylu i odpowiedniego fotografa<\/h3>\n<p style=\"text-align: justify;\">Wyb\u00f3r odpowiedniego stylu oraz znalezienie w\u0142a\u015bciwego fotografa stanowi\u0105 kluczowe elementy organizacji udanej biznesowej sesji zdj\u0119ciowej. Kieruj\u0105c si\u0119 tymi krokami, mo\u017cna osi\u0105gn\u0105\u0107<strong> nie tylko estetyczne efekty wizualne, ale tak\u017ce przekaza\u0107 sp\u00f3jne i skuteczne przes\u0142anie.<\/strong><\/p>\n<p style=\"text-align: justify;\">Czy ma to by\u0107 <strong>nowoczesne minimalistyczne podej\u015bcie<\/strong>, czy mo\u017ce bardziej<strong> kreatywna i ekspresyjna forma<\/strong>? Doprecyzowanie tych aspekt\u00f3w pomo\u017ce w dalszym procesie selekcji fotografa, kt\u00f3rego portfolio b\u0119dzie nierozerwalnie zwi\u0105zane z wybranym stylem.<\/p>\n<p style=\"text-align: justify;\">To w\u0142a\u015bnie w portfolio mo\u017cna znale\u017a\u0107 reprezentatywne przyk\u0142ady dotychczasowych prac, co pozwoli oceni\u0107 umiej\u0119tno\u015bci artystyczne oraz zakres do\u015bwiadczenia. Jednak r\u00f3wnie wa\u017cne jest zwr\u00f3cenie uwagi na referencje i opinie wcze\u015bniejszych klient\u00f3w. <strong>To one dostarcz\u0105 rzetelnego spojrzenia na profesjonalizm, wsp\u00f3\u0142prac\u0119 i elastyczno\u015b\u0107 fotografa w trakcie pracy nad projektem.<\/strong> Wsp\u00f3lna wizja i zrozumienie cel\u00f3w projektu to klucz do osi\u0105gni\u0119cia sp\u00f3jnych i skutecznych rezultat\u00f3w. Fotograf powinien by\u0107 w stanie wczu\u0107 si\u0119 w ducha firmy oraz zrozumie\u0107, jakie przes\u0142anie ma by\u0107 przekazane poprzez fotografie.<\/p>\n<h3 style=\"text-align: justify;\">Planowanie logistyczne<\/h3>\n<p style=\"text-align: justify;\">Przygotowanie udanej sesji wymaga starannego przemy\u015blenia ka\u017cdego kroku, a szczeg\u00f3lnie dw\u00f3ch istotnych aspekt\u00f3w: <a href=\"https:\/\/www.miejscakonferencyjne.pl\/blog\/aranzacja-sali-konferencyjnej-o-czym-pamietac\/\">wyboru lokalizacji i dekoracji<\/a> oraz organizacji harmonogramu i rezerwacji terminu. Pierwszym krokiem jest dob\u00f3r <a href=\"https:\/\/www.miejscakonferencyjne.pl\/szukaj?name=studio&amp;participants=&amp;beds=\">odpowiedniej lokalizacji,<\/a> kt\u00f3ra odzwierciedli charakter firmy oraz cel sesji. Lokalizacja powinna by\u0107 sp\u00f3jna z przekazem wizualnym marki, co umocni jej wizerunek w oczach klient\u00f3w.<strong> Dobrze dobrane dekoracje dodaj\u0105 sesji profesjonalizmu i estetyki,<\/strong> dlatego istotne jest, aby wybra\u0107 elementy harmonizuj\u0105ce z identyfikacj\u0105 wizualn\u0105 firmy.<\/p>\n<p><img loading=\"lazy\" decoding=\"async\" class=\"alignnone size-medium wp-image-2891\" src=\"https:\/\/www.miejscakonferencyjne.pl\/blog\/wp-content\/uploads\/2023\/08\/jessica-lewis-fJXv46LT7Xk-unsplash-1000x667.jpg\" alt=\"harmonogram\" width=\"1000\" height=\"667\" srcset=\"https:\/\/www.miejscakonferencyjne.pl\/blog\/wp-content\/uploads\/2023\/08\/jessica-lewis-fJXv46LT7Xk-unsplash-1000x667.jpg 1000w, https:\/\/www.miejscakonferencyjne.pl\/blog\/wp-content\/uploads\/2023\/08\/jessica-lewis-fJXv46LT7Xk-unsplash-2000x1333.jpg 2000w, https:\/\/www.miejscakonferencyjne.pl\/blog\/wp-content\/uploads\/2023\/08\/jessica-lewis-fJXv46LT7Xk-unsplash-768x512.jpg 768w, https:\/\/www.miejscakonferencyjne.pl\/blog\/wp-content\/uploads\/2023\/08\/jessica-lewis-fJXv46LT7Xk-unsplash-1536x1024.jpg 1536w, https:\/\/www.miejscakonferencyjne.pl\/blog\/wp-content\/uploads\/2023\/08\/jessica-lewis-fJXv46LT7Xk-unsplash-2048x1365.jpg 2048w, https:\/\/www.miejscakonferencyjne.pl\/blog\/wp-content\/uploads\/2023\/08\/jessica-lewis-fJXv46LT7Xk-unsplash-706x471.jpg 706w, https:\/\/www.miejscakonferencyjne.pl\/blog\/wp-content\/uploads\/2023\/08\/jessica-lewis-fJXv46LT7Xk-unsplash-1200x800.jpg 1200w\" sizes=\"auto, (max-width: 1000px) 100vw, 1000px\" \/><\/p>\n<p style=\"text-align: justify;\">Wa\u017cnym aspektem jest te\u017c staranne zaplanowanie harmonogramu oraz dok\u0142adna rezerwacja terminu. Dba\u0142o\u015b\u0107 o termin jest niezwykle istotna, poniewa\u017c zapewnia to, \u017ce wszyscy niezb\u0119dni uczestnicy sesji b\u0119d\u0105 dost\u0119pni w ustalonym czasie. <strong>Harmonogram powinien uwzgl\u0119dnia\u0107 ka\u017cdy etap sesji<\/strong> \u2013 przygotowania, sam\u0105 sesj\u0119 oraz ewentualne przerwy czy zmiany ustawie\u0144.<\/p>\n<h3 style=\"text-align: justify;\">Przygotowanie wizualne &#8211; sesja zdj\u0119ciowa<\/h3>\n<p style=\"text-align: justify;\">Przy organizacji biznesowej sesji zdj\u0119ciowej nie mo\u017cna zapomnie\u0107 o detalach takich jak <strong>makija\u017c, fryzury i <a href=\"https:\/\/www.miejscakonferencyjne.pl\/blog\/jak-ubrac-sie-na-konferencje-praktyczne-porady\/\">stylizacja ubra\u0144.<\/a><\/strong><\/p>\n<p style=\"text-align: justify;\">Odpowiednio dobrane kolory i techniki makija\u017cu mog\u0105 wzmocni\u0107 przekaz wizualny, nadaj\u0105c zdj\u0119ciom specyficzny nastr\u00f3j. R\u00f3wnie istotne jest dobranie stylizacji ubra\u0144, kt\u00f3re nie tylko odzwierciedlaj\u0105 profesjonalizm i indywidualno\u015b\u0107 uczestnik\u00f3w, ale tak\u017ce harmonizuj\u0105 z koncepcj\u0105 sesji i dobrze wygl\u0105daj\u0105 w soczewce aparatu.<\/p>\n<p><img loading=\"lazy\" decoding=\"async\" class=\"alignnone size-medium wp-image-2892\" src=\"https:\/\/www.miejscakonferencyjne.pl\/blog\/wp-content\/uploads\/2023\/08\/adam-winger-WXmHwPcFamo-unsplash-1-1000x668.jpg\" alt=\"fryzjer\" width=\"1000\" height=\"668\" srcset=\"https:\/\/www.miejscakonferencyjne.pl\/blog\/wp-content\/uploads\/2023\/08\/adam-winger-WXmHwPcFamo-unsplash-1-1000x668.jpg 1000w, https:\/\/www.miejscakonferencyjne.pl\/blog\/wp-content\/uploads\/2023\/08\/adam-winger-WXmHwPcFamo-unsplash-1-2000x1335.jpg 2000w, https:\/\/www.miejscakonferencyjne.pl\/blog\/wp-content\/uploads\/2023\/08\/adam-winger-WXmHwPcFamo-unsplash-1-768x513.jpg 768w, https:\/\/www.miejscakonferencyjne.pl\/blog\/wp-content\/uploads\/2023\/08\/adam-winger-WXmHwPcFamo-unsplash-1-1536x1025.jpg 1536w, https:\/\/www.miejscakonferencyjne.pl\/blog\/wp-content\/uploads\/2023\/08\/adam-winger-WXmHwPcFamo-unsplash-1-2048x1367.jpg 2048w, https:\/\/www.miejscakonferencyjne.pl\/blog\/wp-content\/uploads\/2023\/08\/adam-winger-WXmHwPcFamo-unsplash-1-706x471.jpg 706w, https:\/\/www.miejscakonferencyjne.pl\/blog\/wp-content\/uploads\/2023\/08\/adam-winger-WXmHwPcFamo-unsplash-1-1200x801.jpg 1200w\" sizes=\"auto, (max-width: 1000px) 100vw, 1000px\" \/><\/p>\n<p style=\"text-align: justify;\"><strong>Warto postawi\u0107 na wyraziste kolory, kt\u00f3re podkre\u015bl\u0105 urod\u0119. Bordo, kobalt, a mo\u017ce butelkowa ziele\u0144?<\/strong> Dopasowanie stroj\u00f3w do planowanej narracji fotograficznej sprawia, \u017ce zdj\u0119cia nabieraj\u0105 g\u0142\u0119bszego sensu i przekazu, tworz\u0105c sp\u00f3jn\u0105 opowie\u015b\u0107 wizualn\u0105.<\/p>\n<p style=\"text-align: justify;\">Biznesowa sesja zdj\u0119ciowa to same zalety, nie czekaj!<\/p>\n","protected":false},"excerpt":{"rendered":"<p>Sp\u00f3jna identyfikacja wizualna firmy to podstawa poprawnej komunikacji z klientami. Jednym z kluczowych aspekt\u00f3w tego zagadnienia jest spos\u00f3b prezentacji pracownik\u00f3w. Jak go ulepszy\u0107? Sprawd\u017a jak zorganizowa\u0107 biznesow\u0105 sesj\u0119 zdj\u0119ciow\u0105! <\/p>\n","protected":false},"author":9,"featured_media":2887,"comment_status":"closed","ping_status":"closed","sticky":false,"template":"","format":"standard","meta":{"_acf_changed":false,"footnotes":""},"categories":[237],"tags":[232,220,190,231],"class_list":["post-2886","post","type-post","status-publish","format-standard","has-post-thumbnail","hentry","category-szkolenia-i-wydarzenia-biznesowe-porady","tag-atrakcje","tag-biznes","tag-event","tag-firmy","bwp-masonry-item","bwp-blog-col-3"],"acf":[],"yoast_head":"<!-- This site is optimized with the Yoast SEO plugin v26.8 - https:\/\/yoast.com\/product\/yoast-seo-wordpress\/ -->\n<title>Biznesowa sesja - jak zorganizowa\u0107? MiejscaKonferencyjne.pl<\/title>\n<meta name=\"description\" content=\"Biznesowa sesja zdj\u0119ciowa - po co i jak zorganizowa\u0107? Sprawd\u017a jak poprawi\u0107 identyfikacj\u0119 wizualn\u0105 firmy - biznesowa sesja zdj\u0119ciowa!\" \/>\n<meta name=\"robots\" content=\"index, follow, max-snippet:-1, max-image-preview:large, max-video-preview:-1\" \/>\n<link rel=\"canonical\" href=\"https:\/\/www.miejscakonferencyjne.pl\/blog\/biznesowa-sesja-zdjeciowa-po-co-i-jak-zorganizowac\/\" \/>\n<meta property=\"og:locale\" content=\"pl_PL\" \/>\n<meta property=\"og:type\" content=\"article\" \/>\n<meta property=\"og:title\" content=\"Biznesowa sesja - jak zorganizowa\u0107? MiejscaKonferencyjne.pl\" \/>\n<meta property=\"og:description\" content=\"Biznesowa sesja zdj\u0119ciowa - po co i jak zorganizowa\u0107? Sprawd\u017a jak poprawi\u0107 identyfikacj\u0119 wizualn\u0105 firmy - biznesowa sesja zdj\u0119ciowa!\" \/>\n<meta property=\"og:url\" content=\"https:\/\/www.miejscakonferencyjne.pl\/blog\/biznesowa-sesja-zdjeciowa-po-co-i-jak-zorganizowac\/\" \/>\n<meta property=\"og:site_name\" content=\"MiejscaKonferencyjne.pl\" \/>\n<meta property=\"article:published_time\" content=\"2023-08-29T13:21:49+00:00\" \/>\n<meta property=\"article:modified_time\" content=\"2024-05-07T10:02:53+00:00\" \/>\n<meta property=\"og:image\" content=\"https:\/\/www.miejscakonferencyjne.pl\/blog\/wp-content\/uploads\/2023\/08\/matthias-blonski-EAYkeJ0zc4w-unsplash-scaled.jpg\" \/>\n\t<meta property=\"og:image:width\" content=\"2560\" \/>\n\t<meta property=\"og:image:height\" content=\"1707\" \/>\n\t<meta property=\"og:image:type\" content=\"image\/jpeg\" \/>\n<meta name=\"author\" content=\"Natalia Bielicka\" \/>\n<meta name=\"twitter:card\" content=\"summary_large_image\" \/>\n<meta name=\"twitter:label1\" content=\"Napisane przez\" \/>\n\t<meta name=\"twitter:data1\" content=\"Natalia Bielicka\" \/>\n\t<meta name=\"twitter:label2\" content=\"Szacowany czas czytania\" \/>\n\t<meta name=\"twitter:data2\" content=\"6 minut\" \/>\n<!-- \/ Yoast SEO plugin. -->","yoast_head_json":{"title":"Biznesowa sesja - jak zorganizowa\u0107? MiejscaKonferencyjne.pl","description":"Biznesowa sesja zdj\u0119ciowa - po co i jak zorganizowa\u0107? Sprawd\u017a jak poprawi\u0107 identyfikacj\u0119 wizualn\u0105 firmy - biznesowa sesja zdj\u0119ciowa!","robots":{"index":"index","follow":"follow","max-snippet":"max-snippet:-1","max-image-preview":"max-image-preview:large","max-video-preview":"max-video-preview:-1"},"canonical":"https:\/\/www.miejscakonferencyjne.pl\/blog\/biznesowa-sesja-zdjeciowa-po-co-i-jak-zorganizowac\/","og_locale":"pl_PL","og_type":"article","og_title":"Biznesowa sesja - jak zorganizowa\u0107? MiejscaKonferencyjne.pl","og_description":"Biznesowa sesja zdj\u0119ciowa - po co i jak zorganizowa\u0107? Sprawd\u017a jak poprawi\u0107 identyfikacj\u0119 wizualn\u0105 firmy - biznesowa sesja zdj\u0119ciowa!","og_url":"https:\/\/www.miejscakonferencyjne.pl\/blog\/biznesowa-sesja-zdjeciowa-po-co-i-jak-zorganizowac\/","og_site_name":"MiejscaKonferencyjne.pl","article_published_time":"2023-08-29T13:21:49+00:00","article_modified_time":"2024-05-07T10:02:53+00:00","og_image":[{"width":2560,"height":1707,"url":"https:\/\/www.miejscakonferencyjne.pl\/blog\/wp-content\/uploads\/2023\/08\/matthias-blonski-EAYkeJ0zc4w-unsplash-scaled.jpg","type":"image\/jpeg"}],"author":"Natalia Bielicka","twitter_card":"summary_large_image","twitter_misc":{"Napisane przez":"Natalia Bielicka","Szacowany czas czytania":"6 minut"},"schema":{"@context":"https:\/\/schema.org","@graph":[{"@type":["Article","BlogPosting"],"@id":"https:\/\/www.miejscakonferencyjne.pl\/blog\/biznesowa-sesja-zdjeciowa-po-co-i-jak-zorganizowac\/#article","isPartOf":{"@id":"https:\/\/www.miejscakonferencyjne.pl\/blog\/biznesowa-sesja-zdjeciowa-po-co-i-jak-zorganizowac\/"},"author":{"name":"Natalia Bielicka","@id":"https:\/\/www.miejscakonferencyjne.pl\/blog\/#\/schema\/person\/5d36c8d2fc115f913476eedc5840b662"},"headline":"Biznesowa sesja zdj\u0119ciowa &#8211; po co i jak zorganizowa\u0107?","datePublished":"2023-08-29T13:21:49+00:00","dateModified":"2024-05-07T10:02:53+00:00","mainEntityOfPage":{"@id":"https:\/\/www.miejscakonferencyjne.pl\/blog\/biznesowa-sesja-zdjeciowa-po-co-i-jak-zorganizowac\/"},"wordCount":874,"publisher":{"@id":"https:\/\/www.miejscakonferencyjne.pl\/blog\/#organization"},"image":{"@id":"https:\/\/www.miejscakonferencyjne.pl\/blog\/biznesowa-sesja-zdjeciowa-po-co-i-jak-zorganizowac\/#primaryimage"},"thumbnailUrl":"https:\/\/www.miejscakonferencyjne.pl\/blog\/wp-content\/uploads\/2023\/08\/matthias-blonski-EAYkeJ0zc4w-unsplash-scaled.jpg","keywords":["atrakcje","biznes","event","firmy"],"articleSection":["Szkolenia i wydarzenia biznesowe - porady"],"inLanguage":"pl-PL"},{"@type":"WebPage","@id":"https:\/\/www.miejscakonferencyjne.pl\/blog\/biznesowa-sesja-zdjeciowa-po-co-i-jak-zorganizowac\/","url":"https:\/\/www.miejscakonferencyjne.pl\/blog\/biznesowa-sesja-zdjeciowa-po-co-i-jak-zorganizowac\/","name":"Biznesowa sesja - jak zorganizowa\u0107? MiejscaKonferencyjne.pl","isPartOf":{"@id":"https:\/\/www.miejscakonferencyjne.pl\/blog\/#website"},"primaryImageOfPage":{"@id":"https:\/\/www.miejscakonferencyjne.pl\/blog\/biznesowa-sesja-zdjeciowa-po-co-i-jak-zorganizowac\/#primaryimage"},"image":{"@id":"https:\/\/www.miejscakonferencyjne.pl\/blog\/biznesowa-sesja-zdjeciowa-po-co-i-jak-zorganizowac\/#primaryimage"},"thumbnailUrl":"https:\/\/www.miejscakonferencyjne.pl\/blog\/wp-content\/uploads\/2023\/08\/matthias-blonski-EAYkeJ0zc4w-unsplash-scaled.jpg","datePublished":"2023-08-29T13:21:49+00:00","dateModified":"2024-05-07T10:02:53+00:00","description":"Biznesowa sesja zdj\u0119ciowa - po co i jak zorganizowa\u0107? Sprawd\u017a jak poprawi\u0107 identyfikacj\u0119 wizualn\u0105 firmy - biznesowa sesja zdj\u0119ciowa!","breadcrumb":{"@id":"https:\/\/www.miejscakonferencyjne.pl\/blog\/biznesowa-sesja-zdjeciowa-po-co-i-jak-zorganizowac\/#breadcrumb"},"inLanguage":"pl-PL","potentialAction":[{"@type":"ReadAction","target":["https:\/\/www.miejscakonferencyjne.pl\/blog\/biznesowa-sesja-zdjeciowa-po-co-i-jak-zorganizowac\/"]}]},{"@type":"ImageObject","inLanguage":"pl-PL","@id":"https:\/\/www.miejscakonferencyjne.pl\/blog\/biznesowa-sesja-zdjeciowa-po-co-i-jak-zorganizowac\/#primaryimage","url":"https:\/\/www.miejscakonferencyjne.pl\/blog\/wp-content\/uploads\/2023\/08\/matthias-blonski-EAYkeJ0zc4w-unsplash-scaled.jpg","contentUrl":"https:\/\/www.miejscakonferencyjne.pl\/blog\/wp-content\/uploads\/2023\/08\/matthias-blonski-EAYkeJ0zc4w-unsplash-scaled.jpg","width":2560,"height":1707,"caption":"sesja zdj\u0119ciowa"},{"@type":"BreadcrumbList","@id":"https:\/\/www.miejscakonferencyjne.pl\/blog\/biznesowa-sesja-zdjeciowa-po-co-i-jak-zorganizowac\/#breadcrumb","itemListElement":[{"@type":"ListItem","position":1,"name":"Strona g\u0142\u00f3wna","item":"https:\/\/www.miejscakonferencyjne.pl\/blog\/"},{"@type":"ListItem","position":2,"name":"Biznesowa sesja zdj\u0119ciowa &#8211; po co i jak zorganizowa\u0107?"}]},{"@type":"WebSite","@id":"https:\/\/www.miejscakonferencyjne.pl\/blog\/#website","url":"https:\/\/www.miejscakonferencyjne.pl\/blog\/","name":"MiejscaKonferencyjne.pl","description":"Dowiedz si\u0119 wszystkiego na temat organizacji konferencji, szkole\u0144 i wydarze\u0144 biznesowych. Komentuj i dziel si\u0119 opini\u0105!","publisher":{"@id":"https:\/\/www.miejscakonferencyjne.pl\/blog\/#organization"},"potentialAction":[{"@type":"SearchAction","target":{"@type":"EntryPoint","urlTemplate":"https:\/\/www.miejscakonferencyjne.pl\/blog\/?s={search_term_string}"},"query-input":{"@type":"PropertyValueSpecification","valueRequired":true,"valueName":"search_term_string"}}],"inLanguage":"pl-PL"},{"@type":"Organization","@id":"https:\/\/www.miejscakonferencyjne.pl\/blog\/#organization","name":"MiejscaKonferencyjne.pl","url":"https:\/\/www.miejscakonferencyjne.pl\/blog\/","logo":{"@type":"ImageObject","inLanguage":"pl-PL","@id":"https:\/\/www.miejscakonferencyjne.pl\/blog\/#\/schema\/logo\/image\/","url":"https:\/\/www.miejscakonferencyjne.pl\/blog\/wp-content\/uploads\/2019\/12\/logo-white.png","contentUrl":"https:\/\/www.miejscakonferencyjne.pl\/blog\/wp-content\/uploads\/2019\/12\/logo-white.png","width":400,"height":63,"caption":"MiejscaKonferencyjne.pl"},"image":{"@id":"https:\/\/www.miejscakonferencyjne.pl\/blog\/#\/schema\/logo\/image\/"}},{"@type":"Person","@id":"https:\/\/www.miejscakonferencyjne.pl\/blog\/#\/schema\/person\/5d36c8d2fc115f913476eedc5840b662","name":"Natalia Bielicka","url":"https:\/\/www.miejscakonferencyjne.pl\/blog\/author\/nbielicka\/"}]}},"_links":{"self":[{"href":"https:\/\/www.miejscakonferencyjne.pl\/blog\/wp-json\/wp\/v2\/posts\/2886","targetHints":{"allow":["GET"]}}],"collection":[{"href":"https:\/\/www.miejscakonferencyjne.pl\/blog\/wp-json\/wp\/v2\/posts"}],"about":[{"href":"https:\/\/www.miejscakonferencyjne.pl\/blog\/wp-json\/wp\/v2\/types\/post"}],"author":[{"embeddable":true,"href":"https:\/\/www.miejscakonferencyjne.pl\/blog\/wp-json\/wp\/v2\/users\/9"}],"replies":[{"embeddable":true,"href":"https:\/\/www.miejscakonferencyjne.pl\/blog\/wp-json\/wp\/v2\/comments?post=2886"}],"version-history":[{"count":1,"href":"https:\/\/www.miejscakonferencyjne.pl\/blog\/wp-json\/wp\/v2\/posts\/2886\/revisions"}],"predecessor-version":[{"id":2893,"href":"https:\/\/www.miejscakonferencyjne.pl\/blog\/wp-json\/wp\/v2\/posts\/2886\/revisions\/2893"}],"wp:featuredmedia":[{"embeddable":true,"href":"https:\/\/www.miejscakonferencyjne.pl\/blog\/wp-json\/wp\/v2\/media\/2887"}],"wp:attachment":[{"href":"https:\/\/www.miejscakonferencyjne.pl\/blog\/wp-json\/wp\/v2\/media?parent=2886"}],"wp:term":[{"taxonomy":"category","embeddable":true,"href":"https:\/\/www.miejscakonferencyjne.pl\/blog\/wp-json\/wp\/v2\/categories?post=2886"},{"taxonomy":"post_tag","embeddable":true,"href":"https:\/\/www.miejscakonferencyjne.pl\/blog\/wp-json\/wp\/v2\/tags?post=2886"}],"curies":[{"name":"wp","href":"https:\/\/api.w.org\/{rel}","templated":true}]}}