{"id":2727,"date":"2023-06-12T23:07:56","date_gmt":"2023-06-12T21:07:56","guid":{"rendered":"https:\/\/www.miejscakonferencyjne.pl\/blog\/?p=2727"},"modified":"2024-05-07T12:03:08","modified_gmt":"2024-05-07T10:03:08","slug":"zaproszenie-na-konferencje-jak-powinno-wygladac","status":"publish","type":"post","link":"https:\/\/www.miejscakonferencyjne.pl\/blog\/zaproszenie-na-konferencje-jak-powinno-wygladac\/","title":{"rendered":"Zaproszenie na konferencj\u0119 &#8211; jak powinno wygl\u0105da\u0107?"},"content":{"rendered":"<p style=\"text-align: justify;\"><strong>Organizowanie konferencji to z\u0142o\u017cone zadanie, kt\u00f3re wymaga dog\u0142\u0119bnej staranno\u015bci i wyj\u0105tkowego profesjonalizmu na ka\u017cdym etapie. Nawet najmniejszy detal ma ogromne znaczenie, a kluczowym aspektem determinuj\u0105cym sukces takiego wydarzenia jest zaproszenie do udzia\u0142u w konferencji.<\/strong><\/p>\n<p style=\"text-align: justify;\">Przygotowanie odpowiedniego zaproszenia na konferencj\u0119 jest wa\u017cne z wielu powod\u00f3w. Przede wszystkim zaproszenie tworzy<strong> pierwsze wra\u017cenie na potencjalnych uczestnikach.<\/strong> Staranne zaprojektowanie i sformu\u0142owanie zaproszenia mo\u017ce zrobi\u0107 dobre wra\u017cenie i zainteresowa\u0107 odbiorc\u0119, sk\u0142aniaj\u0105c go do zapoznania si\u0119 z informacjami dotycz\u0105cymi wydarzenia. W jaki spos\u00f3b jednak stworzy\u0107 zaproszenie, kt\u00f3re nie tylko zachwyci potencjalnych uczestnik\u00f3w, ale tak\u017ce wzbudzi w nich nami\u0119tne zainteresowanie?<\/p>\n<h2 style=\"text-align: justify;\">Kompaktowe i klarowne informacje<\/h2>\n<p style=\"text-align: justify;\">Zaproszenie powinno by\u0107 czytelne, zwi\u0119z\u0142e i przyci\u0105gaj\u0105ce uwag\u0119. Na pierwszej stronie umie\u015b\u0107 logo organizatora wraz z pe\u0142nymi informacjami o wydarzeniu, takimi jak <strong>tytu\u0142 konferencji, daty oraz miejsce jej odbywania.<\/strong> Nast\u0119pnie, skupiaj\u0105c si\u0119 na przejrzystej strukturze, zawrzyj istotne informacje dotycz\u0105ce tematyki konferencji, prelegent\u00f3w i planowanego harmonogramu.<\/p>\n<p><img loading=\"lazy\" decoding=\"async\" class=\"aligncenter size-full wp-image-2731\" src=\"https:\/\/www.miejscakonferencyjne.pl\/blog\/wp-content\/uploads\/2023\/06\/andrew-dunstan-qdUDnCjo7e0-unsplash-scaled.jpg\" alt=\"\" width=\"2560\" height=\"1707\" srcset=\"https:\/\/www.miejscakonferencyjne.pl\/blog\/wp-content\/uploads\/2023\/06\/andrew-dunstan-qdUDnCjo7e0-unsplash-scaled.jpg 2560w, https:\/\/www.miejscakonferencyjne.pl\/blog\/wp-content\/uploads\/2023\/06\/andrew-dunstan-qdUDnCjo7e0-unsplash-1000x667.jpg 1000w, https:\/\/www.miejscakonferencyjne.pl\/blog\/wp-content\/uploads\/2023\/06\/andrew-dunstan-qdUDnCjo7e0-unsplash-2000x1333.jpg 2000w, https:\/\/www.miejscakonferencyjne.pl\/blog\/wp-content\/uploads\/2023\/06\/andrew-dunstan-qdUDnCjo7e0-unsplash-768x512.jpg 768w, https:\/\/www.miejscakonferencyjne.pl\/blog\/wp-content\/uploads\/2023\/06\/andrew-dunstan-qdUDnCjo7e0-unsplash-1536x1024.jpg 1536w, https:\/\/www.miejscakonferencyjne.pl\/blog\/wp-content\/uploads\/2023\/06\/andrew-dunstan-qdUDnCjo7e0-unsplash-2048x1365.jpg 2048w, https:\/\/www.miejscakonferencyjne.pl\/blog\/wp-content\/uploads\/2023\/06\/andrew-dunstan-qdUDnCjo7e0-unsplash-706x471.jpg 706w, https:\/\/www.miejscakonferencyjne.pl\/blog\/wp-content\/uploads\/2023\/06\/andrew-dunstan-qdUDnCjo7e0-unsplash-1200x800.jpg 1200w\" sizes=\"auto, (max-width: 2560px) 100vw, 2560px\" \/><\/p>\n<p style=\"text-align: justify;\">Opisz dok\u0142adnie tematyk\u0119 konferencji, podaj\u0105c najwa\u017cniejsze zagadnienia, kt\u00f3re zostan\u0105 om\u00f3wione. <strong>Przedstaw r\u00f3wnie\u017c kr\u00f3tki opis ka\u017cdego prelegenta, uwzgl\u0119dniaj\u0105c ich do\u015bwiadczenie i osi\u0105gni\u0119cia.<\/strong> Na koniec, nie zapomnij o planowanym harmonogramie, wskazuj\u0105c godziny rozpocz\u0119cia i zako\u0144czenia poszczeg\u00f3lnych sesji, przerw i wydarze\u0144 specjalnych. Dbaj\u0105c o klarowno\u015b\u0107 i sp\u00f3jno\u015b\u0107 tekstu, zaproszenie b\u0119dzie jeszcze bardziej atrakcyjne i przekonuj\u0105ce dla potencjalnych uczestnik\u00f3w.<\/p>\n<h2 style=\"text-align: justify;\">Osad\u017a konkretne korzy\u015bci<\/h2>\n<p style=\"text-align: justify;\">Podkre\u015bl, jakie korzy\u015bci mog\u0105 wynikn\u0105\u0107 z udzia\u0142u w konferencji. <strong>Wymie\u0144 wybitnych prelegent\u00f3w, kt\u00f3rzy podziel\u0105 si\u0119 swoj\u0105 wiedz\u0105 i do\u015bwiadczeniem.<\/strong> Wskazuj na unikalne mo\u017cliwo\u015bci networkingowe, warsztaty czy panele dyskusyjne, kt\u00f3re b\u0119d\u0105 mia\u0142y miejsce w trakcie wydarzenia. Wyra\u017anie przedstaw, jakie umiej\u0119tno\u015bci czy wiedz\u0119 uczestnicy b\u0119d\u0105 mogli zdoby\u0107 i jak to wp\u0142ynie na ich rozw\u00f3j zawodowy.<\/p>\n<h2 style=\"text-align: justify;\">Zaproszenie personalizowane<\/h2>\n<p style=\"text-align: justify;\">Organizuj\u0105c konferencj\u0119, jednym z kluczowych czynnik\u00f3w sukcesu jest zadbanie o to, aby osoby otrzymuj\u0105ce zaproszenia czu\u0142y si\u0119 wyj\u0105tkowo i docenione. <strong>Wprowadzaj\u0105c elementy personalizacji, takie jak imi\u0119 i nazwisko odbiorcy, mo\u017cemy podkre\u015bli\u0107, \u017ce zaproszenie zosta\u0142o przygotowane z my\u015bl\u0105 o danej osobie, co z pewno\u015bci\u0105 zwi\u0119kszy jej zainteresowanie uczestnictwem w konferencji.<\/strong><\/p>\n<p><img loading=\"lazy\" decoding=\"async\" class=\"aligncenter size-full wp-image-2729\" src=\"https:\/\/www.miejscakonferencyjne.pl\/blog\/wp-content\/uploads\/2023\/06\/diana-polekhina-6Fdp4oDm00E-unsplash-scaled.jpg\" alt=\"\" width=\"2560\" height=\"1707\" srcset=\"https:\/\/www.miejscakonferencyjne.pl\/blog\/wp-content\/uploads\/2023\/06\/diana-polekhina-6Fdp4oDm00E-unsplash-scaled.jpg 2560w, https:\/\/www.miejscakonferencyjne.pl\/blog\/wp-content\/uploads\/2023\/06\/diana-polekhina-6Fdp4oDm00E-unsplash-1000x667.jpg 1000w, https:\/\/www.miejscakonferencyjne.pl\/blog\/wp-content\/uploads\/2023\/06\/diana-polekhina-6Fdp4oDm00E-unsplash-2000x1333.jpg 2000w, https:\/\/www.miejscakonferencyjne.pl\/blog\/wp-content\/uploads\/2023\/06\/diana-polekhina-6Fdp4oDm00E-unsplash-768x512.jpg 768w, https:\/\/www.miejscakonferencyjne.pl\/blog\/wp-content\/uploads\/2023\/06\/diana-polekhina-6Fdp4oDm00E-unsplash-1536x1024.jpg 1536w\" sizes=\"auto, (max-width: 2560px) 100vw, 2560px\" \/><\/p>\n<p style=\"text-align: justify;\">Ale personalizacja nie musi ogranicza\u0107 si\u0119 jedynie do imienia i nazwiska. Je\u015bli wiemy, \u017ce dana osoba posiada specjalno\u015b\u0107 lub zajmuje konkretne stanowisko, mo\u017cemy uwzgl\u0119dni\u0107 te informacje w zaproszeniu. <strong>Na przyk\u0142ad, zamiast og\u00f3lnego &#8220;Zapraszamy na nasz\u0105 konferencj\u0119&#8221; mo\u017cemy napisa\u0107 &#8220;Szanowny Panie Doktorze Nowak, serdecznie zapraszamy Pana, jako cenionego eksperta w dziedzinie medycyny, na nasz\u0105 presti\u017cow\u0105 konferencj\u0119 medyczn\u0105&#8221;.<\/strong> Taki spersonalizowany przekaz wzbudza\u00a0 wi\u0119ksze zainteresowanie i zrozumienie, \u017ce to wydarzenie jest dedykowane specjalistom w danej dziedzinie.<\/p>\n<p style=\"text-align: justify;\">Dodatkowo, mo\u017cemy r\u00f3wnie\u017c doda\u0107, \u017ce w trakcie konferencji b\u0119dzie mo\u017cliwo\u015b\u0107 spotkania i wymiany do\u015bwiadcze\u0144 z innymi specjalistami z tej samej bran\u017cy. <strong>W\u0142a\u015bnie ta informacja, po\u0142\u0105czona z personalizowanym zaproszeniem, zwi\u0119kszy szanse na uczestnictwo,<\/strong> poniewa\u017c osoba otrzymuj\u0105ca zaproszenie poczuje si\u0119 cz\u0119\u015bci\u0105 wyj\u0105tkowego grona ekspert\u00f3w.<\/p>\n<h2 style=\"text-align: justify;\">Estetyczne i profesjonalne wykonanie<\/h2>\n<p style=\"text-align: justify;\">Dba\u0142o\u015b\u0107 o wysok\u0105 jako\u015b\u0107 wykonania i estetyk\u0119 jest kluczowa, poniewa\u017c zaproszenie odzwierciedla profesjonalizm i warto\u015b\u0107 samej konferencji.<\/p>\n<p style=\"text-align: justify;\">Przy projektowaniu zaproszenia nale\u017cy zwr\u00f3ci\u0107 uwag\u0119 na odpowiedni wyb\u00f3r kolor\u00f3w, czcionek i grafik, kt\u00f3re b\u0119d\u0105 tworzy\u0107 sp\u00f3jn\u0105 kompozycj\u0119. Dobieraj\u0105c kolory trzeba by\u0107 \u015bwiadomym tematyki konferencji. Na przyk\u0142ad, <strong>je\u015bli konferencja dotyczy innowacji technologicznych, mo\u017cna zastosowa\u0107 nowoczesne odcienie niebieskiego i szaro\u015bci, kt\u00f3re b\u0119d\u0105 kojarzy\u0107 si\u0119 z post\u0119pem i nowymi technologiami.<\/strong> Natomiast w przypadku konferencji o zr\u00f3wnowa\u017conym rozwoju, zielenie i ziemi\u015bci odcienie mog\u0105 by\u0107 odpowiednie, nawi\u0105zuj\u0105c do natury i ekologii.<\/p>\n<p><img loading=\"lazy\" decoding=\"async\" class=\"aligncenter size-full wp-image-2728\" src=\"https:\/\/www.miejscakonferencyjne.pl\/blog\/wp-content\/uploads\/2023\/06\/mediamodifier-iplB565iJvE-unsplash-scaled.jpg\" alt=\"\" width=\"2560\" height=\"1707\" srcset=\"https:\/\/www.miejscakonferencyjne.pl\/blog\/wp-content\/uploads\/2023\/06\/mediamodifier-iplB565iJvE-unsplash-scaled.jpg 2560w, https:\/\/www.miejscakonferencyjne.pl\/blog\/wp-content\/uploads\/2023\/06\/mediamodifier-iplB565iJvE-unsplash-1000x667.jpg 1000w\" sizes=\"auto, (max-width: 2560px) 100vw, 2560px\" \/><\/p>\n<p style=\"text-align: justify;\">Wyb\u00f3r czcionek jest r\u00f3wnie istotny. Dobrze dobrana typografia mo\u017ce wzmocni\u0107 przekaz zaproszenia i nada\u0107 mu odpowiedniego tonu. W zale\u017cno\u015bci od tematyki konferencji, mo\u017cna wybra\u0107 czcionki o r\u00f3\u017cnym charakterze. <strong>Dla przyk\u0142adu, konferencja zwi\u0105zana z nauk\u0105 i badaniami mo\u017ce korzysta\u0107 z prostych, eleganckich i czytelnych font\u00f3w, kt\u00f3re odzwierciedlaj\u0105 powag\u0119 tematu.<\/strong> Natomiast konferencja zwi\u0105zana z kreatywno\u015bci\u0105 i sztuk\u0105 mo\u017ce skorzysta\u0107 z bardziej eksperymentalnych i unikalnych czcionek, kt\u00f3re przyci\u0105gn\u0105 uwag\u0119 odbiorc\u00f3w.<\/p>\n<p style=\"text-align: justify;\">Dodatkowo, grafiki i ilustracje mog\u0105 wzbogaci\u0107 wizualny aspekt zaproszenia. Warto jednak pami\u0119ta\u0107, aby ich u\u017cycie by\u0142o umiarkowane i harmonijne.<strong> Dobrze dobrana grafika mo\u017ce wizualnie odzwierciedla\u0107 tematyk\u0119 konferencji i przyci\u0105ga\u0107 uwag\u0119 odbiorc\u00f3w.<\/strong> Mo\u017ce to by\u0107 na przyk\u0142ad abstrakcyjny obrazek symbolizuj\u0105cy idee konferencji, ikona charakterystyczna dla bran\u017cy, czy te\u017c grafika przedstawiaj\u0105ca jedno z g\u0142\u00f3wnych zagadnie\u0144, kt\u00f3re b\u0119d\u0105 omawiane podczas wydarzenia.<\/p>\n","protected":false},"excerpt":{"rendered":"<p>Organizowanie udanej konferencji to nie tylko kwestia znalezienia odpowiednich prelegent\u00f3w i doskona\u0142ej lokalizacji. Niekiedy najwa\u017cniejszym czynnikiem sukcesu jest sam proces zapraszania uczestnik\u00f3w.  Jak zatem powinno wygl\u0105da\u0107 idealne zaproszenie na konferencj\u0119? Co powinno si\u0119 znale\u017a\u0107 w jego tre\u015bci? <\/p>\n","protected":false},"author":9,"featured_media":2730,"comment_status":"closed","ping_status":"closed","sticky":false,"template":"","format":"standard","meta":{"_acf_changed":false,"footnotes":""},"categories":[196,189,170,237],"tags":[197,190,227,176,219,181,228],"class_list":["post-2727","post","type-post","status-publish","format-standard","has-post-thumbnail","hentry","category-organizacja-bankietu","category-organizacja-eventu","category-organizacja-konferencji","category-szkolenia-i-wydarzenia-biznesowe-porady","tag-bankiet","tag-event","tag-konferencje","tag-organizacja-konferencji","tag-sala-konferencyjna","tag-sale-konferencyjne","tag-szkolenia","bwp-masonry-item","bwp-blog-col-3"],"acf":[],"yoast_head":"<!-- This site is optimized with the Yoast SEO plugin v26.8 - https:\/\/yoast.com\/product\/yoast-seo-wordpress\/ -->\n<title>Zaproszenie na konferencj\u0119 - jak powinno wygl\u0105da\u0107? - MiejscaKonferencyjne.pl<\/title>\n<meta name=\"description\" content=\"Zaproszenie na konferencj\u0119 - jak powinno wygl\u0105da\u0107? - MiejscaKonferencyjne.pl\" \/>\n<meta name=\"robots\" content=\"index, follow, max-snippet:-1, max-image-preview:large, max-video-preview:-1\" \/>\n<link rel=\"canonical\" href=\"https:\/\/www.miejscakonferencyjne.pl\/blog\/zaproszenie-na-konferencje-jak-powinno-wygladac\/\" \/>\n<meta property=\"og:locale\" content=\"pl_PL\" \/>\n<meta property=\"og:type\" content=\"article\" \/>\n<meta property=\"og:title\" content=\"Zaproszenie na konferencj\u0119 - jak powinno wygl\u0105da\u0107? - MiejscaKonferencyjne.pl\" \/>\n<meta property=\"og:description\" content=\"Zaproszenie na konferencj\u0119 - jak powinno wygl\u0105da\u0107? - MiejscaKonferencyjne.pl\" \/>\n<meta property=\"og:url\" content=\"https:\/\/www.miejscakonferencyjne.pl\/blog\/zaproszenie-na-konferencje-jak-powinno-wygladac\/\" \/>\n<meta property=\"og:site_name\" content=\"MiejscaKonferencyjne.pl\" \/>\n<meta property=\"article:published_time\" content=\"2023-06-12T21:07:56+00:00\" \/>\n<meta property=\"article:modified_time\" content=\"2024-05-07T10:03:08+00:00\" \/>\n<meta property=\"og:image\" content=\"https:\/\/www.miejscakonferencyjne.pl\/blog\/wp-content\/uploads\/2023\/06\/kate-trysh-WX5jK0BT5JQ-unsplash-scaled.jpg\" \/>\n\t<meta property=\"og:image:width\" content=\"2560\" \/>\n\t<meta property=\"og:image:height\" content=\"1707\" \/>\n\t<meta property=\"og:image:type\" content=\"image\/jpeg\" \/>\n<meta name=\"author\" content=\"Natalia Bielicka\" \/>\n<meta name=\"twitter:card\" content=\"summary_large_image\" \/>\n<meta name=\"twitter:label1\" content=\"Napisane przez\" \/>\n\t<meta name=\"twitter:data1\" content=\"Natalia Bielicka\" \/>\n\t<meta name=\"twitter:label2\" content=\"Szacowany czas czytania\" \/>\n\t<meta name=\"twitter:data2\" content=\"4 minuty\" \/>\n<!-- \/ Yoast SEO plugin. -->","yoast_head_json":{"title":"Zaproszenie na konferencj\u0119 - jak powinno wygl\u0105da\u0107? - MiejscaKonferencyjne.pl","description":"Zaproszenie na konferencj\u0119 - jak powinno wygl\u0105da\u0107? - MiejscaKonferencyjne.pl","robots":{"index":"index","follow":"follow","max-snippet":"max-snippet:-1","max-image-preview":"max-image-preview:large","max-video-preview":"max-video-preview:-1"},"canonical":"https:\/\/www.miejscakonferencyjne.pl\/blog\/zaproszenie-na-konferencje-jak-powinno-wygladac\/","og_locale":"pl_PL","og_type":"article","og_title":"Zaproszenie na konferencj\u0119 - jak powinno wygl\u0105da\u0107? - MiejscaKonferencyjne.pl","og_description":"Zaproszenie na konferencj\u0119 - jak powinno wygl\u0105da\u0107? - MiejscaKonferencyjne.pl","og_url":"https:\/\/www.miejscakonferencyjne.pl\/blog\/zaproszenie-na-konferencje-jak-powinno-wygladac\/","og_site_name":"MiejscaKonferencyjne.pl","article_published_time":"2023-06-12T21:07:56+00:00","article_modified_time":"2024-05-07T10:03:08+00:00","og_image":[{"width":2560,"height":1707,"url":"https:\/\/www.miejscakonferencyjne.pl\/blog\/wp-content\/uploads\/2023\/06\/kate-trysh-WX5jK0BT5JQ-unsplash-scaled.jpg","type":"image\/jpeg"}],"author":"Natalia Bielicka","twitter_card":"summary_large_image","twitter_misc":{"Napisane przez":"Natalia Bielicka","Szacowany czas czytania":"4 minuty"},"schema":{"@context":"https:\/\/schema.org","@graph":[{"@type":["Article","BlogPosting"],"@id":"https:\/\/www.miejscakonferencyjne.pl\/blog\/zaproszenie-na-konferencje-jak-powinno-wygladac\/#article","isPartOf":{"@id":"https:\/\/www.miejscakonferencyjne.pl\/blog\/zaproszenie-na-konferencje-jak-powinno-wygladac\/"},"author":{"name":"Natalia Bielicka","@id":"https:\/\/www.miejscakonferencyjne.pl\/blog\/#\/schema\/person\/5d36c8d2fc115f913476eedc5840b662"},"headline":"Zaproszenie na konferencj\u0119 &#8211; jak powinno wygl\u0105da\u0107?","datePublished":"2023-06-12T21:07:56+00:00","dateModified":"2024-05-07T10:03:08+00:00","mainEntityOfPage":{"@id":"https:\/\/www.miejscakonferencyjne.pl\/blog\/zaproszenie-na-konferencje-jak-powinno-wygladac\/"},"wordCount":799,"publisher":{"@id":"https:\/\/www.miejscakonferencyjne.pl\/blog\/#organization"},"image":{"@id":"https:\/\/www.miejscakonferencyjne.pl\/blog\/zaproszenie-na-konferencje-jak-powinno-wygladac\/#primaryimage"},"thumbnailUrl":"https:\/\/www.miejscakonferencyjne.pl\/blog\/wp-content\/uploads\/2023\/06\/kate-trysh-WX5jK0BT5JQ-unsplash-scaled.jpg","keywords":["bankiet","event","konferencje","organizacja konferencji","sala konferencyjna","sale konferencyjne","szkolenia"],"articleSection":["Organizacja bankietu","Organizacja eventu","Organizacja konferencji","Szkolenia i wydarzenia biznesowe - porady"],"inLanguage":"pl-PL"},{"@type":"WebPage","@id":"https:\/\/www.miejscakonferencyjne.pl\/blog\/zaproszenie-na-konferencje-jak-powinno-wygladac\/","url":"https:\/\/www.miejscakonferencyjne.pl\/blog\/zaproszenie-na-konferencje-jak-powinno-wygladac\/","name":"Zaproszenie na konferencj\u0119 - jak powinno wygl\u0105da\u0107? - MiejscaKonferencyjne.pl","isPartOf":{"@id":"https:\/\/www.miejscakonferencyjne.pl\/blog\/#website"},"primaryImageOfPage":{"@id":"https:\/\/www.miejscakonferencyjne.pl\/blog\/zaproszenie-na-konferencje-jak-powinno-wygladac\/#primaryimage"},"image":{"@id":"https:\/\/www.miejscakonferencyjne.pl\/blog\/zaproszenie-na-konferencje-jak-powinno-wygladac\/#primaryimage"},"thumbnailUrl":"https:\/\/www.miejscakonferencyjne.pl\/blog\/wp-content\/uploads\/2023\/06\/kate-trysh-WX5jK0BT5JQ-unsplash-scaled.jpg","datePublished":"2023-06-12T21:07:56+00:00","dateModified":"2024-05-07T10:03:08+00:00","description":"Zaproszenie na konferencj\u0119 - jak powinno wygl\u0105da\u0107? - MiejscaKonferencyjne.pl","breadcrumb":{"@id":"https:\/\/www.miejscakonferencyjne.pl\/blog\/zaproszenie-na-konferencje-jak-powinno-wygladac\/#breadcrumb"},"inLanguage":"pl-PL","potentialAction":[{"@type":"ReadAction","target":["https:\/\/www.miejscakonferencyjne.pl\/blog\/zaproszenie-na-konferencje-jak-powinno-wygladac\/"]}]},{"@type":"ImageObject","inLanguage":"pl-PL","@id":"https:\/\/www.miejscakonferencyjne.pl\/blog\/zaproszenie-na-konferencje-jak-powinno-wygladac\/#primaryimage","url":"https:\/\/www.miejscakonferencyjne.pl\/blog\/wp-content\/uploads\/2023\/06\/kate-trysh-WX5jK0BT5JQ-unsplash-scaled.jpg","contentUrl":"https:\/\/www.miejscakonferencyjne.pl\/blog\/wp-content\/uploads\/2023\/06\/kate-trysh-WX5jK0BT5JQ-unsplash-scaled.jpg","width":2560,"height":1707},{"@type":"BreadcrumbList","@id":"https:\/\/www.miejscakonferencyjne.pl\/blog\/zaproszenie-na-konferencje-jak-powinno-wygladac\/#breadcrumb","itemListElement":[{"@type":"ListItem","position":1,"name":"Strona g\u0142\u00f3wna","item":"https:\/\/www.miejscakonferencyjne.pl\/blog\/"},{"@type":"ListItem","position":2,"name":"Zaproszenie na konferencj\u0119 &#8211; jak powinno wygl\u0105da\u0107?"}]},{"@type":"WebSite","@id":"https:\/\/www.miejscakonferencyjne.pl\/blog\/#website","url":"https:\/\/www.miejscakonferencyjne.pl\/blog\/","name":"MiejscaKonferencyjne.pl","description":"Dowiedz si\u0119 wszystkiego na temat organizacji konferencji, szkole\u0144 i wydarze\u0144 biznesowych. Komentuj i dziel si\u0119 opini\u0105!","publisher":{"@id":"https:\/\/www.miejscakonferencyjne.pl\/blog\/#organization"},"potentialAction":[{"@type":"SearchAction","target":{"@type":"EntryPoint","urlTemplate":"https:\/\/www.miejscakonferencyjne.pl\/blog\/?s={search_term_string}"},"query-input":{"@type":"PropertyValueSpecification","valueRequired":true,"valueName":"search_term_string"}}],"inLanguage":"pl-PL"},{"@type":"Organization","@id":"https:\/\/www.miejscakonferencyjne.pl\/blog\/#organization","name":"MiejscaKonferencyjne.pl","url":"https:\/\/www.miejscakonferencyjne.pl\/blog\/","logo":{"@type":"ImageObject","inLanguage":"pl-PL","@id":"https:\/\/www.miejscakonferencyjne.pl\/blog\/#\/schema\/logo\/image\/","url":"https:\/\/www.miejscakonferencyjne.pl\/blog\/wp-content\/uploads\/2019\/12\/logo-white.png","contentUrl":"https:\/\/www.miejscakonferencyjne.pl\/blog\/wp-content\/uploads\/2019\/12\/logo-white.png","width":400,"height":63,"caption":"MiejscaKonferencyjne.pl"},"image":{"@id":"https:\/\/www.miejscakonferencyjne.pl\/blog\/#\/schema\/logo\/image\/"}},{"@type":"Person","@id":"https:\/\/www.miejscakonferencyjne.pl\/blog\/#\/schema\/person\/5d36c8d2fc115f913476eedc5840b662","name":"Natalia Bielicka","url":"https:\/\/www.miejscakonferencyjne.pl\/blog\/author\/nbielicka\/"}]}},"_links":{"self":[{"href":"https:\/\/www.miejscakonferencyjne.pl\/blog\/wp-json\/wp\/v2\/posts\/2727","targetHints":{"allow":["GET"]}}],"collection":[{"href":"https:\/\/www.miejscakonferencyjne.pl\/blog\/wp-json\/wp\/v2\/posts"}],"about":[{"href":"https:\/\/www.miejscakonferencyjne.pl\/blog\/wp-json\/wp\/v2\/types\/post"}],"author":[{"embeddable":true,"href":"https:\/\/www.miejscakonferencyjne.pl\/blog\/wp-json\/wp\/v2\/users\/9"}],"replies":[{"embeddable":true,"href":"https:\/\/www.miejscakonferencyjne.pl\/blog\/wp-json\/wp\/v2\/comments?post=2727"}],"version-history":[{"count":3,"href":"https:\/\/www.miejscakonferencyjne.pl\/blog\/wp-json\/wp\/v2\/posts\/2727\/revisions"}],"predecessor-version":[{"id":2734,"href":"https:\/\/www.miejscakonferencyjne.pl\/blog\/wp-json\/wp\/v2\/posts\/2727\/revisions\/2734"}],"wp:featuredmedia":[{"embeddable":true,"href":"https:\/\/www.miejscakonferencyjne.pl\/blog\/wp-json\/wp\/v2\/media\/2730"}],"wp:attachment":[{"href":"https:\/\/www.miejscakonferencyjne.pl\/blog\/wp-json\/wp\/v2\/media?parent=2727"}],"wp:term":[{"taxonomy":"category","embeddable":true,"href":"https:\/\/www.miejscakonferencyjne.pl\/blog\/wp-json\/wp\/v2\/categories?post=2727"},{"taxonomy":"post_tag","embeddable":true,"href":"https:\/\/www.miejscakonferencyjne.pl\/blog\/wp-json\/wp\/v2\/tags?post=2727"}],"curies":[{"name":"wp","href":"https:\/\/api.w.org\/{rel}","templated":true}]}}