{"id":2718,"date":"2023-06-12T22:16:21","date_gmt":"2023-06-12T20:16:21","guid":{"rendered":"https:\/\/www.miejscakonferencyjne.pl\/blog\/?p=2718"},"modified":"2024-05-07T12:03:08","modified_gmt":"2024-05-07T10:03:08","slug":"jak-ubrac-sie-na-konferencje-praktyczne-porady","status":"publish","type":"post","link":"https:\/\/www.miejscakonferencyjne.pl\/blog\/jak-ubrac-sie-na-konferencje-praktyczne-porady\/","title":{"rendered":"Jak ubra\u0107 si\u0119 na konferencj\u0119 &#8211; praktyczne porady."},"content":{"rendered":"<p style=\"text-align: justify;\"><strong>Wielki dzie\u0144 nadszed\u0142. Czujesz ekscytacj\u0119 w powietrzu, poniewa\u017c zbli\u017ca si\u0119 jedno z najwa\u017cniejszych wydarze\u0144 w twojej bran\u017cy \u2013 konferencja. To moment, gdy spotykaj\u0105 si\u0119 liderzy, innowatorzy i eksperci, gotowi dzieli\u0107 si\u0119 swoj\u0105 wiedz\u0105 i do\u015bwiadczeniem. Ale jak stawi\u0107 czo\u0142a temu wyj\u0105tkowemu wyzwaniu? Odpowied\u017a nie le\u017cy tylko w m\u0105dro\u015bci przemawiaj\u0105cych i prezentowanych ideach.<\/strong><\/p>\n<p style=\"text-align: justify;\">Chodzi r\u00f3wnie\u017c o to, jak prezentujesz samego siebie. Dlatego dzisiaj zanurzymy si\u0119 w fascynuj\u0105cym \u015bwiecie ubioru konferencyjnego. <strong>Przygotuj si\u0119 na niezwyk\u0142\u0105 podr\u00f3\u017c, kt\u00f3ra pomo\u017ce Ci odkry\u0107, jak wyrazi\u0107 sw\u00f3j unikalny styl i pewno\u015b\u0107 siebie w\u015br\u00f3d t\u0142umu wyj\u0105tkowych jednostek<\/strong>, kt\u00f3re stanowi\u0105 serce i dusz\u0119 ka\u017cdej konferencji.<\/p>\n<h2 style=\"text-align: justify;\">Czemu ubi\u00f3r na konferencji jest wa\u017cny?<\/h2>\n<p style=\"text-align: justify;\">Odpowiedni ubi\u00f3r na konferencji ma ogromne znaczenie, nie tylko z perspektywy wygl\u0105du, ale tak\u017ce dla samopoczucia i wp\u0142ywu na innych. Jest to nasza wizyt\u00f3wka, kt\u00f3ra odzwierciedla profesjonalne podej\u015bcie i szacunek wobec innych uczestnik\u00f3w.<\/p>\n<p><img loading=\"lazy\" decoding=\"async\" class=\"aligncenter size-full wp-image-2722\" src=\"https:\/\/www.miejscakonferencyjne.pl\/blog\/wp-content\/uploads\/2023\/06\/marten-bjork-6dW3xyQvcYE-unsplash-scaled.jpg\" alt=\"\" width=\"2560\" height=\"1707\" srcset=\"https:\/\/www.miejscakonferencyjne.pl\/blog\/wp-content\/uploads\/2023\/06\/marten-bjork-6dW3xyQvcYE-unsplash-scaled.jpg 2560w, https:\/\/www.miejscakonferencyjne.pl\/blog\/wp-content\/uploads\/2023\/06\/marten-bjork-6dW3xyQvcYE-unsplash-1000x667.jpg 1000w, https:\/\/www.miejscakonferencyjne.pl\/blog\/wp-content\/uploads\/2023\/06\/marten-bjork-6dW3xyQvcYE-unsplash-2000x1333.jpg 2000w, https:\/\/www.miejscakonferencyjne.pl\/blog\/wp-content\/uploads\/2023\/06\/marten-bjork-6dW3xyQvcYE-unsplash-768x512.jpg 768w, https:\/\/www.miejscakonferencyjne.pl\/blog\/wp-content\/uploads\/2023\/06\/marten-bjork-6dW3xyQvcYE-unsplash-1536x1024.jpg 1536w, https:\/\/www.miejscakonferencyjne.pl\/blog\/wp-content\/uploads\/2023\/06\/marten-bjork-6dW3xyQvcYE-unsplash-2048x1365.jpg 2048w, https:\/\/www.miejscakonferencyjne.pl\/blog\/wp-content\/uploads\/2023\/06\/marten-bjork-6dW3xyQvcYE-unsplash-706x471.jpg 706w, https:\/\/www.miejscakonferencyjne.pl\/blog\/wp-content\/uploads\/2023\/06\/marten-bjork-6dW3xyQvcYE-unsplash-1200x800.jpg 1200w\" sizes=\"auto, (max-width: 2560px) 100vw, 2560px\" \/><\/p>\n<p style=\"text-align: justify;\"><strong>Ubieraj\u0105c si\u0119 odpowiednio, pokazujemy, \u017ce potrafimy dostosowa\u0107 si\u0119 do okre\u015blonych standard\u00f3w i kultury organizacyjnej.<\/strong> Nasz str\u00f3j przekazuje informacje o naszej roli, stanowisku i poziomie zaanga\u017cowania. Jest to sposobno\u015b\u0107, by zaakcentowa\u0107 swoje kompetencje i skomunikowa\u0107 nasz\u0105 pewno\u015b\u0107 siebie.<\/p>\n<h2 style=\"text-align: justify;\">Zadbaj o dopasowanie si\u0119 do dress code\u2019u<\/h2>\n<p style=\"text-align: justify;\">Przed wyborem odpowiedniego ubrania na konferencj\u0119 warto sprawdzi\u0107 informacje dotycz\u0105ce dress code&#8217;u. <strong>Organizatorzy cz\u0119sto podaj\u0105 jasne wytyczne odno\u015bnie stylizacji uczestnik\u00f3w.<\/strong> Pomaga to w odpowiedzi na pytanie jaki str\u00f3j na konferencj\u0119. Mo\u017ce by\u0107 wymagany formalny, biznesowy lub swobodny str\u00f3j. Zaznajom si\u0119 z zasadami dress code&#8217;u i staraj si\u0119 dostosowa\u0107 swoje ubrania do tych wymaga\u0144.<\/p>\n<p><img loading=\"lazy\" decoding=\"async\" class=\"aligncenter size-full wp-image-2724\" src=\"https:\/\/www.miejscakonferencyjne.pl\/blog\/wp-content\/uploads\/2023\/06\/david-lezcano-NfZiOJzZgcg-unsplash-scaled.jpg\" alt=\"\" width=\"2560\" height=\"1707\" srcset=\"https:\/\/www.miejscakonferencyjne.pl\/blog\/wp-content\/uploads\/2023\/06\/david-lezcano-NfZiOJzZgcg-unsplash-scaled.jpg 2560w, https:\/\/www.miejscakonferencyjne.pl\/blog\/wp-content\/uploads\/2023\/06\/david-lezcano-NfZiOJzZgcg-unsplash-1000x667.jpg 1000w, https:\/\/www.miejscakonferencyjne.pl\/blog\/wp-content\/uploads\/2023\/06\/david-lezcano-NfZiOJzZgcg-unsplash-2000x1333.jpg 2000w, https:\/\/www.miejscakonferencyjne.pl\/blog\/wp-content\/uploads\/2023\/06\/david-lezcano-NfZiOJzZgcg-unsplash-768x512.jpg 768w, https:\/\/www.miejscakonferencyjne.pl\/blog\/wp-content\/uploads\/2023\/06\/david-lezcano-NfZiOJzZgcg-unsplash-1536x1024.jpg 1536w\" sizes=\"auto, (max-width: 2560px) 100vw, 2560px\" \/><\/p>\n<p style=\"text-align: justify;\">B\u0105d\u017a \u015bwiadomy, jakiego rodzaju look b\u0119dzie odpowiedni i postaraj si\u0119 dobrze prezentowa\u0107, aby by\u0107 zgodnym z oczekiwaniami organizator\u00f3w. <strong>Je\u017celi nie jeste\u015b pewien jaki styl ubranie na konferencj\u0119 b\u0119dzie odpowiedni,<\/strong> mo\u017cesz sprawdzi\u0107 jak wygl\u0105da\u0142y poprzednie wydarzenia organizator\u00f3w lub poszuka\u0107 podobnych event\u00f3w w internecie.<\/p>\n<h2 style=\"text-align: justify;\">Postaw na profesjonalizm<\/h2>\n<p style=\"text-align: justify;\">Nawet je\u015bli konferencja nie wymaga formalnego stroju, zawsze warto postawi\u0107 na niezwykle profesjonalne, eleganckie ubrania, kt\u00f3re robi\u0105 wra\u017cenie. <strong>Wybierz dok\u0142adnie dobrze skrojony, wyszukany garnitur lub wytworn\u0105, nienagann\u0105 sukienk\u0119, kt\u00f3ra nie tylko pasuje do Twojej sylwetki, ale te\u017c emanuje wyrafinowanym stylem. <\/strong>Staraj si\u0119 konsekwentnie unika\u0107 nadmiaru ozd\u00f3b, jaskrawych neonowych kolor\u00f3w lub ubra\u0144 o lu\u017anym kroju, kt\u00f3re mog\u0105 sprawia\u0107 wra\u017cenie nieodpowiednich lub zbyt swobodnych. Dbaj o ka\u017cdy szczeg\u00f3\u0142, dopracuj najmniejsze detale, aby stworzy\u0107 niezapomniane wra\u017cenie profesjonalizmu i doskona\u0142ego gustu.<\/p>\n<h2 style=\"text-align: justify;\">Dodatki to najwa\u017cniejsza cz\u0119\u015b\u0107 stroju<\/h2>\n<p style=\"text-align: justify;\">Dodatki mog\u0105 nie tylko uzupe\u0142ni\u0107 Tw\u00f3j str\u00f3j na konferencj\u0119, ale r\u00f3wnie\u017c doda\u0107 mu niezaprzeczaln\u0105 elegancj\u0119. <strong>Warto wi\u0119c zainwestowa\u0107 w wysokiej jako\u015bci dodatki, kt\u00f3re sprawi\u0105, \u017ce ca\u0142a stylizacja nabierze charakteru i wyj\u0105tkowego uroku.<\/strong> Przede wszystkim, dob\u00f3r odpowiednich but\u00f3w jest niezwykle istotny. Wybierz buty, kt\u00f3re nie tylko b\u0119d\u0105 pasowa\u0107 do reszty stroju, ale tak\u017ce zapewni\u0105 Ci wygod\u0119 na ka\u017cdym kroku. Starannie dobrana para but\u00f3w mo\u017ce sprawi\u0107, \u017ce ca\u0142a stylizacja na wydarzenie biznesowe stanie si\u0119 harmonijnym i eleganckim zestawem.<\/p>\n<p><img loading=\"lazy\" decoding=\"async\" class=\"aligncenter size-full wp-image-2723\" src=\"https:\/\/www.miejscakonferencyjne.pl\/blog\/wp-content\/uploads\/2023\/06\/nimble-made-SY0mVo-MRQ8-unsplash-scaled.jpg\" alt=\"\" width=\"2560\" height=\"1707\" srcset=\"https:\/\/www.miejscakonferencyjne.pl\/blog\/wp-content\/uploads\/2023\/06\/nimble-made-SY0mVo-MRQ8-unsplash-scaled.jpg 2560w, https:\/\/www.miejscakonferencyjne.pl\/blog\/wp-content\/uploads\/2023\/06\/nimble-made-SY0mVo-MRQ8-unsplash-1000x667.jpg 1000w, https:\/\/www.miejscakonferencyjne.pl\/blog\/wp-content\/uploads\/2023\/06\/nimble-made-SY0mVo-MRQ8-unsplash-2000x1333.jpg 2000w, https:\/\/www.miejscakonferencyjne.pl\/blog\/wp-content\/uploads\/2023\/06\/nimble-made-SY0mVo-MRQ8-unsplash-768x512.jpg 768w, https:\/\/www.miejscakonferencyjne.pl\/blog\/wp-content\/uploads\/2023\/06\/nimble-made-SY0mVo-MRQ8-unsplash-1536x1024.jpg 1536w, https:\/\/www.miejscakonferencyjne.pl\/blog\/wp-content\/uploads\/2023\/06\/nimble-made-SY0mVo-MRQ8-unsplash-2048x1365.jpg 2048w, https:\/\/www.miejscakonferencyjne.pl\/blog\/wp-content\/uploads\/2023\/06\/nimble-made-SY0mVo-MRQ8-unsplash-706x471.jpg 706w, https:\/\/www.miejscakonferencyjne.pl\/blog\/wp-content\/uploads\/2023\/06\/nimble-made-SY0mVo-MRQ8-unsplash-1200x800.jpg 1200w\" sizes=\"auto, (max-width: 2560px) 100vw, 2560px\" \/><\/p>\n<p style=\"text-align: justify;\">Akcesoria r\u00f3wnie\u017c odgrywaj\u0105 kluczow\u0105 rol\u0119 w kreowaniu wyrafinowanego wizerunku. Delikatna bi\u017cuteria, tak jak <strong>subtelne kolczyki czy finezyjna bransoletka,<\/strong> mog\u0105 doda\u0107 wyj\u0105tkowego blasku i subtelno\u015bci. Nale\u017cy jednak pami\u0119ta\u0107, \u017ce <strong>dodatki powinny by\u0107 stonowane i nie dominowa\u0107 nad reszt\u0105 stroju. <\/strong>Dlatego warto wybiera\u0107 dodatki w kolorach neutralnych, kt\u00f3re b\u0119d\u0105 harmonijnie wsp\u00f3\u0142gra\u0107 z ca\u0142o\u015bci\u0105 stroju.<\/p>\n<h2 style=\"text-align: justify;\">Str\u00f3j to nie tylko ubrania<\/h2>\n<p style=\"text-align: justify;\">Wa\u017cne jest r\u00f3wnie\u017c zadbanie o niezwykle istotn\u0105 higien\u0119 osobist\u0105.<strong> Odpowiednia, staranna piel\u0119gnacja sk\u00f3ry, uczesanie w\u0142os\u00f3w i umycie z\u0119b\u00f3w sprawi, \u017ce b\u0119dziemy czu\u0107 si\u0119 nie tylko pewniej, ale r\u00f3wnie\u017c niezwykle komfortowo podczas presti\u017cowej konferencji.<\/strong> Pami\u0119tajmy o <strong>umiarze w wykorzystywaniu perfum<\/strong>, unikaj\u0105c natarczywych, intensywnych woni, kt\u00f3re mog\u0105 by\u0107 niezwykle przyt\u0142aczaj\u0105ce dla innych wymagaj\u0105cych uczestnik\u00f3w.<\/p>\n<p><img loading=\"lazy\" decoding=\"async\" class=\"aligncenter size-full wp-image-2721\" src=\"https:\/\/www.miejscakonferencyjne.pl\/blog\/wp-content\/uploads\/2023\/06\/artem-beliaikin-UdQt3FT6rxM-unsplash-scaled.jpg\" alt=\"\" width=\"2560\" height=\"1707\" srcset=\"https:\/\/www.miejscakonferencyjne.pl\/blog\/wp-content\/uploads\/2023\/06\/artem-beliaikin-UdQt3FT6rxM-unsplash-scaled.jpg 2560w, https:\/\/www.miejscakonferencyjne.pl\/blog\/wp-content\/uploads\/2023\/06\/artem-beliaikin-UdQt3FT6rxM-unsplash-1000x667.jpg 1000w\" sizes=\"auto, (max-width: 2560px) 100vw, 2560px\" \/><\/p>\n<p style=\"text-align: justify;\">Ubieranie si\u0119 na konferencj\u0119 jest procesem, kt\u00f3ry wymaga czasu i uwagi.<strong> Odpowiednio dobrane ubrania, dostosowane do charakteru wydarzenia, mog\u0105 pom\u00f3c nam w zaprezentowaniu si\u0119 profesjonalnie i zyskaniu zaufania innych uczestnik\u00f3w.<\/strong> Pami\u0119tajmy r\u00f3wnie\u017c o naszym zachowaniu i kulturze osobistej, kt\u00f3re s\u0105 r\u00f3wnie istotne jak nasz str\u00f3j. Zadbane i \u015bwiadomie ubrane osoby z pewno\u015bci\u0105 b\u0119d\u0105 odnosi\u0107 wi\u0119ksze sukcesy podczas konferencji, ale pami\u0119tajmy, \u017ce to nasza wiedza, umiej\u0119tno\u015bci i pasja s\u0105 kluczem do osi\u0105gni\u0119cia sukcesu w ka\u017cdej dziedzinie.<\/p>\n","protected":false},"excerpt":{"rendered":"<p>Kiedy konferencja zbli\u017ca si\u0119 nieub\u0142aganie, wa\u017cne jest, aby zwr\u00f3ci\u0107 uwag\u0119 nie tylko na przygotowanie merytoryczne, ale tak\u017ce na sw\u00f3j wizerunek zewn\u0119trzny. Wiedza na temat odpowiedniego ubioru mo\u017ce okaza\u0107 si\u0119 kluczem do sukcesu podczas tego typu wydarze\u0144. <\/p>\n","protected":false},"author":9,"featured_media":2719,"comment_status":"closed","ping_status":"closed","sticky":false,"template":"","format":"standard","meta":{"_acf_changed":false,"footnotes":""},"categories":[170,237],"tags":[220,190,188,173,227,226,176,219,181,228,229],"class_list":["post-2718","post","type-post","status-publish","format-standard","has-post-thumbnail","hentry","category-organizacja-konferencji","category-szkolenia-i-wydarzenia-biznesowe-porady","tag-biznes","tag-event","tag-konferansjer","tag-konferencja","tag-konferencje","tag-mice","tag-organizacja-konferencji","tag-sala-konferencyjna","tag-sale-konferencyjne","tag-szkolenia","tag-wyjazdy-sluzbowe","bwp-masonry-item","bwp-blog-col-3"],"acf":[],"yoast_head":"<!-- This site is optimized with the Yoast SEO plugin v26.8 - https:\/\/yoast.com\/product\/yoast-seo-wordpress\/ -->\n<title>Jak ubra\u0107 si\u0119 na konferencj\u0119 - praktyczne porady. - MiejscaKonferencyjne.pl<\/title>\n<meta name=\"description\" content=\"Jak ubra\u0107 si\u0119 na konferencj\u0119 - praktyczne porady. - MiejscaKonferencyjne.pl\" \/>\n<meta name=\"robots\" content=\"index, follow, max-snippet:-1, max-image-preview:large, max-video-preview:-1\" \/>\n<link rel=\"canonical\" href=\"https:\/\/www.miejscakonferencyjne.pl\/blog\/jak-ubrac-sie-na-konferencje-praktyczne-porady\/\" \/>\n<meta property=\"og:locale\" content=\"pl_PL\" \/>\n<meta property=\"og:type\" content=\"article\" \/>\n<meta property=\"og:title\" content=\"Jak ubra\u0107 si\u0119 na konferencj\u0119 - praktyczne porady. - MiejscaKonferencyjne.pl\" \/>\n<meta property=\"og:description\" content=\"Jak ubra\u0107 si\u0119 na konferencj\u0119 - praktyczne porady. - MiejscaKonferencyjne.pl\" \/>\n<meta property=\"og:url\" content=\"https:\/\/www.miejscakonferencyjne.pl\/blog\/jak-ubrac-sie-na-konferencje-praktyczne-porady\/\" \/>\n<meta property=\"og:site_name\" content=\"MiejscaKonferencyjne.pl\" \/>\n<meta property=\"article:published_time\" content=\"2023-06-12T20:16:21+00:00\" \/>\n<meta property=\"article:modified_time\" content=\"2024-05-07T10:03:08+00:00\" \/>\n<meta property=\"og:image\" content=\"https:\/\/www.miejscakonferencyjne.pl\/blog\/wp-content\/uploads\/2023\/06\/nimble-made-kY8hmUQV9Ek-unsplash-scaled.jpg\" \/>\n\t<meta property=\"og:image:width\" content=\"2560\" \/>\n\t<meta property=\"og:image:height\" content=\"1707\" \/>\n\t<meta property=\"og:image:type\" content=\"image\/jpeg\" \/>\n<meta name=\"author\" content=\"Natalia Bielicka\" \/>\n<meta name=\"twitter:card\" content=\"summary_large_image\" \/>\n<meta name=\"twitter:label1\" content=\"Napisane przez\" \/>\n\t<meta name=\"twitter:data1\" content=\"Natalia Bielicka\" \/>\n\t<meta name=\"twitter:label2\" content=\"Szacowany czas czytania\" \/>\n\t<meta name=\"twitter:data2\" content=\"4 minuty\" \/>\n<!-- \/ Yoast SEO plugin. -->","yoast_head_json":{"title":"Jak ubra\u0107 si\u0119 na konferencj\u0119 - praktyczne porady. - MiejscaKonferencyjne.pl","description":"Jak ubra\u0107 si\u0119 na konferencj\u0119 - praktyczne porady. - MiejscaKonferencyjne.pl","robots":{"index":"index","follow":"follow","max-snippet":"max-snippet:-1","max-image-preview":"max-image-preview:large","max-video-preview":"max-video-preview:-1"},"canonical":"https:\/\/www.miejscakonferencyjne.pl\/blog\/jak-ubrac-sie-na-konferencje-praktyczne-porady\/","og_locale":"pl_PL","og_type":"article","og_title":"Jak ubra\u0107 si\u0119 na konferencj\u0119 - praktyczne porady. - MiejscaKonferencyjne.pl","og_description":"Jak ubra\u0107 si\u0119 na konferencj\u0119 - praktyczne porady. - MiejscaKonferencyjne.pl","og_url":"https:\/\/www.miejscakonferencyjne.pl\/blog\/jak-ubrac-sie-na-konferencje-praktyczne-porady\/","og_site_name":"MiejscaKonferencyjne.pl","article_published_time":"2023-06-12T20:16:21+00:00","article_modified_time":"2024-05-07T10:03:08+00:00","og_image":[{"width":2560,"height":1707,"url":"https:\/\/www.miejscakonferencyjne.pl\/blog\/wp-content\/uploads\/2023\/06\/nimble-made-kY8hmUQV9Ek-unsplash-scaled.jpg","type":"image\/jpeg"}],"author":"Natalia Bielicka","twitter_card":"summary_large_image","twitter_misc":{"Napisane przez":"Natalia Bielicka","Szacowany czas czytania":"4 minuty"},"schema":{"@context":"https:\/\/schema.org","@graph":[{"@type":["Article","BlogPosting"],"@id":"https:\/\/www.miejscakonferencyjne.pl\/blog\/jak-ubrac-sie-na-konferencje-praktyczne-porady\/#article","isPartOf":{"@id":"https:\/\/www.miejscakonferencyjne.pl\/blog\/jak-ubrac-sie-na-konferencje-praktyczne-porady\/"},"author":{"name":"Natalia Bielicka","@id":"https:\/\/www.miejscakonferencyjne.pl\/blog\/#\/schema\/person\/5d36c8d2fc115f913476eedc5840b662"},"headline":"Jak ubra\u0107 si\u0119 na konferencj\u0119 &#8211; praktyczne porady.","datePublished":"2023-06-12T20:16:21+00:00","dateModified":"2024-05-07T10:03:08+00:00","mainEntityOfPage":{"@id":"https:\/\/www.miejscakonferencyjne.pl\/blog\/jak-ubrac-sie-na-konferencje-praktyczne-porady\/"},"wordCount":760,"publisher":{"@id":"https:\/\/www.miejscakonferencyjne.pl\/blog\/#organization"},"image":{"@id":"https:\/\/www.miejscakonferencyjne.pl\/blog\/jak-ubrac-sie-na-konferencje-praktyczne-porady\/#primaryimage"},"thumbnailUrl":"https:\/\/www.miejscakonferencyjne.pl\/blog\/wp-content\/uploads\/2023\/06\/nimble-made-kY8hmUQV9Ek-unsplash-scaled.jpg","keywords":["biznes","event","konferansjer","konferencja","konferencje","mice","organizacja konferencji","sala konferencyjna","sale konferencyjne","szkolenia","wyjazdy s\u0142u\u017cbowe"],"articleSection":["Organizacja konferencji","Szkolenia i wydarzenia biznesowe - porady"],"inLanguage":"pl-PL"},{"@type":"WebPage","@id":"https:\/\/www.miejscakonferencyjne.pl\/blog\/jak-ubrac-sie-na-konferencje-praktyczne-porady\/","url":"https:\/\/www.miejscakonferencyjne.pl\/blog\/jak-ubrac-sie-na-konferencje-praktyczne-porady\/","name":"Jak ubra\u0107 si\u0119 na konferencj\u0119 - praktyczne porady. - MiejscaKonferencyjne.pl","isPartOf":{"@id":"https:\/\/www.miejscakonferencyjne.pl\/blog\/#website"},"primaryImageOfPage":{"@id":"https:\/\/www.miejscakonferencyjne.pl\/blog\/jak-ubrac-sie-na-konferencje-praktyczne-porady\/#primaryimage"},"image":{"@id":"https:\/\/www.miejscakonferencyjne.pl\/blog\/jak-ubrac-sie-na-konferencje-praktyczne-porady\/#primaryimage"},"thumbnailUrl":"https:\/\/www.miejscakonferencyjne.pl\/blog\/wp-content\/uploads\/2023\/06\/nimble-made-kY8hmUQV9Ek-unsplash-scaled.jpg","datePublished":"2023-06-12T20:16:21+00:00","dateModified":"2024-05-07T10:03:08+00:00","description":"Jak ubra\u0107 si\u0119 na konferencj\u0119 - praktyczne porady. - MiejscaKonferencyjne.pl","breadcrumb":{"@id":"https:\/\/www.miejscakonferencyjne.pl\/blog\/jak-ubrac-sie-na-konferencje-praktyczne-porady\/#breadcrumb"},"inLanguage":"pl-PL","potentialAction":[{"@type":"ReadAction","target":["https:\/\/www.miejscakonferencyjne.pl\/blog\/jak-ubrac-sie-na-konferencje-praktyczne-porady\/"]}]},{"@type":"ImageObject","inLanguage":"pl-PL","@id":"https:\/\/www.miejscakonferencyjne.pl\/blog\/jak-ubrac-sie-na-konferencje-praktyczne-porady\/#primaryimage","url":"https:\/\/www.miejscakonferencyjne.pl\/blog\/wp-content\/uploads\/2023\/06\/nimble-made-kY8hmUQV9Ek-unsplash-scaled.jpg","contentUrl":"https:\/\/www.miejscakonferencyjne.pl\/blog\/wp-content\/uploads\/2023\/06\/nimble-made-kY8hmUQV9Ek-unsplash-scaled.jpg","width":2560,"height":1707},{"@type":"BreadcrumbList","@id":"https:\/\/www.miejscakonferencyjne.pl\/blog\/jak-ubrac-sie-na-konferencje-praktyczne-porady\/#breadcrumb","itemListElement":[{"@type":"ListItem","position":1,"name":"Strona g\u0142\u00f3wna","item":"https:\/\/www.miejscakonferencyjne.pl\/blog\/"},{"@type":"ListItem","position":2,"name":"Jak ubra\u0107 si\u0119 na konferencj\u0119 &#8211; praktyczne porady."}]},{"@type":"WebSite","@id":"https:\/\/www.miejscakonferencyjne.pl\/blog\/#website","url":"https:\/\/www.miejscakonferencyjne.pl\/blog\/","name":"MiejscaKonferencyjne.pl","description":"Dowiedz si\u0119 wszystkiego na temat organizacji konferencji, szkole\u0144 i wydarze\u0144 biznesowych. Komentuj i dziel si\u0119 opini\u0105!","publisher":{"@id":"https:\/\/www.miejscakonferencyjne.pl\/blog\/#organization"},"potentialAction":[{"@type":"SearchAction","target":{"@type":"EntryPoint","urlTemplate":"https:\/\/www.miejscakonferencyjne.pl\/blog\/?s={search_term_string}"},"query-input":{"@type":"PropertyValueSpecification","valueRequired":true,"valueName":"search_term_string"}}],"inLanguage":"pl-PL"},{"@type":"Organization","@id":"https:\/\/www.miejscakonferencyjne.pl\/blog\/#organization","name":"MiejscaKonferencyjne.pl","url":"https:\/\/www.miejscakonferencyjne.pl\/blog\/","logo":{"@type":"ImageObject","inLanguage":"pl-PL","@id":"https:\/\/www.miejscakonferencyjne.pl\/blog\/#\/schema\/logo\/image\/","url":"https:\/\/www.miejscakonferencyjne.pl\/blog\/wp-content\/uploads\/2019\/12\/logo-white.png","contentUrl":"https:\/\/www.miejscakonferencyjne.pl\/blog\/wp-content\/uploads\/2019\/12\/logo-white.png","width":400,"height":63,"caption":"MiejscaKonferencyjne.pl"},"image":{"@id":"https:\/\/www.miejscakonferencyjne.pl\/blog\/#\/schema\/logo\/image\/"}},{"@type":"Person","@id":"https:\/\/www.miejscakonferencyjne.pl\/blog\/#\/schema\/person\/5d36c8d2fc115f913476eedc5840b662","name":"Natalia Bielicka","url":"https:\/\/www.miejscakonferencyjne.pl\/blog\/author\/nbielicka\/"}]}},"_links":{"self":[{"href":"https:\/\/www.miejscakonferencyjne.pl\/blog\/wp-json\/wp\/v2\/posts\/2718","targetHints":{"allow":["GET"]}}],"collection":[{"href":"https:\/\/www.miejscakonferencyjne.pl\/blog\/wp-json\/wp\/v2\/posts"}],"about":[{"href":"https:\/\/www.miejscakonferencyjne.pl\/blog\/wp-json\/wp\/v2\/types\/post"}],"author":[{"embeddable":true,"href":"https:\/\/www.miejscakonferencyjne.pl\/blog\/wp-json\/wp\/v2\/users\/9"}],"replies":[{"embeddable":true,"href":"https:\/\/www.miejscakonferencyjne.pl\/blog\/wp-json\/wp\/v2\/comments?post=2718"}],"version-history":[{"count":2,"href":"https:\/\/www.miejscakonferencyjne.pl\/blog\/wp-json\/wp\/v2\/posts\/2718\/revisions"}],"predecessor-version":[{"id":2726,"href":"https:\/\/www.miejscakonferencyjne.pl\/blog\/wp-json\/wp\/v2\/posts\/2718\/revisions\/2726"}],"wp:featuredmedia":[{"embeddable":true,"href":"https:\/\/www.miejscakonferencyjne.pl\/blog\/wp-json\/wp\/v2\/media\/2719"}],"wp:attachment":[{"href":"https:\/\/www.miejscakonferencyjne.pl\/blog\/wp-json\/wp\/v2\/media?parent=2718"}],"wp:term":[{"taxonomy":"category","embeddable":true,"href":"https:\/\/www.miejscakonferencyjne.pl\/blog\/wp-json\/wp\/v2\/categories?post=2718"},{"taxonomy":"post_tag","embeddable":true,"href":"https:\/\/www.miejscakonferencyjne.pl\/blog\/wp-json\/wp\/v2\/tags?post=2718"}],"curies":[{"name":"wp","href":"https:\/\/api.w.org\/{rel}","templated":true}]}}