{"id":2706,"date":"2023-05-29T11:46:05","date_gmt":"2023-05-29T09:46:05","guid":{"rendered":"https:\/\/www.miejscakonferencyjne.pl\/blog\/?p=2706"},"modified":"2024-05-07T12:03:08","modified_gmt":"2024-05-07T10:03:08","slug":"owocowe-czwartki-co-to-i-jak-je-zorganizowac","status":"publish","type":"post","link":"https:\/\/www.miejscakonferencyjne.pl\/blog\/owocowe-czwartki-co-to-i-jak-je-zorganizowac\/","title":{"rendered":"Owocowe czwartki &#8211; co to i jak je zorganizowa\u0107?"},"content":{"rendered":"<p style=\"text-align: justify;\"><strong>W \u015bwiecie pe\u0142nym rutyny i powtarzaj\u0105cych si\u0119 dni czasem potrzebujemy odrobiny \u015bwie\u017co\u015bci i rado\u015bci. W\u0142a\u015bnie wtedy pojawiaj\u0105 si\u0119 owocowe czwartki &#8211; tajemnicza tradycja, kt\u00f3ra roz\u015bwietla codzienno\u015b\u0107 w wielu firmach. Przez wiele lat owocowe czwartki sta\u0142y si\u0119 zjawiskiem niemal kultowym, przyci\u0105gaj\u0105cym uwag\u0119 pracownik\u00f3w i budz\u0105cym ich ciekawo\u015b\u0107 i rozbawienie. Ale czym tak naprawd\u0119 s\u0105 owocowe czwartki i jak mo\u017cna je zorganizowa\u0107?<\/strong><\/p>\n<p style=\"text-align: justify;\">To tajemnica, kt\u00f3ra niesie ze sob\u0105 smak przyjemno\u015bci i u\u015bmiechu na twarzach. Przygotuj si\u0119 na odkrywanie tajemniczych skarb\u00f3w, kt\u00f3re mo\u017cna znale\u017a\u0107 w \u015bwiecie owocowych czwartk\u00f3w i dowiedz si\u0119, jak te wyj\u0105tkowe wydarzenia mog\u0105 pozytywnie wp\u0142ywa\u0107 na atmosfer\u0119 w Twojej firmie.<\/p>\n<h2 style=\"text-align: justify;\">Owocowe czwartki &#8211; co to jest?<\/h2>\n<p style=\"text-align: justify;\">Owocowe Czwartki w firmie stanowi\u0105 regularne wydarzenie o charakterze pracowniczym, kt\u00f3re s\u0142u\u017cy<strong> promowaniu zdrowego stylu \u017cycia i dbaniu o dobre samopoczucie pracownik\u00f3w.<\/strong> Ta inicjatywa, wprowadzona przez pracodawc\u0119, ma na celu dostarczenie \u015bwie\u017cych owoc\u00f3w wszystkim cz\u0142onkom zespo\u0142u w ka\u017cdy czwartek.<\/p>\n<p style=\"text-align: justify;\">Na jakie przysmaki najcz\u0119\u015bciej decyduj\u0105 si\u0119 pracodawcy? Ich r\u00f3\u017cnorodno\u015b\u0107 jest imponuj\u0105ca &#8211; <strong>od sezonowych propozycji, takich jak soczyste mandarynki czy orze\u017awiaj\u0105ce arbuzy, po te dost\u0119pne przez ca\u0142y rok, jak chrupi\u0105ce jab\u0142ka czy s\u0142odkie banany.<\/strong><\/p>\n<p><img loading=\"lazy\" decoding=\"async\" class=\"aligncenter size-full wp-image-2711\" src=\"https:\/\/www.miejscakonferencyjne.pl\/blog\/wp-content\/uploads\/2023\/05\/jonas-kakaroto-B77ypBmpYuw-unsplash-scaled.jpg\" alt=\"\" width=\"2560\" height=\"1707\" srcset=\"https:\/\/www.miejscakonferencyjne.pl\/blog\/wp-content\/uploads\/2023\/05\/jonas-kakaroto-B77ypBmpYuw-unsplash-scaled.jpg 2560w, https:\/\/www.miejscakonferencyjne.pl\/blog\/wp-content\/uploads\/2023\/05\/jonas-kakaroto-B77ypBmpYuw-unsplash-1000x667.jpg 1000w, https:\/\/www.miejscakonferencyjne.pl\/blog\/wp-content\/uploads\/2023\/05\/jonas-kakaroto-B77ypBmpYuw-unsplash-2000x1333.jpg 2000w, https:\/\/www.miejscakonferencyjne.pl\/blog\/wp-content\/uploads\/2023\/05\/jonas-kakaroto-B77ypBmpYuw-unsplash-768x512.jpg 768w, https:\/\/www.miejscakonferencyjne.pl\/blog\/wp-content\/uploads\/2023\/05\/jonas-kakaroto-B77ypBmpYuw-unsplash-1536x1024.jpg 1536w, https:\/\/www.miejscakonferencyjne.pl\/blog\/wp-content\/uploads\/2023\/05\/jonas-kakaroto-B77ypBmpYuw-unsplash-2048x1365.jpg 2048w, https:\/\/www.miejscakonferencyjne.pl\/blog\/wp-content\/uploads\/2023\/05\/jonas-kakaroto-B77ypBmpYuw-unsplash-706x471.jpg 706w, https:\/\/www.miejscakonferencyjne.pl\/blog\/wp-content\/uploads\/2023\/05\/jonas-kakaroto-B77ypBmpYuw-unsplash-1200x800.jpg 1200w\" sizes=\"auto, (max-width: 2560px) 100vw, 2560px\" \/><\/p>\n<p style=\"text-align: justify;\">Warto wspomnie\u0107, \u017ce pracownicy nie mog\u0105 si\u0119 oprze\u0107 urokowi winogron, truskawek, malin i bor\u00f3wek. Te soczyste i kolorowe owoce s\u0105 cz\u0119sto zamawiane w firmach, aby dostarczy\u0107 zespo\u0142om dodatkowej dawki witamin i orze\u017awienia.<strong> Jednak to nie wszystko, niekt\u00f3re miejsca decyduj\u0105 si\u0119 r\u00f3wnie\u017c na zam\u00f3wienie \u015bwie\u017co przygotowywanych koktajli owocowo-warzywnych lub t\u0142oczonych sok\u00f3w. T<\/strong>e zdrowe napoje s\u0105 prawdziwym zastrzykiem energii dla pracownik\u00f3w, sprawiaj\u0105c, \u017ce czuj\u0105 si\u0119 pe\u0142ni wigoru i gotowi do podj\u0119cia wszystkich wyzwa\u0144.<\/p>\n<p style=\"text-align: justify;\">Warto r\u00f3wnie\u017c zauwa\u017cy\u0107, \u017ce Owocowe Czwartki mog\u0105 by\u0107 elastyczn\u0105 inicjatyw\u0105, dostosowan\u0105 do kreatywno\u015bci pracodawcy. <strong>Cho\u0107 obecnie najcz\u0119\u015bciej odbywaj\u0105 si\u0119 w czwartki, istnieje mo\u017cliwo\u015b\u0107 organizacji takiego wydarzenia w inne dni tygodnia, zale\u017cnie od preferencji i potrzeb pracownik\u00f3w.<\/strong> Ta elastyczno\u015b\u0107 pozwala firmie na wi\u0119ksz\u0105 dost\u0119pno\u015b\u0107 i uwzgl\u0119dnienie r\u00f3\u017cnych harmonogram\u00f3w pracy oraz indywidualnych preferencji pracownik\u00f3w.<\/p>\n<h2 style=\"text-align: justify;\">Owocowe czwartki &#8211; zalety<\/h2>\n<p style=\"text-align: justify;\">Owocowe czwartki w firmie to inicjatywa, kt\u00f3ra przynosi liczne korzy\u015bci zar\u00f3wno pracownikom, jak i samej organizacji. Wprowadzenie takiego regularnego dnia, w kt\u00f3rym biuro staje si\u0119 miejscem pe\u0142nym \u015bwie\u017cych i zdrowych owoc\u00f3w, ma <strong>pozytywny wp\u0142yw na atmosfer\u0119 w pracy i og\u00f3lny dobrostan pracownik\u00f3w.<\/strong><\/p>\n<p><img loading=\"lazy\" decoding=\"async\" class=\"aligncenter size-full wp-image-2708\" src=\"https:\/\/www.miejscakonferencyjne.pl\/blog\/wp-content\/uploads\/2023\/05\/zlatko-duric-U4QkDQW84sg-unsplash-scaled.jpg\" alt=\"\" width=\"2560\" height=\"1924\" srcset=\"https:\/\/www.miejscakonferencyjne.pl\/blog\/wp-content\/uploads\/2023\/05\/zlatko-duric-U4QkDQW84sg-unsplash-scaled.jpg 2560w, https:\/\/www.miejscakonferencyjne.pl\/blog\/wp-content\/uploads\/2023\/05\/zlatko-duric-U4QkDQW84sg-unsplash-1000x752.jpg 1000w, https:\/\/www.miejscakonferencyjne.pl\/blog\/wp-content\/uploads\/2023\/05\/zlatko-duric-U4QkDQW84sg-unsplash-2000x1503.jpg 2000w, https:\/\/www.miejscakonferencyjne.pl\/blog\/wp-content\/uploads\/2023\/05\/zlatko-duric-U4QkDQW84sg-unsplash-768x577.jpg 768w, https:\/\/www.miejscakonferencyjne.pl\/blog\/wp-content\/uploads\/2023\/05\/zlatko-duric-U4QkDQW84sg-unsplash-1536x1155.jpg 1536w, https:\/\/www.miejscakonferencyjne.pl\/blog\/wp-content\/uploads\/2023\/05\/zlatko-duric-U4QkDQW84sg-unsplash-2048x1540.jpg 2048w, https:\/\/www.miejscakonferencyjne.pl\/blog\/wp-content\/uploads\/2023\/05\/zlatko-duric-U4QkDQW84sg-unsplash-706x531.jpg 706w, https:\/\/www.miejscakonferencyjne.pl\/blog\/wp-content\/uploads\/2023\/05\/zlatko-duric-U4QkDQW84sg-unsplash-1200x902.jpg 1200w\" sizes=\"auto, (max-width: 2560px) 100vw, 2560px\" \/><\/p>\n<p style=\"text-align: justify;\">Dost\u0119p do \u015bwie\u017cych owoc\u00f3w w miejscu pracy<strong> sprzyja zdrowiu i samopoczuciu pracownik\u00f3w.<\/strong> Owoce s\u0105 bogate w wa\u017cne sk\u0142adniki od\u017cywcze, takie jak witaminy, minera\u0142y i przeciwutleniacze, kt\u00f3re wspieraj\u0105 funkcjonowanie organizmu. Spo\u017cywanie owoc\u00f3w wp\u0142ywa korzystnie na uk\u0142ad odporno\u015bciowy, pomaga utrzyma\u0107 energi\u0119 i mo\u017ce nawet zmniejszy\u0107 ryzyko wyst\u0105pienia chor\u00f3b przewlek\u0142ych. Pracownicy maj\u0105 wi\u0119c szans\u0119 na lepsze zdrowie i wi\u0119ksz\u0105 odporno\u015b\u0107 na stres.<\/p>\n<p style=\"text-align: justify;\">Owocowe czwartki maj\u0105 r\u00f3wnie\u017c pozytywny <strong>wp\u0142yw na produktywno\u015b\u0107 pracownik\u00f3w.<\/strong> Regularne spo\u017cywanie zdrowych przek\u0105sek, takich jak owoce, wp\u0142ywa na funkcje poznawcze, pami\u0119\u0107 i koncentracj\u0119. Owoce dostarczaj\u0105 m\u00f3zgowi niezb\u0119dne sk\u0142adniki od\u017cywcze, kt\u00f3re poprawiaj\u0105 jego funkcjonowanie. W rezultacie pracownicy s\u0105 bardziej skoncentrowani, kreatywni i efektywni w wykonywaniu swoich obowi\u0105zk\u00f3w. Zwi\u0119kszona produktywno\u015b\u0107 przek\u0142ada si\u0119 na lepsze wyniki firmy.<\/p>\n<p><img loading=\"lazy\" decoding=\"async\" class=\"aligncenter size-full wp-image-2707\" src=\"https:\/\/www.miejscakonferencyjne.pl\/blog\/wp-content\/uploads\/2023\/05\/engin-akyurt-RrzNzxlP0YE-unsplash.jpg\" alt=\"\" width=\"8591\" height=\"6443\" srcset=\"https:\/\/www.miejscakonferencyjne.pl\/blog\/wp-content\/uploads\/2023\/05\/engin-akyurt-RrzNzxlP0YE-unsplash.jpg 8591w, https:\/\/www.miejscakonferencyjne.pl\/blog\/wp-content\/uploads\/2023\/05\/engin-akyurt-RrzNzxlP0YE-unsplash-1000x750.jpg 1000w, https:\/\/www.miejscakonferencyjne.pl\/blog\/wp-content\/uploads\/2023\/05\/engin-akyurt-RrzNzxlP0YE-unsplash-768x576.jpg 768w, https:\/\/www.miejscakonferencyjne.pl\/blog\/wp-content\/uploads\/2023\/05\/engin-akyurt-RrzNzxlP0YE-unsplash-706x529.jpg 706w, https:\/\/www.miejscakonferencyjne.pl\/blog\/wp-content\/uploads\/2023\/05\/engin-akyurt-RrzNzxlP0YE-unsplash-1200x900.jpg 1200w\" sizes=\"auto, (max-width: 8591px) 100vw, 8591px\" \/><\/p>\n<p style=\"text-align: justify;\">Cotygodniowe spotkania przy posi\u0142ku<strong> sprzyjaj\u0105 integracji zespo\u0142u i tworzeniu pozytywnej atmosfery w firmie.<\/strong> Wsp\u00f3lne spo\u017cywanie owoc\u00f3w w przerwie na lunch lub podczas kr\u00f3tkiej przerwy daje pracownikom mo\u017cliwo\u015b\u0107 swobodnej rozmowy i nawi\u0105zywania relacji. To tworzy atmosfer\u0119 sprzyjaj\u0105c\u0105 wsp\u00f3\u0142pracy, wymianie pomys\u0142\u00f3w i budowaniu wi\u0119zi. Pracownicy czuj\u0105 si\u0119 bardziej zmotywowani, zaanga\u017cowani i zwi\u0105zani z firm\u0105.<\/p>\n<p style=\"text-align: justify;\">Owocowe czwartki promuj\u0105 zdrowy styl \u017cycia w\u015br\u00f3d pracownik\u00f3w. <strong>Dostarczanie \u015bwie\u017cych owoc\u00f3w w biurze to przekaz, \u017ce firma dba o zdrowie i dobre samopoczucie swojej kadry.<\/strong> To zach\u0119ta do podejmowania zdrowych nawyk\u00f3w \u017cywieniowych i troski o siebie. Takie dzia\u0142ania \u015bwiadcz\u0105 o odpowiedzialno\u015bci pracodawcy i buduj\u0105 pozytywny wizerunek firmy zar\u00f3wno wewn\u0105trz, jak i na zewn\u0105trz.<\/p>\n<h2 style=\"text-align: justify;\">Owocowe czwartki &#8211; jak zorganizowa\u0107?<\/h2>\n<p style=\"text-align: justify;\">Aby zorganizowa\u0107 owocowe czwartki, warto zacz\u0105\u0107 od skomunikowania si\u0119 z zespo\u0142em. <strong>Mo\u017cna wys\u0142a\u0107 do wszystkich pracownik\u00f3w wiadomo\u015b\u0107 e-mailow\u0105, umie\u015bci\u0107 informacj\u0119 w firmowym newsletterze lub og\u0142osi\u0107 to na tablicy og\u0142osze\u0144.<\/strong> W komunikacji nale\u017cy wyja\u015bni\u0107 cel tej inicjatywy, czyli promowanie zdrowego stylu \u017cycia i zach\u0119canie do spo\u017cywania \u015bwie\u017cych owoc\u00f3w. Warto podkre\u015bli\u0107 korzy\u015bci zdrowotne, takie jak zwi\u0119kszenie energii i poprawa samopoczucia, kt\u00f3re wp\u0142yn\u0105 na og\u00f3ln\u0105 wydajno\u015b\u0107 i motywacj\u0119 pracownik\u00f3w.<\/p>\n<p><img loading=\"lazy\" decoding=\"async\" class=\"aligncenter size-full wp-image-2712\" src=\"https:\/\/www.miejscakonferencyjne.pl\/blog\/wp-content\/uploads\/2023\/05\/alex-meier-5S7i0ORPoYY-unsplash-scaled.jpg\" alt=\"\" width=\"2048\" height=\"2560\" srcset=\"https:\/\/www.miejscakonferencyjne.pl\/blog\/wp-content\/uploads\/2023\/05\/alex-meier-5S7i0ORPoYY-unsplash-scaled.jpg 2048w, https:\/\/www.miejscakonferencyjne.pl\/blog\/wp-content\/uploads\/2023\/05\/alex-meier-5S7i0ORPoYY-unsplash-800x1000.jpg 800w, https:\/\/www.miejscakonferencyjne.pl\/blog\/wp-content\/uploads\/2023\/05\/alex-meier-5S7i0ORPoYY-unsplash-1600x2000.jpg 1600w, https:\/\/www.miejscakonferencyjne.pl\/blog\/wp-content\/uploads\/2023\/05\/alex-meier-5S7i0ORPoYY-unsplash-768x960.jpg 768w, https:\/\/www.miejscakonferencyjne.pl\/blog\/wp-content\/uploads\/2023\/05\/alex-meier-5S7i0ORPoYY-unsplash-1229x1536.jpg 1229w, https:\/\/www.miejscakonferencyjne.pl\/blog\/wp-content\/uploads\/2023\/05\/alex-meier-5S7i0ORPoYY-unsplash-1638x2048.jpg 1638w, https:\/\/www.miejscakonferencyjne.pl\/blog\/wp-content\/uploads\/2023\/05\/alex-meier-5S7i0ORPoYY-unsplash-706x883.jpg 706w, https:\/\/www.miejscakonferencyjne.pl\/blog\/wp-content\/uploads\/2023\/05\/alex-meier-5S7i0ORPoYY-unsplash-1200x1500.jpg 1200w\" sizes=\"auto, (max-width: 2048px) 100vw, 2048px\" \/><\/p>\n<p style=\"text-align: justify;\">Organizuj\u0105c owocowe czwartki<strong>, trzeba zadba\u0107 o r\u00f3\u017cnorodno\u015b\u0107 i jako\u015b\u0107 dost\u0119pnych owoc\u00f3w.<\/strong> Warto zam\u00f3wi\u0107 sezonowe owoce od lokalnych dostawc\u00f3w, aby wspiera\u0107 lokaln\u0105 spo\u0142eczno\u015b\u0107 i promowa\u0107 \u015bwiadomo\u015b\u0107 ekologiczn\u0105. Kolejnym wa\u017cnym aspektem jest <strong>zapewnienie odpowiednich warunk\u00f3w przechowywania owoc\u00f3w.<\/strong> Powinno si\u0119 zadba\u0107 o \u015bwie\u017co\u015b\u0107 i higien\u0119. Dobrym wyborem jest inwestycja w specjalne kosze lub stojaki na owoce, kt\u00f3re b\u0119d\u0105 atrakcyjnie prezentowa\u0142y si\u0119 w firmowej kuchni lub wsp\u00f3lnej przestrzeni.<\/p>\n","protected":false},"excerpt":{"rendered":"<p>Owocowe czwartki to tajemnicza tradycja, kt\u00f3ra dodaje \u015bwie\u017co\u015bci i rado\u015bci w codziennym \u017cyciu firm. Dostarczanie \u015bwie\u017cych owoc\u00f3w pracownikom wp\u0142ywa pozytywnie na ich zdrowie, produktywno\u015b\u0107 i integracj\u0119 zespo\u0142u.<\/p>\n","protected":false},"author":9,"featured_media":2709,"comment_status":"closed","ping_status":"closed","sticky":false,"template":"","format":"standard","meta":{"_acf_changed":false,"footnotes":""},"categories":[237],"tags":[232,214,231,215,233],"class_list":["post-2706","post","type-post","status-publish","format-standard","has-post-thumbnail","hentry","category-szkolenia-i-wydarzenia-biznesowe-porady","tag-atrakcje","tag-catering-dla-firm","tag-firmy","tag-menu-na-event-firmowy","tag-motywacja","bwp-masonry-item","bwp-blog-col-3"],"acf":[],"yoast_head":"<!-- This site is optimized with the Yoast SEO plugin v26.8 - https:\/\/yoast.com\/product\/yoast-seo-wordpress\/ -->\n<title>Owocowe czwartki - co to i jak je zorganizowa\u0107? - MiejscaKonferencyjne.pl<\/title>\n<meta name=\"description\" content=\"Owocowe czwartki - co to i jak je zorganizowa\u0107? - MiejscaKonferencyjne.pl\" \/>\n<meta name=\"robots\" content=\"index, follow, max-snippet:-1, max-image-preview:large, max-video-preview:-1\" \/>\n<link rel=\"canonical\" href=\"https:\/\/www.miejscakonferencyjne.pl\/blog\/owocowe-czwartki-co-to-i-jak-je-zorganizowac\/\" \/>\n<meta property=\"og:locale\" content=\"pl_PL\" \/>\n<meta property=\"og:type\" content=\"article\" \/>\n<meta property=\"og:title\" content=\"Owocowe czwartki - co to i jak je zorganizowa\u0107? - MiejscaKonferencyjne.pl\" \/>\n<meta property=\"og:description\" content=\"Owocowe czwartki - co to i jak je zorganizowa\u0107? - MiejscaKonferencyjne.pl\" \/>\n<meta property=\"og:url\" content=\"https:\/\/www.miejscakonferencyjne.pl\/blog\/owocowe-czwartki-co-to-i-jak-je-zorganizowac\/\" \/>\n<meta property=\"og:site_name\" content=\"MiejscaKonferencyjne.pl\" \/>\n<meta property=\"article:published_time\" content=\"2023-05-29T09:46:05+00:00\" \/>\n<meta property=\"article:modified_time\" content=\"2024-05-07T10:03:08+00:00\" \/>\n<meta property=\"og:image\" content=\"https:\/\/www.miejscakonferencyjne.pl\/blog\/wp-content\/uploads\/2023\/05\/brooke-lark-YSA1IRkGAsg-unsplash-scaled.jpg\" \/>\n\t<meta property=\"og:image:width\" content=\"2560\" \/>\n\t<meta property=\"og:image:height\" content=\"1707\" \/>\n\t<meta property=\"og:image:type\" content=\"image\/jpeg\" \/>\n<meta name=\"author\" content=\"Natalia Bielicka\" \/>\n<meta name=\"twitter:card\" content=\"summary_large_image\" \/>\n<meta name=\"twitter:label1\" content=\"Napisane przez\" \/>\n\t<meta name=\"twitter:data1\" content=\"Natalia Bielicka\" \/>\n\t<meta name=\"twitter:label2\" content=\"Szacowany czas czytania\" \/>\n\t<meta name=\"twitter:data2\" content=\"4 minuty\" \/>\n<!-- \/ Yoast SEO plugin. -->","yoast_head_json":{"title":"Owocowe czwartki - co to i jak je zorganizowa\u0107? - MiejscaKonferencyjne.pl","description":"Owocowe czwartki - co to i jak je zorganizowa\u0107? - MiejscaKonferencyjne.pl","robots":{"index":"index","follow":"follow","max-snippet":"max-snippet:-1","max-image-preview":"max-image-preview:large","max-video-preview":"max-video-preview:-1"},"canonical":"https:\/\/www.miejscakonferencyjne.pl\/blog\/owocowe-czwartki-co-to-i-jak-je-zorganizowac\/","og_locale":"pl_PL","og_type":"article","og_title":"Owocowe czwartki - co to i jak je zorganizowa\u0107? - MiejscaKonferencyjne.pl","og_description":"Owocowe czwartki - co to i jak je zorganizowa\u0107? - MiejscaKonferencyjne.pl","og_url":"https:\/\/www.miejscakonferencyjne.pl\/blog\/owocowe-czwartki-co-to-i-jak-je-zorganizowac\/","og_site_name":"MiejscaKonferencyjne.pl","article_published_time":"2023-05-29T09:46:05+00:00","article_modified_time":"2024-05-07T10:03:08+00:00","og_image":[{"width":2560,"height":1707,"url":"https:\/\/www.miejscakonferencyjne.pl\/blog\/wp-content\/uploads\/2023\/05\/brooke-lark-YSA1IRkGAsg-unsplash-scaled.jpg","type":"image\/jpeg"}],"author":"Natalia Bielicka","twitter_card":"summary_large_image","twitter_misc":{"Napisane przez":"Natalia Bielicka","Szacowany czas czytania":"4 minuty"},"schema":{"@context":"https:\/\/schema.org","@graph":[{"@type":["Article","BlogPosting"],"@id":"https:\/\/www.miejscakonferencyjne.pl\/blog\/owocowe-czwartki-co-to-i-jak-je-zorganizowac\/#article","isPartOf":{"@id":"https:\/\/www.miejscakonferencyjne.pl\/blog\/owocowe-czwartki-co-to-i-jak-je-zorganizowac\/"},"author":{"name":"Natalia Bielicka","@id":"https:\/\/www.miejscakonferencyjne.pl\/blog\/#\/schema\/person\/5d36c8d2fc115f913476eedc5840b662"},"headline":"Owocowe czwartki &#8211; co to i jak je zorganizowa\u0107?","datePublished":"2023-05-29T09:46:05+00:00","dateModified":"2024-05-07T10:03:08+00:00","mainEntityOfPage":{"@id":"https:\/\/www.miejscakonferencyjne.pl\/blog\/owocowe-czwartki-co-to-i-jak-je-zorganizowac\/"},"wordCount":886,"publisher":{"@id":"https:\/\/www.miejscakonferencyjne.pl\/blog\/#organization"},"image":{"@id":"https:\/\/www.miejscakonferencyjne.pl\/blog\/owocowe-czwartki-co-to-i-jak-je-zorganizowac\/#primaryimage"},"thumbnailUrl":"https:\/\/www.miejscakonferencyjne.pl\/blog\/wp-content\/uploads\/2023\/05\/brooke-lark-YSA1IRkGAsg-unsplash-scaled.jpg","keywords":["atrakcje","catering dla firm","firmy","menu na event firmowy","motywacja"],"articleSection":["Szkolenia i wydarzenia biznesowe - porady"],"inLanguage":"pl-PL"},{"@type":"WebPage","@id":"https:\/\/www.miejscakonferencyjne.pl\/blog\/owocowe-czwartki-co-to-i-jak-je-zorganizowac\/","url":"https:\/\/www.miejscakonferencyjne.pl\/blog\/owocowe-czwartki-co-to-i-jak-je-zorganizowac\/","name":"Owocowe czwartki - co to i jak je zorganizowa\u0107? - MiejscaKonferencyjne.pl","isPartOf":{"@id":"https:\/\/www.miejscakonferencyjne.pl\/blog\/#website"},"primaryImageOfPage":{"@id":"https:\/\/www.miejscakonferencyjne.pl\/blog\/owocowe-czwartki-co-to-i-jak-je-zorganizowac\/#primaryimage"},"image":{"@id":"https:\/\/www.miejscakonferencyjne.pl\/blog\/owocowe-czwartki-co-to-i-jak-je-zorganizowac\/#primaryimage"},"thumbnailUrl":"https:\/\/www.miejscakonferencyjne.pl\/blog\/wp-content\/uploads\/2023\/05\/brooke-lark-YSA1IRkGAsg-unsplash-scaled.jpg","datePublished":"2023-05-29T09:46:05+00:00","dateModified":"2024-05-07T10:03:08+00:00","description":"Owocowe czwartki - co to i jak je zorganizowa\u0107? - MiejscaKonferencyjne.pl","breadcrumb":{"@id":"https:\/\/www.miejscakonferencyjne.pl\/blog\/owocowe-czwartki-co-to-i-jak-je-zorganizowac\/#breadcrumb"},"inLanguage":"pl-PL","potentialAction":[{"@type":"ReadAction","target":["https:\/\/www.miejscakonferencyjne.pl\/blog\/owocowe-czwartki-co-to-i-jak-je-zorganizowac\/"]}]},{"@type":"ImageObject","inLanguage":"pl-PL","@id":"https:\/\/www.miejscakonferencyjne.pl\/blog\/owocowe-czwartki-co-to-i-jak-je-zorganizowac\/#primaryimage","url":"https:\/\/www.miejscakonferencyjne.pl\/blog\/wp-content\/uploads\/2023\/05\/brooke-lark-YSA1IRkGAsg-unsplash-scaled.jpg","contentUrl":"https:\/\/www.miejscakonferencyjne.pl\/blog\/wp-content\/uploads\/2023\/05\/brooke-lark-YSA1IRkGAsg-unsplash-scaled.jpg","width":2560,"height":1707},{"@type":"BreadcrumbList","@id":"https:\/\/www.miejscakonferencyjne.pl\/blog\/owocowe-czwartki-co-to-i-jak-je-zorganizowac\/#breadcrumb","itemListElement":[{"@type":"ListItem","position":1,"name":"Strona g\u0142\u00f3wna","item":"https:\/\/www.miejscakonferencyjne.pl\/blog\/"},{"@type":"ListItem","position":2,"name":"Owocowe czwartki &#8211; co to i jak je zorganizowa\u0107?"}]},{"@type":"WebSite","@id":"https:\/\/www.miejscakonferencyjne.pl\/blog\/#website","url":"https:\/\/www.miejscakonferencyjne.pl\/blog\/","name":"MiejscaKonferencyjne.pl","description":"Dowiedz si\u0119 wszystkiego na temat organizacji konferencji, szkole\u0144 i wydarze\u0144 biznesowych. Komentuj i dziel si\u0119 opini\u0105!","publisher":{"@id":"https:\/\/www.miejscakonferencyjne.pl\/blog\/#organization"},"potentialAction":[{"@type":"SearchAction","target":{"@type":"EntryPoint","urlTemplate":"https:\/\/www.miejscakonferencyjne.pl\/blog\/?s={search_term_string}"},"query-input":{"@type":"PropertyValueSpecification","valueRequired":true,"valueName":"search_term_string"}}],"inLanguage":"pl-PL"},{"@type":"Organization","@id":"https:\/\/www.miejscakonferencyjne.pl\/blog\/#organization","name":"MiejscaKonferencyjne.pl","url":"https:\/\/www.miejscakonferencyjne.pl\/blog\/","logo":{"@type":"ImageObject","inLanguage":"pl-PL","@id":"https:\/\/www.miejscakonferencyjne.pl\/blog\/#\/schema\/logo\/image\/","url":"https:\/\/www.miejscakonferencyjne.pl\/blog\/wp-content\/uploads\/2019\/12\/logo-white.png","contentUrl":"https:\/\/www.miejscakonferencyjne.pl\/blog\/wp-content\/uploads\/2019\/12\/logo-white.png","width":400,"height":63,"caption":"MiejscaKonferencyjne.pl"},"image":{"@id":"https:\/\/www.miejscakonferencyjne.pl\/blog\/#\/schema\/logo\/image\/"}},{"@type":"Person","@id":"https:\/\/www.miejscakonferencyjne.pl\/blog\/#\/schema\/person\/5d36c8d2fc115f913476eedc5840b662","name":"Natalia Bielicka","url":"https:\/\/www.miejscakonferencyjne.pl\/blog\/author\/nbielicka\/"}]}},"_links":{"self":[{"href":"https:\/\/www.miejscakonferencyjne.pl\/blog\/wp-json\/wp\/v2\/posts\/2706","targetHints":{"allow":["GET"]}}],"collection":[{"href":"https:\/\/www.miejscakonferencyjne.pl\/blog\/wp-json\/wp\/v2\/posts"}],"about":[{"href":"https:\/\/www.miejscakonferencyjne.pl\/blog\/wp-json\/wp\/v2\/types\/post"}],"author":[{"embeddable":true,"href":"https:\/\/www.miejscakonferencyjne.pl\/blog\/wp-json\/wp\/v2\/users\/9"}],"replies":[{"embeddable":true,"href":"https:\/\/www.miejscakonferencyjne.pl\/blog\/wp-json\/wp\/v2\/comments?post=2706"}],"version-history":[{"count":4,"href":"https:\/\/www.miejscakonferencyjne.pl\/blog\/wp-json\/wp\/v2\/posts\/2706\/revisions"}],"predecessor-version":[{"id":2716,"href":"https:\/\/www.miejscakonferencyjne.pl\/blog\/wp-json\/wp\/v2\/posts\/2706\/revisions\/2716"}],"wp:featuredmedia":[{"embeddable":true,"href":"https:\/\/www.miejscakonferencyjne.pl\/blog\/wp-json\/wp\/v2\/media\/2709"}],"wp:attachment":[{"href":"https:\/\/www.miejscakonferencyjne.pl\/blog\/wp-json\/wp\/v2\/media?parent=2706"}],"wp:term":[{"taxonomy":"category","embeddable":true,"href":"https:\/\/www.miejscakonferencyjne.pl\/blog\/wp-json\/wp\/v2\/categories?post=2706"},{"taxonomy":"post_tag","embeddable":true,"href":"https:\/\/www.miejscakonferencyjne.pl\/blog\/wp-json\/wp\/v2\/tags?post=2706"}],"curies":[{"name":"wp","href":"https:\/\/api.w.org\/{rel}","templated":true}]}}