{"id":2597,"date":"2023-02-23T19:19:51","date_gmt":"2023-02-23T17:19:51","guid":{"rendered":"https:\/\/www.miejscakonferencyjne.pl\/blog\/?p=2597"},"modified":"2024-05-07T12:03:09","modified_gmt":"2024-05-07T10:03:09","slug":"aranzacja-sali-konferencyjnej-o-czym-pamietac","status":"publish","type":"post","link":"https:\/\/www.miejscakonferencyjne.pl\/blog\/aranzacja-sali-konferencyjnej-o-czym-pamietac\/","title":{"rendered":"Aran\u017cacja sali konferencyjnej &#8211; o czym pami\u0119ta\u0107?"},"content":{"rendered":"<p style=\"text-align: justify;\"><strong>Sala konferencyjna to swego rodzaju wizyt\u00f3wka, zar\u00f3wno obiektu, w jakim si\u0119 znajduje, jak i organizator\u00f3w wydarze\u0144, kt\u00f3rzy decyduj\u0105 si\u0119 na wyb\u00f3r danej przestrzeni. W\u0142a\u015bnie dlatego bardzo wa\u017cna jest jej aran\u017cacja, przystosowanie do spotka\u0144 oraz jako\u015b\u0107 wyposa\u017cenia. To element reprezentatywny, kt\u00f3ry wp\u0142ywa na przebieg ka\u017cdego eventu, ale r\u00f3wnie\u017c na obi\u00f3r przedsi\u0119wzi\u0119cia przez uczestnik\u00f3w.<\/strong><\/p>\n<p style=\"text-align: justify;\">Poszczeg\u00f3lne elementy takie jak o\u015bwietlenie, nag\u0142o\u015bnienie, czy solidno\u015b\u0107 wykonania mebli wp\u0142ywa\u0107 mo\u017ce na koncentracj\u0119 Go\u015bci, ich wygod\u0119, a co za tym idzie na ich mo\u017cliwo\u015bci pe\u0142nego do\u015bwiadczenia organizowanych konferencji. W\u0142a\u015bnie dlatego postanowili\u015bmy odpowiedzie\u0107 na pytanie: <strong>jak powinna by\u0107 zaaran\u017cowana sala konferencyjna?<\/strong> Aran\u017cacja to nie\u0142atwe wyzwanie, jednak trzymaj\u0105c si\u0119 naszych wskaz\u00f3wek, z \u0142atwo\u015bci\u0105 mo\u017cna stworzy\u0107 przestrze\u0144, kt\u00f3ra sprzyja\u0107 b\u0119dzie owocnym spotkaniom.<\/p>\n<p><img loading=\"lazy\" decoding=\"async\" class=\"aligncenter size-full wp-image-2602\" src=\"https:\/\/www.miejscakonferencyjne.pl\/blog\/wp-content\/uploads\/2023\/02\/dane-deaner-_-KLkj7on_c-unsplash-scaled.jpg\" alt=\"\" width=\"2560\" height=\"2048\" srcset=\"https:\/\/www.miejscakonferencyjne.pl\/blog\/wp-content\/uploads\/2023\/02\/dane-deaner-_-KLkj7on_c-unsplash-scaled.jpg 2560w, https:\/\/www.miejscakonferencyjne.pl\/blog\/wp-content\/uploads\/2023\/02\/dane-deaner-_-KLkj7on_c-unsplash-1000x800.jpg 1000w, https:\/\/www.miejscakonferencyjne.pl\/blog\/wp-content\/uploads\/2023\/02\/dane-deaner-_-KLkj7on_c-unsplash-2000x1600.jpg 2000w, https:\/\/www.miejscakonferencyjne.pl\/blog\/wp-content\/uploads\/2023\/02\/dane-deaner-_-KLkj7on_c-unsplash-768x614.jpg 768w, https:\/\/www.miejscakonferencyjne.pl\/blog\/wp-content\/uploads\/2023\/02\/dane-deaner-_-KLkj7on_c-unsplash-1536x1229.jpg 1536w\" sizes=\"auto, (max-width: 2560px) 100vw, 2560px\" \/><\/p>\n<h2 style=\"text-align: center;\">O\u015bwietlenie i nag\u0142o\u015bnienie<\/h2>\n<p style=\"text-align: justify;\">Jednym z najwa\u017cniejszych warunk\u00f3w, kt\u00f3re nale\u017cy spe\u0142ni\u0107, by sala konferencyjna by\u0142a odpowiednio zaaran\u017cowana, jest <strong>odpowiednie o\u015bwietlenie<\/strong>. To ono wp\u0142ywa na ca\u0142okszta\u0142t oprawy wydarzenia oraz na komfort i zadowolenie uczestnik\u00f3w. Wa\u017cny jest <strong>dost\u0119p do \u015bwiat\u0142a dziennego.<\/strong> Stymuluje ono produkcj\u0119 hormonu szcz\u0119\u015bcia i melatoniny, kt\u00f3ra reguluje okres snu i czuwania. Oznacza to, \u017ce <strong>sala konferencyjna z oknami i dost\u0119pem do s\u0142o\u0144ca pozytywnie wp\u0142ynie na samopoczucie Go\u015bci i pomo\u017ce im bardziej skupi\u0107 si\u0119 na powierzonych zadaniach<\/strong>. Przy naturalnym \u015bwietle nale\u017cy jednak r\u00f3wnie\u017c pami\u0119ta\u0107 o odpowiednim <strong>zaciemnieniu okien,<\/strong> gdy\u017c podczas prezentowania na ekranach promienie s\u0142oneczne mog\u0105 utrudnia\u0107 widoczno\u015b\u0107.<\/p>\n<p style=\"text-align: justify;\">Je\u017celi chodzi o sztuczne \u015bwiat\u0142o, podpowiadamy, \u017ce<strong> najlepszym wyborem jest monta\u017c \u015bwiat\u0142a zimnego<\/strong>, czyli takiego, kt\u00f3re zwi\u0119ksza skupienie, poprawia koncentracj\u0119 i redukuje zm\u0119czenie. Do wn\u0119trz, kt\u00f3re przeznaczone s\u0105 do pracy, nie sprawdzi si\u0119 ciep\u0142e \u015bwiat\u0142o, poniewa\u017c kojarzy si\u0119 ono z odpoczynkiem i relaksem, co obni\u017ca produktywno\u015b\u0107. Co wi\u0119cej, rozmieszczaj\u0105c o\u015bwietlenie, musimy by\u0107 pewni, \u017ce jest ono<strong> r\u00f3wnomierne i dociera w ka\u017cde miejsce.<\/strong><\/p>\n<p><img loading=\"lazy\" decoding=\"async\" class=\"aligncenter size-full wp-image-2599\" src=\"https:\/\/www.miejscakonferencyjne.pl\/blog\/wp-content\/uploads\/2023\/02\/copernico-m8OEwd9bReA-unsplash-scaled.jpg\" alt=\"\" width=\"2560\" height=\"1707\" srcset=\"https:\/\/www.miejscakonferencyjne.pl\/blog\/wp-content\/uploads\/2023\/02\/copernico-m8OEwd9bReA-unsplash-scaled.jpg 2560w, https:\/\/www.miejscakonferencyjne.pl\/blog\/wp-content\/uploads\/2023\/02\/copernico-m8OEwd9bReA-unsplash-1000x667.jpg 1000w, https:\/\/www.miejscakonferencyjne.pl\/blog\/wp-content\/uploads\/2023\/02\/copernico-m8OEwd9bReA-unsplash-2000x1333.jpg 2000w, https:\/\/www.miejscakonferencyjne.pl\/blog\/wp-content\/uploads\/2023\/02\/copernico-m8OEwd9bReA-unsplash-768x512.jpg 768w, https:\/\/www.miejscakonferencyjne.pl\/blog\/wp-content\/uploads\/2023\/02\/copernico-m8OEwd9bReA-unsplash-1536x1024.jpg 1536w, https:\/\/www.miejscakonferencyjne.pl\/blog\/wp-content\/uploads\/2023\/02\/copernico-m8OEwd9bReA-unsplash-2048x1365.jpg 2048w, https:\/\/www.miejscakonferencyjne.pl\/blog\/wp-content\/uploads\/2023\/02\/copernico-m8OEwd9bReA-unsplash-706x471.jpg 706w, https:\/\/www.miejscakonferencyjne.pl\/blog\/wp-content\/uploads\/2023\/02\/copernico-m8OEwd9bReA-unsplash-1200x800.jpg 1200w\" sizes=\"auto, (max-width: 2560px) 100vw, 2560px\" \/><\/p>\n<p style=\"text-align: justify;\">Opr\u00f3cz odpowiedniego \u015bwiat\u0142a wa\u017cne jest te\u017c <strong>nag\u0142o\u015bnienie i odpowiednia izolacja pomieszczenia.<\/strong> Konieczne jest, by przekaz prowadz\u0105cego dotar\u0142 do ka\u017cdego uczestnika, niezale\u017cnie od wielko\u015bci przestrzeni, dlatego to wa\u017cne, by zainwestowa\u0107 w odpowiedni rodzaj system\u00f3w nag\u0142a\u015bniaj\u0105cych. Nie mo\u017ce r\u00f3wnie\u017c zabrakn\u0105\u0107 <strong>zestawu mikrofon\u00f3w oraz paneli wyg\u0142uszaj\u0105cych lub specjalnych sufit\u00f3w podwieszanych, kt\u00f3re izoluj\u0105 d\u017awi\u0119k<\/strong>. Taki zestaw zapewni pe\u0142en komfort i zrozumienie przekazu przez uczestnik\u00f3w.<\/p>\n<p><img loading=\"lazy\" decoding=\"async\" class=\"aligncenter size-full wp-image-2600\" src=\"https:\/\/www.miejscakonferencyjne.pl\/blog\/wp-content\/uploads\/2023\/02\/tatiana-balletti-xGw6aeq8KxM-unsplash-scaled.jpg\" alt=\"\" width=\"2560\" height=\"1707\" srcset=\"https:\/\/www.miejscakonferencyjne.pl\/blog\/wp-content\/uploads\/2023\/02\/tatiana-balletti-xGw6aeq8KxM-unsplash-scaled.jpg 2560w, https:\/\/www.miejscakonferencyjne.pl\/blog\/wp-content\/uploads\/2023\/02\/tatiana-balletti-xGw6aeq8KxM-unsplash-1000x667.jpg 1000w, https:\/\/www.miejscakonferencyjne.pl\/blog\/wp-content\/uploads\/2023\/02\/tatiana-balletti-xGw6aeq8KxM-unsplash-2000x1333.jpg 2000w, https:\/\/www.miejscakonferencyjne.pl\/blog\/wp-content\/uploads\/2023\/02\/tatiana-balletti-xGw6aeq8KxM-unsplash-768x512.jpg 768w, https:\/\/www.miejscakonferencyjne.pl\/blog\/wp-content\/uploads\/2023\/02\/tatiana-balletti-xGw6aeq8KxM-unsplash-1536x1024.jpg 1536w, https:\/\/www.miejscakonferencyjne.pl\/blog\/wp-content\/uploads\/2023\/02\/tatiana-balletti-xGw6aeq8KxM-unsplash-2048x1365.jpg 2048w, https:\/\/www.miejscakonferencyjne.pl\/blog\/wp-content\/uploads\/2023\/02\/tatiana-balletti-xGw6aeq8KxM-unsplash-706x471.jpg 706w, https:\/\/www.miejscakonferencyjne.pl\/blog\/wp-content\/uploads\/2023\/02\/tatiana-balletti-xGw6aeq8KxM-unsplash-1200x800.jpg 1200w\" sizes=\"auto, (max-width: 2560px) 100vw, 2560px\" \/><\/p>\n<h2 style=\"text-align: center;\">Meble wysokiej jako\u015bci<\/h2>\n<p style=\"text-align: justify;\">Organizacja konferencji potrafi trwa\u0107 wiele tygodni, jednak sam czas wydarzenia cz\u0119sto r\u00f3wnie\u017c rozci\u0105ga si\u0119 do du\u017cej ilo\u015bci pracowitych godzin. Z tego wynika, \u017ce krzes\u0142a i sto\u0142y, kt\u00f3re znajduj\u0105 si\u0119 w sali, powinny zapewni\u0107 pe\u0142n\u0105 wygod\u0119 i komfort nawet podczas wielogodzinnych spotka\u0144.<strong> Warto zdecydowa\u0107 si\u0119 na ergonomiczne krzes\u0142a i sto\u0142y, kt\u00f3re zadbaj\u0105 o asekuracj\u0119 i odpowiedni\u0105 pozycj\u0119 cia\u0142a, a tak\u017ce zapewni\u0105 wystarczaj\u0105c\u0105 ilo\u015b\u0107 miejsca na swobodne ruchy i czynno\u015bci takie jak na przyk\u0142ad notowanie.<\/strong> W przypadku sto\u0142\u00f3w nale\u017cy pami\u0119ta\u0107, \u017ce musz\u0105 by\u0107 one dostosowane do wielko\u015bci pomieszczenia i nie powinny go przyt\u0142acza\u0107. Wa\u017cny jest r\u00f3wnie\u017c kszta\u0142t, kt\u00f3ry powinien by\u0107 dostosowany do spotka\u0144, do jakich przeznaczona b\u0119dzie przestrze\u0144.<\/p>\n<p><img loading=\"lazy\" decoding=\"async\" class=\"aligncenter size-full wp-image-2604\" src=\"https:\/\/www.miejscakonferencyjne.pl\/blog\/wp-content\/uploads\/2023\/02\/s-o-c-i-a-l-c-u-t-1RT4txDDAbM-unsplash-scaled.jpg\" alt=\"\" width=\"2560\" height=\"1704\" srcset=\"https:\/\/www.miejscakonferencyjne.pl\/blog\/wp-content\/uploads\/2023\/02\/s-o-c-i-a-l-c-u-t-1RT4txDDAbM-unsplash-scaled.jpg 2560w, https:\/\/www.miejscakonferencyjne.pl\/blog\/wp-content\/uploads\/2023\/02\/s-o-c-i-a-l-c-u-t-1RT4txDDAbM-unsplash-1000x666.jpg 1000w, https:\/\/www.miejscakonferencyjne.pl\/blog\/wp-content\/uploads\/2023\/02\/s-o-c-i-a-l-c-u-t-1RT4txDDAbM-unsplash-2000x1331.jpg 2000w, https:\/\/www.miejscakonferencyjne.pl\/blog\/wp-content\/uploads\/2023\/02\/s-o-c-i-a-l-c-u-t-1RT4txDDAbM-unsplash-768x511.jpg 768w, https:\/\/www.miejscakonferencyjne.pl\/blog\/wp-content\/uploads\/2023\/02\/s-o-c-i-a-l-c-u-t-1RT4txDDAbM-unsplash-1536x1022.jpg 1536w, https:\/\/www.miejscakonferencyjne.pl\/blog\/wp-content\/uploads\/2023\/02\/s-o-c-i-a-l-c-u-t-1RT4txDDAbM-unsplash-2048x1363.jpg 2048w, https:\/\/www.miejscakonferencyjne.pl\/blog\/wp-content\/uploads\/2023\/02\/s-o-c-i-a-l-c-u-t-1RT4txDDAbM-unsplash-706x470.jpg 706w, https:\/\/www.miejscakonferencyjne.pl\/blog\/wp-content\/uploads\/2023\/02\/s-o-c-i-a-l-c-u-t-1RT4txDDAbM-unsplash-1200x799.jpg 1200w\" sizes=\"auto, (max-width: 2560px) 100vw, 2560px\" \/><\/p>\n<h2 style=\"text-align: center;\">Szczeg\u00f3\u0142y maj\u0105 znaczenie<\/h2>\n<p style=\"text-align: justify;\">Oczywisto\u015bci\u0105 przy aran\u017cacji sali konferencyjnej jest zapewnienie profesjonalnego, a przede wszystkim w pe\u0142ni sprawnego sprz\u0119tu &#8211; <strong>ekran\u00f3w, projektor\u00f3w oraz szybkiego internetu. Jednak jednym z wa\u017cniejszych urz\u0105dze\u0144 jest klimatyzacj<\/strong>a. Temperatura znacz\u0105co wp\u0142ywa na koncentracje uczestnik\u00f3w wydarze\u0144, dlatego organizator powinien by\u0107 w stanie j\u0105 indywidualnie kontrolowa\u0107.<\/p>\n<p style=\"text-align: justify;\">Opr\u00f3cz sta\u0142ego wyposa\u017cenia warto zainwestowa\u0107 w <strong>dekoracje<\/strong>. Plakaty, ozdoby \u015bcienne, doniczki i ma\u0142e szczeg\u00f3\u0142y pozytywnie wp\u0142ywaj\u0105 na odbi\u00f3r ca\u0142ego przedsi\u0119wzi\u0119cia. Ocieplaj\u0105 wizerunek zar\u00f3wno obiektu, jak i organizatora eventu. Dodatkowo istotnym elementem s\u0105 <strong>ro\u015bliny.<\/strong> Towarzystwo zieleni pobudza kreatywno\u015b\u0107, rozw\u00f3j i wprawia wszystkich w dobry nastr\u00f3j. Wn\u0119trza udekorowane kolorowymi, stylowymi elementami maj\u0105 znacznie mniej przyt\u0142aczaj\u0105cy charakter ni\u017c czarno-bia\u0142e, monotonne pomieszczenia.<\/p>\n<p><img loading=\"lazy\" decoding=\"async\" class=\"aligncenter size-full wp-image-2601\" src=\"https:\/\/www.miejscakonferencyjne.pl\/blog\/wp-content\/uploads\/2023\/02\/damir-kopezhanov-VM1Voswbs0A-unsplash-scaled.jpg\" alt=\"\" width=\"2560\" height=\"1767\" srcset=\"https:\/\/www.miejscakonferencyjne.pl\/blog\/wp-content\/uploads\/2023\/02\/damir-kopezhanov-VM1Voswbs0A-unsplash-scaled.jpg 2560w, https:\/\/www.miejscakonferencyjne.pl\/blog\/wp-content\/uploads\/2023\/02\/damir-kopezhanov-VM1Voswbs0A-unsplash-1000x690.jpg 1000w, https:\/\/www.miejscakonferencyjne.pl\/blog\/wp-content\/uploads\/2023\/02\/damir-kopezhanov-VM1Voswbs0A-unsplash-2000x1381.jpg 2000w, https:\/\/www.miejscakonferencyjne.pl\/blog\/wp-content\/uploads\/2023\/02\/damir-kopezhanov-VM1Voswbs0A-unsplash-768x530.jpg 768w, https:\/\/www.miejscakonferencyjne.pl\/blog\/wp-content\/uploads\/2023\/02\/damir-kopezhanov-VM1Voswbs0A-unsplash-1536x1060.jpg 1536w, https:\/\/www.miejscakonferencyjne.pl\/blog\/wp-content\/uploads\/2023\/02\/damir-kopezhanov-VM1Voswbs0A-unsplash-2048x1414.jpg 2048w, https:\/\/www.miejscakonferencyjne.pl\/blog\/wp-content\/uploads\/2023\/02\/damir-kopezhanov-VM1Voswbs0A-unsplash-706x487.jpg 706w, https:\/\/www.miejscakonferencyjne.pl\/blog\/wp-content\/uploads\/2023\/02\/damir-kopezhanov-VM1Voswbs0A-unsplash-1200x829.jpg 1200w\" sizes=\"auto, (max-width: 2560px) 100vw, 2560px\" \/><\/p>\n<p style=\"text-align: justify;\"><strong>Dobrze urz\u0105dzona sala konferencyjna to sukces ka\u017cdego obiektu<\/strong>. Sympatyczna i funkcjonalna aran\u017cacja zach\u0119ca Go\u015bci do uczestnictwa w wydarzeniach, a organizator\u00f3w do wyboru danych przestrzeni.<\/p>\n","protected":false},"excerpt":{"rendered":"<p>Wystr\u00f3j i jako\u015b\u0107 wyposa\u017cenia znacz\u0105co wp\u0142ywa na zadowolenie i komfort uczestnik\u00f3w konferencji. Dlatego wa\u017cne jest, by przy aran\u017cacji wn\u0119trz sal konferencyjnych zwr\u00f3ci\u0107 uwag\u0119 na szczeg\u00f3\u0142y takie jak o\u015bwietlenie, czy odpowiedni dob\u00f3r mebli. Przedstawiamy Wam kr\u00f3tki poradnik, jak odpowiednio przygotowa\u0107 sal\u0119 konferencyjn\u0105.<\/p>\n","protected":false},"author":9,"featured_media":2598,"comment_status":"closed","ping_status":"closed","sticky":false,"template":"","format":"standard","meta":{"_acf_changed":false,"footnotes":""},"categories":[212,189,170,237],"tags":[173,180,202,191,177,181,182],"class_list":["post-2597","post","type-post","status-publish","format-standard","has-post-thumbnail","hentry","category-miejsce-na-konferencje","category-organizacja-eventu","category-organizacja-konferencji","category-szkolenia-i-wydarzenia-biznesowe-porady","tag-konferencja","tag-miejsca-konferencyjne","tag-naglosnienie","tag-organizacja-eventu","tag-organizacja-szkolenia","tag-sale-konferencyjne","tag-sale-szkoleniowe","bwp-masonry-item","bwp-blog-col-3"],"acf":[],"yoast_head":"<!-- This site is optimized with the Yoast SEO plugin v26.8 - https:\/\/yoast.com\/product\/yoast-seo-wordpress\/ -->\n<title>Aran\u017cacja sali konferencyjnej - o czym pami\u0119ta\u0107? - MiejscaKonferencyjne.pl<\/title>\n<meta name=\"description\" content=\"Aran\u017cacja sali konferencyjnej - o czym pami\u0119ta\u0107? - MiejscaKonferencyjne.pl\" \/>\n<meta name=\"robots\" content=\"index, follow, max-snippet:-1, max-image-preview:large, max-video-preview:-1\" \/>\n<link rel=\"canonical\" href=\"https:\/\/www.miejscakonferencyjne.pl\/blog\/aranzacja-sali-konferencyjnej-o-czym-pamietac\/\" \/>\n<meta property=\"og:locale\" content=\"pl_PL\" \/>\n<meta property=\"og:type\" content=\"article\" \/>\n<meta property=\"og:title\" content=\"Aran\u017cacja sali konferencyjnej - o czym pami\u0119ta\u0107? - MiejscaKonferencyjne.pl\" \/>\n<meta property=\"og:description\" content=\"Aran\u017cacja sali konferencyjnej - o czym pami\u0119ta\u0107? - MiejscaKonferencyjne.pl\" \/>\n<meta property=\"og:url\" content=\"https:\/\/www.miejscakonferencyjne.pl\/blog\/aranzacja-sali-konferencyjnej-o-czym-pamietac\/\" \/>\n<meta property=\"og:site_name\" content=\"MiejscaKonferencyjne.pl\" \/>\n<meta property=\"article:published_time\" content=\"2023-02-23T17:19:51+00:00\" \/>\n<meta property=\"article:modified_time\" content=\"2024-05-07T10:03:09+00:00\" \/>\n<meta property=\"og:image\" content=\"https:\/\/www.miejscakonferencyjne.pl\/blog\/wp-content\/uploads\/2023\/02\/elena-baidak-pz69kY0UQuQ-unsplash.jpg\" \/>\n\t<meta property=\"og:image:width\" content=\"2268\" \/>\n\t<meta property=\"og:image:height\" content=\"2268\" \/>\n\t<meta property=\"og:image:type\" content=\"image\/jpeg\" \/>\n<meta name=\"author\" content=\"Natalia Bielicka\" \/>\n<meta name=\"twitter:card\" content=\"summary_large_image\" \/>\n<meta name=\"twitter:label1\" content=\"Napisane przez\" \/>\n\t<meta name=\"twitter:data1\" content=\"Natalia Bielicka\" \/>\n\t<meta name=\"twitter:label2\" content=\"Szacowany czas czytania\" \/>\n\t<meta name=\"twitter:data2\" content=\"4 minuty\" \/>\n<!-- \/ Yoast SEO plugin. -->","yoast_head_json":{"title":"Aran\u017cacja sali konferencyjnej - o czym pami\u0119ta\u0107? - MiejscaKonferencyjne.pl","description":"Aran\u017cacja sali konferencyjnej - o czym pami\u0119ta\u0107? - MiejscaKonferencyjne.pl","robots":{"index":"index","follow":"follow","max-snippet":"max-snippet:-1","max-image-preview":"max-image-preview:large","max-video-preview":"max-video-preview:-1"},"canonical":"https:\/\/www.miejscakonferencyjne.pl\/blog\/aranzacja-sali-konferencyjnej-o-czym-pamietac\/","og_locale":"pl_PL","og_type":"article","og_title":"Aran\u017cacja sali konferencyjnej - o czym pami\u0119ta\u0107? - MiejscaKonferencyjne.pl","og_description":"Aran\u017cacja sali konferencyjnej - o czym pami\u0119ta\u0107? - MiejscaKonferencyjne.pl","og_url":"https:\/\/www.miejscakonferencyjne.pl\/blog\/aranzacja-sali-konferencyjnej-o-czym-pamietac\/","og_site_name":"MiejscaKonferencyjne.pl","article_published_time":"2023-02-23T17:19:51+00:00","article_modified_time":"2024-05-07T10:03:09+00:00","og_image":[{"width":2268,"height":2268,"url":"https:\/\/www.miejscakonferencyjne.pl\/blog\/wp-content\/uploads\/2023\/02\/elena-baidak-pz69kY0UQuQ-unsplash.jpg","type":"image\/jpeg"}],"author":"Natalia Bielicka","twitter_card":"summary_large_image","twitter_misc":{"Napisane przez":"Natalia Bielicka","Szacowany czas czytania":"4 minuty"},"schema":{"@context":"https:\/\/schema.org","@graph":[{"@type":["Article","BlogPosting"],"@id":"https:\/\/www.miejscakonferencyjne.pl\/blog\/aranzacja-sali-konferencyjnej-o-czym-pamietac\/#article","isPartOf":{"@id":"https:\/\/www.miejscakonferencyjne.pl\/blog\/aranzacja-sali-konferencyjnej-o-czym-pamietac\/"},"author":{"name":"Natalia Bielicka","@id":"https:\/\/www.miejscakonferencyjne.pl\/blog\/#\/schema\/person\/5d36c8d2fc115f913476eedc5840b662"},"headline":"Aran\u017cacja sali konferencyjnej &#8211; o czym pami\u0119ta\u0107?","datePublished":"2023-02-23T17:19:51+00:00","dateModified":"2024-05-07T10:03:09+00:00","mainEntityOfPage":{"@id":"https:\/\/www.miejscakonferencyjne.pl\/blog\/aranzacja-sali-konferencyjnej-o-czym-pamietac\/"},"wordCount":754,"publisher":{"@id":"https:\/\/www.miejscakonferencyjne.pl\/blog\/#organization"},"image":{"@id":"https:\/\/www.miejscakonferencyjne.pl\/blog\/aranzacja-sali-konferencyjnej-o-czym-pamietac\/#primaryimage"},"thumbnailUrl":"https:\/\/www.miejscakonferencyjne.pl\/blog\/wp-content\/uploads\/2023\/02\/elena-baidak-pz69kY0UQuQ-unsplash.jpg","keywords":["konferencja","miejsca konferencyjne","nag\u0142o\u015bnienie","organizacja eventu","organizacja szkolenia","sale konferencyjne","sale szkoleniowe"],"articleSection":["Miejsce na konferencj\u0119","Organizacja eventu","Organizacja konferencji","Szkolenia i wydarzenia biznesowe - porady"],"inLanguage":"pl-PL"},{"@type":"WebPage","@id":"https:\/\/www.miejscakonferencyjne.pl\/blog\/aranzacja-sali-konferencyjnej-o-czym-pamietac\/","url":"https:\/\/www.miejscakonferencyjne.pl\/blog\/aranzacja-sali-konferencyjnej-o-czym-pamietac\/","name":"Aran\u017cacja sali konferencyjnej - o czym pami\u0119ta\u0107? - MiejscaKonferencyjne.pl","isPartOf":{"@id":"https:\/\/www.miejscakonferencyjne.pl\/blog\/#website"},"primaryImageOfPage":{"@id":"https:\/\/www.miejscakonferencyjne.pl\/blog\/aranzacja-sali-konferencyjnej-o-czym-pamietac\/#primaryimage"},"image":{"@id":"https:\/\/www.miejscakonferencyjne.pl\/blog\/aranzacja-sali-konferencyjnej-o-czym-pamietac\/#primaryimage"},"thumbnailUrl":"https:\/\/www.miejscakonferencyjne.pl\/blog\/wp-content\/uploads\/2023\/02\/elena-baidak-pz69kY0UQuQ-unsplash.jpg","datePublished":"2023-02-23T17:19:51+00:00","dateModified":"2024-05-07T10:03:09+00:00","description":"Aran\u017cacja sali konferencyjnej - o czym pami\u0119ta\u0107? - MiejscaKonferencyjne.pl","breadcrumb":{"@id":"https:\/\/www.miejscakonferencyjne.pl\/blog\/aranzacja-sali-konferencyjnej-o-czym-pamietac\/#breadcrumb"},"inLanguage":"pl-PL","potentialAction":[{"@type":"ReadAction","target":["https:\/\/www.miejscakonferencyjne.pl\/blog\/aranzacja-sali-konferencyjnej-o-czym-pamietac\/"]}]},{"@type":"ImageObject","inLanguage":"pl-PL","@id":"https:\/\/www.miejscakonferencyjne.pl\/blog\/aranzacja-sali-konferencyjnej-o-czym-pamietac\/#primaryimage","url":"https:\/\/www.miejscakonferencyjne.pl\/blog\/wp-content\/uploads\/2023\/02\/elena-baidak-pz69kY0UQuQ-unsplash.jpg","contentUrl":"https:\/\/www.miejscakonferencyjne.pl\/blog\/wp-content\/uploads\/2023\/02\/elena-baidak-pz69kY0UQuQ-unsplash.jpg","width":2268,"height":2268},{"@type":"BreadcrumbList","@id":"https:\/\/www.miejscakonferencyjne.pl\/blog\/aranzacja-sali-konferencyjnej-o-czym-pamietac\/#breadcrumb","itemListElement":[{"@type":"ListItem","position":1,"name":"Strona g\u0142\u00f3wna","item":"https:\/\/www.miejscakonferencyjne.pl\/blog\/"},{"@type":"ListItem","position":2,"name":"Aran\u017cacja sali konferencyjnej &#8211; o czym pami\u0119ta\u0107?"}]},{"@type":"WebSite","@id":"https:\/\/www.miejscakonferencyjne.pl\/blog\/#website","url":"https:\/\/www.miejscakonferencyjne.pl\/blog\/","name":"MiejscaKonferencyjne.pl","description":"Dowiedz si\u0119 wszystkiego na temat organizacji konferencji, szkole\u0144 i wydarze\u0144 biznesowych. Komentuj i dziel si\u0119 opini\u0105!","publisher":{"@id":"https:\/\/www.miejscakonferencyjne.pl\/blog\/#organization"},"potentialAction":[{"@type":"SearchAction","target":{"@type":"EntryPoint","urlTemplate":"https:\/\/www.miejscakonferencyjne.pl\/blog\/?s={search_term_string}"},"query-input":{"@type":"PropertyValueSpecification","valueRequired":true,"valueName":"search_term_string"}}],"inLanguage":"pl-PL"},{"@type":"Organization","@id":"https:\/\/www.miejscakonferencyjne.pl\/blog\/#organization","name":"MiejscaKonferencyjne.pl","url":"https:\/\/www.miejscakonferencyjne.pl\/blog\/","logo":{"@type":"ImageObject","inLanguage":"pl-PL","@id":"https:\/\/www.miejscakonferencyjne.pl\/blog\/#\/schema\/logo\/image\/","url":"https:\/\/www.miejscakonferencyjne.pl\/blog\/wp-content\/uploads\/2019\/12\/logo-white.png","contentUrl":"https:\/\/www.miejscakonferencyjne.pl\/blog\/wp-content\/uploads\/2019\/12\/logo-white.png","width":400,"height":63,"caption":"MiejscaKonferencyjne.pl"},"image":{"@id":"https:\/\/www.miejscakonferencyjne.pl\/blog\/#\/schema\/logo\/image\/"}},{"@type":"Person","@id":"https:\/\/www.miejscakonferencyjne.pl\/blog\/#\/schema\/person\/5d36c8d2fc115f913476eedc5840b662","name":"Natalia Bielicka","url":"https:\/\/www.miejscakonferencyjne.pl\/blog\/author\/nbielicka\/"}]}},"_links":{"self":[{"href":"https:\/\/www.miejscakonferencyjne.pl\/blog\/wp-json\/wp\/v2\/posts\/2597","targetHints":{"allow":["GET"]}}],"collection":[{"href":"https:\/\/www.miejscakonferencyjne.pl\/blog\/wp-json\/wp\/v2\/posts"}],"about":[{"href":"https:\/\/www.miejscakonferencyjne.pl\/blog\/wp-json\/wp\/v2\/types\/post"}],"author":[{"embeddable":true,"href":"https:\/\/www.miejscakonferencyjne.pl\/blog\/wp-json\/wp\/v2\/users\/9"}],"replies":[{"embeddable":true,"href":"https:\/\/www.miejscakonferencyjne.pl\/blog\/wp-json\/wp\/v2\/comments?post=2597"}],"version-history":[{"count":3,"href":"https:\/\/www.miejscakonferencyjne.pl\/blog\/wp-json\/wp\/v2\/posts\/2597\/revisions"}],"predecessor-version":[{"id":2607,"href":"https:\/\/www.miejscakonferencyjne.pl\/blog\/wp-json\/wp\/v2\/posts\/2597\/revisions\/2607"}],"wp:featuredmedia":[{"embeddable":true,"href":"https:\/\/www.miejscakonferencyjne.pl\/blog\/wp-json\/wp\/v2\/media\/2598"}],"wp:attachment":[{"href":"https:\/\/www.miejscakonferencyjne.pl\/blog\/wp-json\/wp\/v2\/media?parent=2597"}],"wp:term":[{"taxonomy":"category","embeddable":true,"href":"https:\/\/www.miejscakonferencyjne.pl\/blog\/wp-json\/wp\/v2\/categories?post=2597"},{"taxonomy":"post_tag","embeddable":true,"href":"https:\/\/www.miejscakonferencyjne.pl\/blog\/wp-json\/wp\/v2\/tags?post=2597"}],"curies":[{"name":"wp","href":"https:\/\/api.w.org\/{rel}","templated":true}]}}