{"id":2569,"date":"2025-03-26T18:49:33","date_gmt":"2025-03-26T16:49:33","guid":{"rendered":"https:\/\/www.miejscakonferencyjne.pl\/blog\/?p=2569"},"modified":"2025-03-26T19:50:59","modified_gmt":"2025-03-26T17:50:59","slug":"integracja-pracownikow-jak-ja-zorganizowac","status":"publish","type":"post","link":"https:\/\/www.miejscakonferencyjne.pl\/blog\/integracja-pracownikow-jak-ja-zorganizowac\/","title":{"rendered":"Integracja pracownik\u00f3w &#8211; jak j\u0105 zorganizowa\u0107?"},"content":{"rendered":"<p style=\"text-align: justify;\"><strong>Coraz bardziej popularne staje si\u0119 organizowanie przez firmy imprez integracyjnych dla pracownik\u00f3w. Taka inicjatywa pozwala nawi\u0105za\u0107 silne wi\u0119zi mi\u0119dzy pracownikami, co skutkuje w wi\u0119kszej efektywno\u015bci, zgraniu oraz w lepszych wynikach. Co wi\u0119cej, wyjazdy zach\u0119caj\u0105 do pracy i dodaj\u0105 energii do dzia\u0142ania. <\/strong><\/p>\n<p style=\"text-align: justify;\">Takie spotkania mog\u0105 by\u0107 r\u00f3wnie\u017c cenn\u0105 dawk\u0105 informacji dla pracodawcy o swojej za\u0142odze. Zaobserwowa\u0107 mo\u017cna role poszczeg\u00f3lnych os\u00f3b w grupie i ich zachowanie w nowych sytuacjach, a dodatkowo zdoby\u0107 sobie ich lojalno\u015b\u0107. Integracja pracownik\u00f3w to istotny element w prowadzeniu odnosz\u0105cego sukcesy biznesu, jednak cz\u0119sto mimo ch\u0119ci pracodawcy nie wiedz\u0105, jak j\u0105 zorganizowa\u0107. Dlatego przygotowali\u015bmy dla Wa kilka pomys\u0142\u00f3w jak przygotowa\u0107 udan\u0105 integracj\u0119 pracownicz\u0105.<\/p>\n<p style=\"text-align: justify;\">Imprezy integracyjne mog\u0105 przybra\u0107 r\u00f3\u017cnorodne formy &#8211; <strong>od zwyk\u0142ego spotkania, przez warsztaty, a\u017c po kilkudniowe wyjazdy.<\/strong><img loading=\"lazy\" decoding=\"async\" class=\"aligncenter size-full wp-image-2573\" src=\"https:\/\/www.miejscakonferencyjne.pl\/blog\/wp-content\/uploads\/2022\/12\/hillary-ungson-TdpSX7XAcKo-unsplash-scaled.jpg\" alt=\"\" width=\"1707\" height=\"2560\" srcset=\"https:\/\/www.miejscakonferencyjne.pl\/blog\/wp-content\/uploads\/2022\/12\/hillary-ungson-TdpSX7XAcKo-unsplash-scaled.jpg 1707w, https:\/\/www.miejscakonferencyjne.pl\/blog\/wp-content\/uploads\/2022\/12\/hillary-ungson-TdpSX7XAcKo-unsplash-667x1000.jpg 667w, https:\/\/www.miejscakonferencyjne.pl\/blog\/wp-content\/uploads\/2022\/12\/hillary-ungson-TdpSX7XAcKo-unsplash-1333x2000.jpg 1333w, https:\/\/www.miejscakonferencyjne.pl\/blog\/wp-content\/uploads\/2022\/12\/hillary-ungson-TdpSX7XAcKo-unsplash-768x1152.jpg 768w, https:\/\/www.miejscakonferencyjne.pl\/blog\/wp-content\/uploads\/2022\/12\/hillary-ungson-TdpSX7XAcKo-unsplash-1024x1536.jpg 1024w, https:\/\/www.miejscakonferencyjne.pl\/blog\/wp-content\/uploads\/2022\/12\/hillary-ungson-TdpSX7XAcKo-unsplash-1365x2048.jpg 1365w, https:\/\/www.miejscakonferencyjne.pl\/blog\/wp-content\/uploads\/2022\/12\/hillary-ungson-TdpSX7XAcKo-unsplash-706x1059.jpg 706w, https:\/\/www.miejscakonferencyjne.pl\/blog\/wp-content\/uploads\/2022\/12\/hillary-ungson-TdpSX7XAcKo-unsplash-1200x1800.jpg 1200w\" sizes=\"auto, (max-width: 1707px) 100vw, 1707px\" \/><\/p>\n<p><img loading=\"lazy\" decoding=\"async\" class=\"aligncenter size-full wp-image-2572\" src=\"https:\/\/www.miejscakonferencyjne.pl\/blog\/wp-content\/uploads\/2022\/12\/antenna-ZDN-G1xBWHY-unsplash-scaled.jpg\" alt=\"\" width=\"2560\" height=\"1707\" srcset=\"https:\/\/www.miejscakonferencyjne.pl\/blog\/wp-content\/uploads\/2022\/12\/antenna-ZDN-G1xBWHY-unsplash-scaled.jpg 2560w, https:\/\/www.miejscakonferencyjne.pl\/blog\/wp-content\/uploads\/2022\/12\/antenna-ZDN-G1xBWHY-unsplash-1000x667.jpg 1000w, https:\/\/www.miejscakonferencyjne.pl\/blog\/wp-content\/uploads\/2022\/12\/antenna-ZDN-G1xBWHY-unsplash-2000x1333.jpg 2000w, https:\/\/www.miejscakonferencyjne.pl\/blog\/wp-content\/uploads\/2022\/12\/antenna-ZDN-G1xBWHY-unsplash-768x512.jpg 768w, https:\/\/www.miejscakonferencyjne.pl\/blog\/wp-content\/uploads\/2022\/12\/antenna-ZDN-G1xBWHY-unsplash-1536x1024.jpg 1536w, https:\/\/www.miejscakonferencyjne.pl\/blog\/wp-content\/uploads\/2022\/12\/antenna-ZDN-G1xBWHY-unsplash-2048x1365.jpg 2048w, https:\/\/www.miejscakonferencyjne.pl\/blog\/wp-content\/uploads\/2022\/12\/antenna-ZDN-G1xBWHY-unsplash-706x471.jpg 706w, https:\/\/www.miejscakonferencyjne.pl\/blog\/wp-content\/uploads\/2022\/12\/antenna-ZDN-G1xBWHY-unsplash-1200x800.jpg 1200w\" sizes=\"auto, (max-width: 2560px) 100vw, 2560px\" \/><\/p>\n<h2 style=\"text-align: center;\">Spotkania po godzinach pracy<\/h2>\n<p style=\"text-align: justify;\">Pomys\u0142y na integracj\u0119 firmow\u0105 ogranicza jedynie kreatywno\u015b\u0107. Zdecydowanie najlu\u017aniejsz\u0105 form\u0105 zbli\u017cenia si\u0119 do pracownik\u00f3w s\u0105 zwyk\u0142e spotkania po godzinach pracy. Takie rozwi\u0105zanie idealne jest dla zapracowanych, gdy\u017c nie wymaga po\u015bwi\u0119cenia a\u017c tak du\u017cej ilo\u015bci czasu, jak w przypadku kilkudniowych wyjazd\u00f3w. Dobrym wyj\u015bciem jest <strong>organizacja bankietu &#8211; wystarczy sala konferencyjna na wynajem z cateringiem<\/strong>, a doborowe towarzystwo zadba o niepowtarzalny klimat i atmosfer\u0119. Jednak takie wyj\u015bcia nie musz\u0105 r\u00f3wna\u0107 si\u0119 jedynie zwyk\u0142emu <strong>wypadowi do restauracji, czy baru<\/strong>, cho\u0107 to r\u00f3wnie\u017c \u015bwietny pomys\u0142 na bli\u017csze poznanie wsp\u00f3\u0142pracownik\u00f3w i sp\u0119dzenie czasu w towarzystwie wy\u015bmienitych posi\u0142k\u00f3w.<\/p>\n<p><img loading=\"lazy\" decoding=\"async\" class=\"aligncenter size-full wp-image-2574\" src=\"https:\/\/www.miejscakonferencyjne.pl\/blog\/wp-content\/uploads\/2022\/12\/priscilla-du-preez-XkKCui44iM0-unsplash-scaled.jpg\" alt=\"\" width=\"2560\" height=\"1707\" srcset=\"https:\/\/www.miejscakonferencyjne.pl\/blog\/wp-content\/uploads\/2022\/12\/priscilla-du-preez-XkKCui44iM0-unsplash-scaled.jpg 2560w, https:\/\/www.miejscakonferencyjne.pl\/blog\/wp-content\/uploads\/2022\/12\/priscilla-du-preez-XkKCui44iM0-unsplash-1000x667.jpg 1000w, https:\/\/www.miejscakonferencyjne.pl\/blog\/wp-content\/uploads\/2022\/12\/priscilla-du-preez-XkKCui44iM0-unsplash-2000x1333.jpg 2000w, https:\/\/www.miejscakonferencyjne.pl\/blog\/wp-content\/uploads\/2022\/12\/priscilla-du-preez-XkKCui44iM0-unsplash-768x512.jpg 768w, https:\/\/www.miejscakonferencyjne.pl\/blog\/wp-content\/uploads\/2022\/12\/priscilla-du-preez-XkKCui44iM0-unsplash-1536x1024.jpg 1536w\" sizes=\"auto, (max-width: 2560px) 100vw, 2560px\" \/><\/p>\n<p style=\"text-align: justify;\">Zorganizowa\u0107 mo\u017cna ciekawe i oryginalne wyj\u015bcie, kt\u00f3re wprowadzi odrobin\u0119 rywalizacji. Sukces zagwarantuj\u0105 mi\u0119dzy innymi <strong>mistrzostwa firmowe w grze w kr\u0119gle lub paintball.<\/strong> To \u015bwietna rozrywka i mo\u017cliwo\u015b\u0107 poznania predyspozycji ka\u017cdego pracownika. \u015awietn\u0105 propozycj\u0105 jest te\u017c <strong>mi\u0119dzydzia\u0142owy mecz siatk\u00f3wki lub wzi\u0119cie udzia\u0142u w escape roomie<\/strong>. Nic nie jednoczy zespo\u0142u tak, jak wsp\u00f3lne rozwi\u0105zywanie problem\u00f3w i zdrowa grywalizacja. Dobrym pomys\u0142em mog\u0105 by\u0107 r\u00f3wnie\u017c <strong>warsztaty i szkolenia<\/strong>, jednak nie z dziedzin zwi\u0105zanych z prac\u0105, a takich, kt\u00f3re pomog\u0105 si\u0119 rozlu\u017ani\u0107, a mo\u017ce nawet znale\u017a\u0107 nowe hobby. <strong>Gotowanie, szyde\u0142kowanie, a mo\u017ce degustacja win?<\/strong> Tutaj nie ma ogranicze\u0144! Wystarczy znale\u017a\u0107 miejsce, kt\u00f3re organizuje aktywno\u015bci dla grup, a do\u015bwiadczeni profesjonali\u015bci zaplanuj\u0105 atrakcj\u0119 od pocz\u0105tku do ko\u0144ca.<\/p>\n<p><img loading=\"lazy\" decoding=\"async\" class=\"aligncenter size-full wp-image-2571\" src=\"https:\/\/www.miejscakonferencyjne.pl\/blog\/wp-content\/uploads\/2022\/12\/muhammad-taufik-WAcxWburQAU-unsplash-scaled.jpg\" alt=\"\" width=\"2560\" height=\"1707\" srcset=\"https:\/\/www.miejscakonferencyjne.pl\/blog\/wp-content\/uploads\/2022\/12\/muhammad-taufik-WAcxWburQAU-unsplash-scaled.jpg 2560w, https:\/\/www.miejscakonferencyjne.pl\/blog\/wp-content\/uploads\/2022\/12\/muhammad-taufik-WAcxWburQAU-unsplash-1000x667.jpg 1000w, https:\/\/www.miejscakonferencyjne.pl\/blog\/wp-content\/uploads\/2022\/12\/muhammad-taufik-WAcxWburQAU-unsplash-2000x1333.jpg 2000w, https:\/\/www.miejscakonferencyjne.pl\/blog\/wp-content\/uploads\/2022\/12\/muhammad-taufik-WAcxWburQAU-unsplash-768x512.jpg 768w, https:\/\/www.miejscakonferencyjne.pl\/blog\/wp-content\/uploads\/2022\/12\/muhammad-taufik-WAcxWburQAU-unsplash-1536x1024.jpg 1536w, https:\/\/www.miejscakonferencyjne.pl\/blog\/wp-content\/uploads\/2022\/12\/muhammad-taufik-WAcxWburQAU-unsplash-2048x1365.jpg 2048w, https:\/\/www.miejscakonferencyjne.pl\/blog\/wp-content\/uploads\/2022\/12\/muhammad-taufik-WAcxWburQAU-unsplash-706x471.jpg 706w, https:\/\/www.miejscakonferencyjne.pl\/blog\/wp-content\/uploads\/2022\/12\/muhammad-taufik-WAcxWburQAU-unsplash-1200x800.jpg 1200w\" sizes=\"auto, (max-width: 2560px) 100vw, 2560px\" \/><\/p>\n<h2 style=\"text-align: center;\">Kilkudniowy wyjazd integracyjny<\/h2>\n<p style=\"text-align: justify;\">Kilkudniowy wyjazd firmowy to \u015bwietna okazja, by pozna\u0107 si\u0119 bli\u017cej i sp\u0119dzi\u0107 wi\u0119cej czasu ze swoimi wsp\u00f3\u0142pracownikami.<strong> \u0141\u0105czy on odpoczynek od zawodowych obowi\u0105zk\u00f3w z ciekawymi aktywno\u015bciami oraz nowymi, bli\u017cszymi znajomo\u015bciami<\/strong>. Coraz wi\u0119cej hoteli, kompleks\u00f3w i o\u015brodk\u00f3w oferuje zorganizowane wyjazdy integracyjne dla firm, kt\u00f3re kumuluj\u0105 w sobie miejsca noclegowe, catering oraz rozmaite atrakcje. Podczas ciekawego wyjazdu z \u0142atwo\u015bci\u0105 mo\u017cna zorganizowa\u0107 <strong>tematyczne imprezy, zabawy teambuildingowe, czy te\u017c szkolenia pracownicze<\/strong>, gdy\u017c wiele os\u00f3b z pewno\u015bci\u0105 ch\u0119tnie skorzysta z mo\u017cliwo\u015bci podniesienia swoich kwalifikacji.<\/p>\n<p><img loading=\"lazy\" decoding=\"async\" class=\"aligncenter size-full wp-image-2577\" src=\"https:\/\/www.miejscakonferencyjne.pl\/blog\/wp-content\/uploads\/2022\/12\/bruce-mars-FDZm5Fd-zeE-unsplash-scaled.jpg\" alt=\"\" width=\"2560\" height=\"1706\" srcset=\"https:\/\/www.miejscakonferencyjne.pl\/blog\/wp-content\/uploads\/2022\/12\/bruce-mars-FDZm5Fd-zeE-unsplash-scaled.jpg 2560w, https:\/\/www.miejscakonferencyjne.pl\/blog\/wp-content\/uploads\/2022\/12\/bruce-mars-FDZm5Fd-zeE-unsplash-1000x666.jpg 1000w, https:\/\/www.miejscakonferencyjne.pl\/blog\/wp-content\/uploads\/2022\/12\/bruce-mars-FDZm5Fd-zeE-unsplash-2000x1333.jpg 2000w, https:\/\/www.miejscakonferencyjne.pl\/blog\/wp-content\/uploads\/2022\/12\/bruce-mars-FDZm5Fd-zeE-unsplash-768x512.jpg 768w, https:\/\/www.miejscakonferencyjne.pl\/blog\/wp-content\/uploads\/2022\/12\/bruce-mars-FDZm5Fd-zeE-unsplash-1536x1024.jpg 1536w, https:\/\/www.miejscakonferencyjne.pl\/blog\/wp-content\/uploads\/2022\/12\/bruce-mars-FDZm5Fd-zeE-unsplash-2048x1365.jpg 2048w, https:\/\/www.miejscakonferencyjne.pl\/blog\/wp-content\/uploads\/2022\/12\/bruce-mars-FDZm5Fd-zeE-unsplash-706x471.jpg 706w, https:\/\/www.miejscakonferencyjne.pl\/blog\/wp-content\/uploads\/2022\/12\/bruce-mars-FDZm5Fd-zeE-unsplash-1200x800.jpg 1200w\" sizes=\"auto, (max-width: 2560px) 100vw, 2560px\" \/><\/p>\n<p style=\"text-align: justify;\">Taki wyjazd, niezale\u017cnie od tego, czy zorganizowany nad morzem, czy w g\u00f3rach to<strong> wspaniale sp\u0119dzony czas z dala od stresu i nerw\u00f3w dnia codziennego<\/strong>, kt\u00f3ry mo\u017ce przynie\u015b\u0107 nowe umiej\u0119tno\u015bci i cenne do\u015bwiadczenia, kt\u00f3re przydadz\u0105 si\u0119 w pracy.<\/p>\n<p><img loading=\"lazy\" decoding=\"async\" class=\"aligncenter size-full wp-image-2576\" src=\"https:\/\/www.miejscakonferencyjne.pl\/blog\/wp-content\/uploads\/2022\/12\/chang-duong-Sj0iMtq_Z4w-unsplash-scaled.jpg\" alt=\"\" width=\"2560\" height=\"1707\" srcset=\"https:\/\/www.miejscakonferencyjne.pl\/blog\/wp-content\/uploads\/2022\/12\/chang-duong-Sj0iMtq_Z4w-unsplash-scaled.jpg 2560w, https:\/\/www.miejscakonferencyjne.pl\/blog\/wp-content\/uploads\/2022\/12\/chang-duong-Sj0iMtq_Z4w-unsplash-1000x667.jpg 1000w, https:\/\/www.miejscakonferencyjne.pl\/blog\/wp-content\/uploads\/2022\/12\/chang-duong-Sj0iMtq_Z4w-unsplash-2000x1333.jpg 2000w, https:\/\/www.miejscakonferencyjne.pl\/blog\/wp-content\/uploads\/2022\/12\/chang-duong-Sj0iMtq_Z4w-unsplash-768x512.jpg 768w, https:\/\/www.miejscakonferencyjne.pl\/blog\/wp-content\/uploads\/2022\/12\/chang-duong-Sj0iMtq_Z4w-unsplash-1536x1024.jpg 1536w, https:\/\/www.miejscakonferencyjne.pl\/blog\/wp-content\/uploads\/2022\/12\/chang-duong-Sj0iMtq_Z4w-unsplash-2048x1365.jpg 2048w, https:\/\/www.miejscakonferencyjne.pl\/blog\/wp-content\/uploads\/2022\/12\/chang-duong-Sj0iMtq_Z4w-unsplash-706x471.jpg 706w, https:\/\/www.miejscakonferencyjne.pl\/blog\/wp-content\/uploads\/2022\/12\/chang-duong-Sj0iMtq_Z4w-unsplash-1200x800.jpg 1200w\" sizes=\"auto, (max-width: 2560px) 100vw, 2560px\" \/><\/p>\n<p style=\"text-align: justify;\">Oczywi\u015bcie w zale\u017cno\u015bci od planowanej formy integracji, organizatorzy musz\u0105 by\u0107 gotowi na r\u00f3\u017cnorodne <strong>koszty.<\/strong> Kilkudniowy wyjazd SPA b\u0119dzie wymaga\u0142 wi\u0119kszego zaplecza finansowego ni\u017c wsp\u00f3lny seans filmowy, czy warsztaty z budowania domk\u00f3w dla ptak\u00f3w. Niezale\u017cnie jednak na co si\u0119 zdecydujecie, wasi pracownicy b\u0119d\u0105 zadowoleni i usatysfakcjonowani z podejmowanych dzia\u0142a\u0144, a wy b\u0119dziecie mieli okazj\u0119 do bli\u017cszego poznania swoich pracownik\u00f3w i zbudowania zgranego i efektywnego zespo\u0142u.<\/p>\n<h2>Gdzie pojecha\u0107 na wyjazd integracyjny?<\/h2>\n<p class=\"\" data-start=\"42\" data-end=\"308\">Organizacja udanego wyjazdu integracyjnego wymaga wyboru odpowiedniego miejsca, kt\u00f3re zapewni komfortowe warunki, atrakcyjne otoczenie oraz r\u00f3\u017cnorodne mo\u017cliwo\u015bci sp\u0119dzania czasu. Poni\u017cej przedstawiamy kilka wyj\u0105tkowych obiekt\u00f3w w Polsce, kt\u00f3re spe\u0142niaj\u0105 te kryteria.<\/p>\n<h5 data-start=\"310\" data-end=\"418\"><a class=\"\" href=\"https:\/\/www.miejscakonferencyjne.pl\/zelechow\/palac-zelechow-spa-wellness\" target=\"_new\" rel=\"noopener\" data-start=\"313\" data-end=\"418\">Pa\u0142ac \u017belech\u00f3w SPA &amp; Wellness<\/a><\/h5>\n<p class=\"\" data-start=\"420\" data-end=\"873\">Pa\u0142ac \u017belech\u00f3w SPA &amp; Wellness to luksusowy obiekt po\u0142o\u017cony w malowniczej miejscowo\u015bci \u017belech\u00f3w. Ten zabytkowy pa\u0142ac, otoczony rozleg\u0142ym parkiem, oferuje eleganckie pokoje oraz nowoczesne centrum konferencyjne, idealne do organizacji spotka\u0144 biznesowych i integracyjnych. Go\u015bcie mog\u0105 korzysta\u0107 z bogatej oferty SPA, basen\u00f3w oraz licznych atrakcji rekreacyjnych. Pa\u0142ac \u017belech\u00f3w to doskona\u0142e miejsce na po\u0142\u0105czenie pracy z relaksem w historycznym otoczeniu.<\/p>\n<h5 data-start=\"875\" data-end=\"957\"><a class=\"\" href=\"https:\/\/www.miejscakonferencyjne.pl\/jelenia-gora\/osada-sniezka\" target=\"_new\" rel=\"noopener\" data-start=\"878\" data-end=\"957\">Osada \u015anie\u017cka<\/a><\/h5>\n<p class=\"\" data-start=\"959\" data-end=\"1433\">Osada \u015anie\u017cka to nowoczesny kompleks wypoczynkowy po\u0142o\u017cony w pobli\u017cu Jeleniej G\u00f3ry, z widokiem na malownicze Karkonosze. Obiekt dysponuje w pe\u0142ni wyposa\u017con\u0105 sal\u0105 konferencyjn\u0105 o powierzchni 300 metr\u00f3w kwadratowych, co pozwala na organizacj\u0119 r\u00f3\u017cnorodnych wydarze\u0144 firmowych. Osada oferuje 1100 miejsc noclegowych, co czyni j\u0105 idealnym miejscem na wi\u0119ksze wyjazdy integracyjne. Dodatkowo, go\u015bcie mog\u0105 korzysta\u0107 z basenu, SPA oraz licznych atrakcji na \u015bwie\u017cym powietrzu.<\/p>\n<h5 data-start=\"1435\" data-end=\"1530\"><a class=\"\" href=\"https:\/\/www.miejscakonferencyjne.pl\/slupsk\/dolina-charlotty\" target=\"_new\" rel=\"noopener\" data-start=\"1438\" data-end=\"1530\">Dolina Charlotty Resort &amp; SPA<\/a><\/h5>\n<p class=\"\" data-start=\"1532\" data-end=\"1949\">Dolina Charlotty Resort &amp; SPA to wyj\u0105tkowy obiekt po\u0142o\u017cony w Strzelinku ko\u0142o S\u0142upska. Oferuje dwie nowoczesne sale konferencyjne, kt\u00f3re mog\u0105 pomie\u015bci\u0107 nawet 370 os\u00f3b. Obiekt dysponuje 180 miejscami noclegowymi oraz bogatym zapleczem rekreacyjnym, w tym basenem, SPA i amfiteatrem. Dolina Charlotty to idealne miejsce na organizacj\u0119 wyjazd\u00f3w integracyjnych, \u0142\u0105cz\u0105cych prac\u0119 z relaksem w otoczeniu przyrody.<\/p>\n<h5 data-start=\"1951\" data-end=\"2042\"><a class=\"\" href=\"https:\/\/www.miejscakonferencyjne.pl\/dzwirzyno\/neptuno-resort-spa\" target=\"_new\" rel=\"noopener\" data-start=\"1954\" data-end=\"2042\">NEPTUNO Resort &amp; Spa<\/a><\/h5>\n<p class=\"\" data-start=\"2044\" data-end=\"2441\">NEPTUNO Resort &amp; Spa to nowoczesny obiekt po\u0142o\u017cony w D\u017awirzynie, zaledwie 100 metr\u00f3w od Morza Ba\u0142tyckiego. Resort oferuje cztery sale konferencyjne, z kt\u00f3rych najwi\u0119ksza mo\u017ce pomie\u015bci\u0107 do 220 os\u00f3b. Do dyspozycji go\u015bci jest 250 miejsc noclegowych oraz szeroka gama us\u0142ug SPA. Blisko\u015b\u0107 pla\u017cy oraz nadmorskiego klimatu sprzyja organizacji wyjazd\u00f3w integracyjnych, \u0142\u0105cz\u0105cych szkolenia z wypoczynkiem.<\/p>\n","protected":false},"excerpt":{"rendered":"<p>Integracja w firmie jest wa\u017cnym elementem tzw. strategii team buildingu. Pozwala bowiem kreowa\u0107 pozytywne relacje pomi\u0119dzy pracownikami, a tak\u017ce na linii pracownicy-pracodawca. Dlatego przygotowali\u015bmy dla Was kilka pomys\u0142\u00f3w jak j\u0105 zorganizowa\u0107! <\/p>\n","protected":false},"author":9,"featured_media":2570,"comment_status":"closed","ping_status":"closed","sticky":false,"template":"","format":"standard","meta":{"_acf_changed":false,"footnotes":""},"categories":[189],"tags":[190,219,230,210,229],"class_list":["post-2569","post","type-post","status-publish","format-standard","has-post-thumbnail","hentry","category-organizacja-eventu","tag-event","tag-sala-konferencyjna","tag-turystyka-biznesowa","tag-wyjazd-integracyjny","tag-wyjazdy-sluzbowe","bwp-masonry-item","bwp-blog-col-3"],"acf":[],"yoast_head":"<!-- This site is optimized with the Yoast SEO plugin v27.5 - https:\/\/yoast.com\/product\/yoast-seo-wordpress\/ -->\n<title>Integracja pracownik\u00f3w - jak j\u0105 zorganizowa\u0107? - MiejscaKonferencyjne.pl<\/title>\n<meta name=\"description\" content=\"Integracja pracownik\u00f3w - jak j\u0105 zorganizowa\u0107? - MiejscaKonferencyjne.pl\" \/>\n<meta name=\"robots\" content=\"index, follow, max-snippet:-1, max-image-preview:large, max-video-preview:-1\" \/>\n<link rel=\"canonical\" href=\"https:\/\/www.miejscakonferencyjne.pl\/blog\/integracja-pracownikow-jak-ja-zorganizowac\/\" \/>\n<meta property=\"og:locale\" content=\"pl_PL\" \/>\n<meta property=\"og:type\" content=\"article\" \/>\n<meta property=\"og:title\" content=\"Integracja pracownik\u00f3w - jak j\u0105 zorganizowa\u0107? - MiejscaKonferencyjne.pl\" \/>\n<meta property=\"og:description\" content=\"Integracja pracownik\u00f3w - jak j\u0105 zorganizowa\u0107? - MiejscaKonferencyjne.pl\" \/>\n<meta property=\"og:url\" content=\"https:\/\/www.miejscakonferencyjne.pl\/blog\/integracja-pracownikow-jak-ja-zorganizowac\/\" \/>\n<meta property=\"og:site_name\" content=\"MiejscaKonferencyjne.pl\" \/>\n<meta property=\"article:published_time\" content=\"2025-03-26T16:49:33+00:00\" \/>\n<meta property=\"article:modified_time\" content=\"2025-03-26T17:50:59+00:00\" \/>\n<meta property=\"og:image\" content=\"https:\/\/www.miejscakonferencyjne.pl\/blog\/wp-content\/uploads\/2022\/12\/priscilla-du-preez-W3SEyZODn8U-unsplash-scaled.jpg\" \/>\n\t<meta property=\"og:image:width\" content=\"2560\" \/>\n\t<meta property=\"og:image:height\" content=\"1707\" \/>\n\t<meta property=\"og:image:type\" content=\"image\/jpeg\" \/>\n<meta name=\"author\" content=\"Natalia Bielicka\" \/>\n<meta name=\"twitter:card\" content=\"summary_large_image\" \/>\n<meta name=\"twitter:label1\" content=\"Napisane przez\" \/>\n\t<meta name=\"twitter:data1\" content=\"Natalia Bielicka\" \/>\n\t<meta name=\"twitter:label2\" content=\"Szacowany czas czytania\" \/>\n\t<meta name=\"twitter:data2\" content=\"7 minut\" \/>\n<!-- \/ Yoast SEO plugin. -->","yoast_head_json":{"title":"Integracja pracownik\u00f3w - jak j\u0105 zorganizowa\u0107? - MiejscaKonferencyjne.pl","description":"Integracja pracownik\u00f3w - jak j\u0105 zorganizowa\u0107? - MiejscaKonferencyjne.pl","robots":{"index":"index","follow":"follow","max-snippet":"max-snippet:-1","max-image-preview":"max-image-preview:large","max-video-preview":"max-video-preview:-1"},"canonical":"https:\/\/www.miejscakonferencyjne.pl\/blog\/integracja-pracownikow-jak-ja-zorganizowac\/","og_locale":"pl_PL","og_type":"article","og_title":"Integracja pracownik\u00f3w - jak j\u0105 zorganizowa\u0107? - MiejscaKonferencyjne.pl","og_description":"Integracja pracownik\u00f3w - jak j\u0105 zorganizowa\u0107? - MiejscaKonferencyjne.pl","og_url":"https:\/\/www.miejscakonferencyjne.pl\/blog\/integracja-pracownikow-jak-ja-zorganizowac\/","og_site_name":"MiejscaKonferencyjne.pl","article_published_time":"2025-03-26T16:49:33+00:00","article_modified_time":"2025-03-26T17:50:59+00:00","og_image":[{"width":2560,"height":1707,"url":"https:\/\/www.miejscakonferencyjne.pl\/blog\/wp-content\/uploads\/2022\/12\/priscilla-du-preez-W3SEyZODn8U-unsplash-scaled.jpg","type":"image\/jpeg"}],"author":"Natalia Bielicka","twitter_card":"summary_large_image","twitter_misc":{"Napisane przez":"Natalia Bielicka","Szacowany czas czytania":"7 minut"},"schema":{"@context":"https:\/\/schema.org","@graph":[{"@type":["Article","BlogPosting"],"@id":"https:\/\/www.miejscakonferencyjne.pl\/blog\/integracja-pracownikow-jak-ja-zorganizowac\/#article","isPartOf":{"@id":"https:\/\/www.miejscakonferencyjne.pl\/blog\/integracja-pracownikow-jak-ja-zorganizowac\/"},"author":{"name":"Natalia Bielicka","@id":"https:\/\/www.miejscakonferencyjne.pl\/blog\/#\/schema\/person\/5d36c8d2fc115f913476eedc5840b662"},"headline":"Integracja pracownik\u00f3w &#8211; jak j\u0105 zorganizowa\u0107?","datePublished":"2025-03-26T16:49:33+00:00","dateModified":"2025-03-26T17:50:59+00:00","mainEntityOfPage":{"@id":"https:\/\/www.miejscakonferencyjne.pl\/blog\/integracja-pracownikow-jak-ja-zorganizowac\/"},"wordCount":975,"publisher":{"@id":"https:\/\/www.miejscakonferencyjne.pl\/blog\/#organization"},"image":{"@id":"https:\/\/www.miejscakonferencyjne.pl\/blog\/integracja-pracownikow-jak-ja-zorganizowac\/#primaryimage"},"thumbnailUrl":"https:\/\/www.miejscakonferencyjne.pl\/blog\/wp-content\/uploads\/2022\/12\/priscilla-du-preez-W3SEyZODn8U-unsplash-scaled.jpg","keywords":["event","sala konferencyjna","turystyka biznesowa","wyjazd integracyjny","wyjazdy s\u0142u\u017cbowe"],"articleSection":["Organizacja eventu"],"inLanguage":"pl-PL"},{"@type":"WebPage","@id":"https:\/\/www.miejscakonferencyjne.pl\/blog\/integracja-pracownikow-jak-ja-zorganizowac\/","url":"https:\/\/www.miejscakonferencyjne.pl\/blog\/integracja-pracownikow-jak-ja-zorganizowac\/","name":"Integracja pracownik\u00f3w - jak j\u0105 zorganizowa\u0107? - MiejscaKonferencyjne.pl","isPartOf":{"@id":"https:\/\/www.miejscakonferencyjne.pl\/blog\/#website"},"primaryImageOfPage":{"@id":"https:\/\/www.miejscakonferencyjne.pl\/blog\/integracja-pracownikow-jak-ja-zorganizowac\/#primaryimage"},"image":{"@id":"https:\/\/www.miejscakonferencyjne.pl\/blog\/integracja-pracownikow-jak-ja-zorganizowac\/#primaryimage"},"thumbnailUrl":"https:\/\/www.miejscakonferencyjne.pl\/blog\/wp-content\/uploads\/2022\/12\/priscilla-du-preez-W3SEyZODn8U-unsplash-scaled.jpg","datePublished":"2025-03-26T16:49:33+00:00","dateModified":"2025-03-26T17:50:59+00:00","description":"Integracja pracownik\u00f3w - jak j\u0105 zorganizowa\u0107? - MiejscaKonferencyjne.pl","breadcrumb":{"@id":"https:\/\/www.miejscakonferencyjne.pl\/blog\/integracja-pracownikow-jak-ja-zorganizowac\/#breadcrumb"},"inLanguage":"pl-PL","potentialAction":[{"@type":"ReadAction","target":["https:\/\/www.miejscakonferencyjne.pl\/blog\/integracja-pracownikow-jak-ja-zorganizowac\/"]}]},{"@type":"ImageObject","inLanguage":"pl-PL","@id":"https:\/\/www.miejscakonferencyjne.pl\/blog\/integracja-pracownikow-jak-ja-zorganizowac\/#primaryimage","url":"https:\/\/www.miejscakonferencyjne.pl\/blog\/wp-content\/uploads\/2022\/12\/priscilla-du-preez-W3SEyZODn8U-unsplash-scaled.jpg","contentUrl":"https:\/\/www.miejscakonferencyjne.pl\/blog\/wp-content\/uploads\/2022\/12\/priscilla-du-preez-W3SEyZODn8U-unsplash-scaled.jpg","width":2560,"height":1707},{"@type":"BreadcrumbList","@id":"https:\/\/www.miejscakonferencyjne.pl\/blog\/integracja-pracownikow-jak-ja-zorganizowac\/#breadcrumb","itemListElement":[{"@type":"ListItem","position":1,"name":"Strona g\u0142\u00f3wna","item":"https:\/\/www.miejscakonferencyjne.pl\/blog\/"},{"@type":"ListItem","position":2,"name":"Integracja pracownik\u00f3w &#8211; jak j\u0105 zorganizowa\u0107?"}]},{"@type":"WebSite","@id":"https:\/\/www.miejscakonferencyjne.pl\/blog\/#website","url":"https:\/\/www.miejscakonferencyjne.pl\/blog\/","name":"MiejscaKonferencyjne.pl","description":"Dowiedz si\u0119 wszystkiego na temat organizacji konferencji, szkole\u0144 i wydarze\u0144 biznesowych. Komentuj i dziel si\u0119 opini\u0105!","publisher":{"@id":"https:\/\/www.miejscakonferencyjne.pl\/blog\/#organization"},"potentialAction":[{"@type":"SearchAction","target":{"@type":"EntryPoint","urlTemplate":"https:\/\/www.miejscakonferencyjne.pl\/blog\/?s={search_term_string}"},"query-input":{"@type":"PropertyValueSpecification","valueRequired":true,"valueName":"search_term_string"}}],"inLanguage":"pl-PL"},{"@type":"Organization","@id":"https:\/\/www.miejscakonferencyjne.pl\/blog\/#organization","name":"MiejscaKonferencyjne.pl","url":"https:\/\/www.miejscakonferencyjne.pl\/blog\/","logo":{"@type":"ImageObject","inLanguage":"pl-PL","@id":"https:\/\/www.miejscakonferencyjne.pl\/blog\/#\/schema\/logo\/image\/","url":"https:\/\/www.miejscakonferencyjne.pl\/blog\/wp-content\/uploads\/2019\/12\/logo-white.png","contentUrl":"https:\/\/www.miejscakonferencyjne.pl\/blog\/wp-content\/uploads\/2019\/12\/logo-white.png","width":400,"height":63,"caption":"MiejscaKonferencyjne.pl"},"image":{"@id":"https:\/\/www.miejscakonferencyjne.pl\/blog\/#\/schema\/logo\/image\/"}},{"@type":"Person","@id":"https:\/\/www.miejscakonferencyjne.pl\/blog\/#\/schema\/person\/5d36c8d2fc115f913476eedc5840b662","name":"Natalia Bielicka","url":"https:\/\/www.miejscakonferencyjne.pl\/blog\/author\/nbielicka\/"}]}},"_links":{"self":[{"href":"https:\/\/www.miejscakonferencyjne.pl\/blog\/wp-json\/wp\/v2\/posts\/2569","targetHints":{"allow":["GET"]}}],"collection":[{"href":"https:\/\/www.miejscakonferencyjne.pl\/blog\/wp-json\/wp\/v2\/posts"}],"about":[{"href":"https:\/\/www.miejscakonferencyjne.pl\/blog\/wp-json\/wp\/v2\/types\/post"}],"author":[{"embeddable":true,"href":"https:\/\/www.miejscakonferencyjne.pl\/blog\/wp-json\/wp\/v2\/users\/9"}],"replies":[{"embeddable":true,"href":"https:\/\/www.miejscakonferencyjne.pl\/blog\/wp-json\/wp\/v2\/comments?post=2569"}],"version-history":[{"count":7,"href":"https:\/\/www.miejscakonferencyjne.pl\/blog\/wp-json\/wp\/v2\/posts\/2569\/revisions"}],"predecessor-version":[{"id":3653,"href":"https:\/\/www.miejscakonferencyjne.pl\/blog\/wp-json\/wp\/v2\/posts\/2569\/revisions\/3653"}],"wp:featuredmedia":[{"embeddable":true,"href":"https:\/\/www.miejscakonferencyjne.pl\/blog\/wp-json\/wp\/v2\/media\/2570"}],"wp:attachment":[{"href":"https:\/\/www.miejscakonferencyjne.pl\/blog\/wp-json\/wp\/v2\/media?parent=2569"}],"wp:term":[{"taxonomy":"category","embeddable":true,"href":"https:\/\/www.miejscakonferencyjne.pl\/blog\/wp-json\/wp\/v2\/categories?post=2569"},{"taxonomy":"post_tag","embeddable":true,"href":"https:\/\/www.miejscakonferencyjne.pl\/blog\/wp-json\/wp\/v2\/tags?post=2569"}],"curies":[{"name":"wp","href":"https:\/\/api.w.org\/{rel}","templated":true}]}}