{"id":2515,"date":"2022-09-30T09:08:39","date_gmt":"2022-09-30T07:08:39","guid":{"rendered":"https:\/\/www.miejscakonferencyjne.pl\/blog\/?p=2515"},"modified":"2024-05-07T12:03:24","modified_gmt":"2024-05-07T10:03:24","slug":"najwieksze-sale-konferencyjne-w-polsce","status":"publish","type":"post","link":"https:\/\/www.miejscakonferencyjne.pl\/blog\/najwieksze-sale-konferencyjne-w-polsce\/","title":{"rendered":"Najwi\u0119ksze sale konferencyjne w Polsce"},"content":{"rendered":"<p style=\"text-align: justify;\">Sale konferencyjne w Polsce ciesz\u0105 si\u0119 du\u017cym zr\u00f3\u017cnicowaniem. Organizatorzy mog\u0105 wybiera\u0107 spo\u015br\u00f3d kameralnych przestrzeni w spokojnych miejscowo\u015bciach, przez interesuj\u0105ce, wyj\u0105tkowe obiekty, kt\u00f3re zaskocz\u0105 wszystkich Go\u015bci, a\u017c po ogromne, nowoczesne pomieszczenia w wielkich miastach. Wydarzenia mog\u0105 odbywa\u0107 si\u0119 bez ogranicze\u0144 zw\u0142aszcza w ostatniej kategorii. To przestrzenie, kt\u00f3re pozwalaj\u0105 na organizacj\u0119 ka\u017cdego wydarzenia \u2014 niezale\u017cnie od jego wielko\u015bci. <strong>Dlatego te\u017c dzisiaj przygotowali\u015bmy dla Was list\u0119 najwi\u0119kszych sal konferencyjnych w ca\u0142ej Polsce. Przestrzenie te rozbite s\u0105 po ca\u0142ym kraju i s\u0105 w stanie ugo\u015bci\u0107 co najmniej 1000 os\u00f3b.<\/strong> Dzi\u0119ki temu ka\u017cdy z organizator\u00f3w \u2014 niezale\u017cnie czy chce zorganizowa\u0107 event w g\u00f3rach, czy nad morzem \u2014 mo\u017ce swobodnie wybiera\u0107 spo\u015br\u00f3d nich. Sprawd\u017acie 11 naszych propozycji i wybierzcie przestrze\u0144 idealn\u0105 dla Waszego wydarzenia!<\/p>\n<p><img loading=\"lazy\" decoding=\"async\" class=\"aligncenter size-full wp-image-2516\" src=\"https:\/\/www.miejscakonferencyjne.pl\/blog\/wp-content\/uploads\/2022\/09\/5b68092735fa0mok-1200x_.png\" alt=\"\" width=\"1200\" height=\"1275\" srcset=\"https:\/\/www.miejscakonferencyjne.pl\/blog\/wp-content\/uploads\/2022\/09\/5b68092735fa0mok-1200x_.png 1200w, https:\/\/www.miejscakonferencyjne.pl\/blog\/wp-content\/uploads\/2022\/09\/5b68092735fa0mok-1200x_-941x1000.png 941w, https:\/\/www.miejscakonferencyjne.pl\/blog\/wp-content\/uploads\/2022\/09\/5b68092735fa0mok-1200x_-768x816.png 768w, https:\/\/www.miejscakonferencyjne.pl\/blog\/wp-content\/uploads\/2022\/09\/5b68092735fa0mok-1200x_-706x750.png 706w\" sizes=\"auto, (max-width: 1200px) 100vw, 1200px\" \/><\/p>\n<h3 style=\"text-align: justify;\">Miejski O\u015brodek Kultury w Olsztynie<\/h3>\n<p style=\"text-align: justify;\">Zaczynaj\u0105c od najmniejszego z najwi\u0119kszych, przedstawiamy Wam Miejski O\u015brodek Kultury, kt\u00f3ry znajduje si\u0119 w samym sercu Olsztyna. Obiekt ten to stylowy, elegancki i zgodny z tradycj\u0105 budynek, kt\u00f3ry tworzy wok\u00f3\u0142 siebie wsp\u00f3lnot\u0119 aktywnych i kreatywnych ludzi, kt\u00f3rzy ceni\u0105 sobie wsp\u00f3\u0142prac\u0119 oraz rozw\u00f3j szeroko pojmowanej kultury. To dzi\u0119ki obszernej ofercie biznesowej. W kompleksie MOK, kt\u00f3ry sk\u0142ada si\u0119 z g\u0142\u00f3wnego budynku O\u015brodka, Spichlerza oraz Amfiteatru im. Czes\u0142awa Niemena znajduje si\u0119 a\u017c 7 przestrzeni konferencyjnych. Dzi\u0119ki klasycznej aran\u017cacji panuje w nich niezwyk\u0142y klimat, kt\u00f3ry sprzyja owocnej pracy. W najwi\u0119kszej z sal \u2014 w amfiteatrze \u2014 jest w stanie zmie\u015bci\u0107 si\u0119 a\u017c 1300 os\u00f3b! Co wi\u0119cej, nie braknie te\u017c nowoczesnego wyposa\u017cenia. O\u015bwietlenie, nag\u0142o\u015bnienie i przestronne sceny pozwalaj\u0105 poprowadzi\u0107 doskona\u0142\u0105 prelekcj\u0119, a w ofercie znajduj\u0105 si\u0119 te\u017c miejsca specjalnie przygotowane dla os\u00f3b z niepe\u0142nosprawno\u015bciami.<\/p>\n<h3 style=\"text-align: justify;\"><img loading=\"lazy\" decoding=\"async\" class=\"aligncenter size-full wp-image-2517\" src=\"https:\/\/www.miejscakonferencyjne.pl\/blog\/wp-content\/uploads\/2022\/09\/1-1200x_.jpg\" alt=\"\" width=\"1200\" height=\"768\" srcset=\"https:\/\/www.miejscakonferencyjne.pl\/blog\/wp-content\/uploads\/2022\/09\/1-1200x_.jpg 1200w, https:\/\/www.miejscakonferencyjne.pl\/blog\/wp-content\/uploads\/2022\/09\/1-1200x_-1000x640.jpg 1000w, https:\/\/www.miejscakonferencyjne.pl\/blog\/wp-content\/uploads\/2022\/09\/1-1200x_-768x492.jpg 768w, https:\/\/www.miejscakonferencyjne.pl\/blog\/wp-content\/uploads\/2022\/09\/1-1200x_-706x452.jpg 706w\" sizes=\"auto, (max-width: 1200px) 100vw, 1200px\" \/>Hotel Rzesz\u00f3w<\/h3>\n<p style=\"text-align: justify;\">Przenosz\u0105c si\u0119 na drugi koniec Polski, spotkamy na swojej drodze czterogwiazdkowy, nowoczesny hotel w centrum Rzeszowa. To luksusowy i elegancki obiekt, kt\u00f3ry dzi\u0119ki \u015bwietnej lokalizacji i jedynemu tak du\u017cemu centrum biznesowemu na Podkarpaciu staje si\u0119 miejscem idealnym do przeprowadzenia konferencji, szkole\u0144, sympozj\u00f3w i innych event\u00f3w biznesowych. Przestrze\u0144 konferencyjna wyposa\u017cona w najnowsze systemu audiowizualne jest w stanie ugo\u015bci\u0107 nawet 2500 uczestnik\u00f3w w wielu klimatycznych salach, a najwi\u0119ksza z nich mo\u017ce przyj\u0105\u0107 nawet 1000 Go\u015bci. Sale s\u0105 \u015bwietnie o\u015bwietlone, a ich designerskie wyko\u0144czenie podkre\u015bla ekskluzywno\u015b\u0107 ka\u017cdego eventu. Co wi\u0119cej, na uczestnik\u00f3w czekaj\u0105 komfortowe pokoje w najwy\u017cszym standardzie, pyszna Restauracja Oran\u017ceria oraz strefa SPA &amp; Fitness.<\/p>\n<p><img loading=\"lazy\" decoding=\"async\" class=\"aligncenter size-full wp-image-2518\" src=\"https:\/\/www.miejscakonferencyjne.pl\/blog\/wp-content\/uploads\/2022\/09\/5defa09d1b7b9exterior-1-1200x_.jpg\" alt=\"\" width=\"1200\" height=\"708\" srcset=\"https:\/\/www.miejscakonferencyjne.pl\/blog\/wp-content\/uploads\/2022\/09\/5defa09d1b7b9exterior-1-1200x_.jpg 1200w, https:\/\/www.miejscakonferencyjne.pl\/blog\/wp-content\/uploads\/2022\/09\/5defa09d1b7b9exterior-1-1200x_-1000x590.jpg 1000w, https:\/\/www.miejscakonferencyjne.pl\/blog\/wp-content\/uploads\/2022\/09\/5defa09d1b7b9exterior-1-1200x_-768x453.jpg 768w, https:\/\/www.miejscakonferencyjne.pl\/blog\/wp-content\/uploads\/2022\/09\/5defa09d1b7b9exterior-1-1200x_-706x417.jpg 706w\" sizes=\"auto, (max-width: 1200px) 100vw, 1200px\" \/><\/p>\n<h3 style=\"text-align: justify;\">DoubleTree by Hilton Hotel &amp; Conference Centre Warsaw<\/h3>\n<p style=\"text-align: justify;\">Warszawa jako najwi\u0119ksze miasto w Polsce, mo\u017ce pochwali\u0107 si\u0119 r\u00f3wnie\u017c jedynymi z najwi\u0119kszych sal konferencyjnych. Pierwszym obiektem, kt\u00f3ry z dum\u0105 reprezentuje giganty eventowe stolicy jest markowy DoubleTree by Hilton Hotel &amp; Conference Warsaw. W swojej bogatej ofercie hotel posiada a\u017c 700 miejsc noclegowych i przestronne centrum konferencyjne unikatowe na skale Europy. Obiekt ten dysponuje a\u017c 20 mniejszymi salami konferencyjnymi oraz jedn\u0105, du\u017c\u0105 sal\u0105 balow\u0105, kt\u00f3ra pomie\u015bci a\u017c 1800 os\u00f3b. \u0141\u0105cznie ca\u0142e centrum konferencyjne ma a\u017c 5000 metr\u00f3w kwadratowych, kt\u00f3re mo\u017cna dowolnie dzieli\u0107 dzi\u0119ki systemowi mobilnych \u015bcian. Zaplecze gastronomiczne DoubleTree by Hilton Hotel &amp; Conference Centre Warsaw charakteryzuje si\u0119 wy\u015bmienit\u0105 kuchni\u0105, presti\u017cowym wystrojem, idealn\u0105 obs\u0142ug\u0105 i wspania\u0142ymi \u015bniadaniami, a po owocnej pracy z nowoczesnym wyposa\u017ceniem zrelaksowa\u0107 mo\u017cna si\u0119 w profesjonalnej strefie SPA.<\/p>\n<p><img loading=\"lazy\" decoding=\"async\" class=\"aligncenter size-full wp-image-2519\" src=\"https:\/\/www.miejscakonferencyjne.pl\/blog\/wp-content\/uploads\/2022\/09\/hotelwindsor-zewnatrz-17-1200x_.jpg\" alt=\"\" width=\"1200\" height=\"798\" srcset=\"https:\/\/www.miejscakonferencyjne.pl\/blog\/wp-content\/uploads\/2022\/09\/hotelwindsor-zewnatrz-17-1200x_.jpg 1200w, https:\/\/www.miejscakonferencyjne.pl\/blog\/wp-content\/uploads\/2022\/09\/hotelwindsor-zewnatrz-17-1200x_-1000x665.jpg 1000w, https:\/\/www.miejscakonferencyjne.pl\/blog\/wp-content\/uploads\/2022\/09\/hotelwindsor-zewnatrz-17-1200x_-768x511.jpg 768w, https:\/\/www.miejscakonferencyjne.pl\/blog\/wp-content\/uploads\/2022\/09\/hotelwindsor-zewnatrz-17-1200x_-706x469.jpg 706w\" sizes=\"auto, (max-width: 1200px) 100vw, 1200px\" \/><\/p>\n<h3 style=\"text-align: justify;\">Windsor Palace Hotel &amp; Conference Center****<\/h3>\n<p style=\"text-align: justify;\">Jak sama nazwa m\u00f3wi, ten obiekt jest na najwy\u017cszym, kr\u00f3lewskim poziomie. Jego wystr\u00f3j jest utrzymany w klasycznym, eleganckim stylu, kt\u00f3ry kojarzy si\u0119 z najpi\u0119kniejszymi pa\u0142acami. Z my\u015bl\u0105 o ludziach biznesu w hotelu zaaran\u017cowano 37 profesjonalnie wyposa\u017conych sal konferencyjno-bankietowych, w kt\u00f3rych mo\u017cna zorganizowa\u0107 dowolnego rodzaju szkolenia, sympozja, konferencje czy firmowe bankiety. Go\u015bcie mog\u0105 korzysta\u0107 z ponad 4500 metr\u00f3w kwadratowych elastycznej przestrzeni biznesowej. Najwi\u0119ksza z przestrzeni \u2014 Sala Lord\u00f3w \u2014 ugo\u015bci nawet 1000 os\u00f3b, ale znajd\u0105 si\u0119 tutaj te\u017c przestrzenie idealne do kameralnych rozm\u00f3w. Ka\u017cde z pomieszcze\u0144 jest wyposa\u017cone w nowoczesne sprz\u0119ty takie jak nag\u0142o\u015bnienie i sprz\u0119t audiowizualny, rolety umo\u017cliwiaj\u0105ce, zaciemnienie sali, klimatyzacj\u0119, ekrany, rzutniki i flipcharty. Co wi\u0119cej, istnieje mo\u017cliwo\u015b\u0107 przeprowadzenia wideokonferencji oraz profesjonalnego t\u0142umaczenia symultanicznego. To prawdziwie arystokracki obiekt konferencyjny.<\/p>\n<p><img loading=\"lazy\" decoding=\"async\" class=\"aligncenter size-full wp-image-2520\" src=\"https:\/\/www.miejscakonferencyjne.pl\/blog\/wp-content\/uploads\/2022\/09\/56a9fad8ede8bstadion-narodowy-w-warszawie-20120422-1200x_.jpg\" alt=\"\" width=\"1200\" height=\"675\" srcset=\"https:\/\/www.miejscakonferencyjne.pl\/blog\/wp-content\/uploads\/2022\/09\/56a9fad8ede8bstadion-narodowy-w-warszawie-20120422-1200x_.jpg 1200w, https:\/\/www.miejscakonferencyjne.pl\/blog\/wp-content\/uploads\/2022\/09\/56a9fad8ede8bstadion-narodowy-w-warszawie-20120422-1200x_-1000x563.jpg 1000w, https:\/\/www.miejscakonferencyjne.pl\/blog\/wp-content\/uploads\/2022\/09\/56a9fad8ede8bstadion-narodowy-w-warszawie-20120422-1200x_-768x432.jpg 768w, https:\/\/www.miejscakonferencyjne.pl\/blog\/wp-content\/uploads\/2022\/09\/56a9fad8ede8bstadion-narodowy-w-warszawie-20120422-1200x_-706x397.jpg 706w\" sizes=\"auto, (max-width: 1200px) 100vw, 1200px\" \/><\/p>\n<h3 style=\"text-align: justify;\">Stadion PGE Narodowy<\/h3>\n<p style=\"text-align: justify;\">Kto z Was nie s\u0142ysza\u0142 o najwi\u0119kszym stadionie w Polsce? Wiedzieli\u015bcie, \u017ce w jego zapleczu znajduj\u0105 si\u0119 jedne z najwi\u0119kszych sal biznesowych w Warszawie i ca\u0142ej Polsce? Posiada on a\u017c 50 000 metr\u00f3w kwadratowych przestrzeni biznesowej, w kt\u00f3rej sk\u0142ad wchodz\u0105 a\u017c 84 pomieszczenia! Sama p\u0142yta stadionu ma ponad 12 000 m2 i zamieni\u0107 mo\u017ce si\u0119 w przestronn\u0105 przestrze\u0144 konferencyjn\u0105! Na organizator\u00f3w kameralnych spotka\u0144 biznesowych czekaj\u0105 62 lo\u017ce oraz liczne przestrzenie niestandardowe \u2014 mi\u0119dzy innymi lo\u017ce VIP. Wyposa\u017cenie PGE r\u00f3wnie\u017c nie pozostawia wiele do \u017cyczenia. W zapleczu biznesowym znajduj\u0105 si\u0119 nowoczesne systemy audiowizualne, klimatyzacja, rzutniki, ekrany i wiele wi\u0119cej. To \u015bwietnie zorganizowane miejsce, dla najbardziej wymagaj\u0105cych organizator\u00f3w.<\/p>\n<p><img loading=\"lazy\" decoding=\"async\" class=\"aligncenter size-full wp-image-2521\" src=\"https:\/\/www.miejscakonferencyjne.pl\/blog\/wp-content\/uploads\/2022\/09\/nd-zzewnatrz-0011-724x502-1200x_.jpg\" alt=\"\" width=\"1200\" height=\"832\" srcset=\"https:\/\/www.miejscakonferencyjne.pl\/blog\/wp-content\/uploads\/2022\/09\/nd-zzewnatrz-0011-724x502-1200x_.jpg 1200w, https:\/\/www.miejscakonferencyjne.pl\/blog\/wp-content\/uploads\/2022\/09\/nd-zzewnatrz-0011-724x502-1200x_-1000x693.jpg 1000w, https:\/\/www.miejscakonferencyjne.pl\/blog\/wp-content\/uploads\/2022\/09\/nd-zzewnatrz-0011-724x502-1200x_-768x532.jpg 768w, https:\/\/www.miejscakonferencyjne.pl\/blog\/wp-content\/uploads\/2022\/09\/nd-zzewnatrz-0011-724x502-1200x_-706x489.jpg 706w\" sizes=\"auto, (max-width: 1200px) 100vw, 1200px\" \/><\/p>\n<h3 style=\"text-align: justify;\">Nosalowy Dw\u00f3r &amp; Nosalowy Park<\/h3>\n<p style=\"text-align: justify;\">A jakby po\u0142\u0105czy\u0107 du\u017ce eventy, z g\u00f3ralsk\u0105 tradycj\u0105? Jest to mo\u017cliwe w Nosalowym Dworze, kt\u00f3ry znajduje si\u0119 w pi\u0119knej okolicy Zakopanego. Ten obiekt \u0142\u0105cz\u0105cy nowoczesno\u015b\u0107 z tradycj\u0105 i stylowymi elementami najwi\u0119kszym resortem w Zakopanem, co oznacza te\u017c, \u017ce oferuje du\u017ce przestrzenie biznesowe. Na Go\u015bci czeka tam ponad 1000 komfortowych miejsc noclegowych, profesjonalna strefa SPA oraz imponuj\u0105ce centrum konferencyjne o powierzchni 2000 metr\u00f3w kwadratowych. Organizatorzy wybra\u0107 mog\u0105 spo\u015br\u00f3d 23 nowocze\u015bnie wyposa\u017conych sal, z kt\u00f3rych najwi\u0119ksza \u2014 Gerlach \u2014 pomie\u015bci a\u017c 1250 os\u00f3b. Co wa\u017cne, obiekty Nosalowy Dw\u00f3r &amp; Nosalowy Park zosta\u0142y w pe\u0142ni przystosowane do organizacji event\u00f3w hybrydowych, a sale s\u0105 nowocze\u015bnie urz\u0105dzone, profesjonalnie o\u015bwietlone i nag\u0142o\u015bnione, a tak\u017ce posiadaj\u0105 pe\u0142ne wyposa\u017cenie multimedialne.<\/p>\n<p><img loading=\"lazy\" decoding=\"async\" class=\"aligncenter size-full wp-image-2522\" src=\"https:\/\/www.miejscakonferencyjne.pl\/blog\/wp-content\/uploads\/2022\/09\/trako-210920-049-zoom-1200x_.jpg\" alt=\"\" width=\"1200\" height=\"800\" srcset=\"https:\/\/www.miejscakonferencyjne.pl\/blog\/wp-content\/uploads\/2022\/09\/trako-210920-049-zoom-1200x_.jpg 1200w, https:\/\/www.miejscakonferencyjne.pl\/blog\/wp-content\/uploads\/2022\/09\/trako-210920-049-zoom-1200x_-1000x667.jpg 1000w, https:\/\/www.miejscakonferencyjne.pl\/blog\/wp-content\/uploads\/2022\/09\/trako-210920-049-zoom-1200x_-768x512.jpg 768w, https:\/\/www.miejscakonferencyjne.pl\/blog\/wp-content\/uploads\/2022\/09\/trako-210920-049-zoom-1200x_-706x471.jpg 706w\" sizes=\"auto, (max-width: 1200px) 100vw, 1200px\" \/><\/p>\n<h3 style=\"text-align: justify;\">AMBEREXPO Centrum Wystawienniczo-Kongresowe<\/h3>\n<p style=\"text-align: justify;\">Je\u017celi jednak wolicie morsk\u0105 bryz\u0119, od g\u00f3rskich widok\u00f3w mamy dla was \u015bwietn\u0105 propozycj\u0119. AMBEREXPO to nowoczesny obiekt w Gda\u0144sku, kt\u00f3ry wyr\u00f3\u017cnia si\u0119 swoj\u0105 przestronno\u015bci\u0105, wielofunkcyjno\u015bci\u0105 oraz innowacyjn\u0105 aran\u017cacj\u0105. Umo\u017cliwia on zaaran\u017cowanie przestrzeni eventowej na potrzeby wydarze\u0144 kongresowych, dzi\u0119ki czemu mog\u0105 powsta\u0107 a\u017c trzy sale (Hala A, Hala B, Hala C), ka\u017cda o pojemno\u015bci 3360 os\u00f3b! W standardowym planie w obiekcie znajduje si\u0119 11 sal, kt\u00f3re zosta\u0142y nowocze\u015bnie wyposa\u017cone w sprz\u0119ty cyfrowe i analogowe. Co wi\u0119cej, istnieje mo\u017cliwo\u015b\u0107 zorganizowania pysznego cateringu i odpr\u0119\u017caj\u0105cej przerwy na kaw\u0119. AMBEREXPO posiada te\u017c du\u017cy parking, na kt\u00f3rym zmie\u015bci si\u0119 a\u017c 430 pojazd\u00f3w.<\/p>\n<p><img loading=\"lazy\" decoding=\"async\" class=\"aligncenter size-full wp-image-2523\" src=\"https:\/\/www.miejscakonferencyjne.pl\/blog\/wp-content\/uploads\/2022\/09\/564da51657e00url-1200x_.jpg\" alt=\"\" width=\"1200\" height=\"675\" srcset=\"https:\/\/www.miejscakonferencyjne.pl\/blog\/wp-content\/uploads\/2022\/09\/564da51657e00url-1200x_.jpg 1200w, https:\/\/www.miejscakonferencyjne.pl\/blog\/wp-content\/uploads\/2022\/09\/564da51657e00url-1200x_-1000x563.jpg 1000w, https:\/\/www.miejscakonferencyjne.pl\/blog\/wp-content\/uploads\/2022\/09\/564da51657e00url-1200x_-768x432.jpg 768w, https:\/\/www.miejscakonferencyjne.pl\/blog\/wp-content\/uploads\/2022\/09\/564da51657e00url-1200x_-706x397.jpg 706w\" sizes=\"auto, (max-width: 1200px) 100vw, 1200px\" \/><\/p>\n<h3 style=\"text-align: justify;\">Gdynia Arena<\/h3>\n<p style=\"text-align: justify;\">Kolejnym nadmorskim obiektem z jedn\u0105 z najwi\u0119kszych sal konferencyjnych w Polsce jest Gdynia Arena. To \u015bwietnie zlokalizowana przestrze\u0144, kt\u00f3ra gwarantuje szybk\u0105 komunikacj\u0119 z baz\u0105 hotelow\u0105 oraz turystyczn\u0105. Gdynia Arena sk\u0142ada si\u0119 z trzech przestrzeni \u2014 dw\u00f3ch mniejszych sal konferencyjnych: jedna, kt\u00f3ra ugo\u015bci 30 os\u00f3b i druga o pojemno\u015bci 90 Go\u015bci \u2014 oraz hali widowiskowo-sportowej, kt\u00f3ra jest w stanie przyj\u0105\u0107 nawet 4334 widz\u00f3w. To imponuj\u0105ca przestrze\u0144, kt\u00f3ra dodatkowo zapewnia profesjonalny sprz\u0119t, system nag\u0142o\u015bnienia oraz udogodnienia dla os\u00f3b niepe\u0142nosprawnych. Co wi\u0119cej, Go\u015bcie skorzysta\u0107 mog\u0105 z wy\u015bmienitych bar\u00f3w i przytulnych kawiarni znajduj\u0105cych si\u0119 w obiekcie, a na zmotoryzowanych czekaj\u0105 264 miejsca parkingowe.<\/p>\n<p><img loading=\"lazy\" decoding=\"async\" class=\"aligncenter size-full wp-image-2524\" src=\"https:\/\/www.miejscakonferencyjne.pl\/blog\/wp-content\/uploads\/2022\/09\/568a6eef8ad3dzamek-1200x_.jpg\" alt=\"\" width=\"1200\" height=\"769\" srcset=\"https:\/\/www.miejscakonferencyjne.pl\/blog\/wp-content\/uploads\/2022\/09\/568a6eef8ad3dzamek-1200x_.jpg 1200w, https:\/\/www.miejscakonferencyjne.pl\/blog\/wp-content\/uploads\/2022\/09\/568a6eef8ad3dzamek-1200x_-1000x641.jpg 1000w, https:\/\/www.miejscakonferencyjne.pl\/blog\/wp-content\/uploads\/2022\/09\/568a6eef8ad3dzamek-1200x_-768x492.jpg 768w, https:\/\/www.miejscakonferencyjne.pl\/blog\/wp-content\/uploads\/2022\/09\/568a6eef8ad3dzamek-1200x_-706x452.jpg 706w\" sizes=\"auto, (max-width: 1200px) 100vw, 1200px\" \/><\/p>\n<h3 style=\"text-align: justify;\">Zamek Ksi\u0105\u017c\u0105t Pomorskich<\/h3>\n<p style=\"text-align: justify;\">Zabytkowe przestrzenie okazuj\u0105 si\u0119 by\u0107 \u015bwietnym, przestronnym miejscem, idealnym do organizowania event\u00f3w. Tak te\u017c jest w Zamku Ksi\u0105\u017c\u0105t Pomorskich, kt\u00f3ry zlokalizowany jest na Wzg\u00f3rzu Zamkowym nad Odr\u0105 w Szczecinie. Zamek oferuje wynajem czterech przestrzeni: Dziedzi\u0144ca Zamkowego o maksymalnej pojemno\u015bci 3000 os\u00f3b, Dziedzi\u0144ca Mennicznego o powierzchni 1100 metr\u00f3w kwadratowych, kameralnej Sali Kinowej oraz eleganckiej, ma\u0142ej sali dla 45 Go\u015bci. Niepowtarzalny klimat i design otoczenia gwarantuje, \u017ce dane spotkanie na d\u0142ugo pozostanie w pami\u0119ci uczestnik\u00f3w, a dodatkowe atrakcje umil\u0105 ka\u017cdy pobyt. Zobaczy\u0107 mo\u017cna Cel\u0119 Czarownic czy jedno z kilku w Polsce Wahade\u0142 Foucaulta! Opr\u00f3cz tego za\u0142oga obiektu proponuje wy\u015bmienity catering, przestronny parking, a nawet dokumentacje fotograficzn\u0105 wydarzenia.<\/p>\n<p><img loading=\"lazy\" decoding=\"async\" class=\"aligncenter size-full wp-image-2525\" src=\"https:\/\/www.miejscakonferencyjne.pl\/blog\/wp-content\/uploads\/2022\/09\/1450703259-1200x_.jpg\" alt=\"\" width=\"1200\" height=\"799\" srcset=\"https:\/\/www.miejscakonferencyjne.pl\/blog\/wp-content\/uploads\/2022\/09\/1450703259-1200x_.jpg 1200w, https:\/\/www.miejscakonferencyjne.pl\/blog\/wp-content\/uploads\/2022\/09\/1450703259-1200x_-1000x666.jpg 1000w, https:\/\/www.miejscakonferencyjne.pl\/blog\/wp-content\/uploads\/2022\/09\/1450703259-1200x_-768x511.jpg 768w, https:\/\/www.miejscakonferencyjne.pl\/blog\/wp-content\/uploads\/2022\/09\/1450703259-1200x_-706x470.jpg 706w\" sizes=\"auto, (max-width: 1200px) 100vw, 1200px\" \/><\/p>\n<h3 style=\"text-align: justify;\">Centrum Kongresowe Targi Kielce<\/h3>\n<p style=\"text-align: justify;\">Na wschodzie Polski r\u00f3wnie\u017c znajdzie si\u0119 obiekt, kt\u00f3ry stanie na podium! Centrum Kongresowe Targi Kielce to najwi\u0119ksze i najnowocze\u015bniejsze centrum biznesowe w tym rejonie i zapewnia najlepsz\u0105 przestrze\u0144 do organizacji kongres\u00f3w, bankiet\u00f3w, wystaw, prezentacji produkt\u00f3w oraz koncert\u00f3w. W ofercie obiektu znajduje si\u0119 19 nowoczesnych sal konferencyjnych i szkoleniowych, kt\u00f3re dzi\u0119ki mobilnym \u015bciankom mo\u017cna ze sob\u0105 \u0142\u0105czy\u0107. Najwi\u0119ksza z nich \u2014 Hala E pomie\u015bci a\u017c 4500 os\u00f3b! To \u015bwietny wynik, kt\u00f3ry dodatkowo wzmacnia si\u0119 dzi\u0119ki najwy\u017cszej jako\u015bci wyposa\u017ceniu. M\u00f3wnice, sceny o r\u00f3\u017cnej wielko\u015bci, mikrofony bezprzewodowe, sprz\u0119t nag\u0142a\u015bniaj\u0105cy, rzutniki multimedialne, rzutniki do foliogram\u00f3w i slajd\u00f3w, ekrany plazmowe i wewn\u0119trzna sie\u0107 telewizyjna Targ\u00f3w Kielce to tylko jedne z wielu udogodnie\u0144 Kieleckiego Centrum.<\/p>\n<p><img loading=\"lazy\" decoding=\"async\" class=\"aligncenter size-full wp-image-2526\" src=\"https:\/\/www.miejscakonferencyjne.pl\/blog\/wp-content\/uploads\/2022\/09\/7234822-1200x_.jpg\" alt=\"\" width=\"1200\" height=\"938\" srcset=\"https:\/\/www.miejscakonferencyjne.pl\/blog\/wp-content\/uploads\/2022\/09\/7234822-1200x_.jpg 1200w, https:\/\/www.miejscakonferencyjne.pl\/blog\/wp-content\/uploads\/2022\/09\/7234822-1200x_-1000x782.jpg 1000w, https:\/\/www.miejscakonferencyjne.pl\/blog\/wp-content\/uploads\/2022\/09\/7234822-1200x_-768x600.jpg 768w, https:\/\/www.miejscakonferencyjne.pl\/blog\/wp-content\/uploads\/2022\/09\/7234822-1200x_-706x552.jpg 706w\" sizes=\"auto, (max-width: 1200px) 100vw, 1200px\" \/><\/p>\n<h3 style=\"text-align: justify;\">Targi Lublin S.A.<\/h3>\n<p style=\"text-align: justify;\">Opr\u00f3cz Kieleckich przestrzeni, na wschodzie kraju, bli\u017cej granicy znajduje si\u0119 obiekt, kt\u00f3ry od ponad 20 lat organizuje najlepsze wydarzenia z zakresu biznesu, edukacji, kultury, motoryzacji, rolnictwa i wielu innych. \u015awietnie zlokalizowane Targi Lublin oferuj\u0105 a\u017c 12 000 metr\u00f3w kwadratowych multi funkcjonalnej przestrzeni, kt\u00f3ra dzieli si\u0119 na 5 stylowych sal. Hala C to najwi\u0119ksza industrialna przestrze\u0144 o 7200 metr\u00f3w kwadratowych powierzchni i 11,5 metrach wysoko\u015bci. Ta osza\u0142amiaj\u0105ca sala pomie\u015bci a\u017c 5000 os\u00f3b w ustawieniu teatralnym. Dost\u0119pna jest te\u017c nie mniej imponuj\u0105ca Hala A dla 2000 os\u00f3b. Wszystkie pomieszczenia s\u0105 zaaran\u017cowane w spos\u00f3b nowoczesny i wyposa\u017cone w funkcjonalne meble. Znajduje si\u0119 w nich r\u00f3wnie\u017c klimatyzacja, znacznie podnosz\u0105ca komfort pracy o ka\u017cdej porze roku, nawet podczas najwi\u0119kszych upa\u0142\u00f3w.<\/p>\n","protected":false},"excerpt":{"rendered":"<p>Szukasz miejsca na imprez\u0119 masow\u0105? Albo chcesz zorganizowa\u0107 du\u017cy kongres lub konferencj\u0119? Niezale\u017cnie od tego, jaki event realizujesz, przygotowali\u015bmy dla Ciebie list\u0119 najwi\u0119kszych obiekt\u00f3w konferencyjnych w Polsce. <\/p>\n","protected":false},"author":8,"featured_media":2527,"comment_status":"closed","ping_status":"closed","sticky":false,"template":"","format":"standard","meta":{"_acf_changed":false,"footnotes":""},"categories":[212,170],"tags":[220,190,173,211,191,206,219,181,182,174,193,229],"class_list":["post-2515","post","type-post","status-publish","format-standard","has-post-thumbnail","hentry","category-miejsce-na-konferencje","category-organizacja-konferencji","tag-biznes","tag-event","tag-konferencja","tag-nad-morzem","tag-organizacja-eventu","tag-organizacja-konferencji-na-auli","tag-sala-konferencyjna","tag-sale-konferencyjne","tag-sale-szkoleniowe","tag-szkolenie","tag-targi","tag-wyjazdy-sluzbowe","bwp-masonry-item","bwp-blog-col-3"],"acf":[],"yoast_head":"<!-- This site is optimized with the Yoast SEO plugin v26.8 - https:\/\/yoast.com\/product\/yoast-seo-wordpress\/ -->\n<title>Najwi\u0119ksze sale konferencyjne w Polsce - MiejscaKonferencyjne.pl<\/title>\n<meta name=\"description\" content=\"Najwi\u0119ksze sale konferencyjne w Polsce - MiejscaKonferencyjne.pl\" \/>\n<meta name=\"robots\" content=\"index, follow, max-snippet:-1, max-image-preview:large, max-video-preview:-1\" \/>\n<link rel=\"canonical\" href=\"https:\/\/www.miejscakonferencyjne.pl\/blog\/najwieksze-sale-konferencyjne-w-polsce\/\" \/>\n<meta property=\"og:locale\" content=\"pl_PL\" \/>\n<meta property=\"og:type\" content=\"article\" \/>\n<meta property=\"og:title\" content=\"Najwi\u0119ksze sale konferencyjne w Polsce - MiejscaKonferencyjne.pl\" \/>\n<meta property=\"og:description\" content=\"Najwi\u0119ksze sale konferencyjne w Polsce - MiejscaKonferencyjne.pl\" \/>\n<meta property=\"og:url\" content=\"https:\/\/www.miejscakonferencyjne.pl\/blog\/najwieksze-sale-konferencyjne-w-polsce\/\" \/>\n<meta property=\"og:site_name\" content=\"MiejscaKonferencyjne.pl\" \/>\n<meta property=\"article:published_time\" content=\"2022-09-30T07:08:39+00:00\" \/>\n<meta property=\"article:modified_time\" content=\"2024-05-07T10:03:24+00:00\" \/>\n<meta property=\"og:image\" content=\"https:\/\/www.miejscakonferencyjne.pl\/blog\/wp-content\/uploads\/2022\/09\/Projekt-bez-tytu\u0142u-14.png\" \/>\n\t<meta property=\"og:image:width\" content=\"1040\" \/>\n\t<meta property=\"og:image:height\" content=\"832\" \/>\n\t<meta property=\"og:image:type\" content=\"image\/png\" \/>\n<meta name=\"author\" content=\"pbrandys\" \/>\n<meta name=\"twitter:card\" content=\"summary_large_image\" \/>\n<meta name=\"twitter:label1\" content=\"Napisane przez\" \/>\n\t<meta name=\"twitter:data1\" content=\"pbrandys\" \/>\n\t<meta name=\"twitter:label2\" content=\"Szacowany czas czytania\" \/>\n\t<meta name=\"twitter:data2\" content=\"11 minut\" \/>\n<!-- \/ Yoast SEO plugin. -->","yoast_head_json":{"title":"Najwi\u0119ksze sale konferencyjne w Polsce - MiejscaKonferencyjne.pl","description":"Najwi\u0119ksze sale konferencyjne w Polsce - MiejscaKonferencyjne.pl","robots":{"index":"index","follow":"follow","max-snippet":"max-snippet:-1","max-image-preview":"max-image-preview:large","max-video-preview":"max-video-preview:-1"},"canonical":"https:\/\/www.miejscakonferencyjne.pl\/blog\/najwieksze-sale-konferencyjne-w-polsce\/","og_locale":"pl_PL","og_type":"article","og_title":"Najwi\u0119ksze sale konferencyjne w Polsce - MiejscaKonferencyjne.pl","og_description":"Najwi\u0119ksze sale konferencyjne w Polsce - MiejscaKonferencyjne.pl","og_url":"https:\/\/www.miejscakonferencyjne.pl\/blog\/najwieksze-sale-konferencyjne-w-polsce\/","og_site_name":"MiejscaKonferencyjne.pl","article_published_time":"2022-09-30T07:08:39+00:00","article_modified_time":"2024-05-07T10:03:24+00:00","og_image":[{"url":"https:\/\/www.miejscakonferencyjne.pl\/blog\/wp-content\/uploads\/2022\/09\/Projekt-bez-tytu\u0142u-14.png","width":1040,"height":832,"type":"image\/png"}],"author":"pbrandys","twitter_card":"summary_large_image","twitter_misc":{"Napisane przez":"pbrandys","Szacowany czas czytania":"11 minut"},"schema":{"@context":"https:\/\/schema.org","@graph":[{"@type":["Article","BlogPosting"],"@id":"https:\/\/www.miejscakonferencyjne.pl\/blog\/najwieksze-sale-konferencyjne-w-polsce\/#article","isPartOf":{"@id":"https:\/\/www.miejscakonferencyjne.pl\/blog\/najwieksze-sale-konferencyjne-w-polsce\/"},"author":{"name":"pbrandys","@id":"https:\/\/www.miejscakonferencyjne.pl\/blog\/#\/schema\/person\/881fac6eebca25df457bb23e4c634513"},"headline":"Najwi\u0119ksze sale konferencyjne w Polsce","datePublished":"2022-09-30T07:08:39+00:00","dateModified":"2024-05-07T10:03:24+00:00","mainEntityOfPage":{"@id":"https:\/\/www.miejscakonferencyjne.pl\/blog\/najwieksze-sale-konferencyjne-w-polsce\/"},"wordCount":1636,"publisher":{"@id":"https:\/\/www.miejscakonferencyjne.pl\/blog\/#organization"},"image":{"@id":"https:\/\/www.miejscakonferencyjne.pl\/blog\/najwieksze-sale-konferencyjne-w-polsce\/#primaryimage"},"thumbnailUrl":"https:\/\/www.miejscakonferencyjne.pl\/blog\/wp-content\/uploads\/2022\/09\/Projekt-bez-tytu\u0142u-14.png","keywords":["biznes","event","konferencja","nad morzem","organizacja eventu","organizacja konferencji na auli","sala konferencyjna","sale konferencyjne","sale szkoleniowe","szkolenie","targi","wyjazdy s\u0142u\u017cbowe"],"articleSection":["Miejsce na konferencj\u0119","Organizacja konferencji"],"inLanguage":"pl-PL"},{"@type":"WebPage","@id":"https:\/\/www.miejscakonferencyjne.pl\/blog\/najwieksze-sale-konferencyjne-w-polsce\/","url":"https:\/\/www.miejscakonferencyjne.pl\/blog\/najwieksze-sale-konferencyjne-w-polsce\/","name":"Najwi\u0119ksze sale konferencyjne w Polsce - MiejscaKonferencyjne.pl","isPartOf":{"@id":"https:\/\/www.miejscakonferencyjne.pl\/blog\/#website"},"primaryImageOfPage":{"@id":"https:\/\/www.miejscakonferencyjne.pl\/blog\/najwieksze-sale-konferencyjne-w-polsce\/#primaryimage"},"image":{"@id":"https:\/\/www.miejscakonferencyjne.pl\/blog\/najwieksze-sale-konferencyjne-w-polsce\/#primaryimage"},"thumbnailUrl":"https:\/\/www.miejscakonferencyjne.pl\/blog\/wp-content\/uploads\/2022\/09\/Projekt-bez-tytu\u0142u-14.png","datePublished":"2022-09-30T07:08:39+00:00","dateModified":"2024-05-07T10:03:24+00:00","description":"Najwi\u0119ksze sale konferencyjne w Polsce - MiejscaKonferencyjne.pl","breadcrumb":{"@id":"https:\/\/www.miejscakonferencyjne.pl\/blog\/najwieksze-sale-konferencyjne-w-polsce\/#breadcrumb"},"inLanguage":"pl-PL","potentialAction":[{"@type":"ReadAction","target":["https:\/\/www.miejscakonferencyjne.pl\/blog\/najwieksze-sale-konferencyjne-w-polsce\/"]}]},{"@type":"ImageObject","inLanguage":"pl-PL","@id":"https:\/\/www.miejscakonferencyjne.pl\/blog\/najwieksze-sale-konferencyjne-w-polsce\/#primaryimage","url":"https:\/\/www.miejscakonferencyjne.pl\/blog\/wp-content\/uploads\/2022\/09\/Projekt-bez-tytu\u0142u-14.png","contentUrl":"https:\/\/www.miejscakonferencyjne.pl\/blog\/wp-content\/uploads\/2022\/09\/Projekt-bez-tytu\u0142u-14.png","width":2000,"height":1600},{"@type":"BreadcrumbList","@id":"https:\/\/www.miejscakonferencyjne.pl\/blog\/najwieksze-sale-konferencyjne-w-polsce\/#breadcrumb","itemListElement":[{"@type":"ListItem","position":1,"name":"Strona g\u0142\u00f3wna","item":"https:\/\/www.miejscakonferencyjne.pl\/blog\/"},{"@type":"ListItem","position":2,"name":"Najwi\u0119ksze sale konferencyjne w Polsce"}]},{"@type":"WebSite","@id":"https:\/\/www.miejscakonferencyjne.pl\/blog\/#website","url":"https:\/\/www.miejscakonferencyjne.pl\/blog\/","name":"MiejscaKonferencyjne.pl","description":"Dowiedz si\u0119 wszystkiego na temat organizacji konferencji, szkole\u0144 i wydarze\u0144 biznesowych. Komentuj i dziel si\u0119 opini\u0105!","publisher":{"@id":"https:\/\/www.miejscakonferencyjne.pl\/blog\/#organization"},"potentialAction":[{"@type":"SearchAction","target":{"@type":"EntryPoint","urlTemplate":"https:\/\/www.miejscakonferencyjne.pl\/blog\/?s={search_term_string}"},"query-input":{"@type":"PropertyValueSpecification","valueRequired":true,"valueName":"search_term_string"}}],"inLanguage":"pl-PL"},{"@type":"Organization","@id":"https:\/\/www.miejscakonferencyjne.pl\/blog\/#organization","name":"MiejscaKonferencyjne.pl","url":"https:\/\/www.miejscakonferencyjne.pl\/blog\/","logo":{"@type":"ImageObject","inLanguage":"pl-PL","@id":"https:\/\/www.miejscakonferencyjne.pl\/blog\/#\/schema\/logo\/image\/","url":"https:\/\/www.miejscakonferencyjne.pl\/blog\/wp-content\/uploads\/2019\/12\/logo-white.png","contentUrl":"https:\/\/www.miejscakonferencyjne.pl\/blog\/wp-content\/uploads\/2019\/12\/logo-white.png","width":400,"height":63,"caption":"MiejscaKonferencyjne.pl"},"image":{"@id":"https:\/\/www.miejscakonferencyjne.pl\/blog\/#\/schema\/logo\/image\/"}},{"@type":"Person","@id":"https:\/\/www.miejscakonferencyjne.pl\/blog\/#\/schema\/person\/881fac6eebca25df457bb23e4c634513","name":"pbrandys","url":"https:\/\/www.miejscakonferencyjne.pl\/blog\/author\/pbrandys\/"}]}},"_links":{"self":[{"href":"https:\/\/www.miejscakonferencyjne.pl\/blog\/wp-json\/wp\/v2\/posts\/2515","targetHints":{"allow":["GET"]}}],"collection":[{"href":"https:\/\/www.miejscakonferencyjne.pl\/blog\/wp-json\/wp\/v2\/posts"}],"about":[{"href":"https:\/\/www.miejscakonferencyjne.pl\/blog\/wp-json\/wp\/v2\/types\/post"}],"author":[{"embeddable":true,"href":"https:\/\/www.miejscakonferencyjne.pl\/blog\/wp-json\/wp\/v2\/users\/8"}],"replies":[{"embeddable":true,"href":"https:\/\/www.miejscakonferencyjne.pl\/blog\/wp-json\/wp\/v2\/comments?post=2515"}],"version-history":[{"count":3,"href":"https:\/\/www.miejscakonferencyjne.pl\/blog\/wp-json\/wp\/v2\/posts\/2515\/revisions"}],"predecessor-version":[{"id":3264,"href":"https:\/\/www.miejscakonferencyjne.pl\/blog\/wp-json\/wp\/v2\/posts\/2515\/revisions\/3264"}],"wp:featuredmedia":[{"embeddable":true,"href":"https:\/\/www.miejscakonferencyjne.pl\/blog\/wp-json\/wp\/v2\/media\/2527"}],"wp:attachment":[{"href":"https:\/\/www.miejscakonferencyjne.pl\/blog\/wp-json\/wp\/v2\/media?parent=2515"}],"wp:term":[{"taxonomy":"category","embeddable":true,"href":"https:\/\/www.miejscakonferencyjne.pl\/blog\/wp-json\/wp\/v2\/categories?post=2515"},{"taxonomy":"post_tag","embeddable":true,"href":"https:\/\/www.miejscakonferencyjne.pl\/blog\/wp-json\/wp\/v2\/tags?post=2515"}],"curies":[{"name":"wp","href":"https:\/\/api.w.org\/{rel}","templated":true}]}}