{"id":2284,"date":"2022-05-13T19:40:33","date_gmt":"2022-05-13T17:40:33","guid":{"rendered":"https:\/\/www.miejscakonferencyjne.pl\/blog\/?p=2284"},"modified":"2024-05-07T12:03:24","modified_gmt":"2024-05-07T10:03:24","slug":"top-10-hoteli-na-gornym-slasku","status":"publish","type":"post","link":"https:\/\/www.miejscakonferencyjne.pl\/blog\/top-10-hoteli-na-gornym-slasku\/","title":{"rendered":"TOP 10 hoteli na G\u00f3rnym \u015al\u0105sku"},"content":{"rendered":"<p><strong>G\u00f3rny \u015al\u0105sk jest regionem dosy\u0107 zr\u00f3\u017cnicowanym pod wzgl\u0119dem powierzchni, zabudowa\u0144 i atrakcji. Znajdziemy tu zar\u00f3wno konurbacje g\u00f3rno\u015bl\u0105sk\u0105, gdzie w kilku s\u0105siaduj\u0105cych ze sob\u0105 miastach jest bardzo du\u017ce zag\u0119szczenie zabudowa\u0144, jak i malowniczy region Beskid\u00f3w, gdzie blok\u00f3w jest znacznie mniej i mo\u017cna z powodzeniem odetchn\u0105\u0107 od zgie\u0142ku miasta. W zale\u017cno\u015bci od potrzeb i upodoba\u0144, ka\u017cdy znajdzie tu co\u015b dla siebie.<\/strong><\/p>\n<p>W dzisiejszym artykule chcieliby\u015bmy podzieli\u0107 si\u0119 z Wami naszym zestawieniem z 10 najlepszymi (wed\u0142ug nas) hotelami w wojew\u00f3dztwie \u015bl\u0105skim. B\u0119d\u0105 zar\u00f3wno propozycje z du\u017cych miast, jak Katowice czy Cz\u0119stochowa, oraz takie prosto z g\u00f3ry, znajduj\u0105ce si\u0119 m.in. w Wi\u015ble czy Szczyrku. Zapraszamy do czytania dalej.<\/p>\n<h2 style=\"text-align: center;\">Hotel Porto<\/h2>\n<p>Pisz\u0105c o naszej &#8220;topce&#8221; hoteli na G\u00f3rnym \u015al\u0105sku, nie mogliby\u015bmy pomin\u0105\u0107 Hotelu Porto w miejscowo\u015bci Radomsko pod Cz\u0119stochow\u0105. Ten <a href=\"https:\/\/www.miejscakonferencyjne.pl\/hotele-3gwiazdkowe\" target=\"_blank\" rel=\"noopener noreferrer\">trzygwiazdkowy hotel<\/a> zlokalizowany przy ulicy Portowej 14 to miejsce stworzone, by organizowa\u0107 w nim konferencje i szkolenia na najwy\u017cszym poziomie. Na Centrum Konferencyjne sk\u0142ada si\u0119 kilka sal o \u0142\u0105cznej powierzchni 1000 m2. Sale mo\u017cna \u0142\u0105czy\u0107 i dzieli\u0107 w r\u00f3\u017cnych konfiguracjach. Najwi\u0119ksza przestrze\u0144 pozwala zorganizowa\u0107 w niej event dla 600 os\u00f3b.<\/p>\n<p><img loading=\"lazy\" decoding=\"async\" class=\"aligncenter size-full wp-image-2288\" src=\"https:\/\/www.miejscakonferencyjne.pl\/blog\/wp-content\/uploads\/2022\/05\/5d63a24aecd2d1a-1200x-1200x_.jpg\" alt=\"\" width=\"1200\" height=\"798\" srcset=\"https:\/\/www.miejscakonferencyjne.pl\/blog\/wp-content\/uploads\/2022\/05\/5d63a24aecd2d1a-1200x-1200x_.jpg 1200w, https:\/\/www.miejscakonferencyjne.pl\/blog\/wp-content\/uploads\/2022\/05\/5d63a24aecd2d1a-1200x-1200x_-1000x665.jpg 1000w, https:\/\/www.miejscakonferencyjne.pl\/blog\/wp-content\/uploads\/2022\/05\/5d63a24aecd2d1a-1200x-1200x_-768x511.jpg 768w, https:\/\/www.miejscakonferencyjne.pl\/blog\/wp-content\/uploads\/2022\/05\/5d63a24aecd2d1a-1200x-1200x_-706x469.jpg 706w\" sizes=\"auto, (max-width: 1200px) 100vw, 1200px\" \/><\/p>\n<p>Bogata oferta dodatkowych atrakcji sprawia, \u017ce Hotel Porto pod Cz\u0119stochow\u0105 jest r\u00f3wnie\u017c dobrym miejscem na wyjazd firmowy czy po prostu wypoczynek ze znajomymi lub rodzin\u0105. Obs\u0142uga hotelu organizuje m.in. live cooking show, drink show, laser show, zaj\u0119cia team buildingowe, paintball czy quady. S\u0105 te\u017c komfortowe pokoje i restauracja z letnim ogr\u00f3dkiem.<\/p>\n<p><img loading=\"lazy\" decoding=\"async\" class=\"aligncenter size-full wp-image-2285\" src=\"https:\/\/www.miejscakonferencyjne.pl\/blog\/wp-content\/uploads\/2022\/05\/5d64e651e5667altana-ogrod-3-1200x-1200x_.jpg\" alt=\"\" width=\"1200\" height=\"799\" srcset=\"https:\/\/www.miejscakonferencyjne.pl\/blog\/wp-content\/uploads\/2022\/05\/5d64e651e5667altana-ogrod-3-1200x-1200x_.jpg 1200w, https:\/\/www.miejscakonferencyjne.pl\/blog\/wp-content\/uploads\/2022\/05\/5d64e651e5667altana-ogrod-3-1200x-1200x_-1000x666.jpg 1000w, https:\/\/www.miejscakonferencyjne.pl\/blog\/wp-content\/uploads\/2022\/05\/5d64e651e5667altana-ogrod-3-1200x-1200x_-768x511.jpg 768w, https:\/\/www.miejscakonferencyjne.pl\/blog\/wp-content\/uploads\/2022\/05\/5d64e651e5667altana-ogrod-3-1200x-1200x_-706x470.jpg 706w\" sizes=\"auto, (max-width: 1200px) 100vw, 1200px\" \/><\/p>\n<h2 style=\"text-align: center;\">Hotel Alpin<\/h2>\n<p>Kolejn\u0105 z naszych propozycji jest Hotel Alpin w Szczyrku. Tu przenosimy si\u0119 na g\u00f3rzysty teren, z przepi\u0119knymi krajobrazami natury. Blisko st\u0105d do stacji narciarskich, szlak\u00f3w turystycznych i deptaku. Ten <a href=\"https:\/\/www.miejscakonferencyjne.pl\/w-gorach\" target=\"_blank\" rel=\"noopener noreferrer\">obiekt w g\u00f3rach<\/a> jest dobr\u0105 baz\u0105 wypadow\u0105 do zwiedzania okolicy, ale r\u00f3wnie\u017c doskona\u0142e miejsce, by sp\u0119dzi\u0107 w nim mi\u0142e chwile w towarzystwie bliskich lub wsp\u00f3\u0142pracownik\u00f3w. 2 sale konferencyjne wyposa\u017cone w nowoczesny sprz\u0119t, 80 miejsc noclegowych, wy\u015bmienite potrawy w hotelowej restauracji oraz parking naziemny i podziemny.<\/p>\n<p><img loading=\"lazy\" decoding=\"async\" class=\"aligncenter size-full wp-image-2289\" src=\"https:\/\/www.miejscakonferencyjne.pl\/blog\/wp-content\/uploads\/2022\/05\/img-9901-1200x_.jpg\" alt=\"\" width=\"1200\" height=\"739\" srcset=\"https:\/\/www.miejscakonferencyjne.pl\/blog\/wp-content\/uploads\/2022\/05\/img-9901-1200x_.jpg 1200w, https:\/\/www.miejscakonferencyjne.pl\/blog\/wp-content\/uploads\/2022\/05\/img-9901-1200x_-1000x616.jpg 1000w, https:\/\/www.miejscakonferencyjne.pl\/blog\/wp-content\/uploads\/2022\/05\/img-9901-1200x_-768x473.jpg 768w, https:\/\/www.miejscakonferencyjne.pl\/blog\/wp-content\/uploads\/2022\/05\/img-9901-1200x_-706x435.jpg 706w\" sizes=\"auto, (max-width: 1200px) 100vw, 1200px\" \/><\/p>\n<h2 style=\"text-align: center;\">Park Inn by Radisson Katowice<\/h2>\n<p>Przenosimy si\u0119 do stolicy G\u00f3rnego \u015al\u0105ska, by opisa\u0107 kr\u00f3tko sieciowy hotel Park Inn by Radisson Katowice. Obiekt otoczony jest zieleni\u0105 Parku \u015al\u0105skiego. Mie\u015bci si\u0119 w bliskiej odleg\u0142o\u015bci od \u015al\u0105skiego Ogrodu Zoologicznego z Parkiem Linowym oraz kolejki turystycznej. Do centrum miasta r\u00f3wnie\u017c jest blisko &#8211; kilka minut samochodem lub komunikacj\u0105 miejsk\u0105.<\/p>\n<p><img loading=\"lazy\" decoding=\"async\" class=\"aligncenter size-full wp-image-2292\" src=\"https:\/\/www.miejscakonferencyjne.pl\/blog\/wp-content\/uploads\/2022\/05\/16256-114844-f63888914_3xl.jpg\" alt=\"\" width=\"800\" height=\"610\" srcset=\"https:\/\/www.miejscakonferencyjne.pl\/blog\/wp-content\/uploads\/2022\/05\/16256-114844-f63888914_3xl.jpg 800w, https:\/\/www.miejscakonferencyjne.pl\/blog\/wp-content\/uploads\/2022\/05\/16256-114844-f63888914_3xl-768x586.jpg 768w, https:\/\/www.miejscakonferencyjne.pl\/blog\/wp-content\/uploads\/2022\/05\/16256-114844-f63888914_3xl-706x538.jpg 706w\" sizes=\"auto, (max-width: 800px) 100vw, 800px\" \/><\/p>\n<p>\u015al\u0105ski hotel oferuje kilka funkcjonalnych sal, kt\u00f3re wynajmowane s\u0105 przez organizator\u00f3w na r\u00f3\u017cnego spotkania biznesowe i firmowe przyj\u0119cia. Najwi\u0119ksza z sal (Sala Gold) pomie\u015bci nawet ponad 400 os\u00f3b! Na terenie hotelu marki Park Inn by Radisson w Katowicach znajduje si\u0119 sauna i \u0142a\u017ania parowa, w kt\u00f3rych hotelowi go\u015bcie mog\u0105 si\u0119 zrelaksowa\u0107.<\/p>\n<p><img loading=\"lazy\" decoding=\"async\" class=\"aligncenter size-full wp-image-2295\" src=\"https:\/\/www.miejscakonferencyjne.pl\/blog\/wp-content\/uploads\/2022\/05\/16256-114844-f63888922_3xl.jpg\" alt=\"\" width=\"800\" height=\"610\" srcset=\"https:\/\/www.miejscakonferencyjne.pl\/blog\/wp-content\/uploads\/2022\/05\/16256-114844-f63888922_3xl.jpg 800w, https:\/\/www.miejscakonferencyjne.pl\/blog\/wp-content\/uploads\/2022\/05\/16256-114844-f63888922_3xl-768x586.jpg 768w, https:\/\/www.miejscakonferencyjne.pl\/blog\/wp-content\/uploads\/2022\/05\/16256-114844-f63888922_3xl-706x538.jpg 706w\" sizes=\"auto, (max-width: 800px) 100vw, 800px\" \/><\/p>\n<h2 style=\"text-align: center;\">Hotel Natura Residence**** Business &amp; SPA<\/h2>\n<p>W okolicy Jury Krakowsko-Cz\u0119stochowskiej znajduje si\u0119 <a href=\"https:\/\/www.miejscakonferencyjne.pl\/hotele-4gwiazdkowe\" target=\"_blank\" rel=\"noopener noreferrer\">czterogwiazdkowy hotel<\/a>, oferuj\u0105cy wielofunkcyjne sale biznesowe, komfortowe miejsca noclegowe i stref\u0119 SPA, w kt\u00f3rej specjali\u015bci zadbaj\u0105 o relaks i regenracj\u0119 hotelowych go\u015bci. W Hotelu Natura Residence**** Business &amp; SPA znajduj\u0105 si\u0119 4 sale, kt\u00f3re mo\u017cna \u0142\u0105czy\u0107 za pomoc\u0105 mobilnych i d\u017awi\u0119koszczelnych \u015bcian, przez co organizator mo\u017ce jeszcze lepiej dopasowa\u0107 wielko\u015b\u0107 powierzchni do liczby uczestnik\u00f3w spotkania i swoich potrzeb.<\/p>\n<p><img loading=\"lazy\" decoding=\"async\" class=\"aligncenter size-full wp-image-2297\" src=\"https:\/\/www.miejscakonferencyjne.pl\/blog\/wp-content\/uploads\/2022\/05\/16279111501346-18naturaresidence-1200x_.jpg\" alt=\"\" width=\"1200\" height=\"675\" srcset=\"https:\/\/www.miejscakonferencyjne.pl\/blog\/wp-content\/uploads\/2022\/05\/16279111501346-18naturaresidence-1200x_.jpg 1200w, https:\/\/www.miejscakonferencyjne.pl\/blog\/wp-content\/uploads\/2022\/05\/16279111501346-18naturaresidence-1200x_-1000x563.jpg 1000w, https:\/\/www.miejscakonferencyjne.pl\/blog\/wp-content\/uploads\/2022\/05\/16279111501346-18naturaresidence-1200x_-768x432.jpg 768w, https:\/\/www.miejscakonferencyjne.pl\/blog\/wp-content\/uploads\/2022\/05\/16279111501346-18naturaresidence-1200x_-706x397.jpg 706w\" sizes=\"auto, (max-width: 1200px) 100vw, 1200px\" \/><\/p>\n<p>Go\u015bci mo\u017cna zakwaterowa\u0107 w wygodnych i nowocze\u015bnie urz\u0105dzonych pokojach, a nakarmi\u0107 w Restauracji Bluebell, kt\u00f3ra serwuje dania ze \u015bwie\u017cych i wysokiej jako\u015bci produkt\u00f3w. Szef Kuchni stawia na sezonowe produkty, by wyci\u0105gn\u0105\u0107 z dania jak najwi\u0119cej smaku.<\/p>\n<p><img loading=\"lazy\" decoding=\"async\" class=\"aligncenter size-full wp-image-2298\" src=\"https:\/\/www.miejscakonferencyjne.pl\/blog\/wp-content\/uploads\/2022\/05\/mg-1836-edit-1200x_.jpg\" alt=\"\" width=\"1200\" height=\"799\" srcset=\"https:\/\/www.miejscakonferencyjne.pl\/blog\/wp-content\/uploads\/2022\/05\/mg-1836-edit-1200x_.jpg 1200w, https:\/\/www.miejscakonferencyjne.pl\/blog\/wp-content\/uploads\/2022\/05\/mg-1836-edit-1200x_-1000x666.jpg 1000w, https:\/\/www.miejscakonferencyjne.pl\/blog\/wp-content\/uploads\/2022\/05\/mg-1836-edit-1200x_-768x511.jpg 768w, https:\/\/www.miejscakonferencyjne.pl\/blog\/wp-content\/uploads\/2022\/05\/mg-1836-edit-1200x_-706x470.jpg 706w\" sizes=\"auto, (max-width: 1200px) 100vw, 1200px\" \/><\/p>\n<h2 style=\"text-align: center;\">Hotel Stok **** Ski &amp; Spa<\/h2>\n<p>Nasza kolejna propozycja mie\u015bci si\u0119 przy stacji narciarskiej i oferuje a\u017c 16 sal konferencyjnych! To prawdziwa gratka dla organizator\u00f3w konferencji i szkole\u0144. Mo\u017cna te\u017c dzieli\u0107 i \u0142\u0105czy\u0107, zmienia\u0107 ustawienie krzese\u0142 i sto\u0142\u00f3w, wi\u0119c nawet najbardziej wymagaj\u0105cy organizatorzy event\u00f3w powinni by\u0107 zadowoleni.<\/p>\n<p><img loading=\"lazy\" decoding=\"async\" class=\"aligncenter size-full wp-image-2305\" src=\"https:\/\/www.miejscakonferencyjne.pl\/blog\/wp-content\/uploads\/2022\/05\/smallhotel-stok-2-28-1200x_.jpg\" alt=\"\" width=\"1200\" height=\"799\" srcset=\"https:\/\/www.miejscakonferencyjne.pl\/blog\/wp-content\/uploads\/2022\/05\/smallhotel-stok-2-28-1200x_.jpg 1200w, https:\/\/www.miejscakonferencyjne.pl\/blog\/wp-content\/uploads\/2022\/05\/smallhotel-stok-2-28-1200x_-1000x666.jpg 1000w, https:\/\/www.miejscakonferencyjne.pl\/blog\/wp-content\/uploads\/2022\/05\/smallhotel-stok-2-28-1200x_-768x511.jpg 768w, https:\/\/www.miejscakonferencyjne.pl\/blog\/wp-content\/uploads\/2022\/05\/smallhotel-stok-2-28-1200x_-706x470.jpg 706w\" sizes=\"auto, (max-width: 1200px) 100vw, 1200px\" \/><\/p>\n<p>Dodatkowo Hotel Stok w Wi\u015ble oferuje swoim go\u015bciom 4-hektarowy teren zielony, na kt\u00f3rym mo\u017cna organizowa\u0107 pikniki firmowe i inne imprezy w plenerze. Hala namiotowa pomie\u015bci nawet 2000 os\u00f3b.<\/p>\n<h2 style=\"text-align: center;\">Z\u0142oty Gro\u0144 Resort &amp; Spa<\/h2>\n<p>Przepi\u0119kny hotel, z przepi\u0119kn\u0105 okolic\u0105, przepi\u0119knymi salami konferencyjnymi, z przepi\u0119knymi widokami. Tak w skr\u00f3cie mogliby\u015bmy opisa\u0107 hotel Z\u0142oty Gro\u0144. Tu mo\u017cna zorganizowa\u0107 konferencj\u0119 na szczycie &#8211; zar\u00f3wno w przeno\u015bni, jak i w prawdziwym tego s\u0142owa znaczeniu. Ten <a href=\"https:\/\/www.miejscakonferencyjne.pl\/w-gorach\" target=\"_blank\" rel=\"noopener noreferrer\">hotel w g\u00f3rach<\/a> to odpowiednie miejsce dla os\u00f3b, kt\u00f3re szukaj\u0105 luksusowych wn\u0119trz, nowoczesnego designu, ale po\u0142\u0105czonego z g\u00f3ralskimi nawi\u0105zaniami i elementami.<\/p>\n<p>&nbsp;<\/p>\n<p><img loading=\"lazy\" decoding=\"async\" class=\"aligncenter size-full wp-image-2308\" src=\"https:\/\/www.miejscakonferencyjne.pl\/blog\/wp-content\/uploads\/2022\/05\/dronmalehotelstok-1200x_.jpg\" alt=\"\" width=\"1200\" height=\"675\" srcset=\"https:\/\/www.miejscakonferencyjne.pl\/blog\/wp-content\/uploads\/2022\/05\/dronmalehotelstok-1200x_.jpg 1200w, https:\/\/www.miejscakonferencyjne.pl\/blog\/wp-content\/uploads\/2022\/05\/dronmalehotelstok-1200x_-1000x563.jpg 1000w, https:\/\/www.miejscakonferencyjne.pl\/blog\/wp-content\/uploads\/2022\/05\/dronmalehotelstok-1200x_-768x432.jpg 768w, https:\/\/www.miejscakonferencyjne.pl\/blog\/wp-content\/uploads\/2022\/05\/dronmalehotelstok-1200x_-706x397.jpg 706w\" sizes=\"auto, (max-width: 1200px) 100vw, 1200px\" \/><\/p>\n<h2 style=\"text-align: center;\">VISLOW Resort<\/h2>\n<p>Szkolenie w g\u00f3rach zorganizujecie te\u017c w VISLOW Resort w Wi\u015ble. Kilka \u0142adnych i nowocze\u015bnie wyposa\u017conych sal, ponad 200 miejsc noclegowych, przestronna i designerska restauracja oraz masa dodatkowych atrakcji czyni\u0105 to miejsce odpowiednim na wyjazd firmowy, presti\u017cowe spotkanie biznesowe na szczycie i przemi\u0142e sp\u0119dzenie czasu w gronie bliskich lub wsp\u00f3\u0142uczestnik\u00f3w konferencji i szkolenia.<\/p>\n<p><img loading=\"lazy\" decoding=\"async\" class=\"aligncenter size-full wp-image-2312\" src=\"https:\/\/www.miejscakonferencyjne.pl\/blog\/wp-content\/uploads\/2022\/05\/dsc9915a1-1200x_.jpg\" alt=\"\" width=\"1200\" height=\"799\" srcset=\"https:\/\/www.miejscakonferencyjne.pl\/blog\/wp-content\/uploads\/2022\/05\/dsc9915a1-1200x_.jpg 1200w, https:\/\/www.miejscakonferencyjne.pl\/blog\/wp-content\/uploads\/2022\/05\/dsc9915a1-1200x_-1000x666.jpg 1000w, https:\/\/www.miejscakonferencyjne.pl\/blog\/wp-content\/uploads\/2022\/05\/dsc9915a1-1200x_-768x511.jpg 768w, https:\/\/www.miejscakonferencyjne.pl\/blog\/wp-content\/uploads\/2022\/05\/dsc9915a1-1200x_-706x470.jpg 706w\" sizes=\"auto, (max-width: 1200px) 100vw, 1200px\" \/><\/p>\n<p>Kuchnia w VISLOW Resort inspirowana jest porami roku &#8211; Szef Kuchni stawia na sezonowo\u015b\u0107 produkt\u00f3w, by produkty by\u0142y zawsze \u015bwie\u017ce i najwy\u017cszej jako\u015bci. Warto doda\u0107, \u017ce hotelowa restauracja dba o jak najmniejsze generowanie odpad\u00f3w i stara si\u0119 maksymalnie wykorzysta\u0107 ka\u017cdy produkt ho\u0142duj\u0105c zasadzie less waste.<\/p>\n<p><img loading=\"lazy\" decoding=\"async\" class=\"aligncenter size-full wp-image-2311\" src=\"https:\/\/www.miejscakonferencyjne.pl\/blog\/wp-content\/uploads\/2022\/05\/tkp-vislow-124-1200x_.jpg\" alt=\"\" width=\"1200\" height=\"799\" srcset=\"https:\/\/www.miejscakonferencyjne.pl\/blog\/wp-content\/uploads\/2022\/05\/tkp-vislow-124-1200x_.jpg 1200w, https:\/\/www.miejscakonferencyjne.pl\/blog\/wp-content\/uploads\/2022\/05\/tkp-vislow-124-1200x_-1000x666.jpg 1000w, https:\/\/www.miejscakonferencyjne.pl\/blog\/wp-content\/uploads\/2022\/05\/tkp-vislow-124-1200x_-768x511.jpg 768w, https:\/\/www.miejscakonferencyjne.pl\/blog\/wp-content\/uploads\/2022\/05\/tkp-vislow-124-1200x_-706x470.jpg 706w\" sizes=\"auto, (max-width: 1200px) 100vw, 1200px\" \/><\/p>\n<h2 style=\"text-align: center;\">Hotel Wis\u0142a Premium<\/h2>\n<p>Zatrzymuj\u0105c si\u0119 jeszcze na chwil\u0119 w Wi\u015ble, nie spos\u00f3b nie napisa\u0107 o Hotelu Wis\u0142a Premium, w kt\u00f3rym organizatorzy maj\u0105 do dyspozycji sale konferencyjne i kameralny Executive Room. Zorganizowa\u0107 mo\u017cna w tym hotelu w Wi\u015ble nie tylko te formalne spotkania, jak konferencje, szkolenia czy negocjacje, ale r\u00f3wnie\u017c imprezy integracyjne czy firmowe jubileusze. Go\u015bci eventu mo\u017cna zakwaterowa\u0107 w \u0142adnie urz\u0105dzonych pokojach i apartamentach. Ka\u017cdy jest wyposa\u017cony w liczne udogodnienia, kt\u00f3re umilaj\u0105 go\u015bciom pobyt w Hotelu Wis\u0142a Premium.<\/p>\n<p><img loading=\"lazy\" decoding=\"async\" class=\"aligncenter size-full wp-image-2315\" src=\"https:\/\/www.miejscakonferencyjne.pl\/blog\/wp-content\/uploads\/2022\/05\/DSC_2028bm.jpg\" alt=\"\" width=\"1348\" height=\"900\" srcset=\"https:\/\/www.miejscakonferencyjne.pl\/blog\/wp-content\/uploads\/2022\/05\/DSC_2028bm.jpg 1348w, https:\/\/www.miejscakonferencyjne.pl\/blog\/wp-content\/uploads\/2022\/05\/DSC_2028bm-1000x668.jpg 1000w, https:\/\/www.miejscakonferencyjne.pl\/blog\/wp-content\/uploads\/2022\/05\/DSC_2028bm-768x513.jpg 768w, https:\/\/www.miejscakonferencyjne.pl\/blog\/wp-content\/uploads\/2022\/05\/DSC_2028bm-706x471.jpg 706w, https:\/\/www.miejscakonferencyjne.pl\/blog\/wp-content\/uploads\/2022\/05\/DSC_2028bm-1200x801.jpg 1200w\" sizes=\"auto, (max-width: 1348px) 100vw, 1348px\" \/><\/p>\n<p><img loading=\"lazy\" decoding=\"async\" class=\"aligncenter size-full wp-image-2316\" src=\"https:\/\/www.miejscakonferencyjne.pl\/blog\/wp-content\/uploads\/2022\/05\/DSC_2372bm_1.jpg\" alt=\"\" width=\"1348\" height=\"900\" srcset=\"https:\/\/www.miejscakonferencyjne.pl\/blog\/wp-content\/uploads\/2022\/05\/DSC_2372bm_1.jpg 1348w, https:\/\/www.miejscakonferencyjne.pl\/blog\/wp-content\/uploads\/2022\/05\/DSC_2372bm_1-1000x668.jpg 1000w, https:\/\/www.miejscakonferencyjne.pl\/blog\/wp-content\/uploads\/2022\/05\/DSC_2372bm_1-768x513.jpg 768w, https:\/\/www.miejscakonferencyjne.pl\/blog\/wp-content\/uploads\/2022\/05\/DSC_2372bm_1-706x471.jpg 706w, https:\/\/www.miejscakonferencyjne.pl\/blog\/wp-content\/uploads\/2022\/05\/DSC_2372bm_1-1200x801.jpg 1200w\" sizes=\"auto, (max-width: 1348px) 100vw, 1348px\" \/><\/p>\n<h2 style=\"text-align: center;\">Hotel Ostaniec<\/h2>\n<p>W\u015brod malowniczych zielonych teren\u00f3w Jury Krakowsko-Cz\u0119stochowskiej znajduje si\u0119 Hotel Ostaniec, ktory zapewnia doskona\u0142e warunki zar\u00f3wno do odpoczynku, jak i pracy s\u0142u\u017cbowej. Mo\u017cna si\u0119 tu zatrzyma\u0107 podczas delegacji na G\u00f3rnym \u015al\u0105sku, kiedy chcieliby\u015bmy uciec od zgie\u0142ku miast i g\u0119stej zabudowy miejskiej do miejsca na \u0142onie natury, gdzie mo\u017cna w ciszy i spokoju zregenerowa\u0107 si\u0142y i skupi\u0107 si\u0119 na pracy. To te\u017c dobra baza wypadowa do zwiedzania okolicy &#8211; niedaleko znajduje si\u0119 cho\u0107by rezerwat przyrody nieo\u017cywionej G\u00f3ra Zbor\u00f3w, a tak\u017ce ciekawa Jaskinia G\u0142\u0119boka.<\/p>\n<p><img loading=\"lazy\" decoding=\"async\" class=\"aligncenter size-full wp-image-2318\" src=\"https:\/\/www.miejscakonferencyjne.pl\/blog\/wp-content\/uploads\/2022\/05\/Group16-DSC05788-HDR4_DSC05791-HDR3-2images.jpg\" alt=\"\" width=\"2016\" height=\"900\" srcset=\"https:\/\/www.miejscakonferencyjne.pl\/blog\/wp-content\/uploads\/2022\/05\/Group16-DSC05788-HDR4_DSC05791-HDR3-2images.jpg 2016w, https:\/\/www.miejscakonferencyjne.pl\/blog\/wp-content\/uploads\/2022\/05\/Group16-DSC05788-HDR4_DSC05791-HDR3-2images-1000x446.jpg 1000w, https:\/\/www.miejscakonferencyjne.pl\/blog\/wp-content\/uploads\/2022\/05\/Group16-DSC05788-HDR4_DSC05791-HDR3-2images-2000x893.jpg 2000w, https:\/\/www.miejscakonferencyjne.pl\/blog\/wp-content\/uploads\/2022\/05\/Group16-DSC05788-HDR4_DSC05791-HDR3-2images-768x343.jpg 768w, https:\/\/www.miejscakonferencyjne.pl\/blog\/wp-content\/uploads\/2022\/05\/Group16-DSC05788-HDR4_DSC05791-HDR3-2images-1536x686.jpg 1536w, https:\/\/www.miejscakonferencyjne.pl\/blog\/wp-content\/uploads\/2022\/05\/Group16-DSC05788-HDR4_DSC05791-HDR3-2images-706x315.jpg 706w, https:\/\/www.miejscakonferencyjne.pl\/blog\/wp-content\/uploads\/2022\/05\/Group16-DSC05788-HDR4_DSC05791-HDR3-2images-1200x536.jpg 1200w\" sizes=\"auto, (max-width: 2016px) 100vw, 2016px\" \/><\/p>\n<h2 style=\"text-align: center;\">Hotel Liburnia<\/h2>\n<p>Nasze zestawienie TOP 10 ko\u0144czy Hotel Liburnia w Cieszynie przy ulicy o tej samej nazwie co obiekt. Hotel znajduje si\u0119 tu\u017c przy Beskiach, niedaleko licznych szlak\u00f3w turystycznych i takich miejscowo\u015bci, jak Wis\u0142a czy Ustro\u0144.<\/p>\n<p><img loading=\"lazy\" decoding=\"async\" class=\"aligncenter size-full wp-image-2322\" src=\"https:\/\/www.miejscakonferencyjne.pl\/blog\/wp-content\/uploads\/2022\/05\/11.jpg\" alt=\"\" width=\"1600\" height=\"1067\" srcset=\"https:\/\/www.miejscakonferencyjne.pl\/blog\/wp-content\/uploads\/2022\/05\/11.jpg 1600w, https:\/\/www.miejscakonferencyjne.pl\/blog\/wp-content\/uploads\/2022\/05\/11-1000x667.jpg 1000w, https:\/\/www.miejscakonferencyjne.pl\/blog\/wp-content\/uploads\/2022\/05\/11-768x512.jpg 768w, https:\/\/www.miejscakonferencyjne.pl\/blog\/wp-content\/uploads\/2022\/05\/11-1536x1024.jpg 1536w, https:\/\/www.miejscakonferencyjne.pl\/blog\/wp-content\/uploads\/2022\/05\/11-706x471.jpg 706w, https:\/\/www.miejscakonferencyjne.pl\/blog\/wp-content\/uploads\/2022\/05\/11-1200x800.jpg 1200w\" sizes=\"auto, (max-width: 1600px) 100vw, 1600px\" \/><\/p>\n<p>Obiekt jest dobrze zlokalizowany &#8211; szybko mo\u017cemy tu dotrze\u0107 z r\u00f3\u017cnych miejsc Polski, poniewa\u017c w pobli\u017cu znajduje si\u0119 trasa S1. Obiekt ten jest wybierany r\u00f3wnie\u017c w przypadku konferencji mi\u0119dzynarodowych, w kt\u00f3rych udzia\u0142 bior\u0105 osoby z Czech. Dlaczego? A dlatego, \u017ce niedaleko znajduje si\u0119 przej\u015bcie graniczne w\u0142a\u015bnie z Republik\u0105 Czesk\u0105. Komfortowe noclegi, w\u0142asna kuchnia i kilka sal konferencyjnych czyni\u0105 Hotel Liburnia wartym uwagi miejscem na konferencj\u0119 w wojew\u00f3dztwie \u015bl\u0105skim. I dlatego w\u0142a\u015bnie znalaz\u0142 si\u0119 on w naszym dzisiejszym zestawieniu.<\/p>\n<p><img loading=\"lazy\" decoding=\"async\" class=\"aligncenter size-full wp-image-2321\" src=\"https:\/\/www.miejscakonferencyjne.pl\/blog\/wp-content\/uploads\/2022\/05\/5.jpg\" alt=\"\" width=\"1600\" height=\"1022\" srcset=\"https:\/\/www.miejscakonferencyjne.pl\/blog\/wp-content\/uploads\/2022\/05\/5.jpg 1600w, https:\/\/www.miejscakonferencyjne.pl\/blog\/wp-content\/uploads\/2022\/05\/5-1000x639.jpg 1000w, https:\/\/www.miejscakonferencyjne.pl\/blog\/wp-content\/uploads\/2022\/05\/5-768x491.jpg 768w, https:\/\/www.miejscakonferencyjne.pl\/blog\/wp-content\/uploads\/2022\/05\/5-1536x981.jpg 1536w, https:\/\/www.miejscakonferencyjne.pl\/blog\/wp-content\/uploads\/2022\/05\/5-706x451.jpg 706w, https:\/\/www.miejscakonferencyjne.pl\/blog\/wp-content\/uploads\/2022\/05\/5-1200x767.jpg 1200w\" sizes=\"auto, (max-width: 1600px) 100vw, 1600px\" \/><\/p>\n","protected":false},"excerpt":{"rendered":"<p>G\u00f3rny \u015al\u0105sk jest regionem dosy\u0107 zr\u00f3\u017cnicowanym pod wzgl\u0119dem powierzchni, zabudowa\u0144 i atrakcji. Znajdziemy tu zar\u00f3wno konurbacje g\u00f3rno\u015bl\u0105sk\u0105, gdzie w kilku s\u0105siaduj\u0105cych ze sob\u0105 miastach jest bardzo du\u017ce zag\u0119szczenie zabudowa\u0144, jak i malowniczy region Beskid\u00f3w, gdzie blok\u00f3w jest znacznie mniej i mo\u017cna z powodzeniem odetchn\u0105\u0107 od zgie\u0142ku miasta. W zale\u017cno\u015bci od potrzeb i upodoba\u0144, ka\u017cdy znajdzie tu co\u015b dla siebie.<\/p>\n","protected":false},"author":8,"featured_media":2307,"comment_status":"closed","ping_status":"closed","sticky":false,"template":"","format":"standard","meta":{"_acf_changed":false,"footnotes":""},"categories":[212,189,170],"tags":[191,216,230,210],"class_list":["post-2284","post","type-post","status-publish","format-standard","has-post-thumbnail","hentry","category-miejsce-na-konferencje","category-organizacja-eventu","category-organizacja-konferencji","tag-organizacja-eventu","tag-organizacja-imprezy-firmowej","tag-turystyka-biznesowa","tag-wyjazd-integracyjny","bwp-masonry-item","bwp-blog-col-3"],"acf":[],"yoast_head":"<!-- This site is optimized with the Yoast SEO plugin v27.5 - https:\/\/yoast.com\/product\/yoast-seo-wordpress\/ -->\n<title>TOP 10 hoteli na G\u00f3rnym \u015al\u0105sku - MiejscaKonferencyjne.pl<\/title>\n<meta name=\"description\" content=\"TOP 10 hoteli na G\u00f3rnym \u015al\u0105sku - MiejscaKonferencyjne.pl\" \/>\n<meta name=\"robots\" content=\"index, follow, max-snippet:-1, max-image-preview:large, max-video-preview:-1\" \/>\n<link rel=\"canonical\" href=\"https:\/\/www.miejscakonferencyjne.pl\/blog\/top-10-hoteli-na-gornym-slasku\/\" \/>\n<meta property=\"og:locale\" content=\"pl_PL\" \/>\n<meta property=\"og:type\" content=\"article\" \/>\n<meta property=\"og:title\" content=\"TOP 10 hoteli na G\u00f3rnym \u015al\u0105sku - MiejscaKonferencyjne.pl\" \/>\n<meta property=\"og:description\" content=\"TOP 10 hoteli na G\u00f3rnym \u015al\u0105sku - MiejscaKonferencyjne.pl\" \/>\n<meta property=\"og:url\" content=\"https:\/\/www.miejscakonferencyjne.pl\/blog\/top-10-hoteli-na-gornym-slasku\/\" \/>\n<meta property=\"og:site_name\" content=\"MiejscaKonferencyjne.pl\" \/>\n<meta property=\"article:published_time\" content=\"2022-05-13T17:40:33+00:00\" \/>\n<meta property=\"article:modified_time\" content=\"2024-05-07T10:03:24+00:00\" \/>\n<meta property=\"og:image\" content=\"https:\/\/www.miejscakonferencyjne.pl\/blog\/wp-content\/uploads\/2022\/05\/62064856-1727290520749888-3143461889355284480-o-1200x_.jpg\" \/>\n\t<meta property=\"og:image:width\" content=\"1200\" \/>\n\t<meta property=\"og:image:height\" content=\"673\" \/>\n\t<meta property=\"og:image:type\" content=\"image\/jpeg\" \/>\n<meta name=\"author\" content=\"pbrandys\" \/>\n<meta name=\"twitter:card\" content=\"summary_large_image\" \/>\n<meta name=\"twitter:label1\" content=\"Napisane przez\" \/>\n\t<meta name=\"twitter:data1\" content=\"pbrandys\" \/>\n\t<meta name=\"twitter:label2\" content=\"Szacowany czas czytania\" \/>\n\t<meta name=\"twitter:data2\" content=\"10 minut\" \/>\n<!-- \/ Yoast SEO plugin. -->","yoast_head_json":{"title":"TOP 10 hoteli na G\u00f3rnym \u015al\u0105sku - MiejscaKonferencyjne.pl","description":"TOP 10 hoteli na G\u00f3rnym \u015al\u0105sku - MiejscaKonferencyjne.pl","robots":{"index":"index","follow":"follow","max-snippet":"max-snippet:-1","max-image-preview":"max-image-preview:large","max-video-preview":"max-video-preview:-1"},"canonical":"https:\/\/www.miejscakonferencyjne.pl\/blog\/top-10-hoteli-na-gornym-slasku\/","og_locale":"pl_PL","og_type":"article","og_title":"TOP 10 hoteli na G\u00f3rnym \u015al\u0105sku - MiejscaKonferencyjne.pl","og_description":"TOP 10 hoteli na G\u00f3rnym \u015al\u0105sku - MiejscaKonferencyjne.pl","og_url":"https:\/\/www.miejscakonferencyjne.pl\/blog\/top-10-hoteli-na-gornym-slasku\/","og_site_name":"MiejscaKonferencyjne.pl","article_published_time":"2022-05-13T17:40:33+00:00","article_modified_time":"2024-05-07T10:03:24+00:00","og_image":[{"width":1200,"height":673,"url":"https:\/\/www.miejscakonferencyjne.pl\/blog\/wp-content\/uploads\/2022\/05\/62064856-1727290520749888-3143461889355284480-o-1200x_.jpg","type":"image\/jpeg"}],"author":"pbrandys","twitter_card":"summary_large_image","twitter_misc":{"Napisane przez":"pbrandys","Szacowany czas czytania":"10 minut"},"schema":{"@context":"https:\/\/schema.org","@graph":[{"@type":["Article","BlogPosting"],"@id":"https:\/\/www.miejscakonferencyjne.pl\/blog\/top-10-hoteli-na-gornym-slasku\/#article","isPartOf":{"@id":"https:\/\/www.miejscakonferencyjne.pl\/blog\/top-10-hoteli-na-gornym-slasku\/"},"author":{"name":"pbrandys","@id":"https:\/\/www.miejscakonferencyjne.pl\/blog\/#\/schema\/person\/881fac6eebca25df457bb23e4c634513"},"headline":"TOP 10 hoteli na G\u00f3rnym \u015al\u0105sku","datePublished":"2022-05-13T17:40:33+00:00","dateModified":"2024-05-07T10:03:24+00:00","mainEntityOfPage":{"@id":"https:\/\/www.miejscakonferencyjne.pl\/blog\/top-10-hoteli-na-gornym-slasku\/"},"wordCount":1231,"publisher":{"@id":"https:\/\/www.miejscakonferencyjne.pl\/blog\/#organization"},"image":{"@id":"https:\/\/www.miejscakonferencyjne.pl\/blog\/top-10-hoteli-na-gornym-slasku\/#primaryimage"},"thumbnailUrl":"https:\/\/www.miejscakonferencyjne.pl\/blog\/wp-content\/uploads\/2022\/05\/62064856-1727290520749888-3143461889355284480-o-1200x_.jpg","keywords":["organizacja eventu","organizacja imprezy firmowej","turystyka biznesowa","wyjazd integracyjny"],"articleSection":["Miejsce na konferencj\u0119","Organizacja eventu","Organizacja konferencji"],"inLanguage":"pl-PL"},{"@type":"WebPage","@id":"https:\/\/www.miejscakonferencyjne.pl\/blog\/top-10-hoteli-na-gornym-slasku\/","url":"https:\/\/www.miejscakonferencyjne.pl\/blog\/top-10-hoteli-na-gornym-slasku\/","name":"TOP 10 hoteli na G\u00f3rnym \u015al\u0105sku - MiejscaKonferencyjne.pl","isPartOf":{"@id":"https:\/\/www.miejscakonferencyjne.pl\/blog\/#website"},"primaryImageOfPage":{"@id":"https:\/\/www.miejscakonferencyjne.pl\/blog\/top-10-hoteli-na-gornym-slasku\/#primaryimage"},"image":{"@id":"https:\/\/www.miejscakonferencyjne.pl\/blog\/top-10-hoteli-na-gornym-slasku\/#primaryimage"},"thumbnailUrl":"https:\/\/www.miejscakonferencyjne.pl\/blog\/wp-content\/uploads\/2022\/05\/62064856-1727290520749888-3143461889355284480-o-1200x_.jpg","datePublished":"2022-05-13T17:40:33+00:00","dateModified":"2024-05-07T10:03:24+00:00","description":"TOP 10 hoteli na G\u00f3rnym \u015al\u0105sku - MiejscaKonferencyjne.pl","breadcrumb":{"@id":"https:\/\/www.miejscakonferencyjne.pl\/blog\/top-10-hoteli-na-gornym-slasku\/#breadcrumb"},"inLanguage":"pl-PL","potentialAction":[{"@type":"ReadAction","target":["https:\/\/www.miejscakonferencyjne.pl\/blog\/top-10-hoteli-na-gornym-slasku\/"]}]},{"@type":"ImageObject","inLanguage":"pl-PL","@id":"https:\/\/www.miejscakonferencyjne.pl\/blog\/top-10-hoteli-na-gornym-slasku\/#primaryimage","url":"https:\/\/www.miejscakonferencyjne.pl\/blog\/wp-content\/uploads\/2022\/05\/62064856-1727290520749888-3143461889355284480-o-1200x_.jpg","contentUrl":"https:\/\/www.miejscakonferencyjne.pl\/blog\/wp-content\/uploads\/2022\/05\/62064856-1727290520749888-3143461889355284480-o-1200x_.jpg","width":1200,"height":673},{"@type":"BreadcrumbList","@id":"https:\/\/www.miejscakonferencyjne.pl\/blog\/top-10-hoteli-na-gornym-slasku\/#breadcrumb","itemListElement":[{"@type":"ListItem","position":1,"name":"Strona g\u0142\u00f3wna","item":"https:\/\/www.miejscakonferencyjne.pl\/blog\/"},{"@type":"ListItem","position":2,"name":"TOP 10 hoteli na G\u00f3rnym \u015al\u0105sku"}]},{"@type":"WebSite","@id":"https:\/\/www.miejscakonferencyjne.pl\/blog\/#website","url":"https:\/\/www.miejscakonferencyjne.pl\/blog\/","name":"MiejscaKonferencyjne.pl","description":"Dowiedz si\u0119 wszystkiego na temat organizacji konferencji, szkole\u0144 i wydarze\u0144 biznesowych. Komentuj i dziel si\u0119 opini\u0105!","publisher":{"@id":"https:\/\/www.miejscakonferencyjne.pl\/blog\/#organization"},"potentialAction":[{"@type":"SearchAction","target":{"@type":"EntryPoint","urlTemplate":"https:\/\/www.miejscakonferencyjne.pl\/blog\/?s={search_term_string}"},"query-input":{"@type":"PropertyValueSpecification","valueRequired":true,"valueName":"search_term_string"}}],"inLanguage":"pl-PL"},{"@type":"Organization","@id":"https:\/\/www.miejscakonferencyjne.pl\/blog\/#organization","name":"MiejscaKonferencyjne.pl","url":"https:\/\/www.miejscakonferencyjne.pl\/blog\/","logo":{"@type":"ImageObject","inLanguage":"pl-PL","@id":"https:\/\/www.miejscakonferencyjne.pl\/blog\/#\/schema\/logo\/image\/","url":"https:\/\/www.miejscakonferencyjne.pl\/blog\/wp-content\/uploads\/2019\/12\/logo-white.png","contentUrl":"https:\/\/www.miejscakonferencyjne.pl\/blog\/wp-content\/uploads\/2019\/12\/logo-white.png","width":400,"height":63,"caption":"MiejscaKonferencyjne.pl"},"image":{"@id":"https:\/\/www.miejscakonferencyjne.pl\/blog\/#\/schema\/logo\/image\/"}},{"@type":"Person","@id":"https:\/\/www.miejscakonferencyjne.pl\/blog\/#\/schema\/person\/881fac6eebca25df457bb23e4c634513","name":"pbrandys","url":"https:\/\/www.miejscakonferencyjne.pl\/blog\/author\/pbrandys\/"}]}},"_links":{"self":[{"href":"https:\/\/www.miejscakonferencyjne.pl\/blog\/wp-json\/wp\/v2\/posts\/2284","targetHints":{"allow":["GET"]}}],"collection":[{"href":"https:\/\/www.miejscakonferencyjne.pl\/blog\/wp-json\/wp\/v2\/posts"}],"about":[{"href":"https:\/\/www.miejscakonferencyjne.pl\/blog\/wp-json\/wp\/v2\/types\/post"}],"author":[{"embeddable":true,"href":"https:\/\/www.miejscakonferencyjne.pl\/blog\/wp-json\/wp\/v2\/users\/8"}],"replies":[{"embeddable":true,"href":"https:\/\/www.miejscakonferencyjne.pl\/blog\/wp-json\/wp\/v2\/comments?post=2284"}],"version-history":[{"count":14,"href":"https:\/\/www.miejscakonferencyjne.pl\/blog\/wp-json\/wp\/v2\/posts\/2284\/revisions"}],"predecessor-version":[{"id":3270,"href":"https:\/\/www.miejscakonferencyjne.pl\/blog\/wp-json\/wp\/v2\/posts\/2284\/revisions\/3270"}],"wp:featuredmedia":[{"embeddable":true,"href":"https:\/\/www.miejscakonferencyjne.pl\/blog\/wp-json\/wp\/v2\/media\/2307"}],"wp:attachment":[{"href":"https:\/\/www.miejscakonferencyjne.pl\/blog\/wp-json\/wp\/v2\/media?parent=2284"}],"wp:term":[{"taxonomy":"category","embeddable":true,"href":"https:\/\/www.miejscakonferencyjne.pl\/blog\/wp-json\/wp\/v2\/categories?post=2284"},{"taxonomy":"post_tag","embeddable":true,"href":"https:\/\/www.miejscakonferencyjne.pl\/blog\/wp-json\/wp\/v2\/tags?post=2284"}],"curies":[{"name":"wp","href":"https:\/\/api.w.org\/{rel}","templated":true}]}}