{"id":2094,"date":"2022-03-25T18:54:47","date_gmt":"2022-03-25T16:54:47","guid":{"rendered":"https:\/\/www.miejscakonferencyjne.pl\/blog\/?p=2094"},"modified":"2024-05-07T12:03:25","modified_gmt":"2024-05-07T10:03:25","slug":"imprezy-w-plenerze-na-mazurach","status":"publish","type":"post","link":"https:\/\/www.miejscakonferencyjne.pl\/blog\/imprezy-w-plenerze-na-mazurach\/","title":{"rendered":"Imprezy w plenerze na Mazurach"},"content":{"rendered":"<p><strong>Nie wiemy, czy Wy r\u00f3wnie\u017c tak macie, ale jak pojawia si\u0119 coraz wi\u0119cej s\u0142o\u0144ca za oknem, to coraz wi\u0119cej si\u0119 chce. Nowe pomys\u0142y, nowe plany &#8211; te wakacyjne, jak i te biznesowe. Pocz\u0105tek wiosny to najlepszy czas, by zaplanowa\u0107 ciekawe letnie wydarzenie w plenerze. P\u00f3\u017ana wiosna r\u00f3wnie\u017c powinna si\u0119 doskonale sprawdzi\u0107, gdy oczekujemy udanej pogody i zazielenionej ju\u017c ro\u015blinno\u015bci.<\/strong><\/p>\n<p>Planuj\u0105c organizacj\u0119 imprezy w plenerze, warto poszuka\u0107 takiego miejsca na event, kt\u00f3re nie tylko oferuje du\u017c\u0105 przestrze\u0144 na zewn\u0105trz, ale r\u00f3wnie\u017c kt\u00f3re posiada miejsca noclegowe. Jest to zw\u0142aszcza wa\u017cne, je\u015bli planujesz zorganizowa\u0107 imprez\u0119, kt\u00f3ra mo\u017ce przed\u0142u\u017cy\u0107 si\u0119 do wieczora lub nawet nocy.<\/p>\n<p><img loading=\"lazy\" decoding=\"async\" class=\"aligncenter size-full wp-image-2114\" src=\"https:\/\/www.miejscakonferencyjne.pl\/blog\/wp-content\/uploads\/2022\/03\/5b3212bf70adcsadypokojf6-1200x_.jpg\" alt=\"\" width=\"1200\" height=\"799\" srcset=\"https:\/\/www.miejscakonferencyjne.pl\/blog\/wp-content\/uploads\/2022\/03\/5b3212bf70adcsadypokojf6-1200x_.jpg 1200w, https:\/\/www.miejscakonferencyjne.pl\/blog\/wp-content\/uploads\/2022\/03\/5b3212bf70adcsadypokojf6-1200x_-1000x666.jpg 1000w, https:\/\/www.miejscakonferencyjne.pl\/blog\/wp-content\/uploads\/2022\/03\/5b3212bf70adcsadypokojf6-1200x_-768x511.jpg 768w, https:\/\/www.miejscakonferencyjne.pl\/blog\/wp-content\/uploads\/2022\/03\/5b3212bf70adcsadypokojf6-1200x_-706x470.jpg 706w\" sizes=\"auto, (max-width: 1200px) 100vw, 1200px\" \/><\/p>\n<p>Du\u017c\u0105 popularno\u015bci\u0105 ciesz\u0105 si\u0119 imprezy nad jeziorem. Malownicza okolica sprzyja dobrej zabawie. Klimat jest od razu lepszy, natura jakby bardziej zielona. A gdzie zorganizowa\u0107 najlepsz\u0105 imprez\u0119 nad jeziorem, jak nie w Krainie Tysi\u0105ca Jezior? Mazury to jeden z najpi\u0119kniejszych region\u00f3w Polski. Nad pi\u0119knymi jeziorami powsta\u0142o mn\u00f3stwo ciekawych hoteli, pensjonat\u00f3w i miejsc konferencyjnych. Co roku na Mazury przyje\u017cd\u017caj\u0105 zar\u00f3wno osoby szukaj\u0105ce b\u0142ogiego odpoczynku, jak i te licz\u0105ce na udane wydarzenie nad jeziorem.<\/p>\n<p>Dzi\u015b chcemy Wam podrzuci\u0107 kilka propozycji na takie miejsca, kt\u00f3re sprawdz\u0105 si\u0119 zar\u00f3wno tym pierwszym, jak i drugim.<\/p>\n<h2 style=\"text-align: center;\">Hotel Mazurski Raj<\/h2>\n<p>Pierwsz\u0105 z naszych propozycji jest hotel zlokalizowany po\u015br\u00f3d malowniczych las\u00f3w Puszczy Piskiej &#8211; zapewnia to cisz\u0119, spok\u00f3j i prywatno\u015b\u0107. Ten wyj\u0105tkowy <a href=\"https:\/\/www.miejscakonferencyjne.pl\/hotele-spa\" target=\"_blank\" rel=\"noopener noreferrer\">hotel SPA<\/a> na Mazurach mo\u017ce pochwali\u0107 si\u0119 nie tylko rozbudowan\u0105 stref\u0105 SPA, w\u0142asn\u0105 kr\u0119gielni\u0105 czy w\u0142asnym Barem Piekie\u0142ko z bilardem, pinpongiem, dartem czy pi\u0142karzykami.<\/p>\n<p><img loading=\"lazy\" decoding=\"async\" class=\"aligncenter size-full wp-image-2101\" src=\"https:\/\/www.miejscakonferencyjne.pl\/blog\/wp-content\/uploads\/2022\/03\/5b45e9460024b19105814-742343612620255-4484640267556321907-n-1200x_.jpg\" alt=\"\" width=\"1200\" height=\"1200\" srcset=\"https:\/\/www.miejscakonferencyjne.pl\/blog\/wp-content\/uploads\/2022\/03\/5b45e9460024b19105814-742343612620255-4484640267556321907-n-1200x_.jpg 1200w, https:\/\/www.miejscakonferencyjne.pl\/blog\/wp-content\/uploads\/2022\/03\/5b45e9460024b19105814-742343612620255-4484640267556321907-n-1200x_-1000x1000.jpg 1000w, https:\/\/www.miejscakonferencyjne.pl\/blog\/wp-content\/uploads\/2022\/03\/5b45e9460024b19105814-742343612620255-4484640267556321907-n-1200x_-160x160.jpg 160w, https:\/\/www.miejscakonferencyjne.pl\/blog\/wp-content\/uploads\/2022\/03\/5b45e9460024b19105814-742343612620255-4484640267556321907-n-1200x_-768x768.jpg 768w, https:\/\/www.miejscakonferencyjne.pl\/blog\/wp-content\/uploads\/2022\/03\/5b45e9460024b19105814-742343612620255-4484640267556321907-n-1200x_-150x150.jpg 150w, https:\/\/www.miejscakonferencyjne.pl\/blog\/wp-content\/uploads\/2022\/03\/5b45e9460024b19105814-742343612620255-4484640267556321907-n-1200x_-706x706.jpg 706w\" sizes=\"auto, (max-width: 1200px) 100vw, 1200px\" \/><\/p>\n<p>To te\u017c 6 hektar\u00f3w pleneru, kt\u00f3ry po\u0142o\u017cony jest przy brzegu Jeziora Be\u0142dany. Organizowane s\u0105 tu r\u00f3\u017cne imprezy plenerowe na Mazurach &#8211; od festiwali, poprzez pikniki firmowe, po koncerty czy zabawy teambuildingowe. Znajdziecie tu wypo\u017cyczalni\u0119 rower\u00f3w i sprz\u0119tu do sport\u00f3w wodnych, w tym kajak\u00f3w czy \u017cagl\u00f3wek. Gdyby pogoda nie dopisa\u0142a, uczestnicy eventu mog\u0105 skry\u0107 si\u0119 w specjalnej Wiacie Grillowej.<\/p>\n<p><img loading=\"lazy\" decoding=\"async\" class=\"aligncenter size-full wp-image-2102\" src=\"https:\/\/www.miejscakonferencyjne.pl\/blog\/wp-content\/uploads\/2022\/03\/5b45e8ef05aa2357-1200x_.jpg\" alt=\"\" width=\"1200\" height=\"799\" srcset=\"https:\/\/www.miejscakonferencyjne.pl\/blog\/wp-content\/uploads\/2022\/03\/5b45e8ef05aa2357-1200x_.jpg 1200w, https:\/\/www.miejscakonferencyjne.pl\/blog\/wp-content\/uploads\/2022\/03\/5b45e8ef05aa2357-1200x_-1000x666.jpg 1000w, https:\/\/www.miejscakonferencyjne.pl\/blog\/wp-content\/uploads\/2022\/03\/5b45e8ef05aa2357-1200x_-768x511.jpg 768w, https:\/\/www.miejscakonferencyjne.pl\/blog\/wp-content\/uploads\/2022\/03\/5b45e8ef05aa2357-1200x_-706x470.jpg 706w\" sizes=\"auto, (max-width: 1200px) 100vw, 1200px\" \/><\/p>\n<p><img loading=\"lazy\" decoding=\"async\" class=\"aligncenter size-full wp-image-2099\" src=\"https:\/\/www.miejscakonferencyjne.pl\/blog\/wp-content\/uploads\/2022\/03\/5b45e91cb124013227176-544549475733004-7129558415818716756-n-1200x_.jpg\" alt=\"\" width=\"1200\" height=\"798\" srcset=\"https:\/\/www.miejscakonferencyjne.pl\/blog\/wp-content\/uploads\/2022\/03\/5b45e91cb124013227176-544549475733004-7129558415818716756-n-1200x_.jpg 1200w, https:\/\/www.miejscakonferencyjne.pl\/blog\/wp-content\/uploads\/2022\/03\/5b45e91cb124013227176-544549475733004-7129558415818716756-n-1200x_-1000x665.jpg 1000w, https:\/\/www.miejscakonferencyjne.pl\/blog\/wp-content\/uploads\/2022\/03\/5b45e91cb124013227176-544549475733004-7129558415818716756-n-1200x_-768x511.jpg 768w, https:\/\/www.miejscakonferencyjne.pl\/blog\/wp-content\/uploads\/2022\/03\/5b45e91cb124013227176-544549475733004-7129558415818716756-n-1200x_-706x469.jpg 706w\" sizes=\"auto, (max-width: 1200px) 100vw, 1200px\" \/><\/p>\n<h2 style=\"text-align: center;\">Klekotki Conference &amp; SPA<\/h2>\n<p>Wcze\u015bniejsza pozycja dotyczy\u0142a nowoczesnego hotelu na Mazurach, ale dla odmiany i r\u00f3\u017cnorodno\u015bci, chcemy napisa\u0107 Wam te\u017c o XVII-wiecznym m\u0142ynie wodnym, kt\u00f3ry zosta\u0142 odrestaurowany i przystosowany do przyjmowania go\u015bci. Mie\u015bci si\u0119 w\u015br\u00f3d mazurskich las\u00f3w i tak jak poprzednik oferuje sprz\u0119t wodny.<\/p>\n<p><img loading=\"lazy\" decoding=\"async\" class=\"aligncenter size-full wp-image-2104\" src=\"https:\/\/www.miejscakonferencyjne.pl\/blog\/wp-content\/uploads\/2022\/03\/IMG_3398s.jpg\" alt=\"\" width=\"1920\" height=\"960\" srcset=\"https:\/\/www.miejscakonferencyjne.pl\/blog\/wp-content\/uploads\/2022\/03\/IMG_3398s.jpg 1920w, https:\/\/www.miejscakonferencyjne.pl\/blog\/wp-content\/uploads\/2022\/03\/IMG_3398s-1000x500.jpg 1000w, https:\/\/www.miejscakonferencyjne.pl\/blog\/wp-content\/uploads\/2022\/03\/IMG_3398s-768x384.jpg 768w, https:\/\/www.miejscakonferencyjne.pl\/blog\/wp-content\/uploads\/2022\/03\/IMG_3398s-1536x768.jpg 1536w, https:\/\/www.miejscakonferencyjne.pl\/blog\/wp-content\/uploads\/2022\/03\/IMG_3398s-706x353.jpg 706w, https:\/\/www.miejscakonferencyjne.pl\/blog\/wp-content\/uploads\/2022\/03\/IMG_3398s-1200x600.jpg 1200w\" sizes=\"auto, (max-width: 1920px) 100vw, 1920px\" \/><\/p>\n<p>Opr\u00f3cz zabaw na wodzie, mo\u017cna te\u017c doskonale bawi\u0107 si\u0119 na l\u0105dzie. Znajduj\u0105 si\u0119 tu korty tenisowe, boisko do siatk\u00f3wki, golf, petanque czy miejsce na ognisko. W\u0142a\u015bciciele organizuj\u0105 te\u017c warsztaty lepienia z gliny. Rozleg\u0142y zielony teren b\u0119dzie te\u017c doskona\u0142ym miejscem, by rozstawi\u0107 namioty i \u015bcianki podczas eventu w plenerze na Mazurach. Impreza przy zapachu olejk\u00f3w i wi\u00f3r\u00f3w cedrowych b\u0119dzie z pewno\u015bci\u0105 udana.<\/p>\n<p><img loading=\"lazy\" decoding=\"async\" class=\"aligncenter size-full wp-image-2106\" src=\"https:\/\/www.miejscakonferencyjne.pl\/blog\/wp-content\/uploads\/2022\/03\/18379617_1862634630672876_1897624357_o.jpg\" alt=\"\" width=\"2048\" height=\"1060\" srcset=\"https:\/\/www.miejscakonferencyjne.pl\/blog\/wp-content\/uploads\/2022\/03\/18379617_1862634630672876_1897624357_o.jpg 2048w, https:\/\/www.miejscakonferencyjne.pl\/blog\/wp-content\/uploads\/2022\/03\/18379617_1862634630672876_1897624357_o-1000x518.jpg 1000w, https:\/\/www.miejscakonferencyjne.pl\/blog\/wp-content\/uploads\/2022\/03\/18379617_1862634630672876_1897624357_o-2000x1035.jpg 2000w, https:\/\/www.miejscakonferencyjne.pl\/blog\/wp-content\/uploads\/2022\/03\/18379617_1862634630672876_1897624357_o-768x398.jpg 768w, https:\/\/www.miejscakonferencyjne.pl\/blog\/wp-content\/uploads\/2022\/03\/18379617_1862634630672876_1897624357_o-1536x795.jpg 1536w, https:\/\/www.miejscakonferencyjne.pl\/blog\/wp-content\/uploads\/2022\/03\/18379617_1862634630672876_1897624357_o-706x365.jpg 706w, https:\/\/www.miejscakonferencyjne.pl\/blog\/wp-content\/uploads\/2022\/03\/18379617_1862634630672876_1897624357_o-1200x621.jpg 1200w\" sizes=\"auto, (max-width: 2048px) 100vw, 2048px\" \/><\/p>\n<h2 style=\"text-align: center;\">Stare Sady Port &amp; Chillout<\/h2>\n<p>Kolejne miejsce z rezleg\u0142ym terenem zielonym, na kt\u00f3rym dodatkowo znajduje si\u0119 strefa chillout. Znajdzie tu le\u017caki i hamaki, a tak\u017ce miejsce na imprez\u0119 na Mazurach &#8211; otwart\u0105 przestrze\u0144 z grillem i ogniskiem nad samym brzegiem Jeziora Ta\u0142ty.<\/p>\n<p><img loading=\"lazy\" decoding=\"async\" class=\"aligncenter size-full wp-image-2111\" src=\"https:\/\/www.miejscakonferencyjne.pl\/blog\/wp-content\/uploads\/2022\/03\/5b3212aa4d32dmazurystaresady-1200x_.jpg\" alt=\"\" width=\"1200\" height=\"799\" srcset=\"https:\/\/www.miejscakonferencyjne.pl\/blog\/wp-content\/uploads\/2022\/03\/5b3212aa4d32dmazurystaresady-1200x_.jpg 1200w, https:\/\/www.miejscakonferencyjne.pl\/blog\/wp-content\/uploads\/2022\/03\/5b3212aa4d32dmazurystaresady-1200x_-1000x666.jpg 1000w, https:\/\/www.miejscakonferencyjne.pl\/blog\/wp-content\/uploads\/2022\/03\/5b3212aa4d32dmazurystaresady-1200x_-768x511.jpg 768w, https:\/\/www.miejscakonferencyjne.pl\/blog\/wp-content\/uploads\/2022\/03\/5b3212aa4d32dmazurystaresady-1200x_-706x470.jpg 706w\" sizes=\"auto, (max-width: 1200px) 100vw, 1200px\" \/><\/p>\n<p>Obiekt mie\u015bci si\u0119 tylko 6 km od Miko\u0142ajek, czyli nieoficjalnej stolicy Mazur. Organizowane s\u0105 tu niezapomniane <a href=\"https:\/\/www.miejscakonferencyjne.pl\/blog\/konferencje-na-mazurach\/\" target=\"_blank\" rel=\"noopener noreferrer\">konferencje na Mazurach<\/a> po\u0142\u0105czone z zaj\u0119ciami teambuildingowymi, a tak\u017ce firmowe pikniki i plenerowe festyny dla wi\u0119kszej liczby os\u00f3b.<\/p>\n<p><img loading=\"lazy\" decoding=\"async\" class=\"aligncenter size-full wp-image-2112\" src=\"https:\/\/www.miejscakonferencyjne.pl\/blog\/wp-content\/uploads\/2022\/03\/5b3212a9a42fbjesiennamazurach-1200x_.jpg\" alt=\"\" width=\"1200\" height=\"799\" srcset=\"https:\/\/www.miejscakonferencyjne.pl\/blog\/wp-content\/uploads\/2022\/03\/5b3212a9a42fbjesiennamazurach-1200x_.jpg 1200w, https:\/\/www.miejscakonferencyjne.pl\/blog\/wp-content\/uploads\/2022\/03\/5b3212a9a42fbjesiennamazurach-1200x_-1000x666.jpg 1000w, https:\/\/www.miejscakonferencyjne.pl\/blog\/wp-content\/uploads\/2022\/03\/5b3212a9a42fbjesiennamazurach-1200x_-768x511.jpg 768w, https:\/\/www.miejscakonferencyjne.pl\/blog\/wp-content\/uploads\/2022\/03\/5b3212a9a42fbjesiennamazurach-1200x_-706x470.jpg 706w\" sizes=\"auto, (max-width: 1200px) 100vw, 1200px\" \/><\/p>\n<h2 style=\"text-align: center;\">Hotel St. Bruno<\/h2>\n<p>Wspominali\u015bmy wcze\u015bniej o r\u00f3\u017cnorodno\u015bci miejsc na Mazurach i tego si\u0119 trzymamy! Czas wi\u0119c na imprez\u0119 w plenerze w i\u015bcie kr\u00f3lewskim stylu! Mowa tu o evencie w zamku. Hotel St. Bruno powsta\u0142 w murach krzy\u017cackiego zamku, kt\u00f3re aktualnie pe\u0142ni\u0105 funkcj\u0119 <a href=\"https:\/\/www.miejscakonferencyjne.pl\/hotele-4gwiazdkowe\" target=\"_blank\" rel=\"noopener noreferrer\">4-gwiazdkowego hotelu<\/a> na Mazurach.<\/p>\n<p><img loading=\"lazy\" decoding=\"async\" class=\"aligncenter size-full wp-image-2121\" src=\"https:\/\/www.miejscakonferencyjne.pl\/blog\/wp-content\/uploads\/2022\/03\/mil-1229-kopia.jpg\" alt=\"\" width=\"1657\" height=\"986\" srcset=\"https:\/\/www.miejscakonferencyjne.pl\/blog\/wp-content\/uploads\/2022\/03\/mil-1229-kopia.jpg 1657w, https:\/\/www.miejscakonferencyjne.pl\/blog\/wp-content\/uploads\/2022\/03\/mil-1229-kopia-1000x595.jpg 1000w, https:\/\/www.miejscakonferencyjne.pl\/blog\/wp-content\/uploads\/2022\/03\/mil-1229-kopia-768x457.jpg 768w, https:\/\/www.miejscakonferencyjne.pl\/blog\/wp-content\/uploads\/2022\/03\/mil-1229-kopia-1536x914.jpg 1536w, https:\/\/www.miejscakonferencyjne.pl\/blog\/wp-content\/uploads\/2022\/03\/mil-1229-kopia-706x420.jpg 706w, https:\/\/www.miejscakonferencyjne.pl\/blog\/wp-content\/uploads\/2022\/03\/mil-1229-kopia-1200x714.jpg 1200w\" sizes=\"auto, (max-width: 1657px) 100vw, 1657px\" \/><\/p>\n<p>W zamkowych wn\u0119trzach bez problemu mo\u017cna znale\u017a\u0107 stare meble czy pokoje utrzymane w kr\u00f3lewskim klimacie. Wydarzenia organizowane s\u0105 zar\u00f3wno wewn\u0105trz zamkowych wn\u0119trz (s\u0105 tu przystosowane do organizacji konferencji i szkole\u0144 sale), jak i na zewn\u0105trz &#8211; m.in. w baszcie.<\/p>\n<p><img loading=\"lazy\" decoding=\"async\" class=\"aligncenter size-full wp-image-2119\" src=\"https:\/\/www.miejscakonferencyjne.pl\/blog\/wp-content\/uploads\/2022\/03\/47008988.jpg\" alt=\"\" width=\"1024\" height=\"680\" srcset=\"https:\/\/www.miejscakonferencyjne.pl\/blog\/wp-content\/uploads\/2022\/03\/47008988.jpg 1024w, https:\/\/www.miejscakonferencyjne.pl\/blog\/wp-content\/uploads\/2022\/03\/47008988-1000x664.jpg 1000w, https:\/\/www.miejscakonferencyjne.pl\/blog\/wp-content\/uploads\/2022\/03\/47008988-768x510.jpg 768w, https:\/\/www.miejscakonferencyjne.pl\/blog\/wp-content\/uploads\/2022\/03\/47008988-706x469.jpg 706w\" sizes=\"auto, (max-width: 1024px) 100vw, 1024px\" \/><\/p>\n<p>Mo\u017cna zorganizowa\u0107 tu kilkudniowy event, poniewa\u017c obiekt oferuje 150 miejsc noclegowych. Jest tu te\u017c kr\u0119gielnia i Medi.SPA &amp; Wellness, wi\u0119c po cz\u0119\u015bci oficjalnej wydarzenia, mo\u017cna si\u0119 zrelaksowa\u0107 na sw\u00f3j spos\u00f3b.<\/p>\n<p><img loading=\"lazy\" decoding=\"async\" class=\"aligncenter size-full wp-image-2120\" src=\"https:\/\/www.miejscakonferencyjne.pl\/blog\/wp-content\/uploads\/2022\/03\/mil-1068-kopia.jpg\" alt=\"\" width=\"1785\" height=\"966\" srcset=\"https:\/\/www.miejscakonferencyjne.pl\/blog\/wp-content\/uploads\/2022\/03\/mil-1068-kopia.jpg 1785w, https:\/\/www.miejscakonferencyjne.pl\/blog\/wp-content\/uploads\/2022\/03\/mil-1068-kopia-1000x541.jpg 1000w, https:\/\/www.miejscakonferencyjne.pl\/blog\/wp-content\/uploads\/2022\/03\/mil-1068-kopia-768x416.jpg 768w, https:\/\/www.miejscakonferencyjne.pl\/blog\/wp-content\/uploads\/2022\/03\/mil-1068-kopia-1536x831.jpg 1536w, https:\/\/www.miejscakonferencyjne.pl\/blog\/wp-content\/uploads\/2022\/03\/mil-1068-kopia-706x382.jpg 706w, https:\/\/www.miejscakonferencyjne.pl\/blog\/wp-content\/uploads\/2022\/03\/mil-1068-kopia-1200x649.jpg 1200w\" sizes=\"auto, (max-width: 1785px) 100vw, 1785px\" \/><\/p>\n<h2 style=\"text-align: center;\">Dworek Wapionka<\/h2>\n<p>Do Dworku Wapionka ch\u0119tnie przyje\u017cd\u017caj\u0105 szczeg\u00f3lnie Pary M\u0142ode, kt\u00f3re wyprawiaj\u0105 tu swoje wesele oraz ceremoni\u0119 za\u015blubin. Sakramentalne &#8220;tak&#8221; pada na pi\u0119knie przystrojonej wyspie lub mo\u015bcie. W dworku zorganizujecie jednak nie tylko te rodzinne imprezy, ale r\u00f3wnie\u017c firmowe &#8211; i to na ca\u0142kiem du\u017c\u0105 liczb\u0119 os\u00f3b.<\/p>\n<p><img loading=\"lazy\" decoding=\"async\" class=\"aligncenter size-full wp-image-2125\" src=\"https:\/\/www.miejscakonferencyjne.pl\/blog\/wp-content\/uploads\/2022\/03\/16432827360204_dworekwapionkaobiektwapionka14.jpg\" alt=\"\" width=\"1920\" height=\"1280\" srcset=\"https:\/\/www.miejscakonferencyjne.pl\/blog\/wp-content\/uploads\/2022\/03\/16432827360204_dworekwapionkaobiektwapionka14.jpg 1920w, https:\/\/www.miejscakonferencyjne.pl\/blog\/wp-content\/uploads\/2022\/03\/16432827360204_dworekwapionkaobiektwapionka14-1000x667.jpg 1000w, https:\/\/www.miejscakonferencyjne.pl\/blog\/wp-content\/uploads\/2022\/03\/16432827360204_dworekwapionkaobiektwapionka14-768x512.jpg 768w, https:\/\/www.miejscakonferencyjne.pl\/blog\/wp-content\/uploads\/2022\/03\/16432827360204_dworekwapionkaobiektwapionka14-1536x1024.jpg 1536w, https:\/\/www.miejscakonferencyjne.pl\/blog\/wp-content\/uploads\/2022\/03\/16432827360204_dworekwapionkaobiektwapionka14-706x471.jpg 706w, https:\/\/www.miejscakonferencyjne.pl\/blog\/wp-content\/uploads\/2022\/03\/16432827360204_dworekwapionkaobiektwapionka14-1200x800.jpg 1200w\" sizes=\"auto, (max-width: 1920px) 100vw, 1920px\" \/><\/p>\n<p><a href=\"https:\/\/www.miejscakonferencyjne.pl\/dworki\" target=\"_blank\" rel=\"noopener noreferrer\">Sale konferencyjne w dworku<\/a> s\u0105 zr\u00f3\u017cnicowane pod wzgl\u0119dem wielko\u015bci, wi\u0119c odbywaj\u0105 si\u0119 tu kameralne szkolenia i wi\u0119ksze konferencje. Obiekt posiada tak\u017ce prywatn\u0105 pla\u017c\u0119 i rozleg\u0142y teren na zewn\u0105trz. S\u0105 le\u017caki, s\u0105 boiska, s\u0105 sporty wodne. \u015awi\u0119tne miejsce na wi\u0119ksze imprezy plenerowe na Mazurach, ale r\u00f3wnie\u017c na wyjazd firmowy na Mazury.<\/p>\n<p><img loading=\"lazy\" decoding=\"async\" class=\"aligncenter size-full wp-image-2127\" src=\"https:\/\/www.miejscakonferencyjne.pl\/blog\/wp-content\/uploads\/2022\/03\/1643283169696_dworekwapionkaobiektwapionka1.jpg\" alt=\"\" width=\"1800\" height=\"1200\" srcset=\"https:\/\/www.miejscakonferencyjne.pl\/blog\/wp-content\/uploads\/2022\/03\/1643283169696_dworekwapionkaobiektwapionka1.jpg 1800w, https:\/\/www.miejscakonferencyjne.pl\/blog\/wp-content\/uploads\/2022\/03\/1643283169696_dworekwapionkaobiektwapionka1-1000x667.jpg 1000w, https:\/\/www.miejscakonferencyjne.pl\/blog\/wp-content\/uploads\/2022\/03\/1643283169696_dworekwapionkaobiektwapionka1-768x512.jpg 768w, https:\/\/www.miejscakonferencyjne.pl\/blog\/wp-content\/uploads\/2022\/03\/1643283169696_dworekwapionkaobiektwapionka1-1536x1024.jpg 1536w, https:\/\/www.miejscakonferencyjne.pl\/blog\/wp-content\/uploads\/2022\/03\/1643283169696_dworekwapionkaobiektwapionka1-706x471.jpg 706w, https:\/\/www.miejscakonferencyjne.pl\/blog\/wp-content\/uploads\/2022\/03\/1643283169696_dworekwapionkaobiektwapionka1-1200x800.jpg 1200w\" sizes=\"auto, (max-width: 1800px) 100vw, 1800px\" \/><\/p>\n<h2 class=\"object-page-info__title\" style=\"text-align: center;\">Miko\u0142ajki Resort Hotel &amp; SPA ***<\/h2>\n<p>Niedaleko Miko\u0142ajek i Mr\u0105gowa znajduje si\u0119 kolejny warty uwagi obiekt &#8211; tym razem <a href=\"https:\/\/www.miejscakonferencyjne.pl\/hotele-3gwiazdkowe\" target=\"_blank\" rel=\"noopener noreferrer\">3-gwiazdkowy hotel<\/a> na Mazurach. Po\u0142o\u017cony jest on nad Jeziorem Kuchenka, zaledwie 350 metr\u00f3w od mariny na Jeziorze Ta\u0142ty. Opr\u00f3cz rozbudowanej oferty konferencyjnej wewn\u0105trz obiektu, hotel oferuje organizacj\u0119 event\u00f3w w plenerze tak\u017ce.<\/p>\n<p><img loading=\"lazy\" decoding=\"async\" class=\"aligncenter size-full wp-image-2130\" src=\"https:\/\/www.miejscakonferencyjne.pl\/blog\/wp-content\/uploads\/2022\/03\/16256514739766_480mikoajki.jpg\" alt=\"\" width=\"1920\" height=\"1080\" srcset=\"https:\/\/www.miejscakonferencyjne.pl\/blog\/wp-content\/uploads\/2022\/03\/16256514739766_480mikoajki.jpg 1920w, https:\/\/www.miejscakonferencyjne.pl\/blog\/wp-content\/uploads\/2022\/03\/16256514739766_480mikoajki-1000x563.jpg 1000w, https:\/\/www.miejscakonferencyjne.pl\/blog\/wp-content\/uploads\/2022\/03\/16256514739766_480mikoajki-768x432.jpg 768w, https:\/\/www.miejscakonferencyjne.pl\/blog\/wp-content\/uploads\/2022\/03\/16256514739766_480mikoajki-1536x864.jpg 1536w, https:\/\/www.miejscakonferencyjne.pl\/blog\/wp-content\/uploads\/2022\/03\/16256514739766_480mikoajki-706x397.jpg 706w, https:\/\/www.miejscakonferencyjne.pl\/blog\/wp-content\/uploads\/2022\/03\/16256514739766_480mikoajki-1200x675.jpg 1200w\" sizes=\"auto, (max-width: 1920px) 100vw, 1920px\" \/><\/p>\n<p>Znajduje si\u0119 tu <strong>najwi\u0119ksza prywatna pla\u017ca na Mazurach z k\u0105pieliskiem<\/strong>. Mo\u017cna si\u0119 k\u0105pa\u0107 i skorzysta\u0107 z jeziora na rozmaite sposoby &#8211; p\u0142yn\u0105\u0107 kajakiem, rowerkiem wodnym czy \u0142owi\u0105c ryby. Resort na swoim rozleg\u0142ym terenie oferuje r\u00f3wnie\u017c miejsce na ognisko z \u0142awkami i letni bar z grillem. Mi\u0142o\u015bnicy aktywnego sp\u0119dzania wolnego czasu mog\u0105 zagra\u0107 w pi\u0142karzyki, tenisa czy siatk\u00f3wk\u0119, s\u0105 tu bowiem boiska rekreacyjne.<\/p>\n<p><img loading=\"lazy\" decoding=\"async\" class=\"aligncenter size-full wp-image-2129\" src=\"https:\/\/www.miejscakonferencyjne.pl\/blog\/wp-content\/uploads\/2022\/03\/16310006520028_mikolajkiresortspaduzeppp6668hdr.jpg\" alt=\"\" width=\"1920\" height=\"1282\" srcset=\"https:\/\/www.miejscakonferencyjne.pl\/blog\/wp-content\/uploads\/2022\/03\/16310006520028_mikolajkiresortspaduzeppp6668hdr.jpg 1920w, https:\/\/www.miejscakonferencyjne.pl\/blog\/wp-content\/uploads\/2022\/03\/16310006520028_mikolajkiresortspaduzeppp6668hdr-1000x668.jpg 1000w, https:\/\/www.miejscakonferencyjne.pl\/blog\/wp-content\/uploads\/2022\/03\/16310006520028_mikolajkiresortspaduzeppp6668hdr-768x513.jpg 768w, https:\/\/www.miejscakonferencyjne.pl\/blog\/wp-content\/uploads\/2022\/03\/16310006520028_mikolajkiresortspaduzeppp6668hdr-1536x1026.jpg 1536w, https:\/\/www.miejscakonferencyjne.pl\/blog\/wp-content\/uploads\/2022\/03\/16310006520028_mikolajkiresortspaduzeppp6668hdr-706x471.jpg 706w, https:\/\/www.miejscakonferencyjne.pl\/blog\/wp-content\/uploads\/2022\/03\/16310006520028_mikolajkiresortspaduzeppp6668hdr-1200x801.jpg 1200w\" sizes=\"auto, (max-width: 1920px) 100vw, 1920px\" \/><\/p>\n<p>Jak Wam si\u0119 podobaj\u0105 nasze propozycje? Wybraliby\u015bcie tu co\u015b dla siebie? My kochamy Mazury i uwielbiamy tu wraca\u0107 &#8211; biznesowo i rekreacyjnie.<\/p>\n","protected":false},"excerpt":{"rendered":"<p>Nie wiemy, czy Wy r\u00f3wnie\u017c tak macie, ale jak pojawia si\u0119 coraz wi\u0119cej s\u0142o\u0144ca za oknem, to coraz wi\u0119cej si\u0119 chce. Nowe pomys\u0142y, nowe plany &#8211; te wakacyjne, jak i te biznesowe. Pocz\u0105tek wiosny to najlepszy czas, by zaplanowa\u0107 ciekawe letnie wydarzenie w plenerze. P\u00f3\u017ana wiosna r\u00f3wnie\u017c powinna si\u0119 doskonale sprawdzi\u0107, gdy oczekujemy udanej pogody i zazielenionej ju\u017c ro\u015blinno\u015bci.<\/p>\n","protected":false},"author":8,"featured_media":2113,"comment_status":"closed","ping_status":"closed","sticky":false,"template":"","format":"standard","meta":{"_acf_changed":false,"footnotes":""},"categories":[189,199],"tags":[238,191,216,201,210,229],"class_list":["post-2094","post","type-post","status-publish","format-standard","has-post-thumbnail","hentry","category-organizacja-eventu","category-organizacja-koncertu","tag-mazu","tag-organizacja-eventu","tag-organizacja-imprezy-firmowej","tag-organizacja-koncertu","tag-wyjazd-integracyjny","tag-wyjazdy-sluzbowe","bwp-masonry-item","bwp-blog-col-3"],"acf":[],"yoast_head":"<!-- This site is optimized with the Yoast SEO plugin v27.5 - https:\/\/yoast.com\/product\/yoast-seo-wordpress\/ -->\n<title>Imprezy w plenerze na Mazurach - MiejscaKonferencyjne.pl<\/title>\n<meta name=\"description\" content=\"Imprezy w plenerze na Mazurach - MiejscaKonferencyjne.pl\" \/>\n<meta name=\"robots\" content=\"index, follow, max-snippet:-1, max-image-preview:large, max-video-preview:-1\" \/>\n<link rel=\"canonical\" href=\"https:\/\/www.miejscakonferencyjne.pl\/blog\/imprezy-w-plenerze-na-mazurach\/\" \/>\n<meta property=\"og:locale\" content=\"pl_PL\" \/>\n<meta property=\"og:type\" content=\"article\" \/>\n<meta property=\"og:title\" content=\"Imprezy w plenerze na Mazurach - MiejscaKonferencyjne.pl\" \/>\n<meta property=\"og:description\" content=\"Imprezy w plenerze na Mazurach - MiejscaKonferencyjne.pl\" \/>\n<meta property=\"og:url\" content=\"https:\/\/www.miejscakonferencyjne.pl\/blog\/imprezy-w-plenerze-na-mazurach\/\" \/>\n<meta property=\"og:site_name\" content=\"MiejscaKonferencyjne.pl\" \/>\n<meta property=\"article:published_time\" content=\"2022-03-25T16:54:47+00:00\" \/>\n<meta property=\"article:modified_time\" content=\"2024-05-07T10:03:25+00:00\" \/>\n<meta property=\"og:image\" content=\"https:\/\/www.miejscakonferencyjne.pl\/blog\/wp-content\/uploads\/2022\/03\/5b3212a83f368chilloutrestauracja-1200x_.jpg\" \/>\n\t<meta property=\"og:image:width\" content=\"1200\" \/>\n\t<meta property=\"og:image:height\" content=\"799\" \/>\n\t<meta property=\"og:image:type\" content=\"image\/jpeg\" \/>\n<meta name=\"author\" content=\"pbrandys\" \/>\n<meta name=\"twitter:card\" content=\"summary_large_image\" \/>\n<meta name=\"twitter:label1\" content=\"Napisane przez\" \/>\n\t<meta name=\"twitter:data1\" content=\"pbrandys\" \/>\n\t<meta name=\"twitter:label2\" content=\"Szacowany czas czytania\" \/>\n\t<meta name=\"twitter:data2\" content=\"9 minut\" \/>\n<!-- \/ Yoast SEO plugin. -->","yoast_head_json":{"title":"Imprezy w plenerze na Mazurach - MiejscaKonferencyjne.pl","description":"Imprezy w plenerze na Mazurach - MiejscaKonferencyjne.pl","robots":{"index":"index","follow":"follow","max-snippet":"max-snippet:-1","max-image-preview":"max-image-preview:large","max-video-preview":"max-video-preview:-1"},"canonical":"https:\/\/www.miejscakonferencyjne.pl\/blog\/imprezy-w-plenerze-na-mazurach\/","og_locale":"pl_PL","og_type":"article","og_title":"Imprezy w plenerze na Mazurach - MiejscaKonferencyjne.pl","og_description":"Imprezy w plenerze na Mazurach - MiejscaKonferencyjne.pl","og_url":"https:\/\/www.miejscakonferencyjne.pl\/blog\/imprezy-w-plenerze-na-mazurach\/","og_site_name":"MiejscaKonferencyjne.pl","article_published_time":"2022-03-25T16:54:47+00:00","article_modified_time":"2024-05-07T10:03:25+00:00","og_image":[{"width":1200,"height":799,"url":"https:\/\/www.miejscakonferencyjne.pl\/blog\/wp-content\/uploads\/2022\/03\/5b3212a83f368chilloutrestauracja-1200x_.jpg","type":"image\/jpeg"}],"author":"pbrandys","twitter_card":"summary_large_image","twitter_misc":{"Napisane przez":"pbrandys","Szacowany czas czytania":"9 minut"},"schema":{"@context":"https:\/\/schema.org","@graph":[{"@type":["Article","BlogPosting"],"@id":"https:\/\/www.miejscakonferencyjne.pl\/blog\/imprezy-w-plenerze-na-mazurach\/#article","isPartOf":{"@id":"https:\/\/www.miejscakonferencyjne.pl\/blog\/imprezy-w-plenerze-na-mazurach\/"},"author":{"name":"pbrandys","@id":"https:\/\/www.miejscakonferencyjne.pl\/blog\/#\/schema\/person\/881fac6eebca25df457bb23e4c634513"},"headline":"Imprezy w plenerze na Mazurach","datePublished":"2022-03-25T16:54:47+00:00","dateModified":"2024-05-07T10:03:25+00:00","mainEntityOfPage":{"@id":"https:\/\/www.miejscakonferencyjne.pl\/blog\/imprezy-w-plenerze-na-mazurach\/"},"wordCount":1000,"publisher":{"@id":"https:\/\/www.miejscakonferencyjne.pl\/blog\/#organization"},"image":{"@id":"https:\/\/www.miejscakonferencyjne.pl\/blog\/imprezy-w-plenerze-na-mazurach\/#primaryimage"},"thumbnailUrl":"https:\/\/www.miejscakonferencyjne.pl\/blog\/wp-content\/uploads\/2022\/03\/5b3212a83f368chilloutrestauracja-1200x_.jpg","keywords":["mazu","organizacja eventu","organizacja imprezy firmowej","organizacja koncertu","wyjazd integracyjny","wyjazdy s\u0142u\u017cbowe"],"articleSection":["Organizacja eventu","Organizacja koncertu"],"inLanguage":"pl-PL"},{"@type":"WebPage","@id":"https:\/\/www.miejscakonferencyjne.pl\/blog\/imprezy-w-plenerze-na-mazurach\/","url":"https:\/\/www.miejscakonferencyjne.pl\/blog\/imprezy-w-plenerze-na-mazurach\/","name":"Imprezy w plenerze na Mazurach - MiejscaKonferencyjne.pl","isPartOf":{"@id":"https:\/\/www.miejscakonferencyjne.pl\/blog\/#website"},"primaryImageOfPage":{"@id":"https:\/\/www.miejscakonferencyjne.pl\/blog\/imprezy-w-plenerze-na-mazurach\/#primaryimage"},"image":{"@id":"https:\/\/www.miejscakonferencyjne.pl\/blog\/imprezy-w-plenerze-na-mazurach\/#primaryimage"},"thumbnailUrl":"https:\/\/www.miejscakonferencyjne.pl\/blog\/wp-content\/uploads\/2022\/03\/5b3212a83f368chilloutrestauracja-1200x_.jpg","datePublished":"2022-03-25T16:54:47+00:00","dateModified":"2024-05-07T10:03:25+00:00","description":"Imprezy w plenerze na Mazurach - MiejscaKonferencyjne.pl","breadcrumb":{"@id":"https:\/\/www.miejscakonferencyjne.pl\/blog\/imprezy-w-plenerze-na-mazurach\/#breadcrumb"},"inLanguage":"pl-PL","potentialAction":[{"@type":"ReadAction","target":["https:\/\/www.miejscakonferencyjne.pl\/blog\/imprezy-w-plenerze-na-mazurach\/"]}]},{"@type":"ImageObject","inLanguage":"pl-PL","@id":"https:\/\/www.miejscakonferencyjne.pl\/blog\/imprezy-w-plenerze-na-mazurach\/#primaryimage","url":"https:\/\/www.miejscakonferencyjne.pl\/blog\/wp-content\/uploads\/2022\/03\/5b3212a83f368chilloutrestauracja-1200x_.jpg","contentUrl":"https:\/\/www.miejscakonferencyjne.pl\/blog\/wp-content\/uploads\/2022\/03\/5b3212a83f368chilloutrestauracja-1200x_.jpg","width":1200,"height":799},{"@type":"BreadcrumbList","@id":"https:\/\/www.miejscakonferencyjne.pl\/blog\/imprezy-w-plenerze-na-mazurach\/#breadcrumb","itemListElement":[{"@type":"ListItem","position":1,"name":"Strona g\u0142\u00f3wna","item":"https:\/\/www.miejscakonferencyjne.pl\/blog\/"},{"@type":"ListItem","position":2,"name":"Imprezy w plenerze na Mazurach"}]},{"@type":"WebSite","@id":"https:\/\/www.miejscakonferencyjne.pl\/blog\/#website","url":"https:\/\/www.miejscakonferencyjne.pl\/blog\/","name":"MiejscaKonferencyjne.pl","description":"Dowiedz si\u0119 wszystkiego na temat organizacji konferencji, szkole\u0144 i wydarze\u0144 biznesowych. Komentuj i dziel si\u0119 opini\u0105!","publisher":{"@id":"https:\/\/www.miejscakonferencyjne.pl\/blog\/#organization"},"potentialAction":[{"@type":"SearchAction","target":{"@type":"EntryPoint","urlTemplate":"https:\/\/www.miejscakonferencyjne.pl\/blog\/?s={search_term_string}"},"query-input":{"@type":"PropertyValueSpecification","valueRequired":true,"valueName":"search_term_string"}}],"inLanguage":"pl-PL"},{"@type":"Organization","@id":"https:\/\/www.miejscakonferencyjne.pl\/blog\/#organization","name":"MiejscaKonferencyjne.pl","url":"https:\/\/www.miejscakonferencyjne.pl\/blog\/","logo":{"@type":"ImageObject","inLanguage":"pl-PL","@id":"https:\/\/www.miejscakonferencyjne.pl\/blog\/#\/schema\/logo\/image\/","url":"https:\/\/www.miejscakonferencyjne.pl\/blog\/wp-content\/uploads\/2019\/12\/logo-white.png","contentUrl":"https:\/\/www.miejscakonferencyjne.pl\/blog\/wp-content\/uploads\/2019\/12\/logo-white.png","width":400,"height":63,"caption":"MiejscaKonferencyjne.pl"},"image":{"@id":"https:\/\/www.miejscakonferencyjne.pl\/blog\/#\/schema\/logo\/image\/"}},{"@type":"Person","@id":"https:\/\/www.miejscakonferencyjne.pl\/blog\/#\/schema\/person\/881fac6eebca25df457bb23e4c634513","name":"pbrandys","url":"https:\/\/www.miejscakonferencyjne.pl\/blog\/author\/pbrandys\/"}]}},"_links":{"self":[{"href":"https:\/\/www.miejscakonferencyjne.pl\/blog\/wp-json\/wp\/v2\/posts\/2094","targetHints":{"allow":["GET"]}}],"collection":[{"href":"https:\/\/www.miejscakonferencyjne.pl\/blog\/wp-json\/wp\/v2\/posts"}],"about":[{"href":"https:\/\/www.miejscakonferencyjne.pl\/blog\/wp-json\/wp\/v2\/types\/post"}],"author":[{"embeddable":true,"href":"https:\/\/www.miejscakonferencyjne.pl\/blog\/wp-json\/wp\/v2\/users\/8"}],"replies":[{"embeddable":true,"href":"https:\/\/www.miejscakonferencyjne.pl\/blog\/wp-json\/wp\/v2\/comments?post=2094"}],"version-history":[{"count":20,"href":"https:\/\/www.miejscakonferencyjne.pl\/blog\/wp-json\/wp\/v2\/posts\/2094\/revisions"}],"predecessor-version":[{"id":3274,"href":"https:\/\/www.miejscakonferencyjne.pl\/blog\/wp-json\/wp\/v2\/posts\/2094\/revisions\/3274"}],"wp:featuredmedia":[{"embeddable":true,"href":"https:\/\/www.miejscakonferencyjne.pl\/blog\/wp-json\/wp\/v2\/media\/2113"}],"wp:attachment":[{"href":"https:\/\/www.miejscakonferencyjne.pl\/blog\/wp-json\/wp\/v2\/media?parent=2094"}],"wp:term":[{"taxonomy":"category","embeddable":true,"href":"https:\/\/www.miejscakonferencyjne.pl\/blog\/wp-json\/wp\/v2\/categories?post=2094"},{"taxonomy":"post_tag","embeddable":true,"href":"https:\/\/www.miejscakonferencyjne.pl\/blog\/wp-json\/wp\/v2\/tags?post=2094"}],"curies":[{"name":"wp","href":"https:\/\/api.w.org\/{rel}","templated":true}]}}