{"id":1926,"date":"2022-01-31T16:45:50","date_gmt":"2022-01-31T14:45:50","guid":{"rendered":"https:\/\/www.miejscakonferencyjne.pl\/blog\/?p=1926"},"modified":"2024-05-07T12:03:40","modified_gmt":"2024-05-07T10:03:40","slug":"konferencja-medyczna-jak-zorganizowac-i-w-jakim-miejscu","status":"publish","type":"post","link":"https:\/\/www.miejscakonferencyjne.pl\/blog\/konferencja-medyczna-jak-zorganizowac-i-w-jakim-miejscu\/","title":{"rendered":"Konferencja medyczna &#8211; jak zorganizowa\u0107 i w jakim miejscu?"},"content":{"rendered":"<p><strong>Mimo \u017ce stacjonarne konferencje musia\u0142y na jaki\u015b czas ust\u0105pi\u0107 miejsca wideokonferencjom i spotkaniom hybrydowym, to konferencje medyczne nie straci\u0142y wcale na cz\u0119stotliwo\u015bci. Nie ma co si\u0119 dziwi\u0107 &#8211; naukowcy i firmy farmaceutyczne dwoj\u0105 si\u0119 i troj\u0105, by znale\u017a\u0107 odpowied\u017a na pytania: jak powstrzyma\u0107 koronawirusa, jak leczy\u0107 koronawirusa i kiedy wr\u00f3cimy do normalno\u015bci?<\/strong><\/p>\n<p>Czas pandemii jest czym\u015b zaskakuj\u0105cym nie tylko dla pacjent\u00f3w, ale r\u00f3wnie\u017c dla pracownik\u00f3w medycznych. Lekarze, piel\u0119gniarki, sanitariusze znale\u017ali si\u0119 w nowej sytuacji, o kt\u00f3rej by\u0107 mo\u017ce s\u0142yszeli tylko kiedy\u015b na zaj\u0119ciach (a mo\u017ce nawet nie). Oczywist\u0105 wi\u0119c rzecz\u0105 sta\u0142o si\u0119 to, \u017ce nale\u017cy zorganizowa\u0107 s<strong>zkolenia dla lekarzy, kursy dla piel\u0119gniarek czy dodatkowe zaj\u0119cia dla student\u00f3w medycyny<\/strong>, kt\u00f3rzy przecie\u017c mog\u0105 rozpoczyna\u0107 swoj\u0105 lekarsk\u0105 karier\u0119 jeszcze w czasach zarazy.<\/p>\n<p><img loading=\"lazy\" decoding=\"async\" class=\"aligncenter size-full wp-image-1932\" src=\"https:\/\/www.miejscakonferencyjne.pl\/blog\/wp-content\/uploads\/2022\/01\/konferencja-medyczna-jak-zorganizowac-i-w-jakim-miejscu-1-scaled.jpg\" alt=\"\" width=\"2560\" height=\"1708\" srcset=\"https:\/\/www.miejscakonferencyjne.pl\/blog\/wp-content\/uploads\/2022\/01\/konferencja-medyczna-jak-zorganizowac-i-w-jakim-miejscu-1-scaled.jpg 2560w, https:\/\/www.miejscakonferencyjne.pl\/blog\/wp-content\/uploads\/2022\/01\/konferencja-medyczna-jak-zorganizowac-i-w-jakim-miejscu-1-1000x667.jpg 1000w, https:\/\/www.miejscakonferencyjne.pl\/blog\/wp-content\/uploads\/2022\/01\/konferencja-medyczna-jak-zorganizowac-i-w-jakim-miejscu-1-2000x1335.jpg 2000w, https:\/\/www.miejscakonferencyjne.pl\/blog\/wp-content\/uploads\/2022\/01\/konferencja-medyczna-jak-zorganizowac-i-w-jakim-miejscu-1-768x512.jpg 768w, https:\/\/www.miejscakonferencyjne.pl\/blog\/wp-content\/uploads\/2022\/01\/konferencja-medyczna-jak-zorganizowac-i-w-jakim-miejscu-1-1536x1025.jpg 1536w, https:\/\/www.miejscakonferencyjne.pl\/blog\/wp-content\/uploads\/2022\/01\/konferencja-medyczna-jak-zorganizowac-i-w-jakim-miejscu-1-2048x1367.jpg 2048w, https:\/\/www.miejscakonferencyjne.pl\/blog\/wp-content\/uploads\/2022\/01\/konferencja-medyczna-jak-zorganizowac-i-w-jakim-miejscu-1-706x471.jpg 706w, https:\/\/www.miejscakonferencyjne.pl\/blog\/wp-content\/uploads\/2022\/01\/konferencja-medyczna-jak-zorganizowac-i-w-jakim-miejscu-1-1200x801.jpg 1200w\" sizes=\"auto, (max-width: 2560px) 100vw, 2560px\" \/><\/p>\n<h2 style=\"text-align: center;\">Organizacja konferencji medycznej<br \/>\nto nie lada wyzwanie<\/h2>\n<p><a href=\"https:\/\/www.miejscakonferencyjne.pl\/blog\/jak-zorganizowac-konferencje-naukowa\/\" target=\"_blank\" rel=\"noopener noreferrer\">Organizacja konferencji naukowej<\/a> (nie tylko tej medycznej) jest bardzo wa\u017cnym zagadnieniem. Dyrektorzy plac\u00f3wek medycznych i w\u0142a\u015bciciele firm farmaceutycznych, chc\u0105c zorganizowa\u0107 tego typu przedsi\u0119wzi\u0119cie, musz\u0105 zdoby\u0107 informacje, jak to zrobi\u0107 i<strong> jakie miejsce na wydarzenie wybra\u0107<\/strong>. Konferencja medyczna wymaga odpowiedniego przygotowania, poniewa\u017c cz\u0119sto w jednym miejscu i w jednym czasie skupia najwi\u0119kszych specjalist\u00f3w z konkretnej dziedziny medycyny.<\/p>\n<p><img loading=\"lazy\" decoding=\"async\" class=\"aligncenter size-full wp-image-1938\" src=\"https:\/\/www.miejscakonferencyjne.pl\/blog\/wp-content\/uploads\/2022\/01\/konferencja-medyczna-jak-zorganizowac-i-w-jakim-miejscu-5.jpg\" alt=\"\" width=\"2235\" height=\"1490\" srcset=\"https:\/\/www.miejscakonferencyjne.pl\/blog\/wp-content\/uploads\/2022\/01\/konferencja-medyczna-jak-zorganizowac-i-w-jakim-miejscu-5.jpg 2235w, https:\/\/www.miejscakonferencyjne.pl\/blog\/wp-content\/uploads\/2022\/01\/konferencja-medyczna-jak-zorganizowac-i-w-jakim-miejscu-5-1000x667.jpg 1000w, https:\/\/www.miejscakonferencyjne.pl\/blog\/wp-content\/uploads\/2022\/01\/konferencja-medyczna-jak-zorganizowac-i-w-jakim-miejscu-5-2000x1333.jpg 2000w, https:\/\/www.miejscakonferencyjne.pl\/blog\/wp-content\/uploads\/2022\/01\/konferencja-medyczna-jak-zorganizowac-i-w-jakim-miejscu-5-768x512.jpg 768w, https:\/\/www.miejscakonferencyjne.pl\/blog\/wp-content\/uploads\/2022\/01\/konferencja-medyczna-jak-zorganizowac-i-w-jakim-miejscu-5-1536x1024.jpg 1536w, https:\/\/www.miejscakonferencyjne.pl\/blog\/wp-content\/uploads\/2022\/01\/konferencja-medyczna-jak-zorganizowac-i-w-jakim-miejscu-5-2048x1365.jpg 2048w, https:\/\/www.miejscakonferencyjne.pl\/blog\/wp-content\/uploads\/2022\/01\/konferencja-medyczna-jak-zorganizowac-i-w-jakim-miejscu-5-706x471.jpg 706w, https:\/\/www.miejscakonferencyjne.pl\/blog\/wp-content\/uploads\/2022\/01\/konferencja-medyczna-jak-zorganizowac-i-w-jakim-miejscu-5-1200x800.jpg 1200w\" sizes=\"auto, (max-width: 2235px) 100vw, 2235px\" \/><\/p>\n<p>&nbsp;<\/p>\n<p>Podczas konferencji uczestnicy mog\u0105 <strong>usystematyzowa\u0107 swoj\u0105 wiedz\u0119<\/strong> lub posi\u0105\u015b\u0107 now\u0105. To dobra okazja r\u00f3wnie\u017c do <strong>nawi\u0105zania nowych kontakt\u00f3w<\/strong> i <strong>podzielenia si\u0119 swoimi do\u015bwiadczeniami<\/strong>. Pami\u0119tajcie, by zadba\u0107 o <a href=\"https:\/\/www.miejscakonferencyjne.pl\/blog\/moderator-konferencji-kim-jest-i-jakie-zadania-wykonuje\/\" target=\"_blank\" rel=\"noopener noreferrer\">dob\u00f3r odpowiedniego moderatora konferencji<\/a>, \u017ceby nasz event nie przerodzi\u0142 si\u0119 w jeden wielki networking, tylko odbywa\u0142 si\u0119 zgodnie z wcze\u015bniej ustalonym harmonogramem.<\/p>\n<p><img loading=\"lazy\" decoding=\"async\" class=\"aligncenter size-full wp-image-1930\" src=\"https:\/\/www.miejscakonferencyjne.pl\/blog\/wp-content\/uploads\/2022\/01\/konferencja-medyczna-jak-zorganizowac-i-w-jakim-miejscu-8-scaled.jpg\" alt=\"\" width=\"2560\" height=\"1707\" srcset=\"https:\/\/www.miejscakonferencyjne.pl\/blog\/wp-content\/uploads\/2022\/01\/konferencja-medyczna-jak-zorganizowac-i-w-jakim-miejscu-8-scaled.jpg 2560w, https:\/\/www.miejscakonferencyjne.pl\/blog\/wp-content\/uploads\/2022\/01\/konferencja-medyczna-jak-zorganizowac-i-w-jakim-miejscu-8-1000x667.jpg 1000w, https:\/\/www.miejscakonferencyjne.pl\/blog\/wp-content\/uploads\/2022\/01\/konferencja-medyczna-jak-zorganizowac-i-w-jakim-miejscu-8-2000x1333.jpg 2000w, https:\/\/www.miejscakonferencyjne.pl\/blog\/wp-content\/uploads\/2022\/01\/konferencja-medyczna-jak-zorganizowac-i-w-jakim-miejscu-8-768x512.jpg 768w, https:\/\/www.miejscakonferencyjne.pl\/blog\/wp-content\/uploads\/2022\/01\/konferencja-medyczna-jak-zorganizowac-i-w-jakim-miejscu-8-1536x1024.jpg 1536w, https:\/\/www.miejscakonferencyjne.pl\/blog\/wp-content\/uploads\/2022\/01\/konferencja-medyczna-jak-zorganizowac-i-w-jakim-miejscu-8-2048x1365.jpg 2048w, https:\/\/www.miejscakonferencyjne.pl\/blog\/wp-content\/uploads\/2022\/01\/konferencja-medyczna-jak-zorganizowac-i-w-jakim-miejscu-8-706x471.jpg 706w, https:\/\/www.miejscakonferencyjne.pl\/blog\/wp-content\/uploads\/2022\/01\/konferencja-medyczna-jak-zorganizowac-i-w-jakim-miejscu-8-1200x800.jpg 1200w\" sizes=\"auto, (max-width: 2560px) 100vw, 2560px\" \/><\/p>\n<h2 style=\"text-align: center;\">Konferencje dla lekarzy<\/h2>\n<p>Dlaczego zorganizowanie spotkania, kt\u00f3re gromadzi najwi\u0119kszych specjalist\u00f3w, jest takie trudne? Przede wszystkim dlatego, \u017ce lekarze pracuj\u0105 na r\u00f3\u017cne zmiany i to cz\u0119sto bardzo nieregularnie. Trudno trafi\u0107 w grafik lekarzy z ca\u0142ego kraju czy nawet zza granicy. Wyobra\u017amy sobie sytuacj\u0119, gdy wszyscy lekarze-neurochirurdzy spotkaj\u0105 si\u0119 tego samego dnia w <a href=\"https:\/\/www.miejscakonferencyjne.pl\/centra-konferencyjne\" target=\"_blank\" rel=\"noopener noreferrer\">centrum konferencyjnym<\/a> <a href=\"https:\/\/www.miejscakonferencyjne.pl\/miasto\/sale-konferencyjne-krakow\" target=\"_blank\" rel=\"noopener noreferrer\">w Krakowie<\/a>. Kto w takim razie uratuje pacjenta, kt\u00f3ry skar\u017cy si\u0119 na cz\u0119ste omdlenia i dr\u0119twienie ko\u0144czyn? A kto zoperuje pacjenta po wypadku samochodowym, jak we wszystkich szpitalach zabraknie chirurg\u00f3w, bo b\u0119d\u0105 na konferencji dla chirurg\u00f3w? \ud83d\ude09<\/p>\n<p><img loading=\"lazy\" decoding=\"async\" class=\"aligncenter size-full wp-image-1940\" src=\"https:\/\/www.miejscakonferencyjne.pl\/blog\/wp-content\/uploads\/2022\/01\/konferencja-medyczna-jak-zorganizowac-i-w-jakim-miejscu.jpg\" alt=\"\" width=\"2322\" height=\"1548\" srcset=\"https:\/\/www.miejscakonferencyjne.pl\/blog\/wp-content\/uploads\/2022\/01\/konferencja-medyczna-jak-zorganizowac-i-w-jakim-miejscu.jpg 2322w, https:\/\/www.miejscakonferencyjne.pl\/blog\/wp-content\/uploads\/2022\/01\/konferencja-medyczna-jak-zorganizowac-i-w-jakim-miejscu-1000x667.jpg 1000w, https:\/\/www.miejscakonferencyjne.pl\/blog\/wp-content\/uploads\/2022\/01\/konferencja-medyczna-jak-zorganizowac-i-w-jakim-miejscu-2000x1333.jpg 2000w, https:\/\/www.miejscakonferencyjne.pl\/blog\/wp-content\/uploads\/2022\/01\/konferencja-medyczna-jak-zorganizowac-i-w-jakim-miejscu-768x512.jpg 768w, https:\/\/www.miejscakonferencyjne.pl\/blog\/wp-content\/uploads\/2022\/01\/konferencja-medyczna-jak-zorganizowac-i-w-jakim-miejscu-1536x1024.jpg 1536w, https:\/\/www.miejscakonferencyjne.pl\/blog\/wp-content\/uploads\/2022\/01\/konferencja-medyczna-jak-zorganizowac-i-w-jakim-miejscu-2048x1365.jpg 2048w, https:\/\/www.miejscakonferencyjne.pl\/blog\/wp-content\/uploads\/2022\/01\/konferencja-medyczna-jak-zorganizowac-i-w-jakim-miejscu-706x471.jpg 706w, https:\/\/www.miejscakonferencyjne.pl\/blog\/wp-content\/uploads\/2022\/01\/konferencja-medyczna-jak-zorganizowac-i-w-jakim-miejscu-1200x800.jpg 1200w\" sizes=\"auto, (max-width: 2322px) 100vw, 2322px\" \/><\/p>\n<p>Niemniej jednak warto organizowa\u0107 takie konferencje lekarskie. Organizator musi si\u0119 jednak liczy\u0107 z faktem, \u017ce termin takiego spotkania musi poda\u0107 z odpowiednim wyprzedzeniem, a tak\u017ce przyj\u0105\u0107 do wiadomo\u015bci, \u017ce na spotkanie do <a href=\"https:\/\/www.miejscakonferencyjne.pl\/obiekty-szkoleniowe\" target=\"_blank\" rel=\"noopener noreferrer\">obiektu szkoleniowego<\/a> nie przyjad\u0105 wszyscy zaproszeni.<\/p>\n<p>Konferencje lekarskie sk\u0142aniaj\u0105 lekarzy do ci\u0105g\u0142ego rozwoju i szukania nowych rozwi\u0105za\u0144, by ulepszy\u0107 swoj\u0105 i innych prac\u0119.<\/p>\n<h2 style=\"text-align: center;\">Konferencje dla piel\u0119gniarek<\/h2>\n<p>Poszerzanie wiedzy i rozw\u00f3j swoich umiej\u0119tno\u015bci nie tyczy si\u0119 tylko lekarzy. R\u00f3wnie\u017c powinni oto zadba\u0107 piel\u0119gniarze i piel\u0119gniarki. To oni przecie\u017c maj\u0105 najd\u0142u\u017csz\u0105 styczno\u015b\u0107 z pacjentem podczas jego pobytu w szpitalu. <strong>Organizacja konferencji dla piel\u0119gniarek<\/strong> jest dosy\u0107 popularnym zjawiskiem &#8211; tak samo jak <strong>organizacja konferencji dla po\u0142o\u017cnych<\/strong>. Szkolenia s\u0105 nie tylko okazj\u0105 do rozwoju, ale r\u00f3wnie\u017c motywacj\u0105 do pracy, poniewa\u017c je\u015bli zosta\u0142y ufundowane przez prze\u0142o\u017conego, s\u0105 pewnego rodzaju nagrod\u0105 i wyr\u00f3\u017cnieniem. Pracownicy doceniaj\u0105, kiedy ich pracodawcy wysy\u0142aj\u0105 ich na szkolenia i kursy, poniewa\u017c to oznacza, \u017ce wi\u0105\u017c\u0105 z nimi du\u017ce nadzieje i chc\u0105, by tacy pracownicy zostali w firmie\/plac\u00f3wce jak najd\u0142u\u017cej.<\/p>\n<p><img loading=\"lazy\" decoding=\"async\" class=\"aligncenter size-full wp-image-1939\" src=\"https:\/\/www.miejscakonferencyjne.pl\/blog\/wp-content\/uploads\/2022\/01\/konferencja-medyczna-jak-zorganizowac-i-w-jakim-miejscu-2-1-scaled.jpg\" alt=\"\" width=\"2560\" height=\"1707\" srcset=\"https:\/\/www.miejscakonferencyjne.pl\/blog\/wp-content\/uploads\/2022\/01\/konferencja-medyczna-jak-zorganizowac-i-w-jakim-miejscu-2-1-scaled.jpg 2560w, https:\/\/www.miejscakonferencyjne.pl\/blog\/wp-content\/uploads\/2022\/01\/konferencja-medyczna-jak-zorganizowac-i-w-jakim-miejscu-2-1-1000x667.jpg 1000w, https:\/\/www.miejscakonferencyjne.pl\/blog\/wp-content\/uploads\/2022\/01\/konferencja-medyczna-jak-zorganizowac-i-w-jakim-miejscu-2-1-2000x1334.jpg 2000w, https:\/\/www.miejscakonferencyjne.pl\/blog\/wp-content\/uploads\/2022\/01\/konferencja-medyczna-jak-zorganizowac-i-w-jakim-miejscu-2-1-768x512.jpg 768w, https:\/\/www.miejscakonferencyjne.pl\/blog\/wp-content\/uploads\/2022\/01\/konferencja-medyczna-jak-zorganizowac-i-w-jakim-miejscu-2-1-1536x1024.jpg 1536w, https:\/\/www.miejscakonferencyjne.pl\/blog\/wp-content\/uploads\/2022\/01\/konferencja-medyczna-jak-zorganizowac-i-w-jakim-miejscu-2-1-2048x1366.jpg 2048w, https:\/\/www.miejscakonferencyjne.pl\/blog\/wp-content\/uploads\/2022\/01\/konferencja-medyczna-jak-zorganizowac-i-w-jakim-miejscu-2-1-706x471.jpg 706w, https:\/\/www.miejscakonferencyjne.pl\/blog\/wp-content\/uploads\/2022\/01\/konferencja-medyczna-jak-zorganizowac-i-w-jakim-miejscu-2-1-1200x800.jpg 1200w\" sizes=\"auto, (max-width: 2560px) 100vw, 2560px\" \/><\/p>\n<h2 style=\"text-align: center;\">Konferencje medyczne dla student\u00f3w<\/h2>\n<p>Spotkania warto organizowa\u0107 nie tylko dla weteran\u00f3w medycyny, ale r\u00f3wnie\u017c dla m\u0142odych adept\u00f3w. Studenci kierunk\u00f3w medycznych podczas konferencji mog\u0105 zdoby\u0107 dodatkow\u0105 wiedz\u0119, kt\u00f3rej nie zdobyli wcze\u015bniej podczas zaj\u0119\u0107 na uniwersytecie. Tego typu wydarzenia organizuje si\u0119 nie tylko na uczelniach, ale r\u00f3wnie\u017c w <a href=\"https:\/\/www.miejscakonferencyjne.pl\/osrodki-szkoleniowe\" target=\"_blank\" rel=\"noopener noreferrer\">o\u015brodkach szkoleniowych<\/a>. Wiele firm decyduje si\u0119 organizowa\u0107<strong> darmowe konferencje medyczne<\/strong>, by nie obci\u0105\u017ca\u0107 studenckiego bud\u017cetu.<\/p>\n<p><img loading=\"lazy\" decoding=\"async\" class=\"aligncenter size-full wp-image-1936\" src=\"https:\/\/www.miejscakonferencyjne.pl\/blog\/wp-content\/uploads\/2022\/01\/konferencja-medyczna-jak-zorganizowac-i-w-jakim-miejscu-6-1-scaled.jpg\" alt=\"\" width=\"2560\" height=\"1709\" srcset=\"https:\/\/www.miejscakonferencyjne.pl\/blog\/wp-content\/uploads\/2022\/01\/konferencja-medyczna-jak-zorganizowac-i-w-jakim-miejscu-6-1-scaled.jpg 2560w, https:\/\/www.miejscakonferencyjne.pl\/blog\/wp-content\/uploads\/2022\/01\/konferencja-medyczna-jak-zorganizowac-i-w-jakim-miejscu-6-1-1000x668.jpg 1000w, https:\/\/www.miejscakonferencyjne.pl\/blog\/wp-content\/uploads\/2022\/01\/konferencja-medyczna-jak-zorganizowac-i-w-jakim-miejscu-6-1-2000x1335.jpg 2000w, https:\/\/www.miejscakonferencyjne.pl\/blog\/wp-content\/uploads\/2022\/01\/konferencja-medyczna-jak-zorganizowac-i-w-jakim-miejscu-6-1-768x513.jpg 768w, https:\/\/www.miejscakonferencyjne.pl\/blog\/wp-content\/uploads\/2022\/01\/konferencja-medyczna-jak-zorganizowac-i-w-jakim-miejscu-6-1-1536x1025.jpg 1536w, https:\/\/www.miejscakonferencyjne.pl\/blog\/wp-content\/uploads\/2022\/01\/konferencja-medyczna-jak-zorganizowac-i-w-jakim-miejscu-6-1-2048x1367.jpg 2048w, https:\/\/www.miejscakonferencyjne.pl\/blog\/wp-content\/uploads\/2022\/01\/konferencja-medyczna-jak-zorganizowac-i-w-jakim-miejscu-6-1-706x471.jpg 706w, https:\/\/www.miejscakonferencyjne.pl\/blog\/wp-content\/uploads\/2022\/01\/konferencja-medyczna-jak-zorganizowac-i-w-jakim-miejscu-6-1-1200x801.jpg 1200w\" sizes=\"auto, (max-width: 2560px) 100vw, 2560px\" \/><\/p>\n<p>Na pewno ka\u017cdy student medycyny s\u0142ysza\u0142 cho\u0107 raz o zrzeszeniu <strong>Konferencja Rektor\u00f3w Akademickich Uczelni Medyczny<\/strong>, kt\u00f3re to organizuje<strong> wymiany student\u00f3w i pracownik\u00f3w uczelni medycznych<\/strong>. Uzupe\u0142nieniem konferencji s\u0105 tu tak\u017ce <strong>targi<\/strong>, podczas kt\u00f3rych uczelnie na swoich stoiskach prezentuj\u0105 swoj\u0105 ofert\u0119. Je\u015bli chcia\u0142by\u015b zorganizowa\u0107 w\u0142a\u015bnie tego typu imprez\u0119, sprawd\u017a, <a href=\"https:\/\/www.miejscakonferencyjne.pl\/blog\/organizacja-targow-co-musisz-o-niej-wiedziec\/\" target=\"_blank\" rel=\"noopener noreferrer\">co musisz wiedzie\u0107 o organizacji targ\u00f3w<\/a>.<\/p>\n","protected":false},"excerpt":{"rendered":"<p>Organizacja konferencji lekarskiej czy szkolenia dla piel\u0119gniarek jest nie lada wyzwaniem &#8211; zw\u0142aszcza, \u017ce osoby te pracuj\u0105 w trybie zmianowym. S\u0105 to jednak bardzo potrzebne spotkania, na kt\u00f3rym uczestnicy mog\u0105 pog\u0142\u0119bi\u0107 swoj\u0105 wiedz\u0119 i wymieni\u0107 si\u0119 do\u015bwiadczeniami z osobami wykonuj\u0105cymi ten sam zaw\u00f3d.<\/p>\n","protected":false},"author":8,"featured_media":1931,"comment_status":"closed","ping_status":"closed","sticky":false,"template":"","format":"standard","meta":{"_acf_changed":false,"footnotes":""},"categories":[212,170,192],"tags":[175,204,183,176],"class_list":["post-1926","post","type-post","status-publish","format-standard","has-post-thumbnail","hentry","category-miejsce-na-konferencje","category-organizacja-konferencji","category-organizacja-targow","tag-jak-prowadzic-konferencje","tag-konferencja-na-uczelni","tag-konferencja-naukowa","tag-organizacja-konferencji","bwp-masonry-item","bwp-blog-col-3"],"acf":[],"yoast_head":"<!-- This site is optimized with the Yoast SEO plugin v27.5 - https:\/\/yoast.com\/product\/yoast-seo-wordpress\/ -->\n<title>Konferencja medyczna - jak zorganizowa\u0107 i w jakim miejscu? - MiejscaKonferencyjne.pl<\/title>\n<meta name=\"description\" content=\"Organizacja konferencji dla lekarzy, piel\u0119gniarek i student\u00f3w medycyny jest aktualnie jeszcze wa\u017cniejsza ni\u017c przed pandemi\u0105 koronawirusa.\" \/>\n<meta name=\"robots\" content=\"index, follow, max-snippet:-1, max-image-preview:large, max-video-preview:-1\" \/>\n<link rel=\"canonical\" href=\"https:\/\/www.miejscakonferencyjne.pl\/blog\/konferencja-medyczna-jak-zorganizowac-i-w-jakim-miejscu\/\" \/>\n<meta property=\"og:locale\" content=\"pl_PL\" \/>\n<meta property=\"og:type\" content=\"article\" \/>\n<meta property=\"og:title\" content=\"Konferencja medyczna - jak zorganizowa\u0107 i w jakim miejscu? - MiejscaKonferencyjne.pl\" \/>\n<meta property=\"og:description\" content=\"Organizacja konferencji dla lekarzy, piel\u0119gniarek i student\u00f3w medycyny jest aktualnie jeszcze wa\u017cniejsza ni\u017c przed pandemi\u0105 koronawirusa.\" \/>\n<meta property=\"og:url\" content=\"https:\/\/www.miejscakonferencyjne.pl\/blog\/konferencja-medyczna-jak-zorganizowac-i-w-jakim-miejscu\/\" \/>\n<meta property=\"og:site_name\" content=\"MiejscaKonferencyjne.pl\" \/>\n<meta property=\"article:published_time\" content=\"2022-01-31T14:45:50+00:00\" \/>\n<meta property=\"article:modified_time\" content=\"2024-05-07T10:03:40+00:00\" \/>\n<meta property=\"og:image\" content=\"https:\/\/www.miejscakonferencyjne.pl\/blog\/wp-content\/uploads\/2022\/01\/konferencja-medyczna-jak-zorganizowac-i-w-jakim-miejscu-9-scaled.jpg\" \/>\n\t<meta property=\"og:image:width\" content=\"2560\" \/>\n\t<meta property=\"og:image:height\" content=\"1707\" \/>\n\t<meta property=\"og:image:type\" content=\"image\/jpeg\" \/>\n<meta name=\"author\" content=\"pbrandys\" \/>\n<meta name=\"twitter:card\" content=\"summary_large_image\" \/>\n<meta name=\"twitter:label1\" content=\"Napisane przez\" \/>\n\t<meta name=\"twitter:data1\" content=\"pbrandys\" \/>\n\t<meta name=\"twitter:label2\" content=\"Szacowany czas czytania\" \/>\n\t<meta name=\"twitter:data2\" content=\"4 minuty\" \/>\n<!-- \/ Yoast SEO plugin. -->","yoast_head_json":{"title":"Konferencja medyczna - jak zorganizowa\u0107 i w jakim miejscu? - MiejscaKonferencyjne.pl","description":"Organizacja konferencji dla lekarzy, piel\u0119gniarek i student\u00f3w medycyny jest aktualnie jeszcze wa\u017cniejsza ni\u017c przed pandemi\u0105 koronawirusa.","robots":{"index":"index","follow":"follow","max-snippet":"max-snippet:-1","max-image-preview":"max-image-preview:large","max-video-preview":"max-video-preview:-1"},"canonical":"https:\/\/www.miejscakonferencyjne.pl\/blog\/konferencja-medyczna-jak-zorganizowac-i-w-jakim-miejscu\/","og_locale":"pl_PL","og_type":"article","og_title":"Konferencja medyczna - jak zorganizowa\u0107 i w jakim miejscu? - MiejscaKonferencyjne.pl","og_description":"Organizacja konferencji dla lekarzy, piel\u0119gniarek i student\u00f3w medycyny jest aktualnie jeszcze wa\u017cniejsza ni\u017c przed pandemi\u0105 koronawirusa.","og_url":"https:\/\/www.miejscakonferencyjne.pl\/blog\/konferencja-medyczna-jak-zorganizowac-i-w-jakim-miejscu\/","og_site_name":"MiejscaKonferencyjne.pl","article_published_time":"2022-01-31T14:45:50+00:00","article_modified_time":"2024-05-07T10:03:40+00:00","og_image":[{"width":2560,"height":1707,"url":"https:\/\/www.miejscakonferencyjne.pl\/blog\/wp-content\/uploads\/2022\/01\/konferencja-medyczna-jak-zorganizowac-i-w-jakim-miejscu-9-scaled.jpg","type":"image\/jpeg"}],"author":"pbrandys","twitter_card":"summary_large_image","twitter_misc":{"Napisane przez":"pbrandys","Szacowany czas czytania":"4 minuty"},"schema":{"@context":"https:\/\/schema.org","@graph":[{"@type":["Article","BlogPosting"],"@id":"https:\/\/www.miejscakonferencyjne.pl\/blog\/konferencja-medyczna-jak-zorganizowac-i-w-jakim-miejscu\/#article","isPartOf":{"@id":"https:\/\/www.miejscakonferencyjne.pl\/blog\/konferencja-medyczna-jak-zorganizowac-i-w-jakim-miejscu\/"},"author":{"name":"pbrandys","@id":"https:\/\/www.miejscakonferencyjne.pl\/blog\/#\/schema\/person\/881fac6eebca25df457bb23e4c634513"},"headline":"Konferencja medyczna &#8211; jak zorganizowa\u0107 i w jakim miejscu?","datePublished":"2022-01-31T14:45:50+00:00","dateModified":"2024-05-07T10:03:40+00:00","mainEntityOfPage":{"@id":"https:\/\/www.miejscakonferencyjne.pl\/blog\/konferencja-medyczna-jak-zorganizowac-i-w-jakim-miejscu\/"},"wordCount":716,"publisher":{"@id":"https:\/\/www.miejscakonferencyjne.pl\/blog\/#organization"},"image":{"@id":"https:\/\/www.miejscakonferencyjne.pl\/blog\/konferencja-medyczna-jak-zorganizowac-i-w-jakim-miejscu\/#primaryimage"},"thumbnailUrl":"https:\/\/www.miejscakonferencyjne.pl\/blog\/wp-content\/uploads\/2022\/01\/konferencja-medyczna-jak-zorganizowac-i-w-jakim-miejscu-9-scaled.jpg","keywords":["jak prowadzi\u0107 konferencje","konferencja na uczelni","konferencja naukowa","organizacja konferencji"],"articleSection":["Miejsce na konferencj\u0119","Organizacja konferencji","Organizacja targ\u00f3w"],"inLanguage":"pl-PL"},{"@type":"WebPage","@id":"https:\/\/www.miejscakonferencyjne.pl\/blog\/konferencja-medyczna-jak-zorganizowac-i-w-jakim-miejscu\/","url":"https:\/\/www.miejscakonferencyjne.pl\/blog\/konferencja-medyczna-jak-zorganizowac-i-w-jakim-miejscu\/","name":"Konferencja medyczna - jak zorganizowa\u0107 i w jakim miejscu? - MiejscaKonferencyjne.pl","isPartOf":{"@id":"https:\/\/www.miejscakonferencyjne.pl\/blog\/#website"},"primaryImageOfPage":{"@id":"https:\/\/www.miejscakonferencyjne.pl\/blog\/konferencja-medyczna-jak-zorganizowac-i-w-jakim-miejscu\/#primaryimage"},"image":{"@id":"https:\/\/www.miejscakonferencyjne.pl\/blog\/konferencja-medyczna-jak-zorganizowac-i-w-jakim-miejscu\/#primaryimage"},"thumbnailUrl":"https:\/\/www.miejscakonferencyjne.pl\/blog\/wp-content\/uploads\/2022\/01\/konferencja-medyczna-jak-zorganizowac-i-w-jakim-miejscu-9-scaled.jpg","datePublished":"2022-01-31T14:45:50+00:00","dateModified":"2024-05-07T10:03:40+00:00","description":"Organizacja konferencji dla lekarzy, piel\u0119gniarek i student\u00f3w medycyny jest aktualnie jeszcze wa\u017cniejsza ni\u017c przed pandemi\u0105 koronawirusa.","breadcrumb":{"@id":"https:\/\/www.miejscakonferencyjne.pl\/blog\/konferencja-medyczna-jak-zorganizowac-i-w-jakim-miejscu\/#breadcrumb"},"inLanguage":"pl-PL","potentialAction":[{"@type":"ReadAction","target":["https:\/\/www.miejscakonferencyjne.pl\/blog\/konferencja-medyczna-jak-zorganizowac-i-w-jakim-miejscu\/"]}]},{"@type":"ImageObject","inLanguage":"pl-PL","@id":"https:\/\/www.miejscakonferencyjne.pl\/blog\/konferencja-medyczna-jak-zorganizowac-i-w-jakim-miejscu\/#primaryimage","url":"https:\/\/www.miejscakonferencyjne.pl\/blog\/wp-content\/uploads\/2022\/01\/konferencja-medyczna-jak-zorganizowac-i-w-jakim-miejscu-9-scaled.jpg","contentUrl":"https:\/\/www.miejscakonferencyjne.pl\/blog\/wp-content\/uploads\/2022\/01\/konferencja-medyczna-jak-zorganizowac-i-w-jakim-miejscu-9-scaled.jpg","width":2560,"height":1707},{"@type":"BreadcrumbList","@id":"https:\/\/www.miejscakonferencyjne.pl\/blog\/konferencja-medyczna-jak-zorganizowac-i-w-jakim-miejscu\/#breadcrumb","itemListElement":[{"@type":"ListItem","position":1,"name":"Strona g\u0142\u00f3wna","item":"https:\/\/www.miejscakonferencyjne.pl\/blog\/"},{"@type":"ListItem","position":2,"name":"Konferencja medyczna &#8211; jak zorganizowa\u0107 i w jakim miejscu?"}]},{"@type":"WebSite","@id":"https:\/\/www.miejscakonferencyjne.pl\/blog\/#website","url":"https:\/\/www.miejscakonferencyjne.pl\/blog\/","name":"MiejscaKonferencyjne.pl","description":"Dowiedz si\u0119 wszystkiego na temat organizacji konferencji, szkole\u0144 i wydarze\u0144 biznesowych. Komentuj i dziel si\u0119 opini\u0105!","publisher":{"@id":"https:\/\/www.miejscakonferencyjne.pl\/blog\/#organization"},"potentialAction":[{"@type":"SearchAction","target":{"@type":"EntryPoint","urlTemplate":"https:\/\/www.miejscakonferencyjne.pl\/blog\/?s={search_term_string}"},"query-input":{"@type":"PropertyValueSpecification","valueRequired":true,"valueName":"search_term_string"}}],"inLanguage":"pl-PL"},{"@type":"Organization","@id":"https:\/\/www.miejscakonferencyjne.pl\/blog\/#organization","name":"MiejscaKonferencyjne.pl","url":"https:\/\/www.miejscakonferencyjne.pl\/blog\/","logo":{"@type":"ImageObject","inLanguage":"pl-PL","@id":"https:\/\/www.miejscakonferencyjne.pl\/blog\/#\/schema\/logo\/image\/","url":"https:\/\/www.miejscakonferencyjne.pl\/blog\/wp-content\/uploads\/2019\/12\/logo-white.png","contentUrl":"https:\/\/www.miejscakonferencyjne.pl\/blog\/wp-content\/uploads\/2019\/12\/logo-white.png","width":400,"height":63,"caption":"MiejscaKonferencyjne.pl"},"image":{"@id":"https:\/\/www.miejscakonferencyjne.pl\/blog\/#\/schema\/logo\/image\/"}},{"@type":"Person","@id":"https:\/\/www.miejscakonferencyjne.pl\/blog\/#\/schema\/person\/881fac6eebca25df457bb23e4c634513","name":"pbrandys","url":"https:\/\/www.miejscakonferencyjne.pl\/blog\/author\/pbrandys\/"}]}},"_links":{"self":[{"href":"https:\/\/www.miejscakonferencyjne.pl\/blog\/wp-json\/wp\/v2\/posts\/1926","targetHints":{"allow":["GET"]}}],"collection":[{"href":"https:\/\/www.miejscakonferencyjne.pl\/blog\/wp-json\/wp\/v2\/posts"}],"about":[{"href":"https:\/\/www.miejscakonferencyjne.pl\/blog\/wp-json\/wp\/v2\/types\/post"}],"author":[{"embeddable":true,"href":"https:\/\/www.miejscakonferencyjne.pl\/blog\/wp-json\/wp\/v2\/users\/8"}],"replies":[{"embeddable":true,"href":"https:\/\/www.miejscakonferencyjne.pl\/blog\/wp-json\/wp\/v2\/comments?post=1926"}],"version-history":[{"count":4,"href":"https:\/\/www.miejscakonferencyjne.pl\/blog\/wp-json\/wp\/v2\/posts\/1926\/revisions"}],"predecessor-version":[{"id":1945,"href":"https:\/\/www.miejscakonferencyjne.pl\/blog\/wp-json\/wp\/v2\/posts\/1926\/revisions\/1945"}],"wp:featuredmedia":[{"embeddable":true,"href":"https:\/\/www.miejscakonferencyjne.pl\/blog\/wp-json\/wp\/v2\/media\/1931"}],"wp:attachment":[{"href":"https:\/\/www.miejscakonferencyjne.pl\/blog\/wp-json\/wp\/v2\/media?parent=1926"}],"wp:term":[{"taxonomy":"category","embeddable":true,"href":"https:\/\/www.miejscakonferencyjne.pl\/blog\/wp-json\/wp\/v2\/categories?post=1926"},{"taxonomy":"post_tag","embeddable":true,"href":"https:\/\/www.miejscakonferencyjne.pl\/blog\/wp-json\/wp\/v2\/tags?post=1926"}],"curies":[{"name":"wp","href":"https:\/\/api.w.org\/{rel}","templated":true}]}}