{"id":1694,"date":"2020-07-31T23:26:42","date_gmt":"2020-07-31T21:26:42","guid":{"rendered":"https:\/\/www.miejscakonferencyjne.pl\/blog\/?p=1694"},"modified":"2024-05-07T12:03:41","modified_gmt":"2024-05-07T10:03:41","slug":"konferencja-w-pieninach-czyli-najlepsze-obiekty-w-szczawnicy","status":"publish","type":"post","link":"https:\/\/www.miejscakonferencyjne.pl\/blog\/konferencja-w-pieninach-czyli-najlepsze-obiekty-w-szczawnicy\/","title":{"rendered":"Konferencja w Pieninach, czyli najlepsze obiekty w Szczawnicy"},"content":{"rendered":"<p align=\"justify\"><strong>Kochamy Pieniny. \u0141atwo si\u0119 po nich spaceruje, bo nie s\u0105 tak wysokie, jak Tatry, a g\u00f3rskie krajobrazy zapieraj\u0105 dech w piersiach. Warto tu przyjecha\u0107 nie tylko na piesze w\u0119dr\u00f3wki z rodzin\u0105 czy znajomymi. Pieniny sprawdz\u0105 si\u0119 r\u00f3wnie\u017c na firmowy wyjazd i organizacj\u0119 konferencji lub szkolenia.<\/strong><\/p>\n<p align=\"justify\">W dzisiejszym artykule chcieliby\u015bmy przedstawi\u0107 nam nasze propozycje obiekt\u00f3w, w kt\u00f3rych organizacja spotkania biznesowego to sama przyjemno\u015b\u0107. Hotele te znajduj\u0105 si\u0119 w Szczawnicy, jednym z najbardziej popularnych polskich uzdrowisk. Jeste\u015bcie ciekawi? Czytajcie dalej!<\/p>\n<h2 style=\"text-align: center;\">1. Modrzewie Park Hotel<\/h2>\n<p><img loading=\"lazy\" decoding=\"async\" class=\"aligncenter size-full wp-image-1715\" src=\"https:\/\/www.miejscakonferencyjne.pl\/blog\/wp-content\/uploads\/2020\/07\/modrzewie2.jpg\" alt=\"\" width=\"1200\" height=\"532\" srcset=\"https:\/\/www.miejscakonferencyjne.pl\/blog\/wp-content\/uploads\/2020\/07\/modrzewie2.jpg 1200w, https:\/\/www.miejscakonferencyjne.pl\/blog\/wp-content\/uploads\/2020\/07\/modrzewie2-1000x443.jpg 1000w, https:\/\/www.miejscakonferencyjne.pl\/blog\/wp-content\/uploads\/2020\/07\/modrzewie2-768x340.jpg 768w, https:\/\/www.miejscakonferencyjne.pl\/blog\/wp-content\/uploads\/2020\/07\/modrzewie2-706x313.jpg 706w\" sizes=\"auto, (max-width: 1200px) 100vw, 1200px\" \/><\/p>\n<p align=\"justify\">Luksus, wyrafinowany styl i kameralna atmosfera. To pierwszy <a href=\"https:\/\/www.miejscakonferencyjne.pl\/hotele-5gwiazdkowe\">pi\u0119ciogwiazdkowy hotel<\/a>, kt\u00f3ry powsta\u0142 w tym regionie. Zrobi wra\u017cenie na nawet najbardziej wymagaj\u0105cych go\u015bciach. Eleganckie wn\u0119trza i nowoczesne rozwi\u0105zania sprawiaj\u0105, \u017ce ka\u017cde wydarzenie organizowane w tym miejscu jest na najwy\u017cszym poziomie.<\/p>\n<p align=\"justify\"><img loading=\"lazy\" decoding=\"async\" class=\"aligncenter size-full wp-image-1713\" src=\"https:\/\/www.miejscakonferencyjne.pl\/blog\/wp-content\/uploads\/2020\/07\/modrzewie.jpg\" alt=\"\" width=\"1200\" height=\"532\" srcset=\"https:\/\/www.miejscakonferencyjne.pl\/blog\/wp-content\/uploads\/2020\/07\/modrzewie.jpg 1200w, https:\/\/www.miejscakonferencyjne.pl\/blog\/wp-content\/uploads\/2020\/07\/modrzewie-1000x443.jpg 1000w, https:\/\/www.miejscakonferencyjne.pl\/blog\/wp-content\/uploads\/2020\/07\/modrzewie-768x340.jpg 768w, https:\/\/www.miejscakonferencyjne.pl\/blog\/wp-content\/uploads\/2020\/07\/modrzewie-706x313.jpg 706w\" sizes=\"auto, (max-width: 1200px) 100vw, 1200px\" \/><\/p>\n<p align=\"justify\">Modrzewie Hotel Park w Szczawnicy to idealne miejsce na zorganizowanie imprez firmowych i szkole\u0144. Dzisiejszy wygl\u0105d obiektu konferencyjnego oraz jego niepowtarzalnych wn\u0119trz jest owocem starannej pracy i dba\u0142o\u015bci o ka\u017cdy szczeg\u00f3\u0142. Obfito\u015b\u0107 form, w\u0142a\u015bciwe proporcje kszta\u0142t\u00f3w i szlachetne materia\u0142y tchn\u0119\u0142y nowego ducha Art Deco w prawie stuletni hotel, nie naruszaj\u0105c jednak historycznej duszy drzemi\u0105cej w jego murach. Ciep\u0142e wn\u0119trza w odcieniach czerwieni, be\u017cu, br\u0105zu i z\u0142ota doskonale komponuj\u0105 si\u0119 z barwami otaczaj\u0105cego je lasu.<\/p>\n<p align=\"justify\"><img loading=\"lazy\" decoding=\"async\" class=\"aligncenter size-full wp-image-1696\" src=\"https:\/\/www.miejscakonferencyjne.pl\/blog\/wp-content\/uploads\/2020\/07\/modrzewieparkhotel-sala-konferencyjna-small-1200x_.jpg\" alt=\"\" width=\"1200\" height=\"799\" srcset=\"https:\/\/www.miejscakonferencyjne.pl\/blog\/wp-content\/uploads\/2020\/07\/modrzewieparkhotel-sala-konferencyjna-small-1200x_.jpg 1200w, https:\/\/www.miejscakonferencyjne.pl\/blog\/wp-content\/uploads\/2020\/07\/modrzewieparkhotel-sala-konferencyjna-small-1200x_-1000x666.jpg 1000w, https:\/\/www.miejscakonferencyjne.pl\/blog\/wp-content\/uploads\/2020\/07\/modrzewieparkhotel-sala-konferencyjna-small-1200x_-768x511.jpg 768w, https:\/\/www.miejscakonferencyjne.pl\/blog\/wp-content\/uploads\/2020\/07\/modrzewieparkhotel-sala-konferencyjna-small-1200x_-706x470.jpg 706w\" sizes=\"auto, (max-width: 1200px) 100vw, 1200px\" \/><\/p>\n<p align=\"justify\">Pi\u0119ciogwiazdkowy Modrzewie Park Hotel opr\u00f3cz ekskluzywnych warunk\u00f3w pobytu zapewnia go\u015bciom prawdziwy relaks w ciszy i spokoju. Hotel po\u0142o\u017cony jest bowiem na poro\u015bni\u0119tym modrzewiowym lasem wzg\u00f3rzu, kt\u00f3ry s\u0105siaduje z pi\u0119knym, 15-hektarowym lasem modrzewiowym. Hotel osadzony jest w niepowtarzalnym klimacie uzdrowiska b\u0119d\u0105cego w okresie przedwojennym centrum kulturalno \u2013 towarzyskim regionu. Wspania\u0142e krajobrazy, panorama Pienin i pi\u0119kno natury tworz\u0105 koj\u0105c\u0105 atmosfer\u0119 i na d\u0142ugo pozostaj\u0105 w pami\u0119ci.<\/p>\n<h2 style=\"text-align: center;\">2. Dworek Go\u015bcinny<\/h2>\n<p><img loading=\"lazy\" decoding=\"async\" class=\"aligncenter size-full wp-image-1705\" src=\"https:\/\/www.miejscakonferencyjne.pl\/blog\/wp-content\/uploads\/2020\/07\/dworek.jpg\" alt=\"\" width=\"1200\" height=\"532\" srcset=\"https:\/\/www.miejscakonferencyjne.pl\/blog\/wp-content\/uploads\/2020\/07\/dworek.jpg 1200w, https:\/\/www.miejscakonferencyjne.pl\/blog\/wp-content\/uploads\/2020\/07\/dworek-1000x443.jpg 1000w, https:\/\/www.miejscakonferencyjne.pl\/blog\/wp-content\/uploads\/2020\/07\/dworek-768x340.jpg 768w, https:\/\/www.miejscakonferencyjne.pl\/blog\/wp-content\/uploads\/2020\/07\/dworek-706x313.jpg 706w\" sizes=\"auto, (max-width: 1200px) 100vw, 1200px\" \/><\/p>\n<p align=\"justify\">Miejsce bardzo wyj\u0105tkowe, w kt\u00f3rym organizowane s\u0105 zar\u00f3wno spotkania biznesowe, jak i przedstawienia teatralne. Wszystko dzi\u0119ki wielofunkcyjnej sali, kt\u00f3ra daje du\u017ce mo\u017cliwo\u015bci organizatorom eventu. Sala G\u0142\u00f3wna, bo o niej mowa, mo\u017ce si\u0119 pochwali\u0107 automatycznie sk\u0142adan\u0105 widowni\u0105 i modu\u0142ow\u0105 scen\u0105, co sprawia, \u017ce wariant\u00f3w aran\u017cacyjnych jest bardzo du\u017co i mo\u017cna je dopasowa\u0107 do ka\u017cdego wydarzenia.<\/p>\n<p align=\"justify\"><img loading=\"lazy\" decoding=\"async\" class=\"aligncenter size-full wp-image-1710\" src=\"https:\/\/www.miejscakonferencyjne.pl\/blog\/wp-content\/uploads\/2020\/07\/dworek5.jpg\" alt=\"\" width=\"1200\" height=\"532\" srcset=\"https:\/\/www.miejscakonferencyjne.pl\/blog\/wp-content\/uploads\/2020\/07\/dworek5.jpg 1200w, https:\/\/www.miejscakonferencyjne.pl\/blog\/wp-content\/uploads\/2020\/07\/dworek5-1000x443.jpg 1000w, https:\/\/www.miejscakonferencyjne.pl\/blog\/wp-content\/uploads\/2020\/07\/dworek5-768x340.jpg 768w, https:\/\/www.miejscakonferencyjne.pl\/blog\/wp-content\/uploads\/2020\/07\/dworek5-706x313.jpg 706w\" sizes=\"auto, (max-width: 1200px) 100vw, 1200px\" \/><\/p>\n<p align=\"justify\">Niew\u0105tpliwymi atutami sali s\u0105 te\u017c system o\u015bwietlenia. Mamy tu i reflektory punktowe, i \u015bwiat\u0142o bij\u0105ce od \u017cyrandoli, dlatego ka\u017cde wydarzenie organizowane w tym miejscu nabiera niepowtarzalnego charakteru. Do dyspozycji organizator\u00f3w s\u0105 te\u017c mniejsze sale konferencyjno-szkoleniowe, co pozwala na organizacj\u0119 r\u00f3wnie\u017c bardziej kameralnych spotka\u0144.<\/p>\n<p align=\"justify\"><img loading=\"lazy\" decoding=\"async\" class=\"aligncenter size-full wp-image-1708\" src=\"https:\/\/www.miejscakonferencyjne.pl\/blog\/wp-content\/uploads\/2020\/07\/dworek-3.jpg\" alt=\"\" width=\"1200\" height=\"532\" srcset=\"https:\/\/www.miejscakonferencyjne.pl\/blog\/wp-content\/uploads\/2020\/07\/dworek-3.jpg 1200w, https:\/\/www.miejscakonferencyjne.pl\/blog\/wp-content\/uploads\/2020\/07\/dworek-3-1000x443.jpg 1000w, https:\/\/www.miejscakonferencyjne.pl\/blog\/wp-content\/uploads\/2020\/07\/dworek-3-768x340.jpg 768w, https:\/\/www.miejscakonferencyjne.pl\/blog\/wp-content\/uploads\/2020\/07\/dworek-3-706x313.jpg 706w\" sizes=\"auto, (max-width: 1200px) 100vw, 1200px\" \/><\/p>\n<p align=\"justify\">W Dworku Go\u015bcinnym ka\u017cdy element wystroju stanowi swoiste dzie\u0142o sztuki, kt\u00f3re przyci\u0105ga uwag\u0119 i zachwyca.<\/p>\n<p align=\"justify\"><img loading=\"lazy\" decoding=\"async\" class=\"aligncenter size-full wp-image-1709\" src=\"https:\/\/www.miejscakonferencyjne.pl\/blog\/wp-content\/uploads\/2020\/07\/dworek4.jpg\" alt=\"\" width=\"1200\" height=\"532\" srcset=\"https:\/\/www.miejscakonferencyjne.pl\/blog\/wp-content\/uploads\/2020\/07\/dworek4.jpg 1200w, https:\/\/www.miejscakonferencyjne.pl\/blog\/wp-content\/uploads\/2020\/07\/dworek4-1000x443.jpg 1000w, https:\/\/www.miejscakonferencyjne.pl\/blog\/wp-content\/uploads\/2020\/07\/dworek4-768x340.jpg 768w, https:\/\/www.miejscakonferencyjne.pl\/blog\/wp-content\/uploads\/2020\/07\/dworek4-706x313.jpg 706w\" sizes=\"auto, (max-width: 1200px) 100vw, 1200px\" \/><\/p>\n<p align=\"justify\">Na uwag\u0119 zas\u0142uguje Jazz Bar, w kt\u00f3rym mo\u017cna zorganizowa\u0107 imprezy o mniej formalnym charakterze. Znajduje si\u0119 na parterze budynku i oferuje dania kuchni mi\u0119dzynarodowej. W potrawach przygotowywanych przez zdolnego Szefa Kuchni z pewno\u015bci\u0105 \u0142atwo dojrzymy akcenty kuchni regionalnej. Wn\u0119trza Jazz Baru wype\u0142nione czarnym i czerwonym aksamitem, wygodne fotele i sofy dodaj\u0105 temu miejscu niesamowitego klimatu.<\/p>\n<h2 style=\"text-align: center;\">3. Hotel Nawigator<\/h2>\n<p><img loading=\"lazy\" decoding=\"async\" class=\"aligncenter size-full wp-image-1703\" src=\"https:\/\/www.miejscakonferencyjne.pl\/blog\/wp-content\/uploads\/2020\/07\/583588e8669373-1200x_.jpg\" alt=\"\" width=\"1200\" height=\"800\" srcset=\"https:\/\/www.miejscakonferencyjne.pl\/blog\/wp-content\/uploads\/2020\/07\/583588e8669373-1200x_.jpg 1200w, https:\/\/www.miejscakonferencyjne.pl\/blog\/wp-content\/uploads\/2020\/07\/583588e8669373-1200x_-1000x667.jpg 1000w, https:\/\/www.miejscakonferencyjne.pl\/blog\/wp-content\/uploads\/2020\/07\/583588e8669373-1200x_-768x512.jpg 768w, https:\/\/www.miejscakonferencyjne.pl\/blog\/wp-content\/uploads\/2020\/07\/583588e8669373-1200x_-706x471.jpg 706w\" sizes=\"auto, (max-width: 1200px) 100vw, 1200px\" \/><\/p>\n<p align=\"justify\">Obiekt ten do dyspozycji swoich go\u015bci oddaje 3 nowoczesne sale konferencyjne i 57 komfortowych pokoi i apartament\u00f3w. Sale wyposa\u017cone w profesjonalny sprz\u0119t multimedialny umo\u017cliwiaj\u0105 organizacj\u0119 wydarzenia na wysokim poziomie. Sale \u0142\u0105cznie pomieszcz\u0105 do 220 os\u00f3b. Du\u017cym atutem jest kompleksowa obs\u0142uga gastronomiczna ka\u017cdego wydarzenia. Oferta dopasowywana jest do okazji i ustalana po rozmowie z organizatorem. Oboj\u0119tnie czy planujesz zorganizowa\u0107 uroczyst\u0105 kolacj\u0119 z ca\u0142\u0105 opraw\u0105 gastronomiczn\u0105, czy jedynie zale\u017cy Ci na przerwach kawowych pomi\u0119dzy poszczeg\u00f3lnymi panelami konferencji, jako\u015b\u0107 przygotowanego jedzenia z pewno\u015bci\u0105 Ci\u0119 zadowoli. Obs\u0142uga przyk\u0142ada bowiem du\u017c\u0105 wag\u0119 do jako\u015bci produkt\u00f3w.<\/p>\n<p align=\"justify\"><img loading=\"lazy\" decoding=\"async\" class=\"aligncenter size-full wp-image-1698\" src=\"https:\/\/www.miejscakonferencyjne.pl\/blog\/wp-content\/uploads\/2020\/07\/nawigator-1.jpg\" alt=\"\" width=\"1200\" height=\"800\" srcset=\"https:\/\/www.miejscakonferencyjne.pl\/blog\/wp-content\/uploads\/2020\/07\/nawigator-1.jpg 1200w, https:\/\/www.miejscakonferencyjne.pl\/blog\/wp-content\/uploads\/2020\/07\/nawigator-1-1000x667.jpg 1000w, https:\/\/www.miejscakonferencyjne.pl\/blog\/wp-content\/uploads\/2020\/07\/nawigator-1-768x512.jpg 768w, https:\/\/www.miejscakonferencyjne.pl\/blog\/wp-content\/uploads\/2020\/07\/nawigator-1-706x471.jpg 706w\" sizes=\"auto, (max-width: 1200px) 100vw, 1200px\" \/><\/p>\n<p align=\"justify\">Po sko\u0144czonym spotkaniu warto uda\u0107 si\u0119 o strefy SPA, gdzie na go\u015bci czeka bogata oferta masa\u017cy i r\u00f3\u017cnorodnych zabieg\u00f3w relaksacyjnych i piel\u0119gnacyjnych.<\/p>\n<p align=\"justify\">R\u00f3wnie\u017c letni taras z widokiem na Palenic\u0119 i bujn\u0105 natur\u0119 zach\u0119ca, \u017ceby sp\u0119dzi\u0107 na nim wolny czas.<\/p>\n<h2 style=\"text-align: center;\">4. BONUS &#8211; Pieniny Grand Szczawnica<\/h2>\n<p><img loading=\"lazy\" decoding=\"async\" class=\"aligncenter size-full wp-image-1700\" src=\"https:\/\/www.miejscakonferencyjne.pl\/blog\/wp-content\/uploads\/2020\/07\/pieniny-grand-3.jpg\" alt=\"\" width=\"1200\" height=\"892\" srcset=\"https:\/\/www.miejscakonferencyjne.pl\/blog\/wp-content\/uploads\/2020\/07\/pieniny-grand-3.jpg 1200w, https:\/\/www.miejscakonferencyjne.pl\/blog\/wp-content\/uploads\/2020\/07\/pieniny-grand-3-1000x743.jpg 1000w, https:\/\/www.miejscakonferencyjne.pl\/blog\/wp-content\/uploads\/2020\/07\/pieniny-grand-3-768x571.jpg 768w, https:\/\/www.miejscakonferencyjne.pl\/blog\/wp-content\/uploads\/2020\/07\/pieniny-grand-3-706x525.jpg 706w\" sizes=\"auto, (max-width: 1200px) 100vw, 1200px\" \/><\/p>\n<p align=\"justify\">Na koniec mamy dla Was bonus. Pieniny Grand Szczawnica to 4-gwiazdkowy hotel, kt\u00f3ry wkr\u00f3tce zostanie otwarty. Obiekt zapewnia rozbudowan\u0105 baz\u0119 noclegowo-konferencyjn\u0105. Lokalizacja w samym sercu malowniczego karpackiego pasma g\u00f3rskiego gwarantuje genialne widoki. Obiekt b\u0119dzie kultywowa\u0142 tradycj\u0119 regionu Pienin. Jego architektura \u0142\u0105czy nowoczesny design z holistycznym podej\u015bciem do \u017cycia.<\/p>\n<p align=\"justify\"><img loading=\"lazy\" decoding=\"async\" class=\"aligncenter size-full wp-image-1701\" src=\"https:\/\/www.miejscakonferencyjne.pl\/blog\/wp-content\/uploads\/2020\/07\/pieniny-grand2.jpg\" alt=\"\" width=\"1200\" height=\"900\" srcset=\"https:\/\/www.miejscakonferencyjne.pl\/blog\/wp-content\/uploads\/2020\/07\/pieniny-grand2.jpg 1200w, https:\/\/www.miejscakonferencyjne.pl\/blog\/wp-content\/uploads\/2020\/07\/pieniny-grand2-1000x750.jpg 1000w, https:\/\/www.miejscakonferencyjne.pl\/blog\/wp-content\/uploads\/2020\/07\/pieniny-grand2-768x576.jpg 768w, https:\/\/www.miejscakonferencyjne.pl\/blog\/wp-content\/uploads\/2020\/07\/pieniny-grand2-706x530.jpg 706w\" sizes=\"auto, (max-width: 1200px) 100vw, 1200px\" \/><\/p>\n<p align=\"justify\">Pieniny Grand Szczawnica zaoferuj\u0105 swoim go\u015bciom r\u00f3wnie\u017c ok. 2000 m2 przestrzeni SPA &amp; Medical SPA oraz gustownie urz\u0105dzon\u0105 restauracj\u0119 z dwoma barami oraz tarasem na dachu budynku.<\/p>\n<p align=\"justify\">Mamy nadziej\u0119, \u017ce zach\u0119cili\u015bmy Was do odwiedzenia Szczawnicy i \u017ce znajdziecie co\u015b dla siebie w naszym kr\u00f3tkim zestawieniu pieni\u0144skich obiekt\u00f3w noclegowo-konferencyjnych.<\/p>\n","protected":false},"excerpt":{"rendered":"<p>Je\u015bli planowali\u015bcie konferencj\u0119 w g\u00f3rach, to warto przyjrze\u0107 si\u0119 urokliwym Pieninom. Zobaczcie nasze propozycje hoteli noclegowo-konferencyjnych w tym regionie.<\/p>\n","protected":false},"author":8,"featured_media":1702,"comment_status":"closed","ping_status":"closed","sticky":false,"template":"","format":"standard","meta":{"_acf_changed":false,"footnotes":""},"categories":[212,199,170],"tags":[180,191,219,230],"class_list":["post-1694","post","type-post","status-publish","format-standard","has-post-thumbnail","hentry","category-miejsce-na-konferencje","category-organizacja-koncertu","category-organizacja-konferencji","tag-miejsca-konferencyjne","tag-organizacja-eventu","tag-sala-konferencyjna","tag-turystyka-biznesowa","bwp-masonry-item","bwp-blog-col-3"],"acf":[],"yoast_head":"<!-- This site is optimized with the Yoast SEO plugin v26.8 - https:\/\/yoast.com\/product\/yoast-seo-wordpress\/ -->\n<title>Konferencja w Pieninach, czyli najlepsze obiekty w Szczawnicy - MiejscaKonferencyjne.pl<\/title>\n<meta name=\"description\" content=\"Konferencja w Pieninach, czyli najlepsze obiekty w Szczawnicy - MiejscaKonferencyjne.pl\" \/>\n<meta name=\"robots\" content=\"index, follow, max-snippet:-1, max-image-preview:large, max-video-preview:-1\" \/>\n<link rel=\"canonical\" href=\"https:\/\/www.miejscakonferencyjne.pl\/blog\/konferencja-w-pieninach-czyli-najlepsze-obiekty-w-szczawnicy\/\" \/>\n<meta property=\"og:locale\" content=\"pl_PL\" \/>\n<meta property=\"og:type\" content=\"article\" \/>\n<meta property=\"og:title\" content=\"Konferencja w Pieninach, czyli najlepsze obiekty w Szczawnicy - MiejscaKonferencyjne.pl\" \/>\n<meta property=\"og:description\" content=\"Konferencja w Pieninach, czyli najlepsze obiekty w Szczawnicy - MiejscaKonferencyjne.pl\" \/>\n<meta property=\"og:url\" content=\"https:\/\/www.miejscakonferencyjne.pl\/blog\/konferencja-w-pieninach-czyli-najlepsze-obiekty-w-szczawnicy\/\" \/>\n<meta property=\"og:site_name\" content=\"MiejscaKonferencyjne.pl\" \/>\n<meta property=\"article:published_time\" content=\"2020-07-31T21:26:42+00:00\" \/>\n<meta property=\"article:modified_time\" content=\"2024-05-07T10:03:41+00:00\" \/>\n<meta property=\"og:image\" content=\"https:\/\/www.miejscakonferencyjne.pl\/blog\/wp-content\/uploads\/2020\/07\/5a4c2036b2e2d_attachment.jpg\" \/>\n\t<meta property=\"og:image:width\" content=\"700\" \/>\n\t<meta property=\"og:image:height\" content=\"367\" \/>\n\t<meta property=\"og:image:type\" content=\"image\/jpeg\" \/>\n<meta name=\"author\" content=\"pbrandys\" \/>\n<meta name=\"twitter:card\" content=\"summary_large_image\" \/>\n<meta name=\"twitter:label1\" content=\"Napisane przez\" \/>\n\t<meta name=\"twitter:data1\" content=\"pbrandys\" \/>\n\t<meta name=\"twitter:label2\" content=\"Szacowany czas czytania\" \/>\n\t<meta name=\"twitter:data2\" content=\"7 minut\" \/>\n<!-- \/ Yoast SEO plugin. -->","yoast_head_json":{"title":"Konferencja w Pieninach, czyli najlepsze obiekty w Szczawnicy - MiejscaKonferencyjne.pl","description":"Konferencja w Pieninach, czyli najlepsze obiekty w Szczawnicy - MiejscaKonferencyjne.pl","robots":{"index":"index","follow":"follow","max-snippet":"max-snippet:-1","max-image-preview":"max-image-preview:large","max-video-preview":"max-video-preview:-1"},"canonical":"https:\/\/www.miejscakonferencyjne.pl\/blog\/konferencja-w-pieninach-czyli-najlepsze-obiekty-w-szczawnicy\/","og_locale":"pl_PL","og_type":"article","og_title":"Konferencja w Pieninach, czyli najlepsze obiekty w Szczawnicy - MiejscaKonferencyjne.pl","og_description":"Konferencja w Pieninach, czyli najlepsze obiekty w Szczawnicy - MiejscaKonferencyjne.pl","og_url":"https:\/\/www.miejscakonferencyjne.pl\/blog\/konferencja-w-pieninach-czyli-najlepsze-obiekty-w-szczawnicy\/","og_site_name":"MiejscaKonferencyjne.pl","article_published_time":"2020-07-31T21:26:42+00:00","article_modified_time":"2024-05-07T10:03:41+00:00","og_image":[{"width":700,"height":367,"url":"https:\/\/www.miejscakonferencyjne.pl\/blog\/wp-content\/uploads\/2020\/07\/5a4c2036b2e2d_attachment.jpg","type":"image\/jpeg"}],"author":"pbrandys","twitter_card":"summary_large_image","twitter_misc":{"Napisane przez":"pbrandys","Szacowany czas czytania":"7 minut"},"schema":{"@context":"https:\/\/schema.org","@graph":[{"@type":["Article","BlogPosting"],"@id":"https:\/\/www.miejscakonferencyjne.pl\/blog\/konferencja-w-pieninach-czyli-najlepsze-obiekty-w-szczawnicy\/#article","isPartOf":{"@id":"https:\/\/www.miejscakonferencyjne.pl\/blog\/konferencja-w-pieninach-czyli-najlepsze-obiekty-w-szczawnicy\/"},"author":{"name":"pbrandys","@id":"https:\/\/www.miejscakonferencyjne.pl\/blog\/#\/schema\/person\/881fac6eebca25df457bb23e4c634513"},"headline":"Konferencja w Pieninach, czyli najlepsze obiekty w Szczawnicy","datePublished":"2020-07-31T21:26:42+00:00","dateModified":"2024-05-07T10:03:41+00:00","mainEntityOfPage":{"@id":"https:\/\/www.miejscakonferencyjne.pl\/blog\/konferencja-w-pieninach-czyli-najlepsze-obiekty-w-szczawnicy\/"},"wordCount":794,"publisher":{"@id":"https:\/\/www.miejscakonferencyjne.pl\/blog\/#organization"},"image":{"@id":"https:\/\/www.miejscakonferencyjne.pl\/blog\/konferencja-w-pieninach-czyli-najlepsze-obiekty-w-szczawnicy\/#primaryimage"},"thumbnailUrl":"https:\/\/www.miejscakonferencyjne.pl\/blog\/wp-content\/uploads\/2020\/07\/5a4c2036b2e2d_attachment.jpg","keywords":["miejsca konferencyjne","organizacja eventu","sala konferencyjna","turystyka biznesowa"],"articleSection":["Miejsce na konferencj\u0119","Organizacja koncertu","Organizacja konferencji"],"inLanguage":"pl-PL"},{"@type":"WebPage","@id":"https:\/\/www.miejscakonferencyjne.pl\/blog\/konferencja-w-pieninach-czyli-najlepsze-obiekty-w-szczawnicy\/","url":"https:\/\/www.miejscakonferencyjne.pl\/blog\/konferencja-w-pieninach-czyli-najlepsze-obiekty-w-szczawnicy\/","name":"Konferencja w Pieninach, czyli najlepsze obiekty w Szczawnicy - MiejscaKonferencyjne.pl","isPartOf":{"@id":"https:\/\/www.miejscakonferencyjne.pl\/blog\/#website"},"primaryImageOfPage":{"@id":"https:\/\/www.miejscakonferencyjne.pl\/blog\/konferencja-w-pieninach-czyli-najlepsze-obiekty-w-szczawnicy\/#primaryimage"},"image":{"@id":"https:\/\/www.miejscakonferencyjne.pl\/blog\/konferencja-w-pieninach-czyli-najlepsze-obiekty-w-szczawnicy\/#primaryimage"},"thumbnailUrl":"https:\/\/www.miejscakonferencyjne.pl\/blog\/wp-content\/uploads\/2020\/07\/5a4c2036b2e2d_attachment.jpg","datePublished":"2020-07-31T21:26:42+00:00","dateModified":"2024-05-07T10:03:41+00:00","description":"Konferencja w Pieninach, czyli najlepsze obiekty w Szczawnicy - MiejscaKonferencyjne.pl","breadcrumb":{"@id":"https:\/\/www.miejscakonferencyjne.pl\/blog\/konferencja-w-pieninach-czyli-najlepsze-obiekty-w-szczawnicy\/#breadcrumb"},"inLanguage":"pl-PL","potentialAction":[{"@type":"ReadAction","target":["https:\/\/www.miejscakonferencyjne.pl\/blog\/konferencja-w-pieninach-czyli-najlepsze-obiekty-w-szczawnicy\/"]}]},{"@type":"ImageObject","inLanguage":"pl-PL","@id":"https:\/\/www.miejscakonferencyjne.pl\/blog\/konferencja-w-pieninach-czyli-najlepsze-obiekty-w-szczawnicy\/#primaryimage","url":"https:\/\/www.miejscakonferencyjne.pl\/blog\/wp-content\/uploads\/2020\/07\/5a4c2036b2e2d_attachment.jpg","contentUrl":"https:\/\/www.miejscakonferencyjne.pl\/blog\/wp-content\/uploads\/2020\/07\/5a4c2036b2e2d_attachment.jpg","width":700,"height":367},{"@type":"BreadcrumbList","@id":"https:\/\/www.miejscakonferencyjne.pl\/blog\/konferencja-w-pieninach-czyli-najlepsze-obiekty-w-szczawnicy\/#breadcrumb","itemListElement":[{"@type":"ListItem","position":1,"name":"Strona g\u0142\u00f3wna","item":"https:\/\/www.miejscakonferencyjne.pl\/blog\/"},{"@type":"ListItem","position":2,"name":"Konferencja w Pieninach, czyli najlepsze obiekty w Szczawnicy"}]},{"@type":"WebSite","@id":"https:\/\/www.miejscakonferencyjne.pl\/blog\/#website","url":"https:\/\/www.miejscakonferencyjne.pl\/blog\/","name":"MiejscaKonferencyjne.pl","description":"Dowiedz si\u0119 wszystkiego na temat organizacji konferencji, szkole\u0144 i wydarze\u0144 biznesowych. Komentuj i dziel si\u0119 opini\u0105!","publisher":{"@id":"https:\/\/www.miejscakonferencyjne.pl\/blog\/#organization"},"potentialAction":[{"@type":"SearchAction","target":{"@type":"EntryPoint","urlTemplate":"https:\/\/www.miejscakonferencyjne.pl\/blog\/?s={search_term_string}"},"query-input":{"@type":"PropertyValueSpecification","valueRequired":true,"valueName":"search_term_string"}}],"inLanguage":"pl-PL"},{"@type":"Organization","@id":"https:\/\/www.miejscakonferencyjne.pl\/blog\/#organization","name":"MiejscaKonferencyjne.pl","url":"https:\/\/www.miejscakonferencyjne.pl\/blog\/","logo":{"@type":"ImageObject","inLanguage":"pl-PL","@id":"https:\/\/www.miejscakonferencyjne.pl\/blog\/#\/schema\/logo\/image\/","url":"https:\/\/www.miejscakonferencyjne.pl\/blog\/wp-content\/uploads\/2019\/12\/logo-white.png","contentUrl":"https:\/\/www.miejscakonferencyjne.pl\/blog\/wp-content\/uploads\/2019\/12\/logo-white.png","width":400,"height":63,"caption":"MiejscaKonferencyjne.pl"},"image":{"@id":"https:\/\/www.miejscakonferencyjne.pl\/blog\/#\/schema\/logo\/image\/"}},{"@type":"Person","@id":"https:\/\/www.miejscakonferencyjne.pl\/blog\/#\/schema\/person\/881fac6eebca25df457bb23e4c634513","name":"pbrandys","url":"https:\/\/www.miejscakonferencyjne.pl\/blog\/author\/pbrandys\/"}]}},"_links":{"self":[{"href":"https:\/\/www.miejscakonferencyjne.pl\/blog\/wp-json\/wp\/v2\/posts\/1694","targetHints":{"allow":["GET"]}}],"collection":[{"href":"https:\/\/www.miejscakonferencyjne.pl\/blog\/wp-json\/wp\/v2\/posts"}],"about":[{"href":"https:\/\/www.miejscakonferencyjne.pl\/blog\/wp-json\/wp\/v2\/types\/post"}],"author":[{"embeddable":true,"href":"https:\/\/www.miejscakonferencyjne.pl\/blog\/wp-json\/wp\/v2\/users\/8"}],"replies":[{"embeddable":true,"href":"https:\/\/www.miejscakonferencyjne.pl\/blog\/wp-json\/wp\/v2\/comments?post=1694"}],"version-history":[{"count":9,"href":"https:\/\/www.miejscakonferencyjne.pl\/blog\/wp-json\/wp\/v2\/posts\/1694\/revisions"}],"predecessor-version":[{"id":3265,"href":"https:\/\/www.miejscakonferencyjne.pl\/blog\/wp-json\/wp\/v2\/posts\/1694\/revisions\/3265"}],"wp:featuredmedia":[{"embeddable":true,"href":"https:\/\/www.miejscakonferencyjne.pl\/blog\/wp-json\/wp\/v2\/media\/1702"}],"wp:attachment":[{"href":"https:\/\/www.miejscakonferencyjne.pl\/blog\/wp-json\/wp\/v2\/media?parent=1694"}],"wp:term":[{"taxonomy":"category","embeddable":true,"href":"https:\/\/www.miejscakonferencyjne.pl\/blog\/wp-json\/wp\/v2\/categories?post=1694"},{"taxonomy":"post_tag","embeddable":true,"href":"https:\/\/www.miejscakonferencyjne.pl\/blog\/wp-json\/wp\/v2\/tags?post=1694"}],"curies":[{"name":"wp","href":"https:\/\/api.w.org\/{rel}","templated":true}]}}