{"id":1634,"date":"2020-06-24T11:50:10","date_gmt":"2020-06-24T09:50:10","guid":{"rendered":"https:\/\/www.miejscakonferencyjne.pl\/blog\/?p=1634"},"modified":"2024-05-07T12:03:41","modified_gmt":"2024-05-07T10:03:41","slug":"imprezy-plenerowe-nasze-propozycje-na-organizacje-eventu-pod-chmurka","status":"publish","type":"post","link":"https:\/\/www.miejscakonferencyjne.pl\/blog\/imprezy-plenerowe-nasze-propozycje-na-organizacje-eventu-pod-chmurka\/","title":{"rendered":"Imprezy plenerowe &#8211; nasze propozycje miejsc na organizacj\u0119 eventu pod chmurk\u0105"},"content":{"rendered":"<p align=\"justify\"><strong>Kiedy pod koniec maja premier og\u0142osi\u0142, \u017ce b\u0119dzie mo\u017cna organizowa\u0107 wi\u0119ksze wydarzenia w plenerze (do 150 os\u00f3b) oczy wszystkich skierowa\u0142y si\u0119 ku obiektom posiadaj\u0105cym du\u017cy, zielony teren. W tym momencie przesta\u0142y tak bardzo liczy\u0107 si\u0119 liczba gwiazdek, wygl\u0105d sali konferencyjnych czy posiadanie przez hotel SPA. Wa\u017cne sta\u0142y si\u0119 hektary zielonego terenu i oferta plenerowa.<\/strong><\/p>\n<p align=\"justify\">Przedstawiamy Wam kilka propozycji na organizacj\u0119 imprez plenerowych, w tym piknik\u00f3w firmowych, koncert\u00f3w, warsztat\u00f3w, pokaz\u00f3w itp.<\/p>\n<p align=\"justify\">Polska jest pi\u0119kna i cz\u0119sto niedoceniana. Epidemia koronawirusa uzmys\u0142owi\u0142a nam, jak mi\u0142o podr\u00f3\u017cuje si\u0119 po kraju i odkrywa nowe miejsca. W naszym zestawieniu znajdziecie wi\u0119c obiekty, kt\u00f3re nie tylko organizuj\u0105 wydarzenia plenerowe na wysokim poziomie, ale r\u00f3wnie\u017c mog\u0105 pochwali\u0107 si\u0119 malownicz\u0105 okolic\u0105. S\u0105 r\u00f3wnie\u017c doskona\u0142ym miejscem na wypoczynek z rodzin\u0105 lub wyjazd firmowy. Jeste\u015bcie ciekawi? Czytajcie dalej!<\/p>\n<h2>1. <a href=\"https:\/\/www.miejscakonferencyjne.pl\/pomlewo\/kozi-grod-hotel-restaurant\" target=\"_blank\" rel=\"noopener noreferrer\">Kozi Gr\u00f3d Hotel &amp; Restaurant<\/a><\/h2>\n<p align=\"justify\">To wyj\u0105tkowy obiekt niedaleko Gda\u0144ska. Mo\u017cna tu zorganizowa\u0107 zielone eventy w duchu slow life. Na 1-hektarowym, wypiel\u0119gnowanym ogrodzie organizowane s\u0105 r\u00f3\u017cnego rodzaju wydarzenia plenerowe, w tym pikniki firmowe i gry terenowe. \u015awie\u017ce powietrze i koj\u0105ca ziele\u0144 lasu pomog\u0105 go\u015bciom zar\u00f3wno zrelaksowa\u0107 si\u0119, jak i zintegrowa\u0107. Cicha i spokojna okolica gwarantuj\u0105 prywatno\u015b\u0107 i bezpiecze\u0144stwo, a bliska odleg\u0142o\u015b\u0107 od <a href=\"https:\/\/www.miejscakonferencyjne.pl\/trojmiasto\" target=\"_blank\" rel=\"noopener noreferrer\">Tr\u00f3jmiasta<\/a> u\u0142atwia dojazd z r\u00f3\u017cnych stron Polski.<\/p>\n<p align=\"justify\"><img loading=\"lazy\" decoding=\"async\" class=\"aligncenter size-full wp-image-1662\" src=\"https:\/\/www.miejscakonferencyjne.pl\/blog\/wp-content\/uploads\/2020\/06\/kozi-grod-123-scaled.jpg\" alt=\"\" width=\"2560\" height=\"1704\" srcset=\"https:\/\/www.miejscakonferencyjne.pl\/blog\/wp-content\/uploads\/2020\/06\/kozi-grod-123-scaled.jpg 2560w, https:\/\/www.miejscakonferencyjne.pl\/blog\/wp-content\/uploads\/2020\/06\/kozi-grod-123-1000x666.jpg 1000w, https:\/\/www.miejscakonferencyjne.pl\/blog\/wp-content\/uploads\/2020\/06\/kozi-grod-123-2000x1331.jpg 2000w, https:\/\/www.miejscakonferencyjne.pl\/blog\/wp-content\/uploads\/2020\/06\/kozi-grod-123-768x511.jpg 768w, https:\/\/www.miejscakonferencyjne.pl\/blog\/wp-content\/uploads\/2020\/06\/kozi-grod-123-1536x1022.jpg 1536w, https:\/\/www.miejscakonferencyjne.pl\/blog\/wp-content\/uploads\/2020\/06\/kozi-grod-123-2048x1363.jpg 2048w, https:\/\/www.miejscakonferencyjne.pl\/blog\/wp-content\/uploads\/2020\/06\/kozi-grod-123-706x470.jpg 706w, https:\/\/www.miejscakonferencyjne.pl\/blog\/wp-content\/uploads\/2020\/06\/kozi-grod-123-1200x799.jpg 1200w\" sizes=\"auto, (max-width: 2560px) 100vw, 2560px\" \/><\/p>\n<p align=\"justify\">Kozi Gr\u00f3d dysponuje r\u00f3wnie\u017c namiotami eventowymi, kt\u00f3re dzi\u0119ki modu\u0142owej budowie mo\u017cna aran\u017cowa\u0107 na wiele sposob\u00f3w. Wymiary namiot\u00f3w to 4 na 6 metr\u00f3w. Jeden namiot pomie\u015bci do 20 os\u00f3b. Mo\u017cliwo\u015b\u0107 po\u0142\u0105czenia namiot\u00f3w i zamkni\u0119cia bok\u00f3w. Opcji jest wiele. Wszystko zale\u017cy od pomys\u0142odawcy i organizatora eventu!<\/p>\n<p align=\"justify\"><img loading=\"lazy\" decoding=\"async\" class=\"aligncenter size-full wp-image-1665\" src=\"https:\/\/www.miejscakonferencyjne.pl\/blog\/wp-content\/uploads\/2020\/06\/HKG_Zdrona_3.jpg\" alt=\"\" width=\"1920\" height=\"1334\" srcset=\"https:\/\/www.miejscakonferencyjne.pl\/blog\/wp-content\/uploads\/2020\/06\/HKG_Zdrona_3.jpg 1920w, https:\/\/www.miejscakonferencyjne.pl\/blog\/wp-content\/uploads\/2020\/06\/HKG_Zdrona_3-1000x695.jpg 1000w, https:\/\/www.miejscakonferencyjne.pl\/blog\/wp-content\/uploads\/2020\/06\/HKG_Zdrona_3-768x534.jpg 768w, https:\/\/www.miejscakonferencyjne.pl\/blog\/wp-content\/uploads\/2020\/06\/HKG_Zdrona_3-1536x1067.jpg 1536w, https:\/\/www.miejscakonferencyjne.pl\/blog\/wp-content\/uploads\/2020\/06\/HKG_Zdrona_3-706x491.jpg 706w, https:\/\/www.miejscakonferencyjne.pl\/blog\/wp-content\/uploads\/2020\/06\/HKG_Zdrona_3-1200x834.jpg 1200w\" sizes=\"auto, (max-width: 1920px) 100vw, 1920px\" \/><\/p>\n<h2><\/h2>\n<p>&nbsp;<\/p>\n<h2>2. <a href=\"https:\/\/www.miejscakonferencyjne.pl\/warszawa\/rancho-pod-bocianem\" target=\"_blank\" rel=\"noopener noreferrer\">Rancho pod Bocianem<\/a><\/h2>\n<p align=\"justify\">Teleportujemy si\u0119 pod Warszaw\u0119, by zorganizowa\u0107 imprez\u0119 w plenerze w Rancho pod Bocianem. Rozleg\u0142y teren nale\u017c\u0105cy do obiektu daje du\u017ce mo\u017cliwo\u015bci wszystkim osobom z woj. mazowieckiego, kt\u00f3re zastanawiaj\u0105 si\u0119 nad eventem pod chmurk\u0105. W tym miejscu organizowane ju\u017c by\u0142y imprezy zar\u00f3wno dla 50, jak i dla 3000 os\u00f3b. Dzi\u0119ki bliskiej odleg\u0142o\u015bci od stolicy (zaledwie 25 km) na miejsce to decyduj\u0105 si\u0119 ch\u0119tnie firmy z Warszawy. Niedaleko st\u0105d znajduje si\u0119 r\u00f3wnie\u017c autostrada A2, co zapewnia dobry dojazd tak\u017ce uczestnikom z innych cz\u0119\u015bci kraju.<\/p>\n<p align=\"justify\"><img loading=\"lazy\" decoding=\"async\" class=\"aligncenter size-full wp-image-1668\" src=\"https:\/\/www.miejscakonferencyjne.pl\/blog\/wp-content\/uploads\/2020\/06\/IMG_3396.jpg\" alt=\"\" width=\"1920\" height=\"1280\" srcset=\"https:\/\/www.miejscakonferencyjne.pl\/blog\/wp-content\/uploads\/2020\/06\/IMG_3396.jpg 1920w, https:\/\/www.miejscakonferencyjne.pl\/blog\/wp-content\/uploads\/2020\/06\/IMG_3396-1000x667.jpg 1000w, https:\/\/www.miejscakonferencyjne.pl\/blog\/wp-content\/uploads\/2020\/06\/IMG_3396-768x512.jpg 768w, https:\/\/www.miejscakonferencyjne.pl\/blog\/wp-content\/uploads\/2020\/06\/IMG_3396-1536x1024.jpg 1536w, https:\/\/www.miejscakonferencyjne.pl\/blog\/wp-content\/uploads\/2020\/06\/IMG_3396-706x471.jpg 706w, https:\/\/www.miejscakonferencyjne.pl\/blog\/wp-content\/uploads\/2020\/06\/IMG_3396-1200x800.jpg 1200w\" sizes=\"auto, (max-width: 1920px) 100vw, 1920px\" \/><\/p>\n<p align=\"justify\">Rancho, opr\u00f3cz teren\u00f3w dostosowanych do organizacji piknik\u00f3w firmowych, w swojej ofercie posiada r\u00f3wnie\u017c wiele innych atrakcji na \u015bwie\u017cym powietrzu. Wymienimy kilka: pole do gry w paintball, 18-do\u0142kowe pole do mini-golfa, \u015bciank\u0119 wspinaczkow\u0105, strzelnic\u0119, tor off-roadowy dla quad\u00f3w, motocykli crossowych i samochod\u00f3w terenowych, 4 boiska sportowe, \u0142owisko dla w\u0119dkarzy, stawy z kajakami i wiele, wiele innych. Nikt z pewno\u015bci\u0105 nie b\u0119dzie si\u0119 tu nudzi\u0107!<\/p>\n<p align=\"justify\">A gdy w Rancho zaskoczy deszcz, mo\u017cna ukry\u0107 si\u0119 na chwil\u0119 w Chatce Rybaka lub dwupoziomowej Chatce Grillowej.<\/p>\n<p align=\"justify\"><img loading=\"lazy\" decoding=\"async\" class=\"aligncenter size-full wp-image-1664\" src=\"https:\/\/www.miejscakonferencyjne.pl\/blog\/wp-content\/uploads\/2020\/06\/podbocianem1-1200x_.jpg\" alt=\"\" width=\"1200\" height=\"632\" srcset=\"https:\/\/www.miejscakonferencyjne.pl\/blog\/wp-content\/uploads\/2020\/06\/podbocianem1-1200x_.jpg 1200w, https:\/\/www.miejscakonferencyjne.pl\/blog\/wp-content\/uploads\/2020\/06\/podbocianem1-1200x_-1000x527.jpg 1000w, https:\/\/www.miejscakonferencyjne.pl\/blog\/wp-content\/uploads\/2020\/06\/podbocianem1-1200x_-768x404.jpg 768w, https:\/\/www.miejscakonferencyjne.pl\/blog\/wp-content\/uploads\/2020\/06\/podbocianem1-1200x_-706x372.jpg 706w\" sizes=\"auto, (max-width: 1200px) 100vw, 1200px\" \/><\/p>\n<h2><\/h2>\n<p>&nbsp;<\/p>\n<h2>3. <a href=\"https:\/\/www.miejscakonferencyjne.pl\/zakopane\/hotel-tatry\" target=\"_blank\" rel=\"noopener noreferrer\">Hotel Tatry<\/a><\/h2>\n<p align=\"justify\">Rozp\u0119dzamy si\u0119. Wyl\u0105dowali\u015bmy tym razem w g\u00f3rach, w sercu Tatr. Pi\u0119kne g\u00f3rskie krajobrazy s\u0105 doskona\u0142ym t\u0142em ka\u017cdej plenerowej imprezy &#8211; zar\u00f3wno tej rodzinnej, jak i w\u0142a\u015bnie firmowej. Hotel ma wiele do zaoferowania osobom pragn\u0105cym sp\u0119dzi\u0107 czas na \u015bwie\u017cym, g\u00f3rskim powietrzu. Na terenach nale\u017c\u0105cych do hotelu lub znajduj\u0105cych si\u0119 nieopodal, go\u015bcie mog\u0105 uprawia\u0107 trekking, spacerowa\u0107 i je\u017adzi\u0107 rowerem. W swojej ofercie rekreacyjnej hotel posiada boiska sportowe (m.in. do siatk\u00f3wki i koszyk\u00f3wki). Organizowane s\u0105 r\u00f3wnie\u017c imprezy tematyczne i zabawy team-building&#8217;owe. Go\u015bcie ch\u0119tnie bior\u0105 udzia\u0142 w biesiadach staropolskich w klimatycznej Altanie Grillowej.<\/p>\n<p align=\"justify\"><img loading=\"lazy\" decoding=\"async\" class=\"aligncenter size-full wp-image-1638\" src=\"https:\/\/www.miejscakonferencyjne.pl\/blog\/wp-content\/uploads\/2020\/06\/5ce7e16129a511088x0towidth90201705017r2dsc00562-1200x_.jpg\" alt=\"\" width=\"1200\" height=\"800\" srcset=\"https:\/\/www.miejscakonferencyjne.pl\/blog\/wp-content\/uploads\/2020\/06\/5ce7e16129a511088x0towidth90201705017r2dsc00562-1200x_.jpg 1200w, https:\/\/www.miejscakonferencyjne.pl\/blog\/wp-content\/uploads\/2020\/06\/5ce7e16129a511088x0towidth90201705017r2dsc00562-1200x_-1000x667.jpg 1000w, https:\/\/www.miejscakonferencyjne.pl\/blog\/wp-content\/uploads\/2020\/06\/5ce7e16129a511088x0towidth90201705017r2dsc00562-1200x_-768x512.jpg 768w, https:\/\/www.miejscakonferencyjne.pl\/blog\/wp-content\/uploads\/2020\/06\/5ce7e16129a511088x0towidth90201705017r2dsc00562-1200x_-706x471.jpg 706w\" sizes=\"auto, (max-width: 1200px) 100vw, 1200px\" \/><\/p>\n<p align=\"justify\">To, co wyr\u00f3\u017cnia Hotel Tatry w Zakopanem to oczywi\u015bcie w\u0142asny Aqua Park! Kompleks posiada wiele atrakcji, kt\u00f3re urozmaic\u0105 go\u015bciom pobyt w hotelu, w tym basen balneologiczny z widokiem na Giewont.<\/p>\n<p align=\"justify\">Od wiosny do jesieni organizowane s\u0105 w hotelu liczne eventy w plenerze. Nowoczesne zaplecze i malownicze tereny z widokiem na Tatry dodadz\u0105 ka\u017cdemu wydarzeniu nie tylko profesjonalizmu, ale r\u00f3wnie\u017c niepowtarzalnej atmosfery.<\/p>\n<p align=\"justify\"><img loading=\"lazy\" decoding=\"async\" class=\"aligncenter size-full wp-image-1639\" src=\"https:\/\/www.miejscakonferencyjne.pl\/blog\/wp-content\/uploads\/2020\/06\/5ce7e1703628a1088x0towidth90hoteltaryzew12copy-1200x_.jpg\" alt=\"\" width=\"1200\" height=\"799\" srcset=\"https:\/\/www.miejscakonferencyjne.pl\/blog\/wp-content\/uploads\/2020\/06\/5ce7e1703628a1088x0towidth90hoteltaryzew12copy-1200x_.jpg 1200w, https:\/\/www.miejscakonferencyjne.pl\/blog\/wp-content\/uploads\/2020\/06\/5ce7e1703628a1088x0towidth90hoteltaryzew12copy-1200x_-1000x666.jpg 1000w, https:\/\/www.miejscakonferencyjne.pl\/blog\/wp-content\/uploads\/2020\/06\/5ce7e1703628a1088x0towidth90hoteltaryzew12copy-1200x_-768x511.jpg 768w, https:\/\/www.miejscakonferencyjne.pl\/blog\/wp-content\/uploads\/2020\/06\/5ce7e1703628a1088x0towidth90hoteltaryzew12copy-1200x_-706x470.jpg 706w\" sizes=\"auto, (max-width: 1200px) 100vw, 1200px\" \/><\/p>\n<h2><\/h2>\n<p>&nbsp;<\/p>\n<h2>4. <a href=\"https:\/\/www.miejscakonferencyjne.pl\/niemcza\/uroczysko-siedmiu-stawow\" target=\"_blank\" rel=\"noopener noreferrer\">Uroczysko Siedmiu Staw\u00f3w<\/a><\/h2>\n<p align=\"justify\">Pozostaj\u0105c na po\u0142udniu Polski, ale przesuwaj\u0105c si\u0119 na zach\u00f3d, natrafiamy na Uroczysko Siedmiu Staw\u00f3w w miejscowo\u015bci Niemcza, 40 min. drogi od Wroc\u0142awia. Miejsce to urzeka ka\u017cd\u0105 osob\u0119, kt\u00f3ra tu przyje\u017cd\u017ca. Zr\u00f3\u017cnicowane zielone tereny s\u0105 doskona\u0142ym miejscem na imprez\u0119 w plenerze oraz na wycieczki piesze w towarzystwie rodziny lub znajomych.<\/p>\n<p align=\"justify\"><img loading=\"lazy\" decoding=\"async\" class=\"aligncenter size-full wp-image-1657\" src=\"https:\/\/www.miejscakonferencyjne.pl\/blog\/wp-content\/uploads\/2020\/06\/hotel.ekonatura.stawy_.jpg\" alt=\"\" width=\"1600\" height=\"900\" srcset=\"https:\/\/www.miejscakonferencyjne.pl\/blog\/wp-content\/uploads\/2020\/06\/hotel.ekonatura.stawy_.jpg 1600w, https:\/\/www.miejscakonferencyjne.pl\/blog\/wp-content\/uploads\/2020\/06\/hotel.ekonatura.stawy_-1000x563.jpg 1000w, https:\/\/www.miejscakonferencyjne.pl\/blog\/wp-content\/uploads\/2020\/06\/hotel.ekonatura.stawy_-768x432.jpg 768w, https:\/\/www.miejscakonferencyjne.pl\/blog\/wp-content\/uploads\/2020\/06\/hotel.ekonatura.stawy_-1536x864.jpg 1536w, https:\/\/www.miejscakonferencyjne.pl\/blog\/wp-content\/uploads\/2020\/06\/hotel.ekonatura.stawy_-706x397.jpg 706w, https:\/\/www.miejscakonferencyjne.pl\/blog\/wp-content\/uploads\/2020\/06\/hotel.ekonatura.stawy_-1200x675.jpg 1200w\" sizes=\"auto, (max-width: 1600px) 100vw, 1600px\" \/><\/p>\n<p align=\"justify\">13-hektar\u00f3w parku krajobrazowego z bogatym historycznym drzewostanem daje szerokie mo\u017cliwo\u015bci organizacji plenerowego wydarzenia. Uczestnicy eventu b\u0119d\u0105 mogli podziwia\u0107 star\u0105 alej\u0119 bukow\u0105, kt\u00f3rej pocz\u0105tki si\u0119gaj\u0105 pocz\u0105tk\u00f3w XIX-wieku. W parku znajduje si\u0119 te\u017c kr\u0119ty potok, kt\u00f3ry miejscami spi\u0119trza si\u0119 tworz\u0105c malownicze stawy. Potok zaopatruje w \u015bwie\u017c\u0105 wod\u0119 siedem staw\u00f3w, kt\u00f3rym hotel zawdzi\u0119cza swoj\u0105 nazw\u0119.<\/p>\n<p align=\"justify\">W ofercie Uroczyska Siedmiu Staw\u00f3w znajdziemy tak\u017ce nowoczesne sale konferencyjne wewn\u0105trz budynku &#8211; gdyby pogoda sp\u0142ata\u0142a nam figla. Przed lub po imprezie mo\u017cna si\u0119 zrelaksowa\u0107 i &#8220;upi\u0119kszy\u0107&#8221; w luksusowym SPA by L&#8217;Occitane. Mo\u017ce skusicie si\u0119 na zabieg na twarz pt. <em>&#8220;Boska harmonia wiecznego pi\u0119kna&#8221;<\/em>, masa\u017c pt. <em>&#8220;Energetyczny masa\u017c aromakologiczny&#8221;<\/em> lub zabieg <em>&#8220;M\u0142odo\u015b\u0107 spojrzenia Immortelle&#8221;<\/em>? Brzmi kusz\u0105co, prawda?<\/p>\n<p align=\"justify\"><img loading=\"lazy\" decoding=\"async\" class=\"aligncenter size-full wp-image-1660\" src=\"https:\/\/www.miejscakonferencyjne.pl\/blog\/wp-content\/uploads\/2020\/06\/spabyloccitane.menuspa.header.jpg\" alt=\"\" width=\"1350\" height=\"900\" srcset=\"https:\/\/www.miejscakonferencyjne.pl\/blog\/wp-content\/uploads\/2020\/06\/spabyloccitane.menuspa.header.jpg 1350w, https:\/\/www.miejscakonferencyjne.pl\/blog\/wp-content\/uploads\/2020\/06\/spabyloccitane.menuspa.header-1000x667.jpg 1000w, https:\/\/www.miejscakonferencyjne.pl\/blog\/wp-content\/uploads\/2020\/06\/spabyloccitane.menuspa.header-768x512.jpg 768w, https:\/\/www.miejscakonferencyjne.pl\/blog\/wp-content\/uploads\/2020\/06\/spabyloccitane.menuspa.header-706x471.jpg 706w, https:\/\/www.miejscakonferencyjne.pl\/blog\/wp-content\/uploads\/2020\/06\/spabyloccitane.menuspa.header-1200x800.jpg 1200w\" sizes=\"auto, (max-width: 1350px) 100vw, 1350px\" \/><\/p>\n<h2><\/h2>\n<p>&nbsp;<\/p>\n<h2>5. <a href=\"https:\/\/www.miejscakonferencyjne.pl\/gorzno\/dworek-wapionka\" target=\"_blank\" rel=\"noopener noreferrer\">Hotel*** Dworek Wapionka<\/a><\/h2>\n<p align=\"justify\">No i z powrotem w g\u00f3r\u0119 kraju! Tym razem do miejscowo\u015bci G\u00f3rzno. Dworek Wapionka opr\u00f3cz klimatycznych wn\u0119trz mo\u017ce pochwali\u0107 si\u0119 tak\u017ce prywatn\u0105 pla\u017c\u0105 i plenerem odpowiednim dla imprez na \u015bwie\u017cym powietrzu oraz poka\u017an\u0105 list\u0105 atrakcji. W ofercie r\u00f3wnie\u017c boiska do badmintona, wypo\u017cyczalnia rower\u00f3w wodnych, kajak\u00f3w, \u0142\u00f3dek, Aleja \u0179r\u00f3dlana z trasami spacerowymi, miejsce na grilla i rozleg\u0142y teren na organizacj\u0119 gier terenowych w duchu team buildingu, a nawet&#8230; w\u0142asny escape room!<\/p>\n<p align=\"justify\"><img loading=\"lazy\" decoding=\"async\" class=\"aligncenter size-full wp-image-1643\" src=\"https:\/\/www.miejscakonferencyjne.pl\/blog\/wp-content\/uploads\/2020\/06\/5d3052c590a35galeriahotel10-1200x_.jpg\" alt=\"\" width=\"1200\" height=\"800\" srcset=\"https:\/\/www.miejscakonferencyjne.pl\/blog\/wp-content\/uploads\/2020\/06\/5d3052c590a35galeriahotel10-1200x_.jpg 1200w, https:\/\/www.miejscakonferencyjne.pl\/blog\/wp-content\/uploads\/2020\/06\/5d3052c590a35galeriahotel10-1200x_-1000x667.jpg 1000w, https:\/\/www.miejscakonferencyjne.pl\/blog\/wp-content\/uploads\/2020\/06\/5d3052c590a35galeriahotel10-1200x_-768x512.jpg 768w, https:\/\/www.miejscakonferencyjne.pl\/blog\/wp-content\/uploads\/2020\/06\/5d3052c590a35galeriahotel10-1200x_-706x471.jpg 706w\" sizes=\"auto, (max-width: 1200px) 100vw, 1200px\" \/><\/p>\n<p align=\"justify\">Atrakcji jest wi\u0119c co niemiara, a mo\u017cliwo\u015bci organizacji wydarze\u0144 plenerowych jeszcze wi\u0119cej! Do\u015bwiadczona i przemi\u0142a obs\u0142uga doradzi nam odpowiedni\u0105 form\u0119 eventu, pomo\u017ce sporz\u0105dzi\u0107 scenariusz ca\u0142ego przedsi\u0119wzi\u0119cia i zaaran\u017cowa\u0107 przestrze\u0144 &#8220;pod chmurk\u0105&#8221; tak, by wszyscy uczestnicy byli zadowoleni i doskonale si\u0119 bawili.<\/p>\n<p align=\"justify\"><img loading=\"lazy\" decoding=\"async\" class=\"aligncenter size-full wp-image-1642\" src=\"https:\/\/www.miejscakonferencyjne.pl\/blog\/wp-content\/uploads\/2020\/06\/tn__MG_5099m.jpg\" alt=\"\" width=\"1024\" height=\"682\" srcset=\"https:\/\/www.miejscakonferencyjne.pl\/blog\/wp-content\/uploads\/2020\/06\/tn__MG_5099m.jpg 1024w, https:\/\/www.miejscakonferencyjne.pl\/blog\/wp-content\/uploads\/2020\/06\/tn__MG_5099m-1000x666.jpg 1000w, https:\/\/www.miejscakonferencyjne.pl\/blog\/wp-content\/uploads\/2020\/06\/tn__MG_5099m-768x512.jpg 768w, https:\/\/www.miejscakonferencyjne.pl\/blog\/wp-content\/uploads\/2020\/06\/tn__MG_5099m-706x470.jpg 706w\" sizes=\"auto, (max-width: 1024px) 100vw, 1024px\" \/><\/p>\n<p align=\"justify\">Wapionka tak, jak i pozosta\u0142e obiekty, kt\u00f3re dzisiaj opisali\u015bmy, posiada zaplecze noclegowe, dlatego organizatorzy eventu nie musz\u0105 martwi\u0107 si\u0119 o zakwaterowanie uczestnik\u00f3w imprezy.<\/p>\n<p align=\"justify\">Je\u015bli jeszcze Was nie zach\u0119cili\u015bmy do organizacji spotkania w Dworze Wapionka, to tylko szepniemy, \u017ce na terenie kompleksu znajduje si\u0119 Restauracja Karczma M\u0142yn, kt\u00f3ra s\u0142ynie w ca\u0142ym regionie z w\u0142asnej w\u0119dzarni i pstr\u0105gowni.<\/p>\n<p align=\"justify\"><img loading=\"lazy\" decoding=\"async\" class=\"aligncenter size-full wp-image-1647\" src=\"https:\/\/www.miejscakonferencyjne.pl\/blog\/wp-content\/uploads\/2020\/06\/2.jpg\" alt=\"\" width=\"1024\" height=\"683\" srcset=\"https:\/\/www.miejscakonferencyjne.pl\/blog\/wp-content\/uploads\/2020\/06\/2.jpg 1024w, https:\/\/www.miejscakonferencyjne.pl\/blog\/wp-content\/uploads\/2020\/06\/2-1000x667.jpg 1000w, https:\/\/www.miejscakonferencyjne.pl\/blog\/wp-content\/uploads\/2020\/06\/2-768x512.jpg 768w, https:\/\/www.miejscakonferencyjne.pl\/blog\/wp-content\/uploads\/2020\/06\/2-706x471.jpg 706w\" sizes=\"auto, (max-width: 1024px) 100vw, 1024px\" \/><\/p>\n<p align=\"justify\">Dzisiaj zostawiamy Was z naszymi pierwszymi propozycjami na organizacj\u0119 wydarze\u0144 w plenerze. Takich miejsc jest oczywi\u015bcie znacznie wi\u0119cej. Znajdziecie je m.in. w naszym serwisie, po zaznaczeniu w wyszukiwarce zaawansowanej opcji <a href=\"https:\/\/www.miejscakonferencyjne.pl\/szukaj?city=&amp;radiuscenter=&amp;radius=&amp;lengthcenter=&amp;lengthairport=&amp;lengthphp=&amp;province=&amp;ha=&amp;participants=&amp;area=&amp;height=&amp;usd5=on&amp;rest_c=&amp;beds=&amp;p1=&amp;p2=&amp;p3=&amp;p4=&amp;p5=\" target=\"_blank\" rel=\"noopener noreferrer\">&#8220;tereny zielone&#8221;<\/a>. Wypatrujcie kolejnych naszych propozycji &#8211; obiecujemy, \u017ce b\u0119dzie ich wi\u0119cej!<\/p>\n","protected":false},"excerpt":{"rendered":"<p>Przedstawiamy Wam kilka naszych propozycji miejsc na organizacj\u0119 event\u00f3w w plenerze. Obiekty te opr\u00f3cz pi\u0119knych zielonych teren\u00f3w, mog\u0105 si\u0119 te\u017c pochwali\u0107 bogat\u0105 ofert\u0105 rekreacyjn\u0105, zapleczem noclegowym i  smaczn\u0105 kuchni\u0105! Imprezy plenerowe w aktualnych czasach zyska\u0142y na popularno\u015bci. Sprawd\u017acie, gdzie warto zorganizowa\u0107 swoje wydarzenie.<\/p>\n","protected":false},"author":8,"featured_media":1666,"comment_status":"closed","ping_status":"closed","sticky":false,"template":"","format":"standard","meta":{"_acf_changed":false,"footnotes":""},"categories":[189,199,170,192],"tags":[232,190,180,191,216,201],"class_list":["post-1634","post","type-post","status-publish","format-standard","has-post-thumbnail","hentry","category-organizacja-eventu","category-organizacja-koncertu","category-organizacja-konferencji","category-organizacja-targow","tag-atrakcje","tag-event","tag-miejsca-konferencyjne","tag-organizacja-eventu","tag-organizacja-imprezy-firmowej","tag-organizacja-koncertu","bwp-masonry-item","bwp-blog-col-3"],"acf":[],"yoast_head":"<!-- This site is optimized with the Yoast SEO plugin v27.5 - https:\/\/yoast.com\/product\/yoast-seo-wordpress\/ -->\n<title>Imprezy plenerowe - nasze propozycje miejsc na organizacj\u0119 eventu pod chmurk\u0105 - MiejscaKonferencyjne.pl<\/title>\n<meta name=\"description\" content=\"Imprezy plenerowe aktualnie wydaj\u0105 si\u0119 najbezpieczniejsz\u0105 opcj\u0105 na organizacj\u0119 eventu. Sprawd\u017a nasze propozycje miejsc! - blog MiejscaKonferencyjne.pl\" \/>\n<meta name=\"robots\" content=\"index, follow, max-snippet:-1, max-image-preview:large, max-video-preview:-1\" \/>\n<link rel=\"canonical\" href=\"https:\/\/www.miejscakonferencyjne.pl\/blog\/imprezy-plenerowe-nasze-propozycje-na-organizacje-eventu-pod-chmurka\/\" \/>\n<meta property=\"og:locale\" content=\"pl_PL\" \/>\n<meta property=\"og:type\" content=\"article\" \/>\n<meta property=\"og:title\" content=\"Imprezy plenerowe - nasze propozycje miejsc na organizacj\u0119 eventu pod chmurk\u0105 - MiejscaKonferencyjne.pl\" \/>\n<meta property=\"og:description\" content=\"Imprezy plenerowe aktualnie wydaj\u0105 si\u0119 najbezpieczniejsz\u0105 opcj\u0105 na organizacj\u0119 eventu. Sprawd\u017a nasze propozycje miejsc! - blog MiejscaKonferencyjne.pl\" \/>\n<meta property=\"og:url\" content=\"https:\/\/www.miejscakonferencyjne.pl\/blog\/imprezy-plenerowe-nasze-propozycje-na-organizacje-eventu-pod-chmurka\/\" \/>\n<meta property=\"og:site_name\" content=\"MiejscaKonferencyjne.pl\" \/>\n<meta property=\"article:published_time\" content=\"2020-06-24T09:50:10+00:00\" \/>\n<meta property=\"article:modified_time\" content=\"2024-05-07T10:03:41+00:00\" \/>\n<meta property=\"og:image\" content=\"https:\/\/www.miejscakonferencyjne.pl\/blog\/wp-content\/uploads\/2020\/06\/HKG_grill.jpg\" \/>\n\t<meta property=\"og:image:width\" content=\"1920\" \/>\n\t<meta property=\"og:image:height\" content=\"1278\" \/>\n\t<meta property=\"og:image:type\" content=\"image\/jpeg\" \/>\n<meta name=\"author\" content=\"pbrandys\" \/>\n<meta name=\"twitter:card\" content=\"summary_large_image\" \/>\n<meta name=\"twitter:label1\" content=\"Napisane przez\" \/>\n\t<meta name=\"twitter:data1\" content=\"pbrandys\" \/>\n\t<meta name=\"twitter:label2\" content=\"Szacowany czas czytania\" \/>\n\t<meta name=\"twitter:data2\" content=\"6 minut\" \/>\n<!-- \/ Yoast SEO plugin. -->","yoast_head_json":{"title":"Imprezy plenerowe - nasze propozycje miejsc na organizacj\u0119 eventu pod chmurk\u0105 - MiejscaKonferencyjne.pl","description":"Imprezy plenerowe aktualnie wydaj\u0105 si\u0119 najbezpieczniejsz\u0105 opcj\u0105 na organizacj\u0119 eventu. Sprawd\u017a nasze propozycje miejsc! - blog MiejscaKonferencyjne.pl","robots":{"index":"index","follow":"follow","max-snippet":"max-snippet:-1","max-image-preview":"max-image-preview:large","max-video-preview":"max-video-preview:-1"},"canonical":"https:\/\/www.miejscakonferencyjne.pl\/blog\/imprezy-plenerowe-nasze-propozycje-na-organizacje-eventu-pod-chmurka\/","og_locale":"pl_PL","og_type":"article","og_title":"Imprezy plenerowe - nasze propozycje miejsc na organizacj\u0119 eventu pod chmurk\u0105 - MiejscaKonferencyjne.pl","og_description":"Imprezy plenerowe aktualnie wydaj\u0105 si\u0119 najbezpieczniejsz\u0105 opcj\u0105 na organizacj\u0119 eventu. Sprawd\u017a nasze propozycje miejsc! - blog MiejscaKonferencyjne.pl","og_url":"https:\/\/www.miejscakonferencyjne.pl\/blog\/imprezy-plenerowe-nasze-propozycje-na-organizacje-eventu-pod-chmurka\/","og_site_name":"MiejscaKonferencyjne.pl","article_published_time":"2020-06-24T09:50:10+00:00","article_modified_time":"2024-05-07T10:03:41+00:00","og_image":[{"width":1920,"height":1278,"url":"https:\/\/www.miejscakonferencyjne.pl\/blog\/wp-content\/uploads\/2020\/06\/HKG_grill.jpg","type":"image\/jpeg"}],"author":"pbrandys","twitter_card":"summary_large_image","twitter_misc":{"Napisane przez":"pbrandys","Szacowany czas czytania":"6 minut"},"schema":{"@context":"https:\/\/schema.org","@graph":[{"@type":["Article","BlogPosting"],"@id":"https:\/\/www.miejscakonferencyjne.pl\/blog\/imprezy-plenerowe-nasze-propozycje-na-organizacje-eventu-pod-chmurka\/#article","isPartOf":{"@id":"https:\/\/www.miejscakonferencyjne.pl\/blog\/imprezy-plenerowe-nasze-propozycje-na-organizacje-eventu-pod-chmurka\/"},"author":{"name":"pbrandys","@id":"https:\/\/www.miejscakonferencyjne.pl\/blog\/#\/schema\/person\/881fac6eebca25df457bb23e4c634513"},"headline":"Imprezy plenerowe &#8211; nasze propozycje miejsc na organizacj\u0119 eventu pod chmurk\u0105","datePublished":"2020-06-24T09:50:10+00:00","dateModified":"2024-05-07T10:03:41+00:00","mainEntityOfPage":{"@id":"https:\/\/www.miejscakonferencyjne.pl\/blog\/imprezy-plenerowe-nasze-propozycje-na-organizacje-eventu-pod-chmurka\/"},"wordCount":1150,"publisher":{"@id":"https:\/\/www.miejscakonferencyjne.pl\/blog\/#organization"},"image":{"@id":"https:\/\/www.miejscakonferencyjne.pl\/blog\/imprezy-plenerowe-nasze-propozycje-na-organizacje-eventu-pod-chmurka\/#primaryimage"},"thumbnailUrl":"https:\/\/www.miejscakonferencyjne.pl\/blog\/wp-content\/uploads\/2020\/06\/HKG_grill.jpg","keywords":["atrakcje","event","miejsca konferencyjne","organizacja eventu","organizacja imprezy firmowej","organizacja koncertu"],"articleSection":["Organizacja eventu","Organizacja koncertu","Organizacja konferencji","Organizacja targ\u00f3w"],"inLanguage":"pl-PL"},{"@type":"WebPage","@id":"https:\/\/www.miejscakonferencyjne.pl\/blog\/imprezy-plenerowe-nasze-propozycje-na-organizacje-eventu-pod-chmurka\/","url":"https:\/\/www.miejscakonferencyjne.pl\/blog\/imprezy-plenerowe-nasze-propozycje-na-organizacje-eventu-pod-chmurka\/","name":"Imprezy plenerowe - nasze propozycje miejsc na organizacj\u0119 eventu pod chmurk\u0105 - MiejscaKonferencyjne.pl","isPartOf":{"@id":"https:\/\/www.miejscakonferencyjne.pl\/blog\/#website"},"primaryImageOfPage":{"@id":"https:\/\/www.miejscakonferencyjne.pl\/blog\/imprezy-plenerowe-nasze-propozycje-na-organizacje-eventu-pod-chmurka\/#primaryimage"},"image":{"@id":"https:\/\/www.miejscakonferencyjne.pl\/blog\/imprezy-plenerowe-nasze-propozycje-na-organizacje-eventu-pod-chmurka\/#primaryimage"},"thumbnailUrl":"https:\/\/www.miejscakonferencyjne.pl\/blog\/wp-content\/uploads\/2020\/06\/HKG_grill.jpg","datePublished":"2020-06-24T09:50:10+00:00","dateModified":"2024-05-07T10:03:41+00:00","description":"Imprezy plenerowe aktualnie wydaj\u0105 si\u0119 najbezpieczniejsz\u0105 opcj\u0105 na organizacj\u0119 eventu. Sprawd\u017a nasze propozycje miejsc! - blog MiejscaKonferencyjne.pl","breadcrumb":{"@id":"https:\/\/www.miejscakonferencyjne.pl\/blog\/imprezy-plenerowe-nasze-propozycje-na-organizacje-eventu-pod-chmurka\/#breadcrumb"},"inLanguage":"pl-PL","potentialAction":[{"@type":"ReadAction","target":["https:\/\/www.miejscakonferencyjne.pl\/blog\/imprezy-plenerowe-nasze-propozycje-na-organizacje-eventu-pod-chmurka\/"]}]},{"@type":"ImageObject","inLanguage":"pl-PL","@id":"https:\/\/www.miejscakonferencyjne.pl\/blog\/imprezy-plenerowe-nasze-propozycje-na-organizacje-eventu-pod-chmurka\/#primaryimage","url":"https:\/\/www.miejscakonferencyjne.pl\/blog\/wp-content\/uploads\/2020\/06\/HKG_grill.jpg","contentUrl":"https:\/\/www.miejscakonferencyjne.pl\/blog\/wp-content\/uploads\/2020\/06\/HKG_grill.jpg","width":1920,"height":1278},{"@type":"BreadcrumbList","@id":"https:\/\/www.miejscakonferencyjne.pl\/blog\/imprezy-plenerowe-nasze-propozycje-na-organizacje-eventu-pod-chmurka\/#breadcrumb","itemListElement":[{"@type":"ListItem","position":1,"name":"Strona g\u0142\u00f3wna","item":"https:\/\/www.miejscakonferencyjne.pl\/blog\/"},{"@type":"ListItem","position":2,"name":"Imprezy plenerowe &#8211; nasze propozycje miejsc na organizacj\u0119 eventu pod chmurk\u0105"}]},{"@type":"WebSite","@id":"https:\/\/www.miejscakonferencyjne.pl\/blog\/#website","url":"https:\/\/www.miejscakonferencyjne.pl\/blog\/","name":"MiejscaKonferencyjne.pl","description":"Dowiedz si\u0119 wszystkiego na temat organizacji konferencji, szkole\u0144 i wydarze\u0144 biznesowych. Komentuj i dziel si\u0119 opini\u0105!","publisher":{"@id":"https:\/\/www.miejscakonferencyjne.pl\/blog\/#organization"},"potentialAction":[{"@type":"SearchAction","target":{"@type":"EntryPoint","urlTemplate":"https:\/\/www.miejscakonferencyjne.pl\/blog\/?s={search_term_string}"},"query-input":{"@type":"PropertyValueSpecification","valueRequired":true,"valueName":"search_term_string"}}],"inLanguage":"pl-PL"},{"@type":"Organization","@id":"https:\/\/www.miejscakonferencyjne.pl\/blog\/#organization","name":"MiejscaKonferencyjne.pl","url":"https:\/\/www.miejscakonferencyjne.pl\/blog\/","logo":{"@type":"ImageObject","inLanguage":"pl-PL","@id":"https:\/\/www.miejscakonferencyjne.pl\/blog\/#\/schema\/logo\/image\/","url":"https:\/\/www.miejscakonferencyjne.pl\/blog\/wp-content\/uploads\/2019\/12\/logo-white.png","contentUrl":"https:\/\/www.miejscakonferencyjne.pl\/blog\/wp-content\/uploads\/2019\/12\/logo-white.png","width":400,"height":63,"caption":"MiejscaKonferencyjne.pl"},"image":{"@id":"https:\/\/www.miejscakonferencyjne.pl\/blog\/#\/schema\/logo\/image\/"}},{"@type":"Person","@id":"https:\/\/www.miejscakonferencyjne.pl\/blog\/#\/schema\/person\/881fac6eebca25df457bb23e4c634513","name":"pbrandys","url":"https:\/\/www.miejscakonferencyjne.pl\/blog\/author\/pbrandys\/"}]}},"_links":{"self":[{"href":"https:\/\/www.miejscakonferencyjne.pl\/blog\/wp-json\/wp\/v2\/posts\/1634","targetHints":{"allow":["GET"]}}],"collection":[{"href":"https:\/\/www.miejscakonferencyjne.pl\/blog\/wp-json\/wp\/v2\/posts"}],"about":[{"href":"https:\/\/www.miejscakonferencyjne.pl\/blog\/wp-json\/wp\/v2\/types\/post"}],"author":[{"embeddable":true,"href":"https:\/\/www.miejscakonferencyjne.pl\/blog\/wp-json\/wp\/v2\/users\/8"}],"replies":[{"embeddable":true,"href":"https:\/\/www.miejscakonferencyjne.pl\/blog\/wp-json\/wp\/v2\/comments?post=1634"}],"version-history":[{"count":27,"href":"https:\/\/www.miejscakonferencyjne.pl\/blog\/wp-json\/wp\/v2\/posts\/1634\/revisions"}],"predecessor-version":[{"id":1692,"href":"https:\/\/www.miejscakonferencyjne.pl\/blog\/wp-json\/wp\/v2\/posts\/1634\/revisions\/1692"}],"wp:featuredmedia":[{"embeddable":true,"href":"https:\/\/www.miejscakonferencyjne.pl\/blog\/wp-json\/wp\/v2\/media\/1666"}],"wp:attachment":[{"href":"https:\/\/www.miejscakonferencyjne.pl\/blog\/wp-json\/wp\/v2\/media?parent=1634"}],"wp:term":[{"taxonomy":"category","embeddable":true,"href":"https:\/\/www.miejscakonferencyjne.pl\/blog\/wp-json\/wp\/v2\/categories?post=1634"},{"taxonomy":"post_tag","embeddable":true,"href":"https:\/\/www.miejscakonferencyjne.pl\/blog\/wp-json\/wp\/v2\/tags?post=1634"}],"curies":[{"name":"wp","href":"https:\/\/api.w.org\/{rel}","templated":true}]}}