{"id":1323,"date":"2019-06-28T11:30:00","date_gmt":"2019-06-28T09:30:00","guid":{"rendered":"https:\/\/www.miejscakonferencyjne.pl\/blog\/?p=1323"},"modified":"2024-05-07T12:03:58","modified_gmt":"2024-05-07T10:03:58","slug":"jaki-jest-koszt-organizacji-konferencji","status":"publish","type":"post","link":"https:\/\/www.miejscakonferencyjne.pl\/blog\/jaki-jest-koszt-organizacji-konferencji\/","title":{"rendered":"Jaki jest koszt organizacji konferencji?"},"content":{"rendered":"<h2 align=\"JUSTIFY\"><b>Bardzo \u0142atwo o przekroczenie zaplanowanego bud\u017cetu. Cena za us\u0142ugi konferencyjne (catering, nag\u0142o\u015bnienie, transport itp.) potrafi ulec zmianie ju\u017c w trakcie eventu. Do tego nale\u017cy uwzgl\u0119dni\u0107 ewentualne koszty dodatkowe, kt\u00f3re mog\u0105 pojawi\u0107 si\u0119 niespodziewanie. Racjonalna analiza musi wi\u0119c by\u0107 wizjonerska, poniewa\u017c gdy zarz\u0105d zatwierdzi bud\u017cet, nie ma ju\u017c drogi odwrotu. Musimy w nim pomie\u015bci\u0107 cen\u0119 wynajmu sali konferencyjnej, zam\u00f3wienia cateringu czy wykorzystania sprz\u0119tu audiowizualnego. Jak si\u0119 w tym wszystkim nie pogubi\u0107?\u00a0<\/b><b>Jak okre\u015bli\u0107 koszt organizacji konferencji, aby uwzgl\u0119dni\u0107 wszystkie elementy i nie straci\u0107 na jako\u015bci?<\/b><\/h2>\n<p align=\"JUSTIFY\">Kolejne etapy organizacji konferencji wymagaj\u0105 podj\u0119cia wcze\u015bniej pewnych krok\u00f3w. Dobre planowanie musi \u0142\u0105czy\u0107 si\u0119 z racjonalnym gospodarowaniem dost\u0119pnymi \u015brodkami. Je\u015bli nie przy\u0142o\u017cymy si\u0119 do napisania szczeg\u00f3\u0142owego harmonogramu, zwi\u0119kszamy szanse na to, \u017ce zaskocz\u0105 nas dodatkowe koszty. Plan konferencji okre\u015bla deadline oraz wymienia czynno\u015bci, kt\u00f3re musimy zrobi\u0107 w okre\u015blonym czasie. Tylko trzymaj\u0105c si\u0119 harmonogramu, mamy szans\u0119 stworzy\u0107 wyj\u0105tkowe i dobrze dopracowane przedsi\u0119wzi\u0119cie.<\/p>\n<p align=\"JUSTIFY\">Warto\u015bciow\u0105 praktyk\u0105 jest sprawdzenie w ksi\u0119gowo\u015bci zestawienia wydatk\u00f3w z poprzednich tego typu wydarze\u0144. Mo\u017ce to bardzo pom\u00f3c w sytuacji, gdy nasza firma posiada ju\u017c pewny wzorzec organizacji konferencji, a my zajmujemy si\u0119 tym po raz pierwszy. <strong>W zestawieniu wydatk\u00f3w z poprzednich lat mo\u017cemy znale\u017a\u0107 wiele inspiracji oraz u\u017cytych trik\u00f3w. Pozwoli nam to tak\u017ce ucz\u0105c si\u0119 na cudzych b\u0142\u0119dach, doprowadzi\u0107 nasze wydarzenie do perfekcji.<\/strong><\/p>\n<p><img loading=\"lazy\" decoding=\"async\" class=\"aligncenter wp-image-1328\" style=\"text-align: justify;\" src=\"https:\/\/www.miejscakonferencyjne.pl\/blog\/wp-content\/uploads\/2019\/06\/boss-3385070_960_720.jpg\" alt=\"\" width=\"1119\" height=\"613\" srcset=\"https:\/\/www.miejscakonferencyjne.pl\/blog\/wp-content\/uploads\/2019\/06\/boss-3385070_960_720.jpg 960w, https:\/\/www.miejscakonferencyjne.pl\/blog\/wp-content\/uploads\/2019\/06\/boss-3385070_960_720-300x164.jpg 300w, https:\/\/www.miejscakonferencyjne.pl\/blog\/wp-content\/uploads\/2019\/06\/boss-3385070_960_720-768x421.jpg 768w, https:\/\/www.miejscakonferencyjne.pl\/blog\/wp-content\/uploads\/2019\/06\/boss-3385070_960_720-370x203.jpg 370w\" sizes=\"auto, (max-width: 1119px) 100vw, 1119px\" \/><\/p>\n<p>&nbsp;<\/p>\n<p align=\"JUSTIFY\">Projekt\u00a0organizacji konferencji musi by\u0107 poprzedzony rzetelnym badaniem dostanych na rynku us\u0142ug. <strong>Por\u00f3wnanie cen, dok\u0142adne poznanie oferty oraz mo\u017cliwo\u015bci wynajmowanych firm daje nam pewno\u015b\u0107, \u017ce niczego nie przegapili\u015bmy.<\/strong> Musimy wiedzie\u0107, czy firma transportowa b\u0119dzie \u0142atwo dost\u0119pna na miejscu podczas awaryjnych sytuacji? Upewnijmy si\u0119 r\u00f3wnie\u017c, czy w cenie sali konferencyjnej wliczony jest wynajem sprz\u0119tu audiowizualnego?<\/p>\n<p align=\"JUSTIFY\">Wa\u017cne jest to, czy mo\u017cemy liczy\u0107 na pomoc obs\u0142ugi obiektu czy musimy zapewni\u0107 w\u0142asnych pracownik\u00f3w technicznych? <strong>Mo\u017ce wybrana przez nas lokalizacja sama \u015bwiadczy pewne us\u0142ugi, o kt\u00f3rych nie informuje na stronie internetowej? Je\u015bli tak, to mo\u017cna negocjowa\u0107 cen\u0119 i uzyska\u0107 znacznie bardziej zadowalaj\u0105c\u0105 kwot\u0119 na fakturze.<\/strong> Mo\u017cna w ten spos\u00f3b zmniejszy\u0107 koszt konferencji, nie trac\u0105c na jej jako\u015bci i walorach estetycznych.<\/p>\n<p align=\"JUSTIFY\"><img loading=\"lazy\" decoding=\"async\" class=\"aligncenter size-full wp-image-1340\" src=\"https:\/\/www.miejscakonferencyjne.pl\/blog\/wp-content\/uploads\/2019\/06\/asking-beautiful-brainstorming-601170.jpg\" alt=\"\" width=\"6016\" height=\"4016\" srcset=\"https:\/\/www.miejscakonferencyjne.pl\/blog\/wp-content\/uploads\/2019\/06\/asking-beautiful-brainstorming-601170.jpg 6016w, https:\/\/www.miejscakonferencyjne.pl\/blog\/wp-content\/uploads\/2019\/06\/asking-beautiful-brainstorming-601170-300x200.jpg 300w, https:\/\/www.miejscakonferencyjne.pl\/blog\/wp-content\/uploads\/2019\/06\/asking-beautiful-brainstorming-601170-768x513.jpg 768w, https:\/\/www.miejscakonferencyjne.pl\/blog\/wp-content\/uploads\/2019\/06\/asking-beautiful-brainstorming-601170-1024x684.jpg 1024w, https:\/\/www.miejscakonferencyjne.pl\/blog\/wp-content\/uploads\/2019\/06\/asking-beautiful-brainstorming-601170-370x247.jpg 370w, https:\/\/www.miejscakonferencyjne.pl\/blog\/wp-content\/uploads\/2019\/06\/asking-beautiful-brainstorming-601170-1040x694.jpg 1040w\" sizes=\"auto, (max-width: 6016px) 100vw, 6016px\" \/><\/p>\n<h2 style=\"text-align: center;\" align=\"JUSTIFY\"><b>Ile kosztuje zorganizowanie\u00a0konferencji?<\/b><\/h2>\n<p>&nbsp;<\/p>\n<p align=\"JUSTIFY\">Kalkulacja koszt\u00f3w\u00a0konferencji to spore wyzwanie zar\u00f3wno dla nowicjuszy w bran\u017cy, jak i do\u015bwiadczonych event menager\u00f3w. Za ka\u017cdym razem bardzo \u0142atwo o b\u0142\u0105d lub niedopatrzenie. Konferencja, jak ka\u017cde wydarzenie odbywaj\u0105ce si\u0119 w czasie rzeczywistym, mo\u017ce spowodowa\u0107 wiele nieprzewidzianych problem\u00f3w. Nale\u017cy szybko reagowa\u0107 na to, co aktualnie si\u0119 dzieje i mie\u0107 odwag\u0119 podejmowa\u0107 kluczowe decyzje nawet godzin\u0119 przed przybyciem go\u015bci.<\/p>\n<p align=\"JUSTIFY\"><strong>Aby organizacja konferencji przebieg\u0142a sprawnie, warto mie\u0107 przygotowanych, m\u00f3wi\u0105c kolokwialnie: \u201etroch\u0119 drobnych w kieszeni\u201d.<\/strong> Mog\u0105 one uratowa\u0107 nas, gdy przyk\u0142adowo nagle firma transportowa odm\u00f3wi wykonania zlecenia. Pieni\u0105dze za niewykonan\u0105 us\u0142ug\u0119 zapewne do nas wr\u00f3c\u0105, ale nie od razu, a sprz\u0119t trzeba jako\u015b dowie\u017a\u0107 na miejsce.<\/p>\n<p align=\"JUSTIFY\"><img loading=\"lazy\" decoding=\"async\" class=\"aligncenter wp-image-1330\" src=\"https:\/\/www.miejscakonferencyjne.pl\/blog\/wp-content\/uploads\/2019\/06\/session-2548826_960_720.jpg\" alt=\"\" width=\"1096\" height=\"728\" srcset=\"https:\/\/www.miejscakonferencyjne.pl\/blog\/wp-content\/uploads\/2019\/06\/session-2548826_960_720.jpg 960w, https:\/\/www.miejscakonferencyjne.pl\/blog\/wp-content\/uploads\/2019\/06\/session-2548826_960_720-300x199.jpg 300w, https:\/\/www.miejscakonferencyjne.pl\/blog\/wp-content\/uploads\/2019\/06\/session-2548826_960_720-768x510.jpg 768w, https:\/\/www.miejscakonferencyjne.pl\/blog\/wp-content\/uploads\/2019\/06\/session-2548826_960_720-370x246.jpg 370w\" sizes=\"auto, (max-width: 1096px) 100vw, 1096px\" \/><\/p>\n<h2 style=\"text-align: center;\" align=\"JUSTIFY\"><b>Na koszt organizacji konferencji sk\u0142adaj\u0105 si\u0119 wydatki g\u0142\u00f3wne:<\/b><\/h2>\n<p>&nbsp;<\/p>\n<ul>\n<li>\n<h3 align=\"JUSTIFY\"><b>koszt wynajmu sali konferencyjnej \/ obiektu konferencyjnego,<\/b><\/h3>\n<\/li>\n<\/ul>\n<p align=\"JUSTIFY\">Cena sali konferencyjnej mo\u017ce znacz\u0105co r\u00f3\u017cni\u0107 si\u0119 zale\u017cnie od jej wielko\u015bci i lokalizacji. Obiekty znajduj\u0105ce si\u0119 w centrum du\u017cych miast (<strong><a href=\"https:\/\/www.miejscakonferencyjne.pl\/szczecin\/aula-uniwersytetu-szczecinskiego\">Warszawa<\/a><\/strong>, <strong><a href=\"https:\/\/www.miejscakonferencyjne.pl\/miasto\/sale-konferencyjne-poznan\">Pozna\u0144<\/a><\/strong>, <strong><a href=\"https:\/\/www.miejscakonferencyjne.pl\/miasto\/sale-konferencyjne-wroclaw\">Wroc\u0142aw<\/a><\/strong>, <strong><a href=\"https:\/\/www.miejscakonferencyjne.pl\/miasto\/sale-konferencyjne-krakow\">Krak\u00f3w<\/a><\/strong>)\u00a0 lub blisko wa\u017cnych aglomeracji biznesowych b\u0119d\u0105 nawet kilkakrotnie dro\u017csze od ma\u0142ych sal szkoleniowych. \u015arednio cena sali konferencyjnej wynosi od 100 do 800 z\u0142 za godzin\u0119.<\/p>\n<ul>\n<li>\n<h3 align=\"JUSTIFY\"><b>koszt\u00a0prelegenta<\/b><\/h3>\n<\/li>\n<\/ul>\n<p align=\"JUSTIFY\">Jednym z najwi\u0119kszych wydatk\u00f3w mo\u017ce okaza\u0107 si\u0119 zatrudnienie profesjonalnego prelegenta lub konferansjera. Ich honorarium mo\u017ce wynosi\u0107 od 500 z\u0142 do kilku tysi\u0119cy. Je\u015bli zale\u017cy nam na wyst\u0105pieniu znanej osoby, pojawia si\u0119 konieczno\u015b\u0107 uwzgl\u0119dnienia w bud\u017cecie jej wyp\u0142aty. Gdy planujemy konferencj\u0119 tylko dla naszych pracownik\u00f3w, dobrym rozwi\u0105zaniem jest wyb\u00f3r na prelegenta osoby z firmy, kt\u00f3ra posiada cechy dobrego m\u00f3wcy i b\u0119dzie potrafi\u0142a poprowadzi\u0107 wydarzenie w ciekawy spos\u00f3b.<\/p>\n<ul>\n<li>\n<h3 align=\"JUSTIFY\"><b>koszt wynajmu sprz\u0119tu audiowizualnego<\/b><\/h3>\n<\/li>\n<\/ul>\n<p align=\"JUSTIFY\">W wi\u0119kszo\u015bci przypadk\u00f3w korzystanie z podstawowego sprz\u0119tu audiowizualnego (ekran, rzutnik) jest wliczone w cen\u0119 wynajmu sali konferencyjnej. Dodatkowe koszty mog\u0105 jednak spowodowa\u0107 elementy &#8220;z wy\u017cszej p\u00f3\u0142ki&#8221;, takie jak m\u00f3wnica czy sprz\u0119t do t\u0142umacze\u0144 symultanicznych. Czasem obiekt posiada dodatkowe zaplecze techniczne na stanie, a czasem trzeba poszukiwa\u0107 go w zewn\u0119trznych firmach. Musimy jednak liczy\u0107 si\u0119 z tym, \u017ce za wynajem sprz\u0119tu dodatkowego w\u0142a\u015bciciel nalicza zwykle kilkadziesi\u0105t z\u0142otych.<\/p>\n<p align=\"JUSTIFY\"><img loading=\"lazy\" decoding=\"async\" class=\"aligncenter size-large wp-image-1332\" src=\"https:\/\/www.miejscakonferencyjne.pl\/blog\/wp-content\/uploads\/2019\/06\/microphone-2316268_1920-1024x748.jpg\" alt=\"\" width=\"1024\" height=\"748\" srcset=\"https:\/\/www.miejscakonferencyjne.pl\/blog\/wp-content\/uploads\/2019\/06\/microphone-2316268_1920-1024x748.jpg 1024w, https:\/\/www.miejscakonferencyjne.pl\/blog\/wp-content\/uploads\/2019\/06\/microphone-2316268_1920-300x219.jpg 300w, https:\/\/www.miejscakonferencyjne.pl\/blog\/wp-content\/uploads\/2019\/06\/microphone-2316268_1920-768x561.jpg 768w, https:\/\/www.miejscakonferencyjne.pl\/blog\/wp-content\/uploads\/2019\/06\/microphone-2316268_1920-370x270.jpg 370w, https:\/\/www.miejscakonferencyjne.pl\/blog\/wp-content\/uploads\/2019\/06\/microphone-2316268_1920-1040x760.jpg 1040w, https:\/\/www.miejscakonferencyjne.pl\/blog\/wp-content\/uploads\/2019\/06\/microphone-2316268_1920.jpg 1920w\" sizes=\"auto, (max-width: 1024px) 100vw, 1024px\" \/><\/p>\n<ul>\n<li>\n<h3 align=\"JUSTIFY\"><b>cena przygotowania i wydrukowania materia\u0142\u00f3w<\/b><\/h3>\n<\/li>\n<\/ul>\n<p align=\"JUSTIFY\">Koszt przygotowania graficznego oraz wydruku materia\u0142\u00f3w szkoleniowych, informacyjnych i reklamowych zale\u017cy jest od liczby potrzebnych sztuk. Zamawianie hurtowe jest du\u017co bardziej op\u0142acalne, wi\u0119c warto zastanowi\u0107 si\u0119 nad uniwersalno\u015bci\u0105 ulotek, aby m\u00f3c je ponownie wykorzysta\u0107 podczas innych wydarze\u0144. Du\u017co wi\u0119ksze koszty wynosi indywidualnie projektowana identyfikacja wizualna, kt\u00f3ra wymaga zaprojektowania osobnego logo i brandingu dla konferencji.<\/p>\n<ul>\n<li>\n<h3><b>koszt cateringu<\/b><\/h3>\n<\/li>\n<\/ul>\n<p align=\"JUSTIFY\">Konferencje trwaj\u0105 nawet ca\u0142y dzie\u0144. Konieczne jest wi\u0119c zapewnienie uczestnikom cateringu podczas spotkania. Najcz\u0119\u015bciej przerw\u0119 kawow\u0105 przygotowuje obs\u0142uga obiektu. Jej koszt wynosi od 20 do 80 z\u0142 za osob\u0119. Koszt jest wy\u017cszy, gdy planujemy przygotowanie lunchu lub menu cateringowego. Koszt zaserwowania pe\u0142nych da\u0144 jest dwukrotnie lub trzykrotnie wi\u0119kszy. Mo\u017cna tak\u017ce z\u0142o\u017cy\u0107 zam\u00f3wienie w lokalnej restauracji na przygotowanie obiadu dla go\u015bci, planuj\u0105c z g\u00f3ry menu lub pozostawiaj\u0105c otwarty rachunek.<\/p>\n<p align=\"JUSTIFY\"><img loading=\"lazy\" decoding=\"async\" class=\"aligncenter size-large wp-image-1333\" src=\"https:\/\/www.miejscakonferencyjne.pl\/blog\/wp-content\/uploads\/2019\/06\/blur-chef-close-up-262978-1024x683.jpg\" alt=\"\" width=\"1024\" height=\"683\" srcset=\"https:\/\/www.miejscakonferencyjne.pl\/blog\/wp-content\/uploads\/2019\/06\/blur-chef-close-up-262978-1024x683.jpg 1024w, https:\/\/www.miejscakonferencyjne.pl\/blog\/wp-content\/uploads\/2019\/06\/blur-chef-close-up-262978-300x200.jpg 300w, https:\/\/www.miejscakonferencyjne.pl\/blog\/wp-content\/uploads\/2019\/06\/blur-chef-close-up-262978-768x512.jpg 768w, https:\/\/www.miejscakonferencyjne.pl\/blog\/wp-content\/uploads\/2019\/06\/blur-chef-close-up-262978-370x247.jpg 370w, https:\/\/www.miejscakonferencyjne.pl\/blog\/wp-content\/uploads\/2019\/06\/blur-chef-close-up-262978-1040x693.jpg 1040w\" sizes=\"auto, (max-width: 1024px) 100vw, 1024px\" \/><\/p>\n<h2 style=\"text-align: center;\" align=\"JUSTIFY\"><b>Koszt organizacji konferencji uwzgl\u0119dnia tak\u017ce inne czynniki:<\/b><\/h2>\n<p>&nbsp;<\/p>\n<ul>\n<li>\n<h3><b>noclegi dla uczestnik\u00f3w<\/b><\/h3>\n<\/li>\n<\/ul>\n<p align=\"JUSTIFY\">Dotyczy to g\u0142\u00f3wnie wydarze\u0144 kilkudniowych. <strong><a href=\"https:\/\/www.miejscakonferencyjne.pl\/hotele-konferencyjne\">Rezerwacja hotelu<\/a><\/strong> dla go\u015bci z r\u00f3\u017cnych cz\u0119\u015bci kraju lub z zagranicy le\u017cy po stronie organizatora. Mo\u017ce pojawi\u0107 si\u0119 konieczno\u015b\u0107 wynajmu ca\u0142ego hotelu lub jego cz\u0119\u015bci. W takim przypadku warto wybra\u0107 obiekt, kt\u00f3ry posiada w ofercie do\u015b\u0107 du\u017c\u0105 sal\u0119 konferencyjn\u0105 i wystarczaj\u0105c\u0105 liczb\u0119 miejsc noclegowych, aby nie rozsy\u0142a\u0107 uczestnik\u00f3w po ca\u0142ym mie\u015bcie. Mo\u017cna wtedy tak\u017ce negocjowa\u0107 specjalne zni\u017cki z hotelem. W przypadku du\u017cych imprez obiekty cz\u0119sto wsp\u00f3\u0142pracuj\u0105 ze sob\u0105, zapewniaj\u0105c nocleg r\u00f3wnie\u017c w innych zaprzyja\u017anionych lokalizacjach. Ci\u0119\u017cko jest okre\u015bli\u0107 cen\u0119 za hotel, poniewa\u017c wiele zale\u017cy od jego standardu. Mo\u017cna przyj\u0105\u0107, \u017ce \u015brednio zap\u0142acimy od 200 do 800 z\u0142 za osob\u0119.<\/p>\n<p align=\"JUSTIFY\"><img loading=\"lazy\" decoding=\"async\" class=\"aligncenter wp-image-1338 size-full\" src=\"https:\/\/www.miejscakonferencyjne.pl\/blog\/wp-content\/uploads\/2019\/06\/bed-bedroom-cozy-164595.jpg\" alt=\"\" width=\"6000\" height=\"4000\" srcset=\"https:\/\/www.miejscakonferencyjne.pl\/blog\/wp-content\/uploads\/2019\/06\/bed-bedroom-cozy-164595.jpg 6000w, https:\/\/www.miejscakonferencyjne.pl\/blog\/wp-content\/uploads\/2019\/06\/bed-bedroom-cozy-164595-300x200.jpg 300w, https:\/\/www.miejscakonferencyjne.pl\/blog\/wp-content\/uploads\/2019\/06\/bed-bedroom-cozy-164595-768x512.jpg 768w, https:\/\/www.miejscakonferencyjne.pl\/blog\/wp-content\/uploads\/2019\/06\/bed-bedroom-cozy-164595-1024x683.jpg 1024w, https:\/\/www.miejscakonferencyjne.pl\/blog\/wp-content\/uploads\/2019\/06\/bed-bedroom-cozy-164595-370x247.jpg 370w, https:\/\/www.miejscakonferencyjne.pl\/blog\/wp-content\/uploads\/2019\/06\/bed-bedroom-cozy-164595-1040x693.jpg 1040w\" sizes=\"auto, (max-width: 6000px) 100vw, 6000px\" \/><\/p>\n<ul>\n<li>\n<h3><b>atrakcje dodatkowe <\/b><\/h3>\n<\/li>\n<\/ul>\n<p align=\"JUSTIFY\">Wi\u0119kszo\u015b\u0107 wydarze\u0144 biznesowych jest wzbogacanych o elementy rozrywkowe. Organizowane s\u0105 pokazy, koncerty oraz gry dla uczestnik\u00f3w. Podobnie, jak w przypadku zatrudnienia prelegenta, zesp\u00f3\u0142 czy artysta mo\u017cna nas bardzo du\u017co kosztowa\u0107, szczeg\u00f3lnie je\u015bli chcemy widzie\u0107 na scenie prawdziw\u0105 gwiazd\u0119 lub profesjonalist\u0119. Dodatkowo nale\u017cy zapewni\u0107 osobom prowadz\u0105cym atrakcje wy\u017cywienie i miejsce na przerw\u0119. Je\u015bli planujemy wyst\u0119p muzyczny, konieczny b\u0119dzie dow\u00f3z instrument\u00f3w i pod\u0142\u0105czenia nag\u0142o\u015bnienia.<\/p>\n<ul>\n<li>\n<h3><b>wynajem dodatkowych pomieszcze\u0144: szatni, salki dla VIP-\u00f3w, magazyn\u00f3w itp. <\/b><\/h3>\n<\/li>\n<\/ul>\n<p align=\"JUSTIFY\"><strong><a href=\"https:\/\/www.miejscakonferencyjne.pl\/obiekty-konferencyjne\">Obiekty konferencyjne<\/a><\/strong> nie zawsze proponuj\u0105 wynajem innych pomieszcze\u0144 na potrzeby wydarzenia. Mo\u017cemy potrzebowa\u0107 miejsca na stanowisko recepcyjne czy osobn\u0105 salk\u0119 dla prelegent\u00f3w, a to wi\u0105\u017ce si\u0119 z dodatkowym kosztem. Zazwyczaj przestrze\u0144 wystawiennicza i gospodarcza jest ta\u0144sza od sali konferencyjnej. Mo\u017cna nawet znale\u017a\u0107 oferty, kt\u00f3re zapewniaj\u0105 do nich dost\u0119p za darmo. Je\u015bli wiemy, \u017ce b\u0119dziemy potrzebowa\u0107 wielu takich miejsc, musimy doliczy\u0107 dodatkowe kilkaset z\u0142otych do bud\u017cetu konferencji.<\/p>\n<p align=\"JUSTIFY\"><img loading=\"lazy\" decoding=\"async\" class=\"aligncenter wp-image-1334\" src=\"https:\/\/www.miejscakonferencyjne.pl\/blog\/wp-content\/uploads\/2019\/06\/reception-2507752_960_720.jpg\" alt=\"\" width=\"1024\" height=\"681\" srcset=\"https:\/\/www.miejscakonferencyjne.pl\/blog\/wp-content\/uploads\/2019\/06\/reception-2507752_960_720.jpg 960w, https:\/\/www.miejscakonferencyjne.pl\/blog\/wp-content\/uploads\/2019\/06\/reception-2507752_960_720-300x200.jpg 300w, https:\/\/www.miejscakonferencyjne.pl\/blog\/wp-content\/uploads\/2019\/06\/reception-2507752_960_720-768x511.jpg 768w, https:\/\/www.miejscakonferencyjne.pl\/blog\/wp-content\/uploads\/2019\/06\/reception-2507752_960_720-370x246.jpg 370w\" sizes=\"auto, (max-width: 1024px) 100vw, 1024px\" \/><\/p>\n<h2 align=\"JUSTIFY\"><b>Koszt organizacji konferencji jest tematem trudnym i rozbudowanym. Nie mo\u017cna m\u00f3wi\u0107 o jednym cenniku, poniewa\u017c poszczeg\u00f3lne us\u0142ugi mog\u0105 kosztowa\u0107 inaczej zale\u017cnie od miejsca, presti\u017cu i terminu planowanego przedsi\u0119wzi\u0119cia. Warto jednak por\u00f3wnywa\u0107 oferty pyta\u0107 o mo\u017cliwo\u015b\u0107 obiektu oraz negocjowa\u0107 warunki wsp\u00f3\u0142pracy. Dobre dopracowanie ka\u017cdego elementu wydarzenia, gwarantuje jego sukces. <\/b><\/h2>\n","protected":false},"excerpt":{"rendered":"<p>D\u017centelmeni o pieni\u0105dzach nie rozmawiaj\u0105, my jednak musimy. Najwi\u0119kszym problemem oraz ograniczeniem dla event manager\u00f3w jest bud\u017cet. Dobry organizator wydarze\u0144 biznesowych potrafi przeanalizowa\u0107 koszty przygotowania konferencji, w taki spos\u00f3b, aby zamkn\u0105\u0107 si\u0119 w \u015bci\u015ble okre\u015blonych wide\u0142kach cenowych. Jak przedstawi\u0107 odpowiedni plan bud\u017cetowy? Ile kosztuj\u0105 us\u0142ugi MICE? Jak jest koszt organizacji konferencji? <\/p>\n","protected":false},"author":8,"featured_media":1343,"comment_status":"closed","ping_status":"closed","sticky":false,"template":"","format":"standard","meta":{"_acf_changed":false,"footnotes":""},"categories":[170],"tags":[188,173,207,180,176,181],"class_list":["post-1323","post","type-post","status-publish","format-standard","has-post-thumbnail","hentry","category-organizacja-konferencji","tag-konferansjer","tag-konferencja","tag-koszt-organizacji-konferencji","tag-miejsca-konferencyjne","tag-organizacja-konferencji","tag-sale-konferencyjne","bwp-masonry-item","bwp-blog-col-3"],"acf":[],"yoast_head":"<!-- This site is optimized with the Yoast SEO plugin v27.5 - https:\/\/yoast.com\/product\/yoast-seo-wordpress\/ -->\n<title>Jaki jest koszt organizacji konferencji? - MiejscaKonferencyjne.pl<\/title>\n<meta name=\"description\" content=\"Jaki jest koszt organizacji konferencji? - blog MojeKonferencje.pl Jak zaplanowa\u0107 bud\u017cet konferencji? Co warto uwzgl\u0119dni\u0107 pr\u00f3cz ceny sali konferencyjnej?\" \/>\n<meta name=\"robots\" content=\"index, follow, max-snippet:-1, max-image-preview:large, max-video-preview:-1\" \/>\n<link rel=\"canonical\" href=\"https:\/\/www.miejscakonferencyjne.pl\/blog\/jaki-jest-koszt-organizacji-konferencji\/\" \/>\n<meta property=\"og:locale\" content=\"pl_PL\" \/>\n<meta property=\"og:type\" content=\"article\" \/>\n<meta property=\"og:title\" content=\"Jaki jest koszt organizacji konferencji? - MiejscaKonferencyjne.pl\" \/>\n<meta property=\"og:description\" content=\"Jaki jest koszt organizacji konferencji? - blog MojeKonferencje.pl Jak zaplanowa\u0107 bud\u017cet konferencji? Co warto uwzgl\u0119dni\u0107 pr\u00f3cz ceny sali konferencyjnej?\" \/>\n<meta property=\"og:url\" content=\"https:\/\/www.miejscakonferencyjne.pl\/blog\/jaki-jest-koszt-organizacji-konferencji\/\" \/>\n<meta property=\"og:site_name\" content=\"MiejscaKonferencyjne.pl\" \/>\n<meta property=\"article:published_time\" content=\"2019-06-28T09:30:00+00:00\" \/>\n<meta property=\"article:modified_time\" content=\"2024-05-07T10:03:58+00:00\" \/>\n<meta property=\"og:image\" content=\"https:\/\/www.miejscakonferencyjne.pl\/blog\/wp-content\/uploads\/2019\/06\/antique-cash-coins-210.jpg\" \/>\n\t<meta property=\"og:image:width\" content=\"848\" \/>\n\t<meta property=\"og:image:height\" content=\"714\" \/>\n\t<meta property=\"og:image:type\" content=\"image\/jpeg\" \/>\n<meta name=\"author\" content=\"pbrandys\" \/>\n<meta name=\"twitter:card\" content=\"summary_large_image\" \/>\n<meta name=\"twitter:label1\" content=\"Napisane przez\" \/>\n\t<meta name=\"twitter:data1\" content=\"pbrandys\" \/>\n\t<meta name=\"twitter:label2\" content=\"Szacowany czas czytania\" \/>\n\t<meta name=\"twitter:data2\" content=\"9 minut\" \/>\n<!-- \/ Yoast SEO plugin. -->","yoast_head_json":{"title":"Jaki jest koszt organizacji konferencji? - MiejscaKonferencyjne.pl","description":"Jaki jest koszt organizacji konferencji? - blog MojeKonferencje.pl Jak zaplanowa\u0107 bud\u017cet konferencji? Co warto uwzgl\u0119dni\u0107 pr\u00f3cz ceny sali konferencyjnej?","robots":{"index":"index","follow":"follow","max-snippet":"max-snippet:-1","max-image-preview":"max-image-preview:large","max-video-preview":"max-video-preview:-1"},"canonical":"https:\/\/www.miejscakonferencyjne.pl\/blog\/jaki-jest-koszt-organizacji-konferencji\/","og_locale":"pl_PL","og_type":"article","og_title":"Jaki jest koszt organizacji konferencji? - MiejscaKonferencyjne.pl","og_description":"Jaki jest koszt organizacji konferencji? - blog MojeKonferencje.pl Jak zaplanowa\u0107 bud\u017cet konferencji? Co warto uwzgl\u0119dni\u0107 pr\u00f3cz ceny sali konferencyjnej?","og_url":"https:\/\/www.miejscakonferencyjne.pl\/blog\/jaki-jest-koszt-organizacji-konferencji\/","og_site_name":"MiejscaKonferencyjne.pl","article_published_time":"2019-06-28T09:30:00+00:00","article_modified_time":"2024-05-07T10:03:58+00:00","og_image":[{"width":848,"height":714,"url":"https:\/\/www.miejscakonferencyjne.pl\/blog\/wp-content\/uploads\/2019\/06\/antique-cash-coins-210.jpg","type":"image\/jpeg"}],"author":"pbrandys","twitter_card":"summary_large_image","twitter_misc":{"Napisane przez":"pbrandys","Szacowany czas czytania":"9 minut"},"schema":{"@context":"https:\/\/schema.org","@graph":[{"@type":["Article","BlogPosting"],"@id":"https:\/\/www.miejscakonferencyjne.pl\/blog\/jaki-jest-koszt-organizacji-konferencji\/#article","isPartOf":{"@id":"https:\/\/www.miejscakonferencyjne.pl\/blog\/jaki-jest-koszt-organizacji-konferencji\/"},"author":{"name":"pbrandys","@id":"https:\/\/www.miejscakonferencyjne.pl\/blog\/#\/schema\/person\/881fac6eebca25df457bb23e4c634513"},"headline":"Jaki jest koszt organizacji konferencji?","datePublished":"2019-06-28T09:30:00+00:00","dateModified":"2024-05-07T10:03:58+00:00","mainEntityOfPage":{"@id":"https:\/\/www.miejscakonferencyjne.pl\/blog\/jaki-jest-koszt-organizacji-konferencji\/"},"wordCount":1307,"publisher":{"@id":"https:\/\/www.miejscakonferencyjne.pl\/blog\/#organization"},"image":{"@id":"https:\/\/www.miejscakonferencyjne.pl\/blog\/jaki-jest-koszt-organizacji-konferencji\/#primaryimage"},"thumbnailUrl":"https:\/\/www.miejscakonferencyjne.pl\/blog\/wp-content\/uploads\/2019\/06\/antique-cash-coins-210.jpg","keywords":["konferansjer","konferencja","koszt organizacji konferencji","miejsca konferencyjne","organizacja konferencji","sale konferencyjne"],"articleSection":["Organizacja konferencji"],"inLanguage":"pl-PL"},{"@type":"WebPage","@id":"https:\/\/www.miejscakonferencyjne.pl\/blog\/jaki-jest-koszt-organizacji-konferencji\/","url":"https:\/\/www.miejscakonferencyjne.pl\/blog\/jaki-jest-koszt-organizacji-konferencji\/","name":"Jaki jest koszt organizacji konferencji? - MiejscaKonferencyjne.pl","isPartOf":{"@id":"https:\/\/www.miejscakonferencyjne.pl\/blog\/#website"},"primaryImageOfPage":{"@id":"https:\/\/www.miejscakonferencyjne.pl\/blog\/jaki-jest-koszt-organizacji-konferencji\/#primaryimage"},"image":{"@id":"https:\/\/www.miejscakonferencyjne.pl\/blog\/jaki-jest-koszt-organizacji-konferencji\/#primaryimage"},"thumbnailUrl":"https:\/\/www.miejscakonferencyjne.pl\/blog\/wp-content\/uploads\/2019\/06\/antique-cash-coins-210.jpg","datePublished":"2019-06-28T09:30:00+00:00","dateModified":"2024-05-07T10:03:58+00:00","description":"Jaki jest koszt organizacji konferencji? - blog MojeKonferencje.pl Jak zaplanowa\u0107 bud\u017cet konferencji? Co warto uwzgl\u0119dni\u0107 pr\u00f3cz ceny sali konferencyjnej?","breadcrumb":{"@id":"https:\/\/www.miejscakonferencyjne.pl\/blog\/jaki-jest-koszt-organizacji-konferencji\/#breadcrumb"},"inLanguage":"pl-PL","potentialAction":[{"@type":"ReadAction","target":["https:\/\/www.miejscakonferencyjne.pl\/blog\/jaki-jest-koszt-organizacji-konferencji\/"]}]},{"@type":"ImageObject","inLanguage":"pl-PL","@id":"https:\/\/www.miejscakonferencyjne.pl\/blog\/jaki-jest-koszt-organizacji-konferencji\/#primaryimage","url":"https:\/\/www.miejscakonferencyjne.pl\/blog\/wp-content\/uploads\/2019\/06\/antique-cash-coins-210.jpg","contentUrl":"https:\/\/www.miejscakonferencyjne.pl\/blog\/wp-content\/uploads\/2019\/06\/antique-cash-coins-210.jpg","width":848,"height":714},{"@type":"BreadcrumbList","@id":"https:\/\/www.miejscakonferencyjne.pl\/blog\/jaki-jest-koszt-organizacji-konferencji\/#breadcrumb","itemListElement":[{"@type":"ListItem","position":1,"name":"Strona g\u0142\u00f3wna","item":"https:\/\/www.miejscakonferencyjne.pl\/blog\/"},{"@type":"ListItem","position":2,"name":"Jaki jest koszt organizacji konferencji?"}]},{"@type":"WebSite","@id":"https:\/\/www.miejscakonferencyjne.pl\/blog\/#website","url":"https:\/\/www.miejscakonferencyjne.pl\/blog\/","name":"MiejscaKonferencyjne.pl","description":"Dowiedz si\u0119 wszystkiego na temat organizacji konferencji, szkole\u0144 i wydarze\u0144 biznesowych. Komentuj i dziel si\u0119 opini\u0105!","publisher":{"@id":"https:\/\/www.miejscakonferencyjne.pl\/blog\/#organization"},"potentialAction":[{"@type":"SearchAction","target":{"@type":"EntryPoint","urlTemplate":"https:\/\/www.miejscakonferencyjne.pl\/blog\/?s={search_term_string}"},"query-input":{"@type":"PropertyValueSpecification","valueRequired":true,"valueName":"search_term_string"}}],"inLanguage":"pl-PL"},{"@type":"Organization","@id":"https:\/\/www.miejscakonferencyjne.pl\/blog\/#organization","name":"MiejscaKonferencyjne.pl","url":"https:\/\/www.miejscakonferencyjne.pl\/blog\/","logo":{"@type":"ImageObject","inLanguage":"pl-PL","@id":"https:\/\/www.miejscakonferencyjne.pl\/blog\/#\/schema\/logo\/image\/","url":"https:\/\/www.miejscakonferencyjne.pl\/blog\/wp-content\/uploads\/2019\/12\/logo-white.png","contentUrl":"https:\/\/www.miejscakonferencyjne.pl\/blog\/wp-content\/uploads\/2019\/12\/logo-white.png","width":400,"height":63,"caption":"MiejscaKonferencyjne.pl"},"image":{"@id":"https:\/\/www.miejscakonferencyjne.pl\/blog\/#\/schema\/logo\/image\/"}},{"@type":"Person","@id":"https:\/\/www.miejscakonferencyjne.pl\/blog\/#\/schema\/person\/881fac6eebca25df457bb23e4c634513","name":"pbrandys","url":"https:\/\/www.miejscakonferencyjne.pl\/blog\/author\/pbrandys\/"}]}},"_links":{"self":[{"href":"https:\/\/www.miejscakonferencyjne.pl\/blog\/wp-json\/wp\/v2\/posts\/1323","targetHints":{"allow":["GET"]}}],"collection":[{"href":"https:\/\/www.miejscakonferencyjne.pl\/blog\/wp-json\/wp\/v2\/posts"}],"about":[{"href":"https:\/\/www.miejscakonferencyjne.pl\/blog\/wp-json\/wp\/v2\/types\/post"}],"author":[{"embeddable":true,"href":"https:\/\/www.miejscakonferencyjne.pl\/blog\/wp-json\/wp\/v2\/users\/8"}],"replies":[{"embeddable":true,"href":"https:\/\/www.miejscakonferencyjne.pl\/blog\/wp-json\/wp\/v2\/comments?post=1323"}],"version-history":[{"count":19,"href":"https:\/\/www.miejscakonferencyjne.pl\/blog\/wp-json\/wp\/v2\/posts\/1323\/revisions"}],"predecessor-version":[{"id":3202,"href":"https:\/\/www.miejscakonferencyjne.pl\/blog\/wp-json\/wp\/v2\/posts\/1323\/revisions\/3202"}],"wp:featuredmedia":[{"embeddable":true,"href":"https:\/\/www.miejscakonferencyjne.pl\/blog\/wp-json\/wp\/v2\/media\/1343"}],"wp:attachment":[{"href":"https:\/\/www.miejscakonferencyjne.pl\/blog\/wp-json\/wp\/v2\/media?parent=1323"}],"wp:term":[{"taxonomy":"category","embeddable":true,"href":"https:\/\/www.miejscakonferencyjne.pl\/blog\/wp-json\/wp\/v2\/categories?post=1323"},{"taxonomy":"post_tag","embeddable":true,"href":"https:\/\/www.miejscakonferencyjne.pl\/blog\/wp-json\/wp\/v2\/tags?post=1323"}],"curies":[{"name":"wp","href":"https:\/\/api.w.org\/{rel}","templated":true}]}}