{"id":1182,"date":"2018-12-28T13:52:52","date_gmt":"2018-12-28T11:52:52","guid":{"rendered":"https:\/\/www.miejscakonferencyjne.pl\/blog\/?p=1182"},"modified":"2024-05-07T12:03:58","modified_gmt":"2024-05-07T10:03:58","slug":"organizacja-eventu-w-6-prostych-krokach","status":"publish","type":"post","link":"https:\/\/www.miejscakonferencyjne.pl\/blog\/organizacja-eventu-w-6-prostych-krokach\/","title":{"rendered":"Organizacja eventu w 6 prostych krokach"},"content":{"rendered":"<p align=\"JUSTIFY\"><strong>Biznesowe wydarzenia tworz\u0105 nieograniczone mo\u017cliwo\u015bci ukazania firmy, produktu i us\u0142ugi w zupe\u0142nie nowej, kreatywnej firmie. Event to skomplikowane przedsi\u0119wzi\u0119cie, kt\u00f3re cechuje si\u0119 w\u0142asn\u0105 specyfikacj\u0105. Wymaga umiej\u0119tno\u015bci doskona\u0142ego zgrania wielu czynnik\u00f3w, takich jak planowanie, realizowanie i koordynowanie. Wszystek terminy musz\u0105 si\u0119 ze sob\u0105 wi\u0105za\u0107, a dzia\u0142ania uzupe\u0142nia\u0107, aby stworzy\u0107 co\u015b niezapomnianego. Zabieraj\u0105c si\u0119 organizacj\u0119 eventu, nale\u017cy liczy\u0107 si\u0119 z du\u017c\u0105 ilo\u015bci\u0105 pracy oraz stresu. Spokojnie, nie taki diabe\u0142 straszny, jak go maluj\u0105. Przedstawiamy Wam narz\u0119dzie do pomocy. Nasza checklista sk\u0142ada si\u0119 z 6 prostych krok\u00f3w organizacji eventu, dzi\u0119ki czemu unikniecie zb\u0119dnych problem\u00f3w i nic nie umknie Waszej uwadze.\u00a0<\/strong><\/p>\n<h2 style=\"text-align: center;\" align=\"JUSTIFY\">1. Organizacja i planowanie- harmonogram eventu<\/h2>\n<p align=\"JUSTIFY\">Dobre zaplanowanie ka\u017cdego dzia\u0142ania i zorganizowanie r\u00f3\u017cnych element\u00f3w w taki, spos\u00f3b, aby razem tworzy\u0142y ca\u0142\u0105 koncepcj\u0119 eventu to nie takie proste zadanie. Wymaga od nas po\u0142\u0105czenia wielu w\u0142asnych zdolno\u015bci, dlatego dobrze jest zawczasu si\u0119gn\u0105\u0107 po pomoc. <strong>Warto mie\u0107 przy sobie do\u015bwiadczony zesp\u00f3\u0142 wsp\u00f3\u0142pracownik\u00f3w lub asystent\u00f3w, poniewa\u017c nie wszystko mo\u017cesz zrobi\u0107 samodzielnie.<\/strong> Czasem spojrzenie drugiej osoby mo\u017ce pom\u00f3c wyj\u015b\u0107 z naprawd\u0119 trudnej sytuacji.<\/p>\n<p align=\"JUSTIFY\">Gdy ju\u017c otoczymy si\u0119 w\u0142a\u015bciwymi lud\u017ami, tworzymy og\u00f3ln\u0105 koncepcj\u0119 eventu. <strong>Do kogo jest kierowana? Na jak wielk\u0105 skal\u0119? Co ma pokaza\u0107? Co promowa\u0107? Czy charakter wydarzenia jest swobodny czy formalny?<\/strong> Po kolei odpowiadamy na ka\u017cde z tych pyta\u0144 oraz tworzymy w\u0142asn\u0105 checklist\u0119. Polega to na spisaniu w punktach scenariusza wydarzenia.<\/p>\n<p align=\"JUSTIFY\"><img loading=\"lazy\" decoding=\"async\" class=\"aligncenter size-large wp-image-1186\" src=\"https:\/\/www.miejscakonferencyjne.pl\/blog\/wp-content\/uploads\/2018\/12\/workshop-2209239_1280-1024x684.jpg\" alt=\"\" width=\"1024\" height=\"684\" srcset=\"https:\/\/www.miejscakonferencyjne.pl\/blog\/wp-content\/uploads\/2018\/12\/workshop-2209239_1280-1024x684.jpg 1024w, https:\/\/www.miejscakonferencyjne.pl\/blog\/wp-content\/uploads\/2018\/12\/workshop-2209239_1280-300x200.jpg 300w, https:\/\/www.miejscakonferencyjne.pl\/blog\/wp-content\/uploads\/2018\/12\/workshop-2209239_1280-768x513.jpg 768w, https:\/\/www.miejscakonferencyjne.pl\/blog\/wp-content\/uploads\/2018\/12\/workshop-2209239_1280-150x100.jpg 150w, https:\/\/www.miejscakonferencyjne.pl\/blog\/wp-content\/uploads\/2018\/12\/workshop-2209239_1280-700x468.jpg 700w, https:\/\/www.miejscakonferencyjne.pl\/blog\/wp-content\/uploads\/2018\/12\/workshop-2209239_1280-1080x721.jpg 1080w, https:\/\/www.miejscakonferencyjne.pl\/blog\/wp-content\/uploads\/2018\/12\/workshop-2209239_1280.jpg 1280w\" sizes=\"auto, (max-width: 1024px) 100vw, 1024px\" \/><\/p>\n<p align=\"JUSTIFY\"><strong>Musimy podzieli\u0107 rol\u0119 mi\u0119dzy cz\u0142onk\u00f3w zespo\u0142u, aby ka\u017cdy wiedzia\u0142 za co jest odpowiedzialny. Je\u015bli mamy zaufanie do wsp\u00f3\u0142pracownik\u00f3w, nie ma konieczno\u015bci kontrolowania ich dzia\u0142a\u0144.<\/strong> Event jest jak wsp\u00f3lne dziecko, aby si\u0119 narodzi\u0142 i poprawnie funkcjonowa\u0142 ka\u017cdy musi spe\u0142ni\u0107 swoj\u0105 rol\u0119 wzorowo. Gdy mamy ju\u017c spisany harmonogram wydarzenia, powinni\u015bmy pomy\u015ble\u0107 o najgorszych mo\u017cliwych scenariuszach. Zacznijmy od tych trywialnych problem\u00f3w, kt\u00f3re mog\u0105 si\u0119 pojawi\u0107: korki, brak miejsc parkingowych lub szatni, a sko\u0144czmy na najbardziej nieprawdopodobnych, takich jak: awaria o\u015bwietlenia, nag\u0142o\u015bnienia czy internetu.<\/p>\n<h2 style=\"text-align: center;\" align=\"JUSTIFY\">2. Wyb\u00f3r terminu i miejsca eventu<\/h2>\n<p align=\"JUSTIFY\"><strong>Decyduj\u0105c si\u0119 na konkretn\u0105 dat\u0119, trzeba uwzgl\u0119dni\u0107 wiele czynnik\u00f3w. Przede wszystkim musimy mie\u0107 na uwadze profil wydarzenia i jego tematyk\u0119. Wa\u017cny jest charakter spotkania, poziom jego presti\u017cu oraz grupa docelowa.<\/strong> Dla przyk\u0142adu eventy w stylu pikniku czy koncertu nalezy planowa\u0107 w ciep\u0142e miesi\u0105ce, poniewa\u017c najlepiej sprawdzaj\u0105 si\u0119 jako imprezy plenerowe. Natomiast bankiety i bale mog\u0105 \u015bmia\u0142o by\u0107 organizowane w okresach mi\u0119dzy \u015bwi\u0105tecznych, gdy uczestnikom wci\u0105\u017c towarzyszy\u0107 b\u0119dzie uroczysta atmosfera.<\/p>\n<p align=\"JUSTIFY\"><strong>Termin trzeba dostosowa\u0107 do os\u00f3b, do kt\u00f3rych skierowane jest wydarzenie.<\/strong> Warto r\u00f3wnie\u017c zorientowa\u0107 si\u0119, czy w tym samym czasie nie odbywa si\u0119 jakie\u015b inne, r\u00f3wnie wa\u017cne zdarzenie, kt\u00f3re mog\u0142oby kolidowa\u0107 z naszym spotkaniem.<\/p>\n<p align=\"JUSTIFY\"><img loading=\"lazy\" decoding=\"async\" class=\"aligncenter size-large wp-image-1187\" src=\"https:\/\/www.miejscakonferencyjne.pl\/blog\/wp-content\/uploads\/2018\/12\/business-3190209_1280-1024x698.jpg\" alt=\"\" width=\"1024\" height=\"698\" srcset=\"https:\/\/www.miejscakonferencyjne.pl\/blog\/wp-content\/uploads\/2018\/12\/business-3190209_1280-1024x698.jpg 1024w, https:\/\/www.miejscakonferencyjne.pl\/blog\/wp-content\/uploads\/2018\/12\/business-3190209_1280-300x204.jpg 300w, https:\/\/www.miejscakonferencyjne.pl\/blog\/wp-content\/uploads\/2018\/12\/business-3190209_1280-768x523.jpg 768w, https:\/\/www.miejscakonferencyjne.pl\/blog\/wp-content\/uploads\/2018\/12\/business-3190209_1280-700x477.jpg 700w, https:\/\/www.miejscakonferencyjne.pl\/blog\/wp-content\/uploads\/2018\/12\/business-3190209_1280-1080x736.jpg 1080w, https:\/\/www.miejscakonferencyjne.pl\/blog\/wp-content\/uploads\/2018\/12\/business-3190209_1280.jpg 1280w\" sizes=\"auto, (max-width: 1024px) 100vw, 1024px\" \/><\/p>\n<p align=\"JUSTIFY\"><strong>Najlepsze <a href=\"https:\/\/www.miejscakonferencyjne.pl\/\">miejsce na event<\/a> powinno by\u0107 nie tylko atrakcyjne pod k\u0105tem lokalizacji, ale r\u00f3wnie\u017c wyr\u00f3\u017cnia\u0107 si\u0119 stylem. Wn\u0119trze musi pasowa\u0107 do tematu naszego wydarzenia.<\/strong> <a href=\"https:\/\/www.miejscakonferencyjne.pl\/hotele-konferencyjne\">Hotele<\/a> czy sale bankietowe posiadaj\u0105 zazwyczaj bardzo eleganckie i nowoczesne powierzchnie, kt\u00f3re \u0142atwo jest modyfikowa\u0107 pod k\u0105tem naszych potrzeb. Nale\u017cy pami\u0119ta\u0107 o odpowiednim ustawieniu sto\u0142\u00f3w i krzese\u0142. Zawczasu musimy wiedzie\u0107, czy b\u0119dzie odbywa\u0107 si\u0119 prezentacja multimedialna albo projekcja filmu.<\/p>\n<p align=\"JUSTIFY\"><strong>Zastan\u00f3wmy si\u0119 o potrzebie sceny, nag\u0142o\u015bnienia i o\u015bwietlenia. Je\u015bli planujemy zabaw\u0119 taneczn\u0105, potrzebujemy solidnego parkietu oraz klimatyzacji.<\/strong> Podczas event\u00f3w g\u0142\u00f3wn\u0105 rol\u0119 pe\u0142ni m\u00f3wca lub prowadz\u0105cy, dlatego wszyscy go\u015bcie musz\u0105 go doskonale widzie\u0107 i s\u0142ysze\u0107. We\u017amy pod uwag\u0119 liczb\u0119 miejsc parkingowych, pokoj\u00f3w hotelowych oraz wszelkie dostosowania dla os\u00f3b niepe\u0142nosprawnych. Dobrze, je\u015bli przy sali konferencyjnej znajduje si\u0119 foyer na przerwy lunchowe, szatnie i odpowiedni w\u0119ze\u0142 sanitarny. Ka\u017cdy z tych element\u00f3w decyduje o dobrym samopoczuciu go\u015bci.<\/p>\n<h2 style=\"text-align: center;\" align=\"JUSTIFY\">3. Informacja o evencie<\/h2>\n<p align=\"JUSTIFY\">Media i firmy musz\u0105 dzia\u0142a\u0107 wsp\u00f3lnie, aby zapewnia\u0107 sobie obop\u00f3ln\u0105 korzy\u015b\u0107. W obecnych czasach, je\u015bli przedsi\u0119biorstwa nie ma w internecie to tak, jakby w og\u00f3le nie istnia\u0142o. Ka\u017cdy szanowny event manager wie doskonale o sile i znaczeniu social medi\u00f3w w sukcesie wydarzenia. <strong>Musimy stworzy\u0107 odpowiednio dopasowane kana\u0142y komunikacji mi\u0119dzy organizatorami, jak i mi\u0119dzy uczestnikami a samym wydarzeniem. <\/strong><\/p>\n<p align=\"JUSTIFY\">Wypuszczane do obiegu informacje musz\u0105 by\u0107 aktualne i trzymaj\u0105ce w napi\u0119ciu. Nie ods\u0142aniajmy wszystkich kart od razu. <strong>Stw\u00f3rzmy atmosfer\u0119 wyczekiwania, starannie piel\u0119gnuj\u0105c poczucie wyj\u0105tkowo\u015bci tego spotkania.<\/strong> Musimy sprawi\u0107, aby go\u015bcie nie tylko nie mogli o nim zapomnie\u0107, ale tak\u017ce nie mogli si\u0119 go doczeka\u0107.<\/p>\n<p align=\"JUSTIFY\"><img loading=\"lazy\" decoding=\"async\" class=\"aligncenter size-large wp-image-1192\" src=\"https:\/\/www.miejscakonferencyjne.pl\/blog\/wp-content\/uploads\/2018\/12\/social-media-763731_1280-1024x680.jpg\" alt=\"\" width=\"1024\" height=\"680\" srcset=\"https:\/\/www.miejscakonferencyjne.pl\/blog\/wp-content\/uploads\/2018\/12\/social-media-763731_1280-1024x680.jpg 1024w, https:\/\/www.miejscakonferencyjne.pl\/blog\/wp-content\/uploads\/2018\/12\/social-media-763731_1280-300x199.jpg 300w, https:\/\/www.miejscakonferencyjne.pl\/blog\/wp-content\/uploads\/2018\/12\/social-media-763731_1280-768x510.jpg 768w, https:\/\/www.miejscakonferencyjne.pl\/blog\/wp-content\/uploads\/2018\/12\/social-media-763731_1280-150x100.jpg 150w, https:\/\/www.miejscakonferencyjne.pl\/blog\/wp-content\/uploads\/2018\/12\/social-media-763731_1280-700x465.jpg 700w, https:\/\/www.miejscakonferencyjne.pl\/blog\/wp-content\/uploads\/2018\/12\/social-media-763731_1280-1080x717.jpg 1080w, https:\/\/www.miejscakonferencyjne.pl\/blog\/wp-content\/uploads\/2018\/12\/social-media-763731_1280.jpg 1280w\" sizes=\"auto, (max-width: 1024px) 100vw, 1024px\" \/><\/p>\n<p align=\"JUSTIFY\"><strong>Najta\u0144sz\u0105 i najszybsz\u0105 form\u0105 komunikacji jest oczywi\u015bcie internet, ale musimy dzia\u0142a\u0107 tak\u017ce z portalami i gazetami bran\u017cowymi. Aby dotrze\u0107 do jak najwi\u0119kszej grupy os\u00f3b, nie mo\u017cemy si\u0119 ogranicza\u0107.<\/strong> Wa\u017cne jest r\u00f3wnie\u017c, aby informacje by\u0142y co jaki\u015b czas powtarzane. Dobra kampania promocyjna mo\u017ce trwa\u0107 od trzech miesi\u0119cy do nawet roku przed wydarzeniem.<\/p>\n<p align=\"JUSTIFY\"><strong>Koniecznie trzeba stworzy\u0107 stron\u0119 www eventu.<\/strong> B\u0119d\u0105 na niej zamieszczane wszystkie aktualno\u015bci, formularz rejestracyjny, informacje o op\u0142atach, biografie prelegent\u00f3w oraz aktualny program wydarzenia. Mo\u017cna pokusi\u0107 si\u0119 o ciekawostki zza kulis, aby pokaza\u0107, \u017ce prace nad przygotowaniem eventu ca\u0142y czas trwaj\u0105.<\/p>\n<h2 style=\"text-align: center;\" align=\"JUSTIFY\">4. Buduj presti\u017c eventu<\/h2>\n<p align=\"JUSTIFY\"><strong>Nie mo\u017cna bazowa\u0107 tylko na mediach, dlatego warto wys\u0142a\u0107 e-mailem lub tradycyjn\u0105 poczt\u0105 zaproszenia na event dla najwa\u017cniejszych go\u015bci.<\/strong> Pozwoli im to poczu\u0107, \u017ce ich udzia\u0142 jest dla nas wa\u017cny. Ka\u017cdy ma dost\u0119p do internetu, ale niestety, nie ka\u017cdy ma czas przegl\u0105da\u0107 strony w poszukiwaniu naszego wydarzenia. Ma to wielkie znaczenie szczeg\u00f3lnie, kiedy spotkanie organizowane jest po raz pierwszy.<strong> Polecamy stworzenie w\u0142asnej bazy mailingowej i bazowanie na niej podczas ka\u017cdej kolejnej edycji wydarzenie.<\/strong><\/p>\n<p align=\"JUSTIFY\"><img loading=\"lazy\" decoding=\"async\" class=\"aligncenter size-large wp-image-1188\" src=\"https:\/\/www.miejscakonferencyjne.pl\/blog\/wp-content\/uploads\/2018\/12\/live-music-2219036_1280-1024x682.jpg\" alt=\"\" width=\"1024\" height=\"682\" srcset=\"https:\/\/www.miejscakonferencyjne.pl\/blog\/wp-content\/uploads\/2018\/12\/live-music-2219036_1280-1024x682.jpg 1024w, https:\/\/www.miejscakonferencyjne.pl\/blog\/wp-content\/uploads\/2018\/12\/live-music-2219036_1280-300x200.jpg 300w, https:\/\/www.miejscakonferencyjne.pl\/blog\/wp-content\/uploads\/2018\/12\/live-music-2219036_1280-768x512.jpg 768w, https:\/\/www.miejscakonferencyjne.pl\/blog\/wp-content\/uploads\/2018\/12\/live-music-2219036_1280-150x100.jpg 150w, https:\/\/www.miejscakonferencyjne.pl\/blog\/wp-content\/uploads\/2018\/12\/live-music-2219036_1280-700x466.jpg 700w, https:\/\/www.miejscakonferencyjne.pl\/blog\/wp-content\/uploads\/2018\/12\/live-music-2219036_1280-1080x720.jpg 1080w, https:\/\/www.miejscakonferencyjne.pl\/blog\/wp-content\/uploads\/2018\/12\/live-music-2219036_1280.jpg 1280w\" sizes=\"auto, (max-width: 1024px) 100vw, 1024px\" \/><\/p>\n<p align=\"JUSTIFY\"><strong>Aby zbudowa\u0107 presti\u017c eventu nie mo\u017cemy zaniedba\u0107 jego promocji. Chodzi o nadanie odpowiedniego rozg\u0142osu, ale nie wciskanie informacji gdzie popadnie.<\/strong> Je\u015bli by\u015bmy tak zrobili, wydarzenie zostanie odebrane jako nachalne i dost\u0119pne dla ka\u017cdego, a nam przecie\u017c chodzi o warto\u015bciowych go\u015bci, kt\u00f3rych ono naprawd\u0119 zainteresuje. Gdy nasz event rozrasta si\u0119, warto znale\u017a\u0107 patron\u00f3w w mie\u015bcie, w kt\u00f3rym b\u0119dzie odbywa\u0107 si\u0119 spotkanie. Mo\u017cna poprosi\u0107 w\u0142adz\u0119 o mo\u017cliwo\u015b\u0107 pod\u015bwietlenia wa\u017cnych obiekt\u00f3w, co zdecydowanie zrobi wra\u017cenie na go\u015bciach.<\/p>\n<h2 style=\"text-align: center;\" align=\"JUSTIFY\">5. Dopracowane szczeg\u00f3\u0142y<\/h2>\n<p align=\"JUSTIFY\">W biznesie cz\u0119sto zapominamy o tym, \u017ce ludzie s\u0105 wzrokowcami. Lepiej oceniaj\u0105 to, co jest dobrze dopasowane i zwyczajne mi\u0142e dla oka. <strong>Warto skupi\u0107 si\u0119 na identyfikacji wizualnej, dopracowa\u0107 dekoracje oraz zaproszenia bazuj\u0105ce na jednym stylu, logotypie oraz kolorystyce.<\/strong> Dzi\u0119ki temu wszystko b\u0119dzie wygl\u0105da\u0107 bardziej profesjonalnie. Ma\u0142e szczeg\u00f3\u0142y pokazuj\u0105 poziom naszego zaanga\u017cowania i sprawiaj\u0105, \u017ce event wyr\u00f3\u017cnia si\u0119 na tle innych wydarze\u0144 z bran\u017cy.<\/p>\n<p align=\"JUSTIFY\"><img loading=\"lazy\" decoding=\"async\" class=\"aligncenter size-large wp-image-1190\" src=\"https:\/\/www.miejscakonferencyjne.pl\/blog\/wp-content\/uploads\/2018\/12\/audience-868074_1280-1024x681.jpg\" alt=\"\" width=\"1024\" height=\"681\" srcset=\"https:\/\/www.miejscakonferencyjne.pl\/blog\/wp-content\/uploads\/2018\/12\/audience-868074_1280-1024x681.jpg 1024w, https:\/\/www.miejscakonferencyjne.pl\/blog\/wp-content\/uploads\/2018\/12\/audience-868074_1280-300x199.jpg 300w, https:\/\/www.miejscakonferencyjne.pl\/blog\/wp-content\/uploads\/2018\/12\/audience-868074_1280-768x511.jpg 768w, https:\/\/www.miejscakonferencyjne.pl\/blog\/wp-content\/uploads\/2018\/12\/audience-868074_1280-150x100.jpg 150w, https:\/\/www.miejscakonferencyjne.pl\/blog\/wp-content\/uploads\/2018\/12\/audience-868074_1280-700x465.jpg 700w, https:\/\/www.miejscakonferencyjne.pl\/blog\/wp-content\/uploads\/2018\/12\/audience-868074_1280-1080x718.jpg 1080w, https:\/\/www.miejscakonferencyjne.pl\/blog\/wp-content\/uploads\/2018\/12\/audience-868074_1280.jpg 1280w\" sizes=\"auto, (max-width: 1024px) 100vw, 1024px\" \/><\/p>\n<p align=\"JUSTIFY\"><strong>Skontaktuj si\u0119 z lokalnymi mediami w sprawie obj\u0119cia patronatu mediowego i zwo\u0142aj konferencj\u0119 prasow\u0105.<\/strong> Pami\u0119taj, \u017ce na konferencji dla medi\u00f3w nie powinno by\u0107 zbyt du\u017co wyst\u0105pie\u0144, aby dziennikarze nie byli znudzeni. Wykorzystaj media spo\u0142eczno\u015bciowe, nagrywaj filmiki i organizuj konkursy. Te drobne elementy tworz\u0105 nieko\u0144cz\u0105cy si\u0119 ruch w sieci i zach\u0119caj\u0105 do udzia\u0142u nowych uczestnik\u00f3w. Wybieraj\u0105c prelegent\u00f3w, poszukaj os\u00f3b, kt\u00f3re b\u0119d\u0105 dobrze przygotowane merytorycznie.<\/p>\n<h2 style=\"text-align: center;\" align=\"JUSTIFY\">6. Pr\u00f3ba generalna i podsumowanie eventu<\/h2>\n<p align=\"JUSTIFY\">Musimy ponowi\u0107 zaproszenie go\u015bci tu\u017c przed wydarzeniem i zach\u0119ci\u0107 do udzia\u0142u. Zaproszenie nie powinno by\u0107 d\u0142ugie, ale powinno mie\u0107 ciekaw\u0105 form\u0119 graficzn\u0105. Pomy\u015bl o nietradycyjnej formie dystrybucji. Przed wyczekiwanym terminem odpowiednio zmotywuj ekip\u0119 organizator\u00f3w.<strong> Prze\u015bled\u017a ponownie checklist\u0119, sprawdzaj\u0105c, czy wszystko zosta\u0142o zrealizowane. Warto przeprowadzi\u0107 pr\u00f3b\u0119 generaln\u0105 z wykorzystaniem sprz\u0119tu multimedialnego, z kt\u00f3rego b\u0119dziemy korzysta\u0107.<\/strong><\/p>\n<p align=\"JUSTIFY\"><img loading=\"lazy\" decoding=\"async\" class=\"aligncenter size-large wp-image-1189\" src=\"https:\/\/www.miejscakonferencyjne.pl\/blog\/wp-content\/uploads\/2018\/12\/event-1597531_1280-1024x681.jpg\" alt=\"\" width=\"1024\" height=\"681\" srcset=\"https:\/\/www.miejscakonferencyjne.pl\/blog\/wp-content\/uploads\/2018\/12\/event-1597531_1280-1024x681.jpg 1024w, https:\/\/www.miejscakonferencyjne.pl\/blog\/wp-content\/uploads\/2018\/12\/event-1597531_1280-300x199.jpg 300w, https:\/\/www.miejscakonferencyjne.pl\/blog\/wp-content\/uploads\/2018\/12\/event-1597531_1280-768x511.jpg 768w, https:\/\/www.miejscakonferencyjne.pl\/blog\/wp-content\/uploads\/2018\/12\/event-1597531_1280-150x100.jpg 150w, https:\/\/www.miejscakonferencyjne.pl\/blog\/wp-content\/uploads\/2018\/12\/event-1597531_1280-700x465.jpg 700w, https:\/\/www.miejscakonferencyjne.pl\/blog\/wp-content\/uploads\/2018\/12\/event-1597531_1280-1080x718.jpg 1080w, https:\/\/www.miejscakonferencyjne.pl\/blog\/wp-content\/uploads\/2018\/12\/event-1597531_1280.jpg 1280w\" sizes=\"auto, (max-width: 1024px) 100vw, 1024px\" \/><\/p>\n<p align=\"JUSTIFY\"><strong>Przygotuj materia\u0142y dla uczestnik\u00f3w. Przed rozpocz\u0119ciem eventu ka\u017cdy uczestnik powinien otrzyma\u0107 pakiet informacji z rozpisk\u0105 kolejnych wyst\u0105pie\u0144 i etap\u00f3w wydarzenia.<\/strong> Uwzgl\u0119dnij w nim przerwy i wyst\u0119py artystyczne. Dobrze, je\u015bli w materia\u0142ach znajd\u0105 si\u0119 podstawowe informacje o firmie i wyt\u0142umaczenie znaczenie poruszanego tematu. Podaj kontakt do os\u00f3b, kt\u00f3re mog\u0105 udzieli\u0107 wi\u0119cej informacji.<\/p>\n<p align=\"JUSTIFY\"><strong>Po wydarzeniu pozbieraj wizyt\u00f3wki i kontakty, aby p\u00f3\u017aniej m\u00f3c wys\u0142a\u0107 im podzi\u0119kowania oraz pro\u015bb\u0119 o ocen\u0119 wydarzenia.<\/strong> Wskazanie ewentualnych b\u0142\u0119d\u00f3w pomo\u017ce ich unikn\u0105\u0107 w przysz\u0142o\u015bci. Na koniec przygotowujemy komunikat prasowy, kt\u00f3ry wysy\u0142amy do redakcji, dziennikarzy i innych instytucji, kt\u00f3re mog\u0105 by\u0107 zainteresowane tematem, ale nie przyby\u0142y na event.<\/p>\n<p align=\"JUSTIFY\"><strong>Pami\u0119taj, \u017ce mo\u017ce wydarzy\u0107 si\u0119 co\u015b czego nie przewidzisz, ale nie ma powod\u00f3w si\u0119 tym zadr\u0119cza\u0107. Ewentualne niedoci\u0105gni\u0119cia b\u0119d\u0105 wa\u017cnym do\u015bwiadczeniem, z kt\u00f3rego mo\u017cna wyci\u0105gn\u0105\u0107 wnioski. Dzi\u0119ki nim ka\u017cdy kolejny event b\u0119dzie coraz lepszy, a nasza firma b\u0119dzie zdobywa\u0107 nowe pola dzia\u0142ania.<\/strong><\/p>\n","protected":false},"excerpt":{"rendered":"<p>Event to wa\u017cne wydarzenie w \u017cyciu ka\u017cdej firmy i przedsi\u0119biorstwa. Tworzy ogromne szans\u0119 na budowanie wizerunku zewn\u0119trznego i wewn\u0119trznego marki. Jak jednak si\u0119 do niego zabra\u0107? Jak zorganizowa\u0107 niezapomniany event firmowy? Czym si\u0119 kierowa\u0107? Odpowiadamy w 6 prostych krokach, dzi\u0119ki kt\u00f3rym planowanie i realizacja nie b\u0119d\u0105 mia\u0142y przed Wami \u017cadnych tajemnic.<\/p>\n","protected":false},"author":8,"featured_media":1185,"comment_status":"closed","ping_status":"closed","sticky":false,"template":"","format":"standard","meta":{"_acf_changed":false,"footnotes":""},"categories":[189,170],"tags":[190,191,176,177,181],"class_list":["post-1182","post","type-post","status-publish","format-standard","has-post-thumbnail","hentry","category-organizacja-eventu","category-organizacja-konferencji","tag-event","tag-organizacja-eventu","tag-organizacja-konferencji","tag-organizacja-szkolenia","tag-sale-konferencyjne","bwp-masonry-item","bwp-blog-col-3"],"acf":[],"yoast_head":"<!-- This site is optimized with the Yoast SEO plugin v27.5 - https:\/\/yoast.com\/product\/yoast-seo-wordpress\/ -->\n<title>Organizacja eventu w 6 prostych krokach - MiejscaKonferencyjne.pl<\/title>\n<meta name=\"description\" content=\"Organizacja eventu w 6 prostych krokach - MiejscaKonferencyjne.pl\" \/>\n<meta name=\"robots\" content=\"index, follow, max-snippet:-1, max-image-preview:large, max-video-preview:-1\" \/>\n<link rel=\"canonical\" href=\"https:\/\/www.miejscakonferencyjne.pl\/blog\/organizacja-eventu-w-6-prostych-krokach\/\" \/>\n<meta property=\"og:locale\" content=\"pl_PL\" \/>\n<meta property=\"og:type\" content=\"article\" \/>\n<meta property=\"og:title\" content=\"Organizacja eventu w 6 prostych krokach - MiejscaKonferencyjne.pl\" \/>\n<meta property=\"og:description\" content=\"Organizacja eventu w 6 prostych krokach - MiejscaKonferencyjne.pl\" \/>\n<meta property=\"og:url\" content=\"https:\/\/www.miejscakonferencyjne.pl\/blog\/organizacja-eventu-w-6-prostych-krokach\/\" \/>\n<meta property=\"og:site_name\" content=\"MiejscaKonferencyjne.pl\" \/>\n<meta property=\"article:published_time\" content=\"2018-12-28T11:52:52+00:00\" \/>\n<meta property=\"article:modified_time\" content=\"2024-05-07T10:03:58+00:00\" \/>\n<meta property=\"og:image\" content=\"https:\/\/www.miejscakonferencyjne.pl\/blog\/wp-content\/uploads\/2018\/12\/drinks-1283608_1280.jpg\" \/>\n\t<meta property=\"og:image:width\" content=\"1280\" \/>\n\t<meta property=\"og:image:height\" content=\"853\" \/>\n\t<meta property=\"og:image:type\" content=\"image\/jpeg\" \/>\n<meta name=\"author\" content=\"pbrandys\" \/>\n<meta name=\"twitter:card\" content=\"summary_large_image\" \/>\n<meta name=\"twitter:label1\" content=\"Napisane przez\" \/>\n\t<meta name=\"twitter:data1\" content=\"pbrandys\" \/>\n\t<meta name=\"twitter:label2\" content=\"Szacowany czas czytania\" \/>\n\t<meta name=\"twitter:data2\" content=\"9 minut\" \/>\n<!-- \/ Yoast SEO plugin. -->","yoast_head_json":{"title":"Organizacja eventu w 6 prostych krokach - MiejscaKonferencyjne.pl","description":"Organizacja eventu w 6 prostych krokach - MiejscaKonferencyjne.pl","robots":{"index":"index","follow":"follow","max-snippet":"max-snippet:-1","max-image-preview":"max-image-preview:large","max-video-preview":"max-video-preview:-1"},"canonical":"https:\/\/www.miejscakonferencyjne.pl\/blog\/organizacja-eventu-w-6-prostych-krokach\/","og_locale":"pl_PL","og_type":"article","og_title":"Organizacja eventu w 6 prostych krokach - MiejscaKonferencyjne.pl","og_description":"Organizacja eventu w 6 prostych krokach - MiejscaKonferencyjne.pl","og_url":"https:\/\/www.miejscakonferencyjne.pl\/blog\/organizacja-eventu-w-6-prostych-krokach\/","og_site_name":"MiejscaKonferencyjne.pl","article_published_time":"2018-12-28T11:52:52+00:00","article_modified_time":"2024-05-07T10:03:58+00:00","og_image":[{"width":1280,"height":853,"url":"https:\/\/www.miejscakonferencyjne.pl\/blog\/wp-content\/uploads\/2018\/12\/drinks-1283608_1280.jpg","type":"image\/jpeg"}],"author":"pbrandys","twitter_card":"summary_large_image","twitter_misc":{"Napisane przez":"pbrandys","Szacowany czas czytania":"9 minut"},"schema":{"@context":"https:\/\/schema.org","@graph":[{"@type":["Article","BlogPosting"],"@id":"https:\/\/www.miejscakonferencyjne.pl\/blog\/organizacja-eventu-w-6-prostych-krokach\/#article","isPartOf":{"@id":"https:\/\/www.miejscakonferencyjne.pl\/blog\/organizacja-eventu-w-6-prostych-krokach\/"},"author":{"name":"pbrandys","@id":"https:\/\/www.miejscakonferencyjne.pl\/blog\/#\/schema\/person\/881fac6eebca25df457bb23e4c634513"},"headline":"Organizacja eventu w 6 prostych krokach","datePublished":"2018-12-28T11:52:52+00:00","dateModified":"2024-05-07T10:03:58+00:00","mainEntityOfPage":{"@id":"https:\/\/www.miejscakonferencyjne.pl\/blog\/organizacja-eventu-w-6-prostych-krokach\/"},"wordCount":1499,"publisher":{"@id":"https:\/\/www.miejscakonferencyjne.pl\/blog\/#organization"},"image":{"@id":"https:\/\/www.miejscakonferencyjne.pl\/blog\/organizacja-eventu-w-6-prostych-krokach\/#primaryimage"},"thumbnailUrl":"https:\/\/www.miejscakonferencyjne.pl\/blog\/wp-content\/uploads\/2018\/12\/drinks-1283608_1280.jpg","keywords":["event","organizacja eventu","organizacja konferencji","organizacja szkolenia","sale konferencyjne"],"articleSection":["Organizacja eventu","Organizacja konferencji"],"inLanguage":"pl-PL"},{"@type":"WebPage","@id":"https:\/\/www.miejscakonferencyjne.pl\/blog\/organizacja-eventu-w-6-prostych-krokach\/","url":"https:\/\/www.miejscakonferencyjne.pl\/blog\/organizacja-eventu-w-6-prostych-krokach\/","name":"Organizacja eventu w 6 prostych krokach - MiejscaKonferencyjne.pl","isPartOf":{"@id":"https:\/\/www.miejscakonferencyjne.pl\/blog\/#website"},"primaryImageOfPage":{"@id":"https:\/\/www.miejscakonferencyjne.pl\/blog\/organizacja-eventu-w-6-prostych-krokach\/#primaryimage"},"image":{"@id":"https:\/\/www.miejscakonferencyjne.pl\/blog\/organizacja-eventu-w-6-prostych-krokach\/#primaryimage"},"thumbnailUrl":"https:\/\/www.miejscakonferencyjne.pl\/blog\/wp-content\/uploads\/2018\/12\/drinks-1283608_1280.jpg","datePublished":"2018-12-28T11:52:52+00:00","dateModified":"2024-05-07T10:03:58+00:00","description":"Organizacja eventu w 6 prostych krokach - MiejscaKonferencyjne.pl","breadcrumb":{"@id":"https:\/\/www.miejscakonferencyjne.pl\/blog\/organizacja-eventu-w-6-prostych-krokach\/#breadcrumb"},"inLanguage":"pl-PL","potentialAction":[{"@type":"ReadAction","target":["https:\/\/www.miejscakonferencyjne.pl\/blog\/organizacja-eventu-w-6-prostych-krokach\/"]}]},{"@type":"ImageObject","inLanguage":"pl-PL","@id":"https:\/\/www.miejscakonferencyjne.pl\/blog\/organizacja-eventu-w-6-prostych-krokach\/#primaryimage","url":"https:\/\/www.miejscakonferencyjne.pl\/blog\/wp-content\/uploads\/2018\/12\/drinks-1283608_1280.jpg","contentUrl":"https:\/\/www.miejscakonferencyjne.pl\/blog\/wp-content\/uploads\/2018\/12\/drinks-1283608_1280.jpg","width":1280,"height":853},{"@type":"BreadcrumbList","@id":"https:\/\/www.miejscakonferencyjne.pl\/blog\/organizacja-eventu-w-6-prostych-krokach\/#breadcrumb","itemListElement":[{"@type":"ListItem","position":1,"name":"Strona g\u0142\u00f3wna","item":"https:\/\/www.miejscakonferencyjne.pl\/blog\/"},{"@type":"ListItem","position":2,"name":"Organizacja eventu w 6 prostych krokach"}]},{"@type":"WebSite","@id":"https:\/\/www.miejscakonferencyjne.pl\/blog\/#website","url":"https:\/\/www.miejscakonferencyjne.pl\/blog\/","name":"MiejscaKonferencyjne.pl","description":"Dowiedz si\u0119 wszystkiego na temat organizacji konferencji, szkole\u0144 i wydarze\u0144 biznesowych. Komentuj i dziel si\u0119 opini\u0105!","publisher":{"@id":"https:\/\/www.miejscakonferencyjne.pl\/blog\/#organization"},"potentialAction":[{"@type":"SearchAction","target":{"@type":"EntryPoint","urlTemplate":"https:\/\/www.miejscakonferencyjne.pl\/blog\/?s={search_term_string}"},"query-input":{"@type":"PropertyValueSpecification","valueRequired":true,"valueName":"search_term_string"}}],"inLanguage":"pl-PL"},{"@type":"Organization","@id":"https:\/\/www.miejscakonferencyjne.pl\/blog\/#organization","name":"MiejscaKonferencyjne.pl","url":"https:\/\/www.miejscakonferencyjne.pl\/blog\/","logo":{"@type":"ImageObject","inLanguage":"pl-PL","@id":"https:\/\/www.miejscakonferencyjne.pl\/blog\/#\/schema\/logo\/image\/","url":"https:\/\/www.miejscakonferencyjne.pl\/blog\/wp-content\/uploads\/2019\/12\/logo-white.png","contentUrl":"https:\/\/www.miejscakonferencyjne.pl\/blog\/wp-content\/uploads\/2019\/12\/logo-white.png","width":400,"height":63,"caption":"MiejscaKonferencyjne.pl"},"image":{"@id":"https:\/\/www.miejscakonferencyjne.pl\/blog\/#\/schema\/logo\/image\/"}},{"@type":"Person","@id":"https:\/\/www.miejscakonferencyjne.pl\/blog\/#\/schema\/person\/881fac6eebca25df457bb23e4c634513","name":"pbrandys","url":"https:\/\/www.miejscakonferencyjne.pl\/blog\/author\/pbrandys\/"}]}},"_links":{"self":[{"href":"https:\/\/www.miejscakonferencyjne.pl\/blog\/wp-json\/wp\/v2\/posts\/1182","targetHints":{"allow":["GET"]}}],"collection":[{"href":"https:\/\/www.miejscakonferencyjne.pl\/blog\/wp-json\/wp\/v2\/posts"}],"about":[{"href":"https:\/\/www.miejscakonferencyjne.pl\/blog\/wp-json\/wp\/v2\/types\/post"}],"author":[{"embeddable":true,"href":"https:\/\/www.miejscakonferencyjne.pl\/blog\/wp-json\/wp\/v2\/users\/8"}],"replies":[{"embeddable":true,"href":"https:\/\/www.miejscakonferencyjne.pl\/blog\/wp-json\/wp\/v2\/comments?post=1182"}],"version-history":[{"count":9,"href":"https:\/\/www.miejscakonferencyjne.pl\/blog\/wp-json\/wp\/v2\/posts\/1182\/revisions"}],"predecessor-version":[{"id":3168,"href":"https:\/\/www.miejscakonferencyjne.pl\/blog\/wp-json\/wp\/v2\/posts\/1182\/revisions\/3168"}],"wp:featuredmedia":[{"embeddable":true,"href":"https:\/\/www.miejscakonferencyjne.pl\/blog\/wp-json\/wp\/v2\/media\/1185"}],"wp:attachment":[{"href":"https:\/\/www.miejscakonferencyjne.pl\/blog\/wp-json\/wp\/v2\/media?parent=1182"}],"wp:term":[{"taxonomy":"category","embeddable":true,"href":"https:\/\/www.miejscakonferencyjne.pl\/blog\/wp-json\/wp\/v2\/categories?post=1182"},{"taxonomy":"post_tag","embeddable":true,"href":"https:\/\/www.miejscakonferencyjne.pl\/blog\/wp-json\/wp\/v2\/tags?post=1182"}],"curies":[{"name":"wp","href":"https:\/\/api.w.org\/{rel}","templated":true}]}}